{"id":7913,"date":"2023-06-13T20:40:39","date_gmt":"2023-06-13T19:40:39","guid":{"rendered":"https:\/\/paca.lpo.fr\/blogs\/hyeres-les-maures\/?p=7913"},"modified":"2023-06-13T20:40:39","modified_gmt":"2023-06-13T19:40:39","slug":"sortie-a-la-limate","status":"publish","type":"post","link":"https:\/\/paca.lpo.fr\/blogs\/hyeres-les-maures\/2023\/06\/13\/sortie-a-la-limate\/","title":{"rendered":"Sortie \u00e0 la Limate"},"content":{"rendered":"\n<p> le 10 juin<br>Je vous l\u2019avais bien dit.<br>1) Qu\u2019il ferait beau samedi.<br>Apr\u00e8s l\u2019AG de la LPO PACA \u00e0 la Roquebrussanne, o\u00f9 Audrey a \u00e9t\u00e9 \u00e9lue au conseil d\u2019administration avec un score digne d\u2019une r\u00e9publique banani\u00e8re. Pierre (l\u2019autre) et moi-m\u00eame nous nous dirige\u00e2mes sous une pluie battante vers la commune voisine de Signes. Puis apr\u00e8s une bonne bi\u00e8re et une visite \u00e9clair du village nous attaqu\u00e2mes la mont\u00e9e vers la Limate. Les nuages menacent mais le temps reste sec.<br>Sit\u00f4t arriv\u00e9, le groupe entier entreprit une premi\u00e8re sortie sur le plateau, afin de mettre en place le pi\u00e8ge photo \u00e0 proximit\u00e9 d\u2019un des deux points d\u2019eau existant sur le plateau.<br>2) Qu\u2019il y a des Pies Gri\u00e8ches \u00e0 la Limate.<br>Premi\u00e8re observation, un couple de Pies Gri\u00e8ches est visible sur les buissons entourant le champ situ\u00e9 devant la ferme.<\/p>\n\n\n\n<figure class=\"wp-block-image size-full\"><img loading=\"lazy\" decoding=\"async\" width=\"1024\" height=\"584\" src=\"https:\/\/paca.lpo.fr\/blogs\/hyeres-les-maures\/files\/2023\/06\/pie-grieche.jpg\" alt=\"\" class=\"wp-image-7991\" srcset=\"https:\/\/paca.lpo.fr\/blogs\/hyeres-les-maures\/files\/2023\/06\/pie-grieche.jpg 1024w, https:\/\/paca.lpo.fr\/blogs\/hyeres-les-maures\/files\/2023\/06\/pie-grieche-768x438.jpg 768w\" sizes=\"auto, (max-width: 1024px) 100vw, 1024px\" \/><\/figure>\n\n\n\n<p> Des rapaces sont aper\u00e7us (buses, circa\u00e8tes) de m\u00eame qu\u2019un chevreuil. <\/p>\n\n\n\n<figure class=\"wp-block-image size-full\"><img loading=\"lazy\" decoding=\"async\" width=\"1024\" height=\"698\" src=\"https:\/\/paca.lpo.fr\/blogs\/hyeres-les-maures\/files\/2023\/06\/dscn2262.jpg\" alt=\"\" class=\"wp-image-7992\" srcset=\"https:\/\/paca.lpo.fr\/blogs\/hyeres-les-maures\/files\/2023\/06\/dscn2262.jpg 1024w, https:\/\/paca.lpo.fr\/blogs\/hyeres-les-maures\/files\/2023\/06\/dscn2262-768x524.jpg 768w\" sizes=\"auto, (max-width: 1024px) 100vw, 1024px\" \/><\/figure>\n\n\n\n<figure class=\"wp-block-image size-full\"><img loading=\"lazy\" decoding=\"async\" width=\"968\" height=\"1024\" src=\"https:\/\/paca.lpo.fr\/blogs\/hyeres-les-maures\/files\/2023\/06\/dscn2314.jpg\" alt=\"\" class=\"wp-image-7993\" srcset=\"https:\/\/paca.lpo.fr\/blogs\/hyeres-les-maures\/files\/2023\/06\/dscn2314.jpg 968w, https:\/\/paca.lpo.fr\/blogs\/hyeres-les-maures\/files\/2023\/06\/dscn2314-726x768.jpg 726w, https:\/\/paca.lpo.fr\/blogs\/hyeres-les-maures\/files\/2023\/06\/dscn2314-768x812.jpg 768w\" sizes=\"auto, (max-width: 968px) 100vw, 968px\" \/><\/figure>\n\n\n\n<p>Les connaissances botanistique , botanologiste, botagologique de Pierre sont immenses, et j\u2019apprends \u00e0 reconna\u00eetre Nigelles, Achill\u00e9e, Sauges, Serpolet, \u2026 (choses que j\u2019ai d\u00e9j\u00e0, en grande partie, oubli\u00e9es au moment o\u00f9 j\u2019\u00e9cris ces lignes). Ce type est vraiment un compl\u00e9ment int\u00e9ressant \u00e0 PlantNet, dans les bleds paum\u00e9s sans connexions. <\/p>\n\n\n\n<figure class=\"wp-block-image size-full\"><img loading=\"lazy\" decoding=\"async\" width=\"1024\" height=\"764\" src=\"https:\/\/paca.lpo.fr\/blogs\/hyeres-les-maures\/files\/2023\/06\/dscn2302.jpg\" alt=\"\" class=\"wp-image-8001\" srcset=\"https:\/\/paca.lpo.fr\/blogs\/hyeres-les-maures\/files\/2023\/06\/dscn2302.jpg 1024w, https:\/\/paca.lpo.fr\/blogs\/hyeres-les-maures\/files\/2023\/06\/dscn2302-768x573.jpg 768w\" sizes=\"auto, (max-width: 1024px) 100vw, 1024px\" \/><\/figure>\n\n\n\n<figure class=\"wp-block-image size-full\"><img loading=\"lazy\" decoding=\"async\" width=\"1024\" height=\"746\" src=\"https:\/\/paca.lpo.fr\/blogs\/hyeres-les-maures\/files\/2023\/06\/azure-3.jpg\" alt=\"\" class=\"wp-image-8003\" srcset=\"https:\/\/paca.lpo.fr\/blogs\/hyeres-les-maures\/files\/2023\/06\/azure-3.jpg 1024w, https:\/\/paca.lpo.fr\/blogs\/hyeres-les-maures\/files\/2023\/06\/azure-3-768x560.jpg 768w\" sizes=\"auto, (max-width: 1024px) 100vw, 1024px\" \/><\/figure>\n\n\n\n<p><br>Le pi\u00e8ge photo est mis en place et au bout de deux heures nous retournons \u00e0 la ferme, juste \u00e0 temps pour accueillir Audrey d\u00e9barquant avec sa petite famille. Tout le monde s\u2019installe, une couleuvre est d\u00e9couverte devant la ferme. <\/p>\n\n\n\n<figure class=\"wp-block-image size-full\"><img loading=\"lazy\" decoding=\"async\" width=\"1024\" height=\"907\" src=\"https:\/\/paca.lpo.fr\/blogs\/hyeres-les-maures\/files\/2023\/06\/couleuvre-d-esculape.jpg\" alt=\"\" class=\"wp-image-7994\" srcset=\"https:\/\/paca.lpo.fr\/blogs\/hyeres-les-maures\/files\/2023\/06\/couleuvre-d-esculape.jpg 1024w, https:\/\/paca.lpo.fr\/blogs\/hyeres-les-maures\/files\/2023\/06\/couleuvre-d-esculape-768x680.jpg 768w\" sizes=\"auto, (max-width: 1024px) 100vw, 1024px\" \/><\/figure>\n\n\n\n<p>Elle est identifi\u00e9e rapidement par Audrey comme \u00e9tant une couleuvre d\u2019Esculape. Cette fille est vraiment un compl\u00e9ment int\u00e9ressant \u00e0 SnakeNet dans les bleds paum\u00e9s sans connexions<br>3) Qu\u2019il y a des engoulevents \u00e0 la Limate.<br>Apr\u00e8s les festivit\u00e9s marquant l\u2019arriv\u00e9e d\u2019Audrey au Politburo de la LPO, une balade nocturne est organis\u00e9e dans la gadoue avec les deux compl\u00e9ments int\u00e9ressants et leur famille. Berc\u00e9s par le chant des engoulevents, des rossignols et des grillons nous arrivons \u00e0 ne pas nous perdre et arrivons pour 23h00 pour nous coucher. Moi dans ma tente, seul prolo parmi les nantis \u00e9quip\u00e9s de mobil home.<\/p>\n\n\n\n<figure class=\"wp-block-image size-full\"><img loading=\"lazy\" decoding=\"async\" width=\"1024\" height=\"768\" src=\"https:\/\/paca.lpo.fr\/blogs\/hyeres-les-maures\/files\/2023\/06\/limate.jpeg\" alt=\"\" class=\"wp-image-7995\" srcset=\"https:\/\/paca.lpo.fr\/blogs\/hyeres-les-maures\/files\/2023\/06\/limate.jpeg 1024w, https:\/\/paca.lpo.fr\/blogs\/hyeres-les-maures\/files\/2023\/06\/limate-768x576.jpeg 768w\" sizes=\"auto, (max-width: 1024px) 100vw, 1024px\" \/><\/figure>\n\n\n\n<p><br>4) Qu\u2019il ferait beau Dimanche.<br>Il est 5h00, la Limate s\u2019\u00e9veille doucement, un piaf, deux piafs, cinq piafs, moi, dix piafs, Pierre, Audrey, la couleuvre. Une nouvelle balade est organis\u00e9e d\u00e8s potron-minet (j\u2019adore cette expression, \u00e7a fait genre&#8230;), une mer de nuages recouvre les fonds de vall\u00e9e.<\/p>\n\n\n\n<figure class=\"wp-block-image size-full\"><img loading=\"lazy\" decoding=\"async\" width=\"960\" height=\"720\" src=\"https:\/\/paca.lpo.fr\/blogs\/hyeres-les-maures\/files\/2023\/06\/soleil-levant-1.jpg\" alt=\"\" class=\"wp-image-8000\" srcset=\"https:\/\/paca.lpo.fr\/blogs\/hyeres-les-maures\/files\/2023\/06\/soleil-levant-1.jpg 960w, https:\/\/paca.lpo.fr\/blogs\/hyeres-les-maures\/files\/2023\/06\/soleil-levant-1-768x576.jpg 768w\" sizes=\"auto, (max-width: 960px) 100vw, 960px\" \/><\/figure>\n\n\n\n<p> Le pi\u00e8ge photo est relev\u00e9 ne r\u00e9v\u00e9lant qu\u2019un demi sanglier. (Nota \u2013 le demi sanglier est un demi cochon sauvage vivant la moiti\u00e9 du temps sur le plateau de la Limate, parfois accompagn\u00e9 de sa moiti\u00e9 la demie laie). Pierre aura la chance de rencontrer une meute de chevreuil.<br>Le petit d\u00e9jeuner est pris \u00e0 l\u2019issue,<\/p>\n\n\n\n<figure class=\"wp-block-image size-full\"><img loading=\"lazy\" decoding=\"async\" width=\"1024\" height=\"758\" src=\"https:\/\/paca.lpo.fr\/blogs\/hyeres-les-maures\/files\/2023\/06\/dscn2292.jpg\" alt=\"\" class=\"wp-image-7997\" srcset=\"https:\/\/paca.lpo.fr\/blogs\/hyeres-les-maures\/files\/2023\/06\/dscn2292.jpg 1024w, https:\/\/paca.lpo.fr\/blogs\/hyeres-les-maures\/files\/2023\/06\/dscn2292-768x569.jpg 768w\" sizes=\"auto, (max-width: 1024px) 100vw, 1024px\" \/><\/figure>\n\n\n\n<p> observ\u00e9 de loin par un jeune cerf et un rougequeue \u00e0 front blanc (que vous connaissez maintenant).<\/p>\n\n\n\n<figure class=\"wp-block-image size-full\"><img loading=\"lazy\" decoding=\"async\" width=\"820\" height=\"686\" src=\"https:\/\/paca.lpo.fr\/blogs\/hyeres-les-maures\/files\/2023\/06\/rougequeue.jpg\" alt=\"\" class=\"wp-image-7998\" srcset=\"https:\/\/paca.lpo.fr\/blogs\/hyeres-les-maures\/files\/2023\/06\/rougequeue.jpg 820w, https:\/\/paca.lpo.fr\/blogs\/hyeres-les-maures\/files\/2023\/06\/rougequeue-768x642.jpg 768w\" sizes=\"auto, (max-width: 820px) 100vw, 820px\" \/><\/figure>\n\n\n\n<p> Il est temps de partir avant les orages pr\u00e9vus dans l\u2019apr\u00e8s-midi. Je plie ma tente pendant que les enfants ravagent la contr\u00e9e.<br>Audrey et Remi (Son Pierre \u00e0 elle) op\u00e8rent un nettoyage express de la st\u00e8le \u00e9rig\u00e9e \u00e0 la m\u00e9moire des r\u00e9sistants fusill\u00e9s, ici m\u00eame en 1944 et o\u00f9 s\u2019entassent les vestiges des couronnes et bouquets d\u00e9pos\u00e9s \u00e0 chaque commorations par les autorit\u00e9s locales.<br>5) Que la Limate est priv\u00e9e.<br>Priv\u00e9e d\u2019eau potable et de r\u00e9seaux, mais surtout c\u2019est une propri\u00e9t\u00e9 priv\u00e9e. L\u2019acc\u00e8s en v\u00e9hicule et le bivouac y sont interdits sans l\u2019accord des propri\u00e9taires. Et l\u2019acc\u00e8s au massif est dangereux voir interdit selon la saison et le risque feux de for\u00eat en vigueur.<br>Je remercie les participants et les proprios de la Limate pour cette sympathique sortie entre les orages.<br>Il fallait oser, on a pas \u00e9t\u00e9 d\u00e9\u00e7u.<br><br>Gilles<br><\/p>\n","protected":false},"excerpt":{"rendered":"<p>le 10 juinJe vous l\u2019avais bien dit.1) Qu\u2019il ferait beau samedi.Apr\u00e8s l\u2019AG de la LPO PACA \u00e0 la Roquebrussanne, o\u00f9 Audrey a \u00e9t\u00e9 \u00e9lue au conseil d\u2019administration avec un score digne d\u2019une r\u00e9publique banani\u00e8re. Pierre (l\u2019autre) et moi-m\u00eame nous nous dirige\u00e2mes sous une pluie battante vers la commune voisine de Signes. Puis apr\u00e8s une bonne [&hellip;]<\/p>\n","protected":false},"author":117,"featured_media":7990,"comment_status":"open","ping_status":"open","sticky":false,"template":"","format":"standard","meta":{"footnotes":""},"categories":[1],"tags":[],"class_list":["post-7913","post","type-post","status-publish","format-standard","has-post-thumbnail","hentry","category-actualites-generales"],"jetpack_featured_media_url":"https:\/\/paca.lpo.fr\/blogs\/hyeres-les-maures\/files\/2023\/06\/dscn2323.jpg","_links":{"self":[{"href":"https:\/\/paca.lpo.fr\/blogs\/hyeres-les-maures\/wp-json\/wp\/v2\/posts\/7913","targetHints":{"allow":["GET"]}}],"collection":[{"href":"https:\/\/paca.lpo.fr\/blogs\/hyeres-les-maures\/wp-json\/wp\/v2\/posts"}],"about":[{"href":"https:\/\/paca.lpo.fr\/blogs\/hyeres-les-maures\/wp-json\/wp\/v2\/types\/post"}],"author":[{"embeddable":true,"href":"https:\/\/paca.lpo.fr\/blogs\/hyeres-les-maures\/wp-json\/wp\/v2\/users\/117"}],"replies":[{"embeddable":true,"href":"https:\/\/paca.lpo.fr\/blogs\/hyeres-les-maures\/wp-json\/wp\/v2\/comments?post=7913"}],"version-history":[{"count":4,"href":"https:\/\/paca.lpo.fr\/blogs\/hyeres-les-maures\/wp-json\/wp\/v2\/posts\/7913\/revisions"}],"predecessor-version":[{"id":8004,"href":"https:\/\/paca.lpo.fr\/blogs\/hyeres-les-maures\/wp-json\/wp\/v2\/posts\/7913\/revisions\/8004"}],"wp:featuredmedia":[{"embeddable":true,"href":"https:\/\/paca.lpo.fr\/blogs\/hyeres-les-maures\/wp-json\/wp\/v2\/media\/7990"}],"wp:attachment":[{"href":"https:\/\/paca.lpo.fr\/blogs\/hyeres-les-maures\/wp-json\/wp\/v2\/media?parent=7913"}],"wp:term":[{"taxonomy":"category","embeddable":true,"href":"https:\/\/paca.lpo.fr\/blogs\/hyeres-les-maures\/wp-json\/wp\/v2\/categories?post=7913"},{"taxonomy":"post_tag","embeddable":true,"href":"https:\/\/paca.lpo.fr\/blogs\/hyeres-les-maures\/wp-json\/wp\/v2\/tags?post=7913"}],"curies":[{"name":"wp","href":"https:\/\/api.w.org\/{rel}","templated":true}]}}