{"id":7982,"date":"2023-06-14T08:18:13","date_gmt":"2023-06-14T07:18:13","guid":{"rendered":"https:\/\/paca.lpo.fr\/blogs\/hyeres-les-maures\/?p=7982"},"modified":"2023-06-14T10:45:22","modified_gmt":"2023-06-14T09:45:22","slug":"jardin-du-real-9","status":"publish","type":"post","link":"https:\/\/paca.lpo.fr\/blogs\/hyeres-les-maures\/2023\/06\/14\/jardin-du-real-9\/","title":{"rendered":"jardin du R\u00e9al"},"content":{"rendered":"\n<p>Les cordiales relations entre le \u00ab Jardin du R\u00e9al \u00bb et la LPO ont \u00e0 nouveau \u00e9t\u00e9 confirm\u00e9es ce weekend des 9 et 10 juin, puisque la LPO \u00e9tait invit\u00e9e \u00e0 venir f\u00eater les 10 ans du Jardin.<\/p>\n\n\n\n<figure class=\"wp-block-image size-full\"><img loading=\"lazy\" decoding=\"async\" width=\"1024\" height=\"682\" src=\"https:\/\/paca.lpo.fr\/blogs\/hyeres-les-maures\/files\/2023\/06\/dsc04596.jpg\" alt=\"\" class=\"wp-image-8017\" srcset=\"https:\/\/paca.lpo.fr\/blogs\/hyeres-les-maures\/files\/2023\/06\/dsc04596.jpg 1024w, https:\/\/paca.lpo.fr\/blogs\/hyeres-les-maures\/files\/2023\/06\/dsc04596-768x512.jpg 768w\" sizes=\"auto, (max-width: 1024px) 100vw, 1024px\" \/><\/figure>\n\n\n\n<p><br><br>Anniversaire point d\u2019orgue des dix ann\u00e9es de travaux pilot\u00e9s et r\u00e9alis\u00e9s par Frank Lucas sans qui ce jardin n\u2019aurait pas \u00e9t\u00e9 cr\u00e9\u00e9.<\/p>\n\n\n\n<figure class=\"wp-block-image size-full\"><img loading=\"lazy\" decoding=\"async\" width=\"485\" height=\"1024\" src=\"https:\/\/paca.lpo.fr\/blogs\/hyeres-les-maures\/files\/2023\/06\/resized-20230610-110838.jpg\" alt=\"\" class=\"wp-image-8019\" srcset=\"https:\/\/paca.lpo.fr\/blogs\/hyeres-les-maures\/files\/2023\/06\/resized-20230610-110838.jpg 485w, https:\/\/paca.lpo.fr\/blogs\/hyeres-les-maures\/files\/2023\/06\/resized-20230610-110838-364x768.jpg 364w\" sizes=\"auto, (max-width: 485px) 100vw, 485px\" \/><\/figure>\n\n\n\n<p><br><br>Donc pas de stand LPO, mais des \u00e9changes toujours int\u00e9ressants au hasard des groupes de discussions.<br><br>Nombreux visiteurs tout au long de ces deux jours.<br><br>La mise en sc\u00e8ne  de cet anniversaire \u00e9tait du type \u00ab avant\/apr\u00e8s \u00bb, de nombreuses photos diss\u00e9min\u00e9es au sein des massifs permettaient de r\u00e9aliser l\u2019ampleur des transformations et travaux r\u00e9alis\u00e9s.<\/p>\n\n\n\n<figure class=\"wp-block-image size-full\"><img loading=\"lazy\" decoding=\"async\" width=\"1024\" height=\"683\" src=\"https:\/\/paca.lpo.fr\/blogs\/hyeres-les-maures\/files\/2023\/06\/dsc04568.jpg\" alt=\"\" class=\"wp-image-8013\" srcset=\"https:\/\/paca.lpo.fr\/blogs\/hyeres-les-maures\/files\/2023\/06\/dsc04568.jpg 1024w, https:\/\/paca.lpo.fr\/blogs\/hyeres-les-maures\/files\/2023\/06\/dsc04568-768x512.jpg 768w\" sizes=\"auto, (max-width: 1024px) 100vw, 1024px\" \/><\/figure>\n\n\n\n<figure class=\"wp-block-image size-full\"><img loading=\"lazy\" decoding=\"async\" width=\"1024\" height=\"683\" src=\"https:\/\/paca.lpo.fr\/blogs\/hyeres-les-maures\/files\/2023\/06\/dsc04570.jpg\" alt=\"\" class=\"wp-image-8014\" srcset=\"https:\/\/paca.lpo.fr\/blogs\/hyeres-les-maures\/files\/2023\/06\/dsc04570.jpg 1024w, https:\/\/paca.lpo.fr\/blogs\/hyeres-les-maures\/files\/2023\/06\/dsc04570-768x512.jpg 768w\" sizes=\"auto, (max-width: 1024px) 100vw, 1024px\" \/><\/figure>\n\n\n\n<figure class=\"wp-block-image size-full\"><img loading=\"lazy\" decoding=\"async\" width=\"1024\" height=\"683\" src=\"https:\/\/paca.lpo.fr\/blogs\/hyeres-les-maures\/files\/2023\/06\/dsc04587.jpg\" alt=\"\" class=\"wp-image-8015\" srcset=\"https:\/\/paca.lpo.fr\/blogs\/hyeres-les-maures\/files\/2023\/06\/dsc04587.jpg 1024w, https:\/\/paca.lpo.fr\/blogs\/hyeres-les-maures\/files\/2023\/06\/dsc04587-768x512.jpg 768w\" sizes=\"auto, (max-width: 1024px) 100vw, 1024px\" \/><\/figure>\n\n\n\n<p><br><br>Le samedi pr\u00e9sence de Nicole et Christian, le midi recherche d\u2019un coin \u00e0 l\u2019ombre pour le d\u00e9jeuner organis\u00e9 en buffet pour tous les gouts : Nems, rouleaux de printemps , salades de diff\u00e9rents types de tomates, taboul\u00e9, roue de Brie et de nombreux desserts apport\u00e9s par les membres et\/ou visiteurs.<br><br>Petit coin de paradis avec un arri\u00e8re fond musical r\u00e9alis\u00e9 par une contre bassiste et chanteuse distillant un jazz agr\u00e9able.<\/p>\n\n\n\n<figure class=\"wp-block-image size-full\"><img loading=\"lazy\" decoding=\"async\" width=\"1024\" height=\"683\" src=\"https:\/\/paca.lpo.fr\/blogs\/hyeres-les-maures\/files\/2023\/06\/dsc04604.jpg\" alt=\"\" class=\"wp-image-8009\" srcset=\"https:\/\/paca.lpo.fr\/blogs\/hyeres-les-maures\/files\/2023\/06\/dsc04604.jpg 1024w, https:\/\/paca.lpo.fr\/blogs\/hyeres-les-maures\/files\/2023\/06\/dsc04604-768x512.jpg 768w\" sizes=\"auto, (max-width: 1024px) 100vw, 1024px\" \/><\/figure>\n\n\n\n<figure class=\"wp-block-image size-full\"><img loading=\"lazy\" decoding=\"async\" width=\"485\" height=\"1024\" src=\"https:\/\/paca.lpo.fr\/blogs\/hyeres-les-maures\/files\/2023\/06\/resized-20230611-124147.jpg\" alt=\"\" class=\"wp-image-8022\" srcset=\"https:\/\/paca.lpo.fr\/blogs\/hyeres-les-maures\/files\/2023\/06\/resized-20230611-124147.jpg 485w, https:\/\/paca.lpo.fr\/blogs\/hyeres-les-maures\/files\/2023\/06\/resized-20230611-124147-364x768.jpg 364w\" sizes=\"auto, (max-width: 485px) 100vw, 485px\" \/><\/figure>\n\n\n\n<p><br><br>Le dimanche Nicole et Christian re\u00e7oivent des renforts, Christine, Sylvia, Marc, Joseph<br><br>Les visiteurs sont plus nombreux avec en particulier la pr\u00e9sence de Mme La Maire de Puget qui a d\u00e9jeun\u00e9 sur place<br><br>Repas sur le m\u00eame principe de buffet avec en plus une excellente \u00e9paule de \u00ab Facomoch\u00e8re \u00bb<\/p>\n\n\n\n<figure class=\"wp-block-image size-full\"><img loading=\"lazy\" decoding=\"async\" width=\"1024\" height=\"683\" src=\"https:\/\/paca.lpo.fr\/blogs\/hyeres-les-maures\/files\/2023\/06\/dsc04607.jpg\" alt=\"\" class=\"wp-image-8010\" srcset=\"https:\/\/paca.lpo.fr\/blogs\/hyeres-les-maures\/files\/2023\/06\/dsc04607.jpg 1024w, https:\/\/paca.lpo.fr\/blogs\/hyeres-les-maures\/files\/2023\/06\/dsc04607-768x512.jpg 768w\" sizes=\"auto, (max-width: 1024px) 100vw, 1024px\" \/><\/figure>\n\n\n\n<figure class=\"wp-block-image size-full\"><img loading=\"lazy\" decoding=\"async\" width=\"1024\" height=\"484\" src=\"https:\/\/paca.lpo.fr\/blogs\/hyeres-les-maures\/files\/2023\/06\/resized-20230611-124214.jpg\" alt=\"\" class=\"wp-image-8023\" srcset=\"https:\/\/paca.lpo.fr\/blogs\/hyeres-les-maures\/files\/2023\/06\/resized-20230611-124214.jpg 1024w, https:\/\/paca.lpo.fr\/blogs\/hyeres-les-maures\/files\/2023\/06\/resized-20230611-124214-768x363.jpg 768w\" sizes=\"auto, (max-width: 1024px) 100vw, 1024px\" \/><\/figure>\n\n\n\n<p><br><br>Renfort aussi de l\u2019\u00e9quipe musicale qui se voit adjoindre un saxophoniste.<br><br>Quelques gouttes d\u2019eau en fin de repas, mais un repli strat\u00e9gique vers 17h30 juste avant un orage assez violent.<\/p>\n\n\n\n<figure class=\"wp-block-image size-full\"><img loading=\"lazy\" decoding=\"async\" width=\"1024\" height=\"485\" src=\"https:\/\/paca.lpo.fr\/blogs\/hyeres-les-maures\/files\/2023\/06\/resized-20230611-162154.jpg\" alt=\"\" class=\"wp-image-8024\" srcset=\"https:\/\/paca.lpo.fr\/blogs\/hyeres-les-maures\/files\/2023\/06\/resized-20230611-162154.jpg 1024w, https:\/\/paca.lpo.fr\/blogs\/hyeres-les-maures\/files\/2023\/06\/resized-20230611-162154-768x364.jpg 768w\" sizes=\"auto, (max-width: 1024px) 100vw, 1024px\" \/><\/figure>\n\n\n\n<p><\/p>\n\n\n\n<figure class=\"wp-block-image size-full\"><img loading=\"lazy\" decoding=\"async\" width=\"1024\" height=\"683\" src=\"https:\/\/paca.lpo.fr\/blogs\/hyeres-les-maures\/files\/2023\/06\/dsc04631.jpg\" alt=\"\" class=\"wp-image-8011\" srcset=\"https:\/\/paca.lpo.fr\/blogs\/hyeres-les-maures\/files\/2023\/06\/dsc04631.jpg 1024w, https:\/\/paca.lpo.fr\/blogs\/hyeres-les-maures\/files\/2023\/06\/dsc04631-768x512.jpg 768w\" sizes=\"auto, (max-width: 1024px) 100vw, 1024px\" \/><\/figure>\n\n\n\n<figure class=\"wp-block-image size-full\"><img loading=\"lazy\" decoding=\"async\" width=\"1024\" height=\"683\" src=\"https:\/\/paca.lpo.fr\/blogs\/hyeres-les-maures\/files\/2023\/06\/dsc04612.jpg\" alt=\"\" class=\"wp-image-8012\" srcset=\"https:\/\/paca.lpo.fr\/blogs\/hyeres-les-maures\/files\/2023\/06\/dsc04612.jpg 1024w, https:\/\/paca.lpo.fr\/blogs\/hyeres-les-maures\/files\/2023\/06\/dsc04612-768x512.jpg 768w\" sizes=\"auto, (max-width: 1024px) 100vw, 1024px\" \/><\/figure>\n\n\n\n<p><br><br>Cot\u00e9 Jardin une r\u00e9ussite certaine, cot\u00e9 LPO un weekend bien agr\u00e9able et des rencontres toujours int\u00e9ressantes.<br><br>HLM<\/p>\n","protected":false},"excerpt":{"rendered":"<p>Les cordiales relations entre le \u00ab Jardin du R\u00e9al \u00bb et la LPO ont \u00e0 nouveau \u00e9t\u00e9 confirm\u00e9es ce weekend des 9 et 10 juin, puisque la LPO \u00e9tait invit\u00e9e \u00e0 venir f\u00eater les 10 ans du Jardin. Anniversaire point d\u2019orgue des dix ann\u00e9es de travaux pilot\u00e9s et r\u00e9alis\u00e9s par Frank Lucas sans qui ce [&hellip;]<\/p>\n","protected":false},"author":117,"featured_media":8008,"comment_status":"open","ping_status":"open","sticky":false,"template":"","format":"standard","meta":{"footnotes":""},"categories":[1],"tags":[],"class_list":["post-7982","post","type-post","status-publish","format-standard","has-post-thumbnail","hentry","category-actualites-generales"],"jetpack_featured_media_url":"https:\/\/paca.lpo.fr\/blogs\/hyeres-les-maures\/files\/2023\/06\/dsc04566.jpg","_links":{"self":[{"href":"https:\/\/paca.lpo.fr\/blogs\/hyeres-les-maures\/wp-json\/wp\/v2\/posts\/7982","targetHints":{"allow":["GET"]}}],"collection":[{"href":"https:\/\/paca.lpo.fr\/blogs\/hyeres-les-maures\/wp-json\/wp\/v2\/posts"}],"about":[{"href":"https:\/\/paca.lpo.fr\/blogs\/hyeres-les-maures\/wp-json\/wp\/v2\/types\/post"}],"author":[{"embeddable":true,"href":"https:\/\/paca.lpo.fr\/blogs\/hyeres-les-maures\/wp-json\/wp\/v2\/users\/117"}],"replies":[{"embeddable":true,"href":"https:\/\/paca.lpo.fr\/blogs\/hyeres-les-maures\/wp-json\/wp\/v2\/comments?post=7982"}],"version-history":[{"count":4,"href":"https:\/\/paca.lpo.fr\/blogs\/hyeres-les-maures\/wp-json\/wp\/v2\/posts\/7982\/revisions"}],"predecessor-version":[{"id":8027,"href":"https:\/\/paca.lpo.fr\/blogs\/hyeres-les-maures\/wp-json\/wp\/v2\/posts\/7982\/revisions\/8027"}],"wp:featuredmedia":[{"embeddable":true,"href":"https:\/\/paca.lpo.fr\/blogs\/hyeres-les-maures\/wp-json\/wp\/v2\/media\/8008"}],"wp:attachment":[{"href":"https:\/\/paca.lpo.fr\/blogs\/hyeres-les-maures\/wp-json\/wp\/v2\/media?parent=7982"}],"wp:term":[{"taxonomy":"category","embeddable":true,"href":"https:\/\/paca.lpo.fr\/blogs\/hyeres-les-maures\/wp-json\/wp\/v2\/categories?post=7982"},{"taxonomy":"post_tag","embeddable":true,"href":"https:\/\/paca.lpo.fr\/blogs\/hyeres-les-maures\/wp-json\/wp\/v2\/tags?post=7982"}],"curies":[{"name":"wp","href":"https:\/\/api.w.org\/{rel}","templated":true}]}}