{"id":8139,"date":"2023-09-03T19:38:57","date_gmt":"2023-09-03T18:38:57","guid":{"rendered":"https:\/\/paca.lpo.fr\/blogs\/hyeres-les-maures\/?p=8139"},"modified":"2023-09-03T19:38:57","modified_gmt":"2023-09-03T18:38:57","slug":"cest-la-rentree","status":"publish","type":"post","link":"https:\/\/paca.lpo.fr\/blogs\/hyeres-les-maures\/2023\/09\/03\/cest-la-rentree\/","title":{"rendered":"c&rsquo;est la rentr\u00e9e"},"content":{"rendered":"\n<p>2 septembre 23<br><br>Le th\u00e8me de la sortie au plan du pont, \u00ab\u00a0les migrateurs sont ils encore l\u00e0\u00a0\u00bb.<br>En l&rsquo;absence des Kadors ornithos (Aur\u00e9lien, Matthis, Ir\u00e8ne, etc..) clou\u00e9s au lit pour cause de flemme.<br>La caution scientifique de la sortie, a \u00e9t\u00e9 assur\u00e9e par les seconds couteaux (Evelyne, Isabelle, Christophe et Gilles (le moins aiguis\u00e9 du tiroir)).<br>Nous commen\u00e7\u00e2mes la sortie berc\u00e9s par le cri du brame des chasseurs en p\u00e9riode de reproduction.<br>&#8211; Toto, au pieds.<br>&#8211; O\u00f9 il est ce clebs?<br>&#8211; A gauche, a gauche, A GAAAUCHE BORDEL.<br>&#8211; MAIS KILAICON.<br>Les migrateurs sont en partie encore l\u00e0 et en partie partis.<br>Un circa\u00e8te enquiquin\u00e9 par des corneilles, moult rolliers d&rsquo;Europe (4 au moins), hirondelles rustiques, un gobe-mouche noir, par contre les Loriots ont fait leurs valises.<\/p>\n\n\n\n<figure class=\"wp-block-image size-full\"><img loading=\"lazy\" decoding=\"async\" width=\"1024\" height=\"741\" src=\"https:\/\/paca.lpo.fr\/blogs\/hyeres-les-maures\/files\/2023\/09\/dscn2699-1.jpg\" alt=\"\" class=\"wp-image-8144\" srcset=\"https:\/\/paca.lpo.fr\/blogs\/hyeres-les-maures\/files\/2023\/09\/dscn2699-1.jpg 1024w, https:\/\/paca.lpo.fr\/blogs\/hyeres-les-maures\/files\/2023\/09\/dscn2699-1-768x556.jpg 768w\" sizes=\"auto, (max-width: 1024px) 100vw, 1024px\" \/><\/figure>\n\n\n\n<p> <\/p>\n\n\n\n<figure class=\"wp-block-image size-full\"><img loading=\"lazy\" decoding=\"async\" width=\"1024\" height=\"780\" src=\"https:\/\/paca.lpo.fr\/blogs\/hyeres-les-maures\/files\/2023\/09\/dscn2678.jpg\" alt=\"\" class=\"wp-image-8145\" srcset=\"https:\/\/paca.lpo.fr\/blogs\/hyeres-les-maures\/files\/2023\/09\/dscn2678.jpg 1024w, https:\/\/paca.lpo.fr\/blogs\/hyeres-les-maures\/files\/2023\/09\/dscn2678-768x585.jpg 768w\" sizes=\"auto, (max-width: 1024px) 100vw, 1024px\" \/><\/figure>\n\n\n\n<p> <\/p>\n\n\n\n<figure class=\"wp-block-image size-full\"><img loading=\"lazy\" decoding=\"async\" width=\"1024\" height=\"901\" src=\"https:\/\/paca.lpo.fr\/blogs\/hyeres-les-maures\/files\/2023\/09\/dscn2690.jpg\" alt=\"\" class=\"wp-image-8146\" srcset=\"https:\/\/paca.lpo.fr\/blogs\/hyeres-les-maures\/files\/2023\/09\/dscn2690.jpg 1024w, https:\/\/paca.lpo.fr\/blogs\/hyeres-les-maures\/files\/2023\/09\/dscn2690-768x676.jpg 768w\" sizes=\"auto, (max-width: 1024px) 100vw, 1024px\" \/><\/figure>\n\n\n\n<p><\/p>\n\n\n\n<figure class=\"wp-block-image size-full\"><img loading=\"lazy\" decoding=\"async\" width=\"1024\" height=\"672\" src=\"https:\/\/paca.lpo.fr\/blogs\/hyeres-les-maures\/files\/2023\/09\/dscn2668.jpg\" alt=\"\" class=\"wp-image-8147\" srcset=\"https:\/\/paca.lpo.fr\/blogs\/hyeres-les-maures\/files\/2023\/09\/dscn2668.jpg 1024w, https:\/\/paca.lpo.fr\/blogs\/hyeres-les-maures\/files\/2023\/09\/dscn2668-768x504.jpg 768w\" sizes=\"auto, (max-width: 1024px) 100vw, 1024px\" \/><\/figure>\n\n\n\n<p><br>Les s\u00e9dentaires sont \u00e9galement pr\u00e9sents, faucon cr\u00e9cerelle, pic vert, pic \u00e9peiche, corneilles enquiquinant le circa\u00e8te, choucas des tours, m\u00e9sanges, poules d&rsquo;eau<\/p>\n\n\n\n<figure class=\"wp-block-image size-full\"><img loading=\"lazy\" decoding=\"async\" width=\"756\" height=\"1024\" src=\"https:\/\/paca.lpo.fr\/blogs\/hyeres-les-maures\/files\/2023\/09\/dscn2718.jpg\" alt=\"\" class=\"wp-image-8148\" srcset=\"https:\/\/paca.lpo.fr\/blogs\/hyeres-les-maures\/files\/2023\/09\/dscn2718.jpg 756w, https:\/\/paca.lpo.fr\/blogs\/hyeres-les-maures\/files\/2023\/09\/dscn2718-567x768.jpg 567w\" sizes=\"auto, (max-width: 756px) 100vw, 756px\" \/><\/figure>\n\n\n\n<figure class=\"wp-block-image size-full\"><img loading=\"lazy\" decoding=\"async\" width=\"1024\" height=\"794\" src=\"https:\/\/paca.lpo.fr\/blogs\/hyeres-les-maures\/files\/2023\/09\/dscn2666.jpg\" alt=\"\" class=\"wp-image-8149\" srcset=\"https:\/\/paca.lpo.fr\/blogs\/hyeres-les-maures\/files\/2023\/09\/dscn2666.jpg 1024w, https:\/\/paca.lpo.fr\/blogs\/hyeres-les-maures\/files\/2023\/09\/dscn2666-768x596.jpg 768w\" sizes=\"auto, (max-width: 1024px) 100vw, 1024px\" \/><\/figure>\n\n\n\n<p> et l\u00e9zard \u00e0 deux raies (ex l\u00e9zard vert occidental)<br><\/p>\n\n\n\n<figure class=\"wp-block-image size-full\"><img loading=\"lazy\" decoding=\"async\" width=\"1000\" height=\"750\" src=\"https:\/\/paca.lpo.fr\/blogs\/hyeres-les-maures\/files\/2023\/09\/dscn2708.jpg\" alt=\"\" class=\"wp-image-8150\" srcset=\"https:\/\/paca.lpo.fr\/blogs\/hyeres-les-maures\/files\/2023\/09\/dscn2708.jpg 1000w, https:\/\/paca.lpo.fr\/blogs\/hyeres-les-maures\/files\/2023\/09\/dscn2708-768x576.jpg 768w\" sizes=\"auto, (max-width: 1000px) 100vw, 1000px\" \/><\/figure>\n\n\n\n<p><br>Ca commence bien.<br><br>Gilles<\/p>\n","protected":false},"excerpt":{"rendered":"<p>2 septembre 23 Le th\u00e8me de la sortie au plan du pont, \u00ab\u00a0les migrateurs sont ils encore l\u00e0\u00a0\u00bb.En l&rsquo;absence des Kadors ornithos (Aur\u00e9lien, Matthis, Ir\u00e8ne, etc..) clou\u00e9s au lit pour cause de flemme.La caution scientifique de la sortie, a \u00e9t\u00e9 assur\u00e9e par les seconds couteaux (Evelyne, Isabelle, Christophe et Gilles (le moins aiguis\u00e9 du tiroir)).Nous [&hellip;]<\/p>\n","protected":false},"author":117,"featured_media":8143,"comment_status":"open","ping_status":"open","sticky":false,"template":"","format":"standard","meta":{"footnotes":""},"categories":[1],"tags":[],"class_list":["post-8139","post","type-post","status-publish","format-standard","has-post-thumbnail","hentry","category-actualites-generales"],"jetpack_featured_media_url":"https:\/\/paca.lpo.fr\/blogs\/hyeres-les-maures\/files\/2023\/09\/dscn2694.jpg","_links":{"self":[{"href":"https:\/\/paca.lpo.fr\/blogs\/hyeres-les-maures\/wp-json\/wp\/v2\/posts\/8139","targetHints":{"allow":["GET"]}}],"collection":[{"href":"https:\/\/paca.lpo.fr\/blogs\/hyeres-les-maures\/wp-json\/wp\/v2\/posts"}],"about":[{"href":"https:\/\/paca.lpo.fr\/blogs\/hyeres-les-maures\/wp-json\/wp\/v2\/types\/post"}],"author":[{"embeddable":true,"href":"https:\/\/paca.lpo.fr\/blogs\/hyeres-les-maures\/wp-json\/wp\/v2\/users\/117"}],"replies":[{"embeddable":true,"href":"https:\/\/paca.lpo.fr\/blogs\/hyeres-les-maures\/wp-json\/wp\/v2\/comments?post=8139"}],"version-history":[{"count":2,"href":"https:\/\/paca.lpo.fr\/blogs\/hyeres-les-maures\/wp-json\/wp\/v2\/posts\/8139\/revisions"}],"predecessor-version":[{"id":8151,"href":"https:\/\/paca.lpo.fr\/blogs\/hyeres-les-maures\/wp-json\/wp\/v2\/posts\/8139\/revisions\/8151"}],"wp:featuredmedia":[{"embeddable":true,"href":"https:\/\/paca.lpo.fr\/blogs\/hyeres-les-maures\/wp-json\/wp\/v2\/media\/8143"}],"wp:attachment":[{"href":"https:\/\/paca.lpo.fr\/blogs\/hyeres-les-maures\/wp-json\/wp\/v2\/media?parent=8139"}],"wp:term":[{"taxonomy":"category","embeddable":true,"href":"https:\/\/paca.lpo.fr\/blogs\/hyeres-les-maures\/wp-json\/wp\/v2\/categories?post=8139"},{"taxonomy":"post_tag","embeddable":true,"href":"https:\/\/paca.lpo.fr\/blogs\/hyeres-les-maures\/wp-json\/wp\/v2\/tags?post=8139"}],"curies":[{"name":"wp","href":"https:\/\/api.w.org\/{rel}","templated":true}]}}