{"id":8182,"date":"2023-09-11T19:13:33","date_gmt":"2023-09-11T18:13:33","guid":{"rendered":"https:\/\/paca.lpo.fr\/blogs\/hyeres-les-maures\/?p=8182"},"modified":"2023-09-12T16:29:54","modified_gmt":"2023-09-12T15:29:54","slug":"fete-de-la-capte-2","status":"publish","type":"post","link":"https:\/\/paca.lpo.fr\/blogs\/hyeres-les-maures\/2023\/09\/11\/fete-de-la-capte-2\/","title":{"rendered":"f\u00eate de la capte"},"content":{"rendered":"\n<p>Samedi 9 et dimanche 10 au salin des Pesquiers<\/p>\n\n\n\n<p>Plusieurs b\u00e9n\u00e9voles sont venus ce week-end, pour aider les salari\u00e9s, stagiaires, \u00e9co-volontaires et autres esclaves<br>afin d&rsquo;assurer la tenue du stand de la LPO et l&rsquo;animation des diff\u00e9rents points d&rsquo;observation des oiseaux pr\u00e9vus pour cette f\u00eate annuelle.<br>Le samedi matin c&rsquo;est mon tour avec un sympathique couple franco-britannique que nous appellerons Jane et Serge pour des soucis d&rsquo;anonymat.<\/p>\n<p><img loading=\"lazy\" decoding=\"async\" class=\"aligncenter size-medium wp-image-8240\" src=\"https:\/\/paca.lpo.fr\/blogs\/hyeres-les-maures\/files\/2023\/09\/jane-et-serge-768x576.jpg\" alt=\"\" width=\"768\" height=\"576\" srcset=\"https:\/\/paca.lpo.fr\/blogs\/hyeres-les-maures\/files\/2023\/09\/jane-et-serge-768x576.jpg 768w, https:\/\/paca.lpo.fr\/blogs\/hyeres-les-maures\/files\/2023\/09\/jane-et-serge.jpg 1000w\" sizes=\"auto, (max-width: 768px) 100vw, 768px\" \/><br>Jane et Serge ayant investit l&rsquo;observatoire climatis\u00e9 situ\u00e9 au fond du parcours, j&rsquo;ai du me contenter de faire le pied de grue le long de la digue et de racoler les passants.<\/p>\n<p>Quelques belles observations toutefois, des chevaliers sylvains, gambettes et guignettes, des vols de b\u00e9casseaux,<img loading=\"lazy\" decoding=\"async\" class=\"aligncenter size-medium wp-image-8241\" src=\"https:\/\/paca.lpo.fr\/blogs\/hyeres-les-maures\/files\/2023\/09\/becasseaux-variable-768x571.jpg\" alt=\"\" width=\"768\" height=\"571\" srcset=\"https:\/\/paca.lpo.fr\/blogs\/hyeres-les-maures\/files\/2023\/09\/becasseaux-variable-768x571.jpg 768w, https:\/\/paca.lpo.fr\/blogs\/hyeres-les-maures\/files\/2023\/09\/becasseaux-variable.jpg 1024w\" sizes=\"auto, (max-width: 768px) 100vw, 768px\" \/><\/p>\n<p><img loading=\"lazy\" decoding=\"async\" class=\"aligncenter size-medium wp-image-8242\" src=\"https:\/\/paca.lpo.fr\/blogs\/hyeres-les-maures\/files\/2023\/09\/chevalier-sylvain-768x606.jpg\" alt=\"\" width=\"768\" height=\"606\" srcset=\"https:\/\/paca.lpo.fr\/blogs\/hyeres-les-maures\/files\/2023\/09\/chevalier-sylvain-768x606.jpg 768w, https:\/\/paca.lpo.fr\/blogs\/hyeres-les-maures\/files\/2023\/09\/chevalier-sylvain.jpg 1024w\" sizes=\"auto, (max-width: 768px) 100vw, 768px\" \/><\/p>\n<p>le retour des martins p\u00e9cheurs, un courlis, la pr\u00e9sidente de la LPO PACA<\/p>\n<p><img loading=\"lazy\" decoding=\"async\" class=\"aligncenter size-medium wp-image-8243\" src=\"https:\/\/paca.lpo.fr\/blogs\/hyeres-les-maures\/files\/2023\/09\/dsc06432-768x512.jpg\" alt=\"\" width=\"768\" height=\"512\" srcset=\"https:\/\/paca.lpo.fr\/blogs\/hyeres-les-maures\/files\/2023\/09\/dsc06432-768x512.jpg 768w, https:\/\/paca.lpo.fr\/blogs\/hyeres-les-maures\/files\/2023\/09\/dsc06432.jpg 1024w\" sizes=\"auto, (max-width: 768px) 100vw, 768px\" \/><br>(que son chemin soit toujours recouvert de p\u00e9tales de roses) et gateau sous la cerise LE balbuzard p\u00eacheur<\/p>\n<p><img loading=\"lazy\" decoding=\"async\" class=\"aligncenter size-medium wp-image-8244\" src=\"https:\/\/paca.lpo.fr\/blogs\/hyeres-les-maures\/files\/2023\/09\/balbusard-768x486.jpg\" alt=\"\" width=\"768\" height=\"486\" srcset=\"https:\/\/paca.lpo.fr\/blogs\/hyeres-les-maures\/files\/2023\/09\/balbusard-768x486.jpg 768w, https:\/\/paca.lpo.fr\/blogs\/hyeres-les-maures\/files\/2023\/09\/balbusard.jpg 1003w\" sizes=\"auto, (max-width: 768px) 100vw, 768px\" \/><br>Des belles rencontres \u00e9galement avec les homo sapiens qui se sont pr\u00e9sent\u00e9s \u00e0 mon stand. En vrac, une ornitho des alpes avec laquelle j&rsquo;ai discut\u00e9 sur les caract\u00e9ristiques permettant de diff\u00e9rencier<br>les diff\u00e9rents chevaliers (armures, casques, etc&#8230;.), une dame qui me demande conseil sur ses combles envahis de chauves-souris, des groupies voulant des autographes et bien sur les passionn\u00e9s de flamants roses.<\/p>\n<p><img loading=\"lazy\" decoding=\"async\" class=\"aligncenter size-medium wp-image-8247\" src=\"https:\/\/paca.lpo.fr\/blogs\/hyeres-les-maures\/files\/2023\/09\/dsc06392-768x512.jpg\" alt=\"\" width=\"768\" height=\"512\" srcset=\"https:\/\/paca.lpo.fr\/blogs\/hyeres-les-maures\/files\/2023\/09\/dsc06392-768x512.jpg 768w, https:\/\/paca.lpo.fr\/blogs\/hyeres-les-maures\/files\/2023\/09\/dsc06392.jpg 1024w\" sizes=\"auto, (max-width: 768px) 100vw, 768px\" \/><\/p>\n<p><img loading=\"lazy\" decoding=\"async\" class=\"aligncenter size-medium wp-image-8248\" src=\"https:\/\/paca.lpo.fr\/blogs\/hyeres-les-maures\/files\/2023\/09\/vol-de-becasseaux-768x492.jpg\" alt=\"\" width=\"768\" height=\"492\" srcset=\"https:\/\/paca.lpo.fr\/blogs\/hyeres-les-maures\/files\/2023\/09\/vol-de-becasseaux-768x492.jpg 768w, https:\/\/paca.lpo.fr\/blogs\/hyeres-les-maures\/files\/2023\/09\/vol-de-becasseaux.jpg 956w\" sizes=\"auto, (max-width: 768px) 100vw, 768px\" \/><br><br>A 13 heures, je plie les gaules. Laissant la place \u00e0 d&rsquo;autre b\u00e9n\u00e9voles qui ne vont pas manquer de narrer leurs exp\u00e9riences.<br><br>Gilles<\/p>\n\n\n\n<p>pour remplacer l&rsquo;irrempla\u00e7able Gilles<\/p>\n<p><img loading=\"lazy\" decoding=\"async\" class=\"aligncenter size-medium wp-image-8252\" src=\"https:\/\/paca.lpo.fr\/blogs\/hyeres-les-maures\/files\/2023\/09\/dsc06477-768x512.jpg\" alt=\"\" width=\"768\" height=\"512\" srcset=\"https:\/\/paca.lpo.fr\/blogs\/hyeres-les-maures\/files\/2023\/09\/dsc06477-768x512.jpg 768w, https:\/\/paca.lpo.fr\/blogs\/hyeres-les-maures\/files\/2023\/09\/dsc06477.jpg 1024w\" sizes=\"auto, (max-width: 768px) 100vw, 768px\" \/><\/p>\n<p>&nbsp;<\/p>\n<p><img loading=\"lazy\" decoding=\"async\" class=\"aligncenter size-medium wp-image-8253\" src=\"https:\/\/paca.lpo.fr\/blogs\/hyeres-les-maures\/files\/2023\/09\/dsc06535-768x512.jpg\" alt=\"\" width=\"768\" height=\"512\" srcset=\"https:\/\/paca.lpo.fr\/blogs\/hyeres-les-maures\/files\/2023\/09\/dsc06535-768x512.jpg 768w, https:\/\/paca.lpo.fr\/blogs\/hyeres-les-maures\/files\/2023\/09\/dsc06535.jpg 1024w\" sizes=\"auto, (max-width: 768px) 100vw, 768px\" \/><\/p>\n<p>&nbsp;<\/p>\n<p>&nbsp;<\/p>\n\n\n\n<figure class=\"wp-block-image size-full\"><img loading=\"lazy\" decoding=\"async\" width=\"1024\" height=\"683\" src=\"https:\/\/paca.lpo.fr\/blogs\/hyeres-les-maures\/files\/2023\/09\/dsc06601.jpg\" alt=\"\" class=\"wp-image-8255\" srcset=\"https:\/\/paca.lpo.fr\/blogs\/hyeres-les-maures\/files\/2023\/09\/dsc06601.jpg 1024w, https:\/\/paca.lpo.fr\/blogs\/hyeres-les-maures\/files\/2023\/09\/dsc06601-768x512.jpg 768w\" sizes=\"auto, (max-width: 1024px) 100vw, 1024px\" \/><\/figure>\n\n\n\n<figure class=\"wp-block-image size-full\"><img loading=\"lazy\" decoding=\"async\" width=\"1024\" height=\"683\" src=\"https:\/\/paca.lpo.fr\/blogs\/hyeres-les-maures\/files\/2023\/09\/dsc06685.jpg\" alt=\"\" class=\"wp-image-8256\" srcset=\"https:\/\/paca.lpo.fr\/blogs\/hyeres-les-maures\/files\/2023\/09\/dsc06685.jpg 1024w, https:\/\/paca.lpo.fr\/blogs\/hyeres-les-maures\/files\/2023\/09\/dsc06685-768x512.jpg 768w\" sizes=\"auto, (max-width: 1024px) 100vw, 1024px\" \/><\/figure>\n\n\n\n<figure class=\"wp-block-image size-full\"><img loading=\"lazy\" decoding=\"async\" width=\"1024\" height=\"683\" src=\"https:\/\/paca.lpo.fr\/blogs\/hyeres-les-maures\/files\/2023\/09\/dsc06686.jpg\" alt=\"\" class=\"wp-image-8257\" srcset=\"https:\/\/paca.lpo.fr\/blogs\/hyeres-les-maures\/files\/2023\/09\/dsc06686.jpg 1024w, https:\/\/paca.lpo.fr\/blogs\/hyeres-les-maures\/files\/2023\/09\/dsc06686-768x512.jpg 768w\" sizes=\"auto, (max-width: 1024px) 100vw, 1024px\" \/><\/figure>\n\n\n\n<figure class=\"wp-block-image size-full\"><img loading=\"lazy\" decoding=\"async\" width=\"1024\" height=\"683\" src=\"https:\/\/paca.lpo.fr\/blogs\/hyeres-les-maures\/files\/2023\/09\/dscn2766.jpg\" alt=\"\" class=\"wp-image-8258\" srcset=\"https:\/\/paca.lpo.fr\/blogs\/hyeres-les-maures\/files\/2023\/09\/dscn2766.jpg 1024w, https:\/\/paca.lpo.fr\/blogs\/hyeres-les-maures\/files\/2023\/09\/dscn2766-768x512.jpg 768w\" sizes=\"auto, (max-width: 1024px) 100vw, 1024px\" \/><\/figure>\n\n\n\n<p>pause \u00e0 midi<\/p>\n\n\n\n<p>Pierre fait une rencontre avec des VIP<\/p>\n\n\n\n<p><img loading=\"lazy\" decoding=\"async\" class=\"aligncenter size-medium wp-image-8251\" src=\"https:\/\/paca.lpo.fr\/blogs\/hyeres-les-maures\/files\/2023\/09\/dsc06476-768x512.jpg\" alt=\"\" width=\"768\" height=\"512\" srcset=\"https:\/\/paca.lpo.fr\/blogs\/hyeres-les-maures\/files\/2023\/09\/dsc06476-768x512.jpg 768w, https:\/\/paca.lpo.fr\/blogs\/hyeres-les-maures\/files\/2023\/09\/dsc06476.jpg 1024w\" sizes=\"auto, (max-width: 768px) 100vw, 768px\" \/><\/p>\n\n\n\n<p>pause \u00e0 midi<\/p>\n<p><img loading=\"lazy\" decoding=\"async\" class=\"aligncenter size-medium wp-image-8250\" src=\"https:\/\/paca.lpo.fr\/blogs\/hyeres-les-maures\/files\/2023\/09\/dsc06472-768x512.jpg\" alt=\"\" width=\"768\" height=\"512\" srcset=\"https:\/\/paca.lpo.fr\/blogs\/hyeres-les-maures\/files\/2023\/09\/dsc06472-768x512.jpg 768w, https:\/\/paca.lpo.fr\/blogs\/hyeres-les-maures\/files\/2023\/09\/dsc06472.jpg 1024w\" sizes=\"auto, (max-width: 768px) 100vw, 768px\" \/><\/p>\n\n\n\n<p>Un flamant rose&nbsp; &nbsp;bagu\u00e9 , en 2022, au delta de l&rsquo;Ebre en Espagne . Un an et d\u00e9j\u00e0 pas mal de rose.<\/p>\n<p><img loading=\"lazy\" decoding=\"async\" class=\"aligncenter size-medium wp-image-8259\" src=\"https:\/\/paca.lpo.fr\/blogs\/hyeres-les-maures\/files\/2023\/09\/dsc06626-768x512.jpg\" alt=\"\" width=\"768\" height=\"512\" srcset=\"https:\/\/paca.lpo.fr\/blogs\/hyeres-les-maures\/files\/2023\/09\/dsc06626-768x512.jpg 768w, https:\/\/paca.lpo.fr\/blogs\/hyeres-les-maures\/files\/2023\/09\/dsc06626.jpg 1024w\" sizes=\"auto, (max-width: 768px) 100vw, 768px\" \/><\/p>\n\n\n\n<p>les flamants se chamaillent alors que les canards souchets font la sieste<\/p>\n\n\n\n<p><img loading=\"lazy\" decoding=\"async\" class=\"aligncenter size-medium wp-image-8261\" src=\"https:\/\/paca.lpo.fr\/blogs\/hyeres-les-maures\/files\/2023\/09\/dsc06586-768x413.jpg\" alt=\"\" width=\"768\" height=\"413\" srcset=\"https:\/\/paca.lpo.fr\/blogs\/hyeres-les-maures\/files\/2023\/09\/dsc06586-768x413.jpg 768w, https:\/\/paca.lpo.fr\/blogs\/hyeres-les-maures\/files\/2023\/09\/dsc06586.jpg 1024w\" sizes=\"auto, (max-width: 768px) 100vw, 768px\" \/><\/p>\n\n\n\n<p>les h\u00e9rons se regroupent<\/p>\n<p><img loading=\"lazy\" decoding=\"async\" class=\"aligncenter size-medium wp-image-8262\" src=\"https:\/\/paca.lpo.fr\/blogs\/hyeres-les-maures\/files\/2023\/09\/dsc06520-768x441.jpg\" alt=\"\" width=\"768\" height=\"441\" srcset=\"https:\/\/paca.lpo.fr\/blogs\/hyeres-les-maures\/files\/2023\/09\/dsc06520-768x441.jpg 768w, https:\/\/paca.lpo.fr\/blogs\/hyeres-les-maures\/files\/2023\/09\/dsc06520.jpg 1024w\" sizes=\"auto, (max-width: 768px) 100vw, 768px\" \/><\/p>\n<p>&nbsp;<\/p>\n<p>un s&rsquo;envole<\/p>\n<p><img loading=\"lazy\" decoding=\"async\" class=\"aligncenter size-medium wp-image-8263\" src=\"https:\/\/paca.lpo.fr\/blogs\/hyeres-les-maures\/files\/2023\/09\/dsc06546-768x538.jpg\" alt=\"\" width=\"768\" height=\"538\" srcset=\"https:\/\/paca.lpo.fr\/blogs\/hyeres-les-maures\/files\/2023\/09\/dsc06546-768x538.jpg 768w, https:\/\/paca.lpo.fr\/blogs\/hyeres-les-maures\/files\/2023\/09\/dsc06546.jpg 1024w\" sizes=\"auto, (max-width: 768px) 100vw, 768px\" \/><\/p>\n<p>&nbsp;<\/p>\n<p>la mouette aussi<\/p>\n<p><img loading=\"lazy\" decoding=\"async\" class=\"aligncenter size-medium wp-image-8264\" src=\"https:\/\/paca.lpo.fr\/blogs\/hyeres-les-maures\/files\/2023\/09\/dsc06544-768x509.jpg\" alt=\"\" width=\"768\" height=\"509\" srcset=\"https:\/\/paca.lpo.fr\/blogs\/hyeres-les-maures\/files\/2023\/09\/dsc06544-768x509.jpg 768w, https:\/\/paca.lpo.fr\/blogs\/hyeres-les-maures\/files\/2023\/09\/dsc06544.jpg 1024w\" sizes=\"auto, (max-width: 768px) 100vw, 768px\" \/><\/p>\n<p>l&rsquo;aigrette passe<\/p>\n<p><img loading=\"lazy\" decoding=\"async\" class=\"aligncenter size-medium wp-image-8265\" src=\"https:\/\/paca.lpo.fr\/blogs\/hyeres-les-maures\/files\/2023\/09\/dsc06567-706x768.jpg\" alt=\"\" width=\"706\" height=\"768\" srcset=\"https:\/\/paca.lpo.fr\/blogs\/hyeres-les-maures\/files\/2023\/09\/dsc06567-706x768.jpg 706w, https:\/\/paca.lpo.fr\/blogs\/hyeres-les-maures\/files\/2023\/09\/dsc06567-768x836.jpg 768w, https:\/\/paca.lpo.fr\/blogs\/hyeres-les-maures\/files\/2023\/09\/dsc06567.jpg 941w\" sizes=\"auto, (max-width: 706px) 100vw, 706px\" \/><\/p>\n\n\n\n<p>sur le chemin une libellule<img loading=\"lazy\" decoding=\"async\" class=\"aligncenter size-medium wp-image-8267\" src=\"https:\/\/paca.lpo.fr\/blogs\/hyeres-les-maures\/files\/2023\/09\/dsc06599-768x512.jpg\" alt=\"\" width=\"768\" height=\"512\" srcset=\"https:\/\/paca.lpo.fr\/blogs\/hyeres-les-maures\/files\/2023\/09\/dsc06599-768x512.jpg 768w, https:\/\/paca.lpo.fr\/blogs\/hyeres-les-maures\/files\/2023\/09\/dsc06599.jpg 1024w\" sizes=\"auto, (max-width: 768px) 100vw, 768px\" \/><\/p>\n\n\n\n<p>Une barge rousse et ses copains<img loading=\"lazy\" decoding=\"async\" class=\"aligncenter size-full wp-image-8268\" src=\"https:\/\/paca.lpo.fr\/blogs\/hyeres-les-maures\/files\/2023\/09\/dsc06691.jpg\" alt=\"\" width=\"454\" height=\"357\" \/><\/p>\n<p>\u00a0<\/p>\n<p><img loading=\"lazy\" decoding=\"async\" class=\"aligncenter size-medium wp-image-8269\" src=\"https:\/\/paca.lpo.fr\/blogs\/hyeres-les-maures\/files\/2023\/09\/dsc06693-768x298.jpg\" alt=\"\" width=\"768\" height=\"298\" srcset=\"https:\/\/paca.lpo.fr\/blogs\/hyeres-les-maures\/files\/2023\/09\/dsc06693-768x298.jpg 768w, https:\/\/paca.lpo.fr\/blogs\/hyeres-les-maures\/files\/2023\/09\/dsc06693.jpg 1024w\" sizes=\"auto, (max-width: 768px) 100vw, 768px\" \/><\/p>\n\n\n\n<p>Un week-end au chaud !<\/p>\n","protected":false},"excerpt":{"rendered":"<p>Samedi 9 et dimanche 10 au salin des Pesquiers pause \u00e0 midi Pierre fait une rencontre avec des VIP les flamants se chamaillent alors que les canards souchets font la sieste<\/p>\n","protected":false},"author":117,"featured_media":8239,"comment_status":"open","ping_status":"open","sticky":false,"template":"","format":"standard","meta":{"footnotes":""},"categories":[1],"tags":[],"class_list":["post-8182","post","type-post","status-publish","format-standard","has-post-thumbnail","hentry","category-actualites-generales"],"jetpack_featured_media_url":"https:\/\/paca.lpo.fr\/blogs\/hyeres-les-maures\/files\/2023\/09\/dsc06527.jpg","_links":{"self":[{"href":"https:\/\/paca.lpo.fr\/blogs\/hyeres-les-maures\/wp-json\/wp\/v2\/posts\/8182","targetHints":{"allow":["GET"]}}],"collection":[{"href":"https:\/\/paca.lpo.fr\/blogs\/hyeres-les-maures\/wp-json\/wp\/v2\/posts"}],"about":[{"href":"https:\/\/paca.lpo.fr\/blogs\/hyeres-les-maures\/wp-json\/wp\/v2\/types\/post"}],"author":[{"embeddable":true,"href":"https:\/\/paca.lpo.fr\/blogs\/hyeres-les-maures\/wp-json\/wp\/v2\/users\/117"}],"replies":[{"embeddable":true,"href":"https:\/\/paca.lpo.fr\/blogs\/hyeres-les-maures\/wp-json\/wp\/v2\/comments?post=8182"}],"version-history":[{"count":3,"href":"https:\/\/paca.lpo.fr\/blogs\/hyeres-les-maures\/wp-json\/wp\/v2\/posts\/8182\/revisions"}],"predecessor-version":[{"id":8280,"href":"https:\/\/paca.lpo.fr\/blogs\/hyeres-les-maures\/wp-json\/wp\/v2\/posts\/8182\/revisions\/8280"}],"wp:featuredmedia":[{"embeddable":true,"href":"https:\/\/paca.lpo.fr\/blogs\/hyeres-les-maures\/wp-json\/wp\/v2\/media\/8239"}],"wp:attachment":[{"href":"https:\/\/paca.lpo.fr\/blogs\/hyeres-les-maures\/wp-json\/wp\/v2\/media?parent=8182"}],"wp:term":[{"taxonomy":"category","embeddable":true,"href":"https:\/\/paca.lpo.fr\/blogs\/hyeres-les-maures\/wp-json\/wp\/v2\/categories?post=8182"},{"taxonomy":"post_tag","embeddable":true,"href":"https:\/\/paca.lpo.fr\/blogs\/hyeres-les-maures\/wp-json\/wp\/v2\/tags?post=8182"}],"curies":[{"name":"wp","href":"https:\/\/api.w.org\/{rel}","templated":true}]}}