{"id":8497,"date":"2023-10-06T14:08:22","date_gmt":"2023-10-06T13:08:22","guid":{"rendered":"https:\/\/paca.lpo.fr\/blogs\/hyeres-les-maures\/?p=8497"},"modified":"2023-10-06T14:08:23","modified_gmt":"2023-10-06T13:08:23","slug":"les-oiseaux-du-mois","status":"publish","type":"post","link":"https:\/\/paca.lpo.fr\/blogs\/hyeres-les-maures\/2023\/10\/06\/les-oiseaux-du-mois\/","title":{"rendered":"les oiseaux du mois"},"content":{"rendered":"\n<p><b>Les Chevaliers<\/b><\/p>\n<p>Tant pis pour les f\u00e9rus d&rsquo;armure, les passionn\u00e9s de Bayard et Duguesclin, les fous de Kaamelott, on ne vas pas parler d&rsquo;\u00e9p\u00e9es et de boucliers, mais de piafs,<\/p>\n<p>Cet article s&rsquo;adresse a ceux qui:<\/p>\n<p>1, savent distinguer un oiseau d&rsquo;une grenouille ou d&rsquo;un h\u00e9risson,<\/p>\n<p>2,savent distinguer parmi les oiseaux un limicole d&rsquo;un rapace,<\/p>\n<p>3,savent identifier parmi les limicoles, les chevaliers des pluviers, barges, b\u00e9casseaux et autres ragondins,<\/p>\n<p>Les autres \u00e0 vos bouquins, si vous voulez rester au niveau de la classe.<\/p>\n<p>Les chevaliers ont une f\u00e2cheuse tendance \u00e0 passer l&rsquo;\u00e9t\u00e9 en Scandinavie et en Russie dans un but de fornication, puis de repartir vers les pays chauds d&rsquo;Afrique et d&rsquo;Europe du sud l&rsquo;hiver venu.,<\/p>\n<p>Comme la plupart des limicoles les chevaliers aiment patauger dans la boue et la flotte pour se nourrir de mollusques, invert\u00e9br\u00e9s et vers divers, Ils sont tous clair dessous et fonc\u00e9 dessus mais quelques nuances permettent de les distinguer.<\/p>\n<p>Nous allons passer en revue les sept plus courant d&rsquo;entre eux, en omettant les Chevaliers bargettes et stagnatiles, peu observ\u00e9s par ici, (et donc je n&rsquo;ai pas de photos)<\/p>\n<p><em>Pour le chevalier bargette il faut demander<\/em><\/p>\n<p><img loading=\"lazy\" decoding=\"async\" class=\"aligncenter size-medium wp-image-8526\" src=\"https:\/\/paca.lpo.fr\/blogs\/hyeres-les-maures\/files\/2023\/10\/che-va-garget-768x554.jpg\" alt=\"\" width=\"768\" height=\"554\" srcset=\"https:\/\/paca.lpo.fr\/blogs\/hyeres-les-maures\/files\/2023\/10\/che-va-garget-768x554.jpg 768w, https:\/\/paca.lpo.fr\/blogs\/hyeres-les-maures\/files\/2023\/10\/che-va-garget.jpg 1024w\" sizes=\"auto, (max-width: 768px) 100vw, 768px\" \/><\/p>\n<p><em>Grand guignette \u00e0 long bec. Marc<\/em><\/p>\n<p>Le Chevalier Sylvain, (<i>Tringa glareola<\/i>)<\/p>\n<p><img loading=\"lazy\" decoding=\"async\" class=\"aligncenter size-medium wp-image-8508\" src=\"https:\/\/paca.lpo.fr\/blogs\/hyeres-les-maures\/files\/2023\/10\/chevalier-sylvain-768x648.jpg\" alt=\"\" width=\"768\" height=\"648\" srcset=\"https:\/\/paca.lpo.fr\/blogs\/hyeres-les-maures\/files\/2023\/10\/chevalier-sylvain-768x648.jpg 768w, https:\/\/paca.lpo.fr\/blogs\/hyeres-les-maures\/files\/2023\/10\/chevalier-sylvain.jpg 1024w\" sizes=\"auto, (max-width: 768px) 100vw, 768px\" \/><\/p>\n<p>\u00a0<\/p>\n<p><img loading=\"lazy\" decoding=\"async\" class=\"aligncenter size-medium wp-image-8509\" src=\"https:\/\/paca.lpo.fr\/blogs\/hyeres-les-maures\/files\/2023\/10\/chevalier-sylvain2-768x611.jpg\" alt=\"\" width=\"768\" height=\"611\" srcset=\"https:\/\/paca.lpo.fr\/blogs\/hyeres-les-maures\/files\/2023\/10\/chevalier-sylvain2-768x611.jpg 768w, https:\/\/paca.lpo.fr\/blogs\/hyeres-les-maures\/files\/2023\/10\/chevalier-sylvain2.jpg 1024w\" sizes=\"auto, (max-width: 768px) 100vw, 768px\" \/><\/p>\n<p>Le Sylvain se reconnait essentiellement \u00e0 son sourcil clair bien marqu\u00e9 situ\u00e9\u00a0 au dessus de l&rsquo;oeil, son poitrail est finement mouchet\u00e9, son bec et relativement court et robuste. Son cri et un Tchiip Tchiip caract\u00e9ristique,<\/p>\n<p>Le Chevalier culblanc, (<i>Tringa ochropus),<\/i><\/p>\n<p><img loading=\"lazy\" decoding=\"async\" class=\"aligncenter size-medium wp-image-8510\" src=\"https:\/\/paca.lpo.fr\/blogs\/hyeres-les-maures\/files\/2023\/10\/chevalier-culblanc-768x545.jpg\" alt=\"\" width=\"768\" height=\"545\" srcset=\"https:\/\/paca.lpo.fr\/blogs\/hyeres-les-maures\/files\/2023\/10\/chevalier-culblanc-768x545.jpg 768w, https:\/\/paca.lpo.fr\/blogs\/hyeres-les-maures\/files\/2023\/10\/chevalier-culblanc.jpg 1024w\" sizes=\"auto, (max-width: 768px) 100vw, 768px\" \/><\/p>\n<p>\u00a0<\/p>\n<p><img loading=\"lazy\" decoding=\"async\" class=\"aligncenter size-medium wp-image-8511\" src=\"https:\/\/paca.lpo.fr\/blogs\/hyeres-les-maures\/files\/2023\/10\/chevalier-culblanc-2-768x665.jpg\" alt=\"\" width=\"768\" height=\"665\" srcset=\"https:\/\/paca.lpo.fr\/blogs\/hyeres-les-maures\/files\/2023\/10\/chevalier-culblanc-2-768x665.jpg 768w, https:\/\/paca.lpo.fr\/blogs\/hyeres-les-maures\/files\/2023\/10\/chevalier-culblanc-2.jpg 1000w\" sizes=\"auto, (max-width: 768px) 100vw, 768px\" \/><\/p>\n<p>Celui ci se distingue du Sylvain par un sourcil beaucoup moins visible, un bec l\u00e9g\u00e8rement plus long et par une d\u00e9marcation nette entre les parties blanches inf\u00e9rieures et fonc\u00e9s sup\u00e9rieures, Son cri est un Tchiip Tchiip moins caract\u00e9ristique que son pr\u00e9d\u00e9cesseur,<\/p>\n<p>Le Chevalier Guignette (<i>Actitis hypoleucos<\/i>),<\/p>\n<p>\u00a0<\/p>\n<p><img loading=\"lazy\" decoding=\"async\" class=\"aligncenter size-medium wp-image-8512\" src=\"https:\/\/paca.lpo.fr\/blogs\/hyeres-les-maures\/files\/2023\/10\/chevalier-guignette-768x486.jpg\" alt=\"\" width=\"768\" height=\"486\" srcset=\"https:\/\/paca.lpo.fr\/blogs\/hyeres-les-maures\/files\/2023\/10\/chevalier-guignette-768x486.jpg 768w, https:\/\/paca.lpo.fr\/blogs\/hyeres-les-maures\/files\/2023\/10\/chevalier-guignette.jpg 1024w\" sizes=\"auto, (max-width: 768px) 100vw, 768px\" \/><\/p>\n<p>C&rsquo;est le seul de la bande a avoir la partie blanche qui remonte sur l&rsquo;\u00e9paule, en vol une bande alaire blanche est visible, Son Tchiip Tchiip est autant caract\u00e9ristique que celui du culblanc, mais moins que le Sylvain,<\/p>\n<p>\u00a0<\/p>\n<p><img loading=\"lazy\" decoding=\"async\" class=\"aligncenter size-medium wp-image-8513\" src=\"https:\/\/paca.lpo.fr\/blogs\/hyeres-les-maures\/files\/2023\/10\/chevalier-guignette-et-culblanc-768x509.jpg\" alt=\"\" width=\"768\" height=\"509\" srcset=\"https:\/\/paca.lpo.fr\/blogs\/hyeres-les-maures\/files\/2023\/10\/chevalier-guignette-et-culblanc-768x509.jpg 768w, https:\/\/paca.lpo.fr\/blogs\/hyeres-les-maures\/files\/2023\/10\/chevalier-guignette-et-culblanc.jpg 1024w\" sizes=\"auto, (max-width: 768px) 100vw, 768px\" \/><\/p>\n<p>Le Chevalier Aboyeur (<i>Tringa nebularia<\/i>),<\/p>\n<p><img loading=\"lazy\" decoding=\"async\" class=\"aligncenter size-medium wp-image-8514\" src=\"https:\/\/paca.lpo.fr\/blogs\/hyeres-les-maures\/files\/2023\/10\/chevalier-aboyeur-768x520.jpg\" alt=\"\" width=\"768\" height=\"520\" srcset=\"https:\/\/paca.lpo.fr\/blogs\/hyeres-les-maures\/files\/2023\/10\/chevalier-aboyeur-768x520.jpg 768w, https:\/\/paca.lpo.fr\/blogs\/hyeres-les-maures\/files\/2023\/10\/chevalier-aboyeur.jpg 1024w\" sizes=\"auto, (max-width: 768px) 100vw, 768px\" \/><\/p>\n<p>\u00a0<\/p>\n<p><img loading=\"lazy\" decoding=\"async\" class=\"aligncenter size-medium wp-image-8515\" src=\"https:\/\/paca.lpo.fr\/blogs\/hyeres-les-maures\/files\/2023\/10\/chevalier-aboyeur-2-768x587.jpg\" alt=\"\" width=\"768\" height=\"587\" srcset=\"https:\/\/paca.lpo.fr\/blogs\/hyeres-les-maures\/files\/2023\/10\/chevalier-aboyeur-2-768x587.jpg 768w, https:\/\/paca.lpo.fr\/blogs\/hyeres-les-maures\/files\/2023\/10\/chevalier-aboyeur-2.jpg 1024w\" sizes=\"auto, (max-width: 768px) 100vw, 768px\" \/><\/p>\n<p>Visuellement on le reconnait au sol, par son bec l\u00e9g\u00e8rement retrouss\u00e9 vers le haut et ses pattes gris verd\u00e2tres, En vol, une grande tache blanche remonte de sa queue jusqu&rsquo;au milieu de son dos,<\/p>\n<p>C&rsquo;est le seul qui ne fait pas Tchiip Tchiip mais Ouaf Ouaf,<\/p>\n<p>Le Chevalier Gambette (<i>Tringa totanus<\/i>)<\/p>\n<p><img loading=\"lazy\" decoding=\"async\" class=\"aligncenter size-medium wp-image-8517\" src=\"https:\/\/paca.lpo.fr\/blogs\/hyeres-les-maures\/files\/2023\/10\/chevalier-gambette-2-768x565.jpg\" alt=\"\" width=\"768\" height=\"565\" srcset=\"https:\/\/paca.lpo.fr\/blogs\/hyeres-les-maures\/files\/2023\/10\/chevalier-gambette-2-768x565.jpg 768w, https:\/\/paca.lpo.fr\/blogs\/hyeres-les-maures\/files\/2023\/10\/chevalier-gambette-2.jpg 1024w\" sizes=\"auto, (max-width: 768px) 100vw, 768px\" \/><\/p>\n<p><img loading=\"lazy\" decoding=\"async\" class=\"aligncenter size-medium wp-image-8520\" src=\"https:\/\/paca.lpo.fr\/blogs\/hyeres-les-maures\/files\/2023\/10\/chevalier-gambette-768x496.jpg\" alt=\"\" width=\"768\" height=\"496\" srcset=\"https:\/\/paca.lpo.fr\/blogs\/hyeres-les-maures\/files\/2023\/10\/chevalier-gambette-768x496.jpg 768w, https:\/\/paca.lpo.fr\/blogs\/hyeres-les-maures\/files\/2023\/10\/chevalier-gambette.jpg 1024w\" sizes=\"auto, (max-width: 768px) 100vw, 768px\" \/><\/p>\n<p>Le Gambette poss\u00e8de des pattes rouges ou orang\u00e9s selon la saison, un bec droit et \u00e9pais,<\/p>\n<p>En vol, c&rsquo;est le seul a avoir les bords de fuite de ses ailes en blanc, Son Tchiip Tchiip est moins caract\u00e9ristique que les autres,<\/p>\n<p>Le Chevalier Arlequin (<i>Tringa eurythropus<\/i>),<\/p>\n<p><img loading=\"lazy\" decoding=\"async\" class=\"aligncenter size-medium wp-image-8518\" src=\"https:\/\/paca.lpo.fr\/blogs\/hyeres-les-maures\/files\/2023\/10\/chevalier-arlequin-1-768x445.jpg\" alt=\"\" width=\"768\" height=\"445\" srcset=\"https:\/\/paca.lpo.fr\/blogs\/hyeres-les-maures\/files\/2023\/10\/chevalier-arlequin-1-768x445.jpg 768w, https:\/\/paca.lpo.fr\/blogs\/hyeres-les-maures\/files\/2023\/10\/chevalier-arlequin-1.jpg 1000w\" sizes=\"auto, (max-width: 768px) 100vw, 768px\" \/><\/p>\n<p>\u00a0<\/p>\n<p><img loading=\"lazy\" decoding=\"async\" class=\"aligncenter size-medium wp-image-8519\" src=\"https:\/\/paca.lpo.fr\/blogs\/hyeres-les-maures\/files\/2023\/10\/chevalier-arlequin-2-768x600.jpg\" alt=\"\" width=\"768\" height=\"600\" srcset=\"https:\/\/paca.lpo.fr\/blogs\/hyeres-les-maures\/files\/2023\/10\/chevalier-arlequin-2-768x600.jpg 768w, https:\/\/paca.lpo.fr\/blogs\/hyeres-les-maures\/files\/2023\/10\/chevalier-arlequin-2.jpg 1024w\" sizes=\"auto, (max-width: 768px) 100vw, 768px\" \/><\/p>\n<p>Un long bec fin, l\u00e9g\u00e8rement crochu, marqu\u00e9 de rouge \u00e0 sa base et de longues pattes orang\u00e9s caract\u00e9risent l&rsquo;Arlequin, Un cigare blanc est visible sur son dos lorsqu&rsquo;il vole sous vous.<\/p>\n<p>Son cri est un Tchiip Tchiip tr\u00e9s caract\u00e9ristique.<\/p>\n<p>Le Chevalier crabu (<i>Ardeola ralloides<\/i>)<\/p>\n<p><img loading=\"lazy\" decoding=\"async\" class=\"aligncenter size-medium wp-image-8522\" src=\"https:\/\/paca.lpo.fr\/blogs\/hyeres-les-maures\/files\/2023\/10\/chevalier-crabu-768x600.jpg\" alt=\"\" width=\"768\" height=\"600\" srcset=\"https:\/\/paca.lpo.fr\/blogs\/hyeres-les-maures\/files\/2023\/10\/chevalier-crabu-768x600.jpg 768w, https:\/\/paca.lpo.fr\/blogs\/hyeres-les-maures\/files\/2023\/10\/chevalier-crabu.jpg 1000w\" sizes=\"auto, (max-width: 768px) 100vw, 768px\" \/><\/p>\n<p>\u00a0<\/p>\n<p><img loading=\"lazy\" decoding=\"async\" class=\"aligncenter size-medium wp-image-8523\" src=\"https:\/\/paca.lpo.fr\/blogs\/hyeres-les-maures\/files\/2023\/10\/chevalier-crabu2-759x768.jpg\" alt=\"\" width=\"759\" height=\"768\" srcset=\"https:\/\/paca.lpo.fr\/blogs\/hyeres-les-maures\/files\/2023\/10\/chevalier-crabu2-759x768.jpg 759w, https:\/\/paca.lpo.fr\/blogs\/hyeres-les-maures\/files\/2023\/10\/chevalier-crabu2-768x777.jpg 768w, https:\/\/paca.lpo.fr\/blogs\/hyeres-les-maures\/files\/2023\/10\/chevalier-crabu2.jpg 1012w\" sizes=\"auto, (max-width: 759px) 100vw, 759px\" \/><\/p>\n<p>Malgr\u00e9 son nom, la plupart des ornithologues (c.a.d. tous sauf moi) ont tendance \u00e0 classer le crabu dans la famille des H\u00e9rons. C&rsquo;est le seul des Chevaliers qui se nourrit de poissons et de batraciens,<\/p>\n<p>De longues plumes sur sa t\u00eate lui font une coupe rasta du plus bel effet, Son cri est un Tchiip Tchip diff\u00e9rents des autres, Lui aussi migre en Afrique en hiver, mais il peut se reproduire dans nos contr\u00e9es,<\/p>\n<p>Merci pour votre attention,<\/p>\n<p>Cette \u00e9tude n&rsquo;aurait pas \u00e9t\u00e9 si d\u00e9taill\u00e9e et pr\u00e9cise sans l&rsquo;expertise, les connaissances techniques et la disponibilit\u00e9 de l&rsquo;\u00e9quipe des salari\u00e9s des vieux salins que je tiens \u00e0 remercier ici,<\/p>\n<p>Merci aussi \u00e0 Marc, qui gr\u00e2ce \u00e0 une relecture aiguis\u00e9e, permet \u00e0 ce texte de n&rsquo;avoir pas plus d&rsquo;une faute par phrase,<\/p>\n<p>Gilles<\/p>\n","protected":false},"excerpt":{"rendered":"","protected":false},"author":117,"featured_media":8506,"comment_status":"open","ping_status":"open","sticky":false,"template":"","format":"standard","meta":{"footnotes":""},"categories":[1],"tags":[],"class_list":["post-8497","post","type-post","status-publish","format-standard","has-post-thumbnail","hentry","category-actualites-generales"],"jetpack_featured_media_url":"https:\/\/paca.lpo.fr\/blogs\/hyeres-les-maures\/files\/2023\/10\/armures.jpg","_links":{"self":[{"href":"https:\/\/paca.lpo.fr\/blogs\/hyeres-les-maures\/wp-json\/wp\/v2\/posts\/8497","targetHints":{"allow":["GET"]}}],"collection":[{"href":"https:\/\/paca.lpo.fr\/blogs\/hyeres-les-maures\/wp-json\/wp\/v2\/posts"}],"about":[{"href":"https:\/\/paca.lpo.fr\/blogs\/hyeres-les-maures\/wp-json\/wp\/v2\/types\/post"}],"author":[{"embeddable":true,"href":"https:\/\/paca.lpo.fr\/blogs\/hyeres-les-maures\/wp-json\/wp\/v2\/users\/117"}],"replies":[{"embeddable":true,"href":"https:\/\/paca.lpo.fr\/blogs\/hyeres-les-maures\/wp-json\/wp\/v2\/comments?post=8497"}],"version-history":[{"count":4,"href":"https:\/\/paca.lpo.fr\/blogs\/hyeres-les-maures\/wp-json\/wp\/v2\/posts\/8497\/revisions"}],"predecessor-version":[{"id":8527,"href":"https:\/\/paca.lpo.fr\/blogs\/hyeres-les-maures\/wp-json\/wp\/v2\/posts\/8497\/revisions\/8527"}],"wp:featuredmedia":[{"embeddable":true,"href":"https:\/\/paca.lpo.fr\/blogs\/hyeres-les-maures\/wp-json\/wp\/v2\/media\/8506"}],"wp:attachment":[{"href":"https:\/\/paca.lpo.fr\/blogs\/hyeres-les-maures\/wp-json\/wp\/v2\/media?parent=8497"}],"wp:term":[{"taxonomy":"category","embeddable":true,"href":"https:\/\/paca.lpo.fr\/blogs\/hyeres-les-maures\/wp-json\/wp\/v2\/categories?post=8497"},{"taxonomy":"post_tag","embeddable":true,"href":"https:\/\/paca.lpo.fr\/blogs\/hyeres-les-maures\/wp-json\/wp\/v2\/tags?post=8497"}],"curies":[{"name":"wp","href":"https:\/\/api.w.org\/{rel}","templated":true}]}}