{"id":8532,"date":"2023-10-11T16:23:21","date_gmt":"2023-10-11T15:23:21","guid":{"rendered":"https:\/\/paca.lpo.fr\/blogs\/hyeres-les-maures\/?p=8532"},"modified":"2023-10-14T18:39:05","modified_gmt":"2023-10-14T17:39:05","slug":"jardin-du-real-10","status":"publish","type":"post","link":"https:\/\/paca.lpo.fr\/blogs\/hyeres-les-maures\/2023\/10\/11\/jardin-du-real-10\/","title":{"rendered":"jardin du R\u00e9al"},"content":{"rendered":"\n<p>Week-end au Jardin du R\u00e9al, le 7 et 8 novembre 23<br><br>Samedi Nicole et Christian assurent l\u2019animation et les r\u00e9ponses aux questions .<\/p>\n\n\n\n<p><img loading=\"lazy\" decoding=\"async\" class=\"aligncenter size-medium wp-image-8560\" src=\"https:\/\/paca.lpo.fr\/blogs\/hyeres-les-maures\/files\/2023\/10\/p1190268-red-768x432.jpg\" alt=\"\" width=\"768\" height=\"432\" srcset=\"https:\/\/paca.lpo.fr\/blogs\/hyeres-les-maures\/files\/2023\/10\/p1190268-red-768x432.jpg 768w, https:\/\/paca.lpo.fr\/blogs\/hyeres-les-maures\/files\/2023\/10\/p1190268-red.jpg 1024w\" sizes=\"auto, (max-width: 768px) 100vw, 768px\" \/><img loading=\"lazy\" decoding=\"async\" class=\"aligncenter size-medium wp-image-8561\" src=\"https:\/\/paca.lpo.fr\/blogs\/hyeres-les-maures\/files\/2023\/10\/image011-364x768.jpg\" alt=\"\" width=\"364\" height=\"768\" srcset=\"https:\/\/paca.lpo.fr\/blogs\/hyeres-les-maures\/files\/2023\/10\/image011-364x768.jpg 364w, https:\/\/paca.lpo.fr\/blogs\/hyeres-les-maures\/files\/2023\/10\/image011.jpg 485w\" sizes=\"auto, (max-width: 364px) 100vw, 364px\" \/><br \/><br \/>100% ciel bleu et 100% soleil<br \/><br \/>Soleil pouvant \u00eatre observ\u00e9 gr\u00e2ce \u00e0 une association \u00ab astronomie \u00bb qui avait install\u00e9 des t\u00e9lescopes avec filtres, permettant de voir le soleil en vert (clin d\u2019\u0153il aux cin\u00e9philes ..)<\/p>\n<p><img loading=\"lazy\" decoding=\"async\" class=\"aligncenter size-medium wp-image-8564\" src=\"https:\/\/paca.lpo.fr\/blogs\/hyeres-les-maures\/files\/2023\/10\/image005-768x364.jpg\" alt=\"\" width=\"768\" height=\"364\" srcset=\"https:\/\/paca.lpo.fr\/blogs\/hyeres-les-maures\/files\/2023\/10\/image005-768x364.jpg 768w, https:\/\/paca.lpo.fr\/blogs\/hyeres-les-maures\/files\/2023\/10\/image005.jpg 1024w\" sizes=\"auto, (max-width: 768px) 100vw, 768px\" \/><\/p>\n<p>\u00a0<\/p>\n<p><img loading=\"lazy\" decoding=\"async\" class=\"aligncenter size-medium wp-image-8565\" src=\"https:\/\/paca.lpo.fr\/blogs\/hyeres-les-maures\/files\/2023\/10\/image003-364x768.jpg\" alt=\"\" width=\"364\" height=\"768\" srcset=\"https:\/\/paca.lpo.fr\/blogs\/hyeres-les-maures\/files\/2023\/10\/image003-364x768.jpg 364w, https:\/\/paca.lpo.fr\/blogs\/hyeres-les-maures\/files\/2023\/10\/image003.jpg 485w\" sizes=\"auto, (max-width: 364px) 100vw, 364px\" \/><\/p>\n<p>\u00a0<\/p>\n<p><img loading=\"lazy\" decoding=\"async\" class=\"aligncenter size-medium wp-image-8566\" src=\"https:\/\/paca.lpo.fr\/blogs\/hyeres-les-maures\/files\/2023\/10\/image006-364x768.jpg\" alt=\"\" width=\"364\" height=\"768\" srcset=\"https:\/\/paca.lpo.fr\/blogs\/hyeres-les-maures\/files\/2023\/10\/image006-364x768.jpg 364w, https:\/\/paca.lpo.fr\/blogs\/hyeres-les-maures\/files\/2023\/10\/image006.jpg 485w\" sizes=\"auto, (max-width: 364px) 100vw, 364px\" \/><\/p>\n<p>\u00a0<\/p>\n<p><img loading=\"lazy\" decoding=\"async\" class=\"aligncenter size-medium wp-image-8567\" src=\"https:\/\/paca.lpo.fr\/blogs\/hyeres-les-maures\/files\/2023\/10\/p1190272-red-768x432.jpg\" alt=\"\" width=\"768\" height=\"432\" srcset=\"https:\/\/paca.lpo.fr\/blogs\/hyeres-les-maures\/files\/2023\/10\/p1190272-red-768x432.jpg 768w, https:\/\/paca.lpo.fr\/blogs\/hyeres-les-maures\/files\/2023\/10\/p1190272-red.jpg 1024w\" sizes=\"auto, (max-width: 768px) 100vw, 768px\" \/><br \/><img loading=\"lazy\" decoding=\"async\" class=\"aligncenter size-medium wp-image-8568\" src=\"https:\/\/paca.lpo.fr\/blogs\/hyeres-les-maures\/files\/2023\/10\/p1190273-red-768x432.jpg\" alt=\"\" width=\"768\" height=\"432\" srcset=\"https:\/\/paca.lpo.fr\/blogs\/hyeres-les-maures\/files\/2023\/10\/p1190273-red-768x432.jpg 768w, https:\/\/paca.lpo.fr\/blogs\/hyeres-les-maures\/files\/2023\/10\/p1190273-red.jpg 1024w\" sizes=\"auto, (max-width: 768px) 100vw, 768px\" \/><\/p>\n<p>\u00a0<\/p>\n<p><img loading=\"lazy\" decoding=\"async\" class=\"aligncenter size-medium wp-image-8569\" src=\"https:\/\/paca.lpo.fr\/blogs\/hyeres-les-maures\/files\/2023\/10\/p1190278red-768x432.jpg\" alt=\"\" width=\"768\" height=\"432\" srcset=\"https:\/\/paca.lpo.fr\/blogs\/hyeres-les-maures\/files\/2023\/10\/p1190278red-768x432.jpg 768w, https:\/\/paca.lpo.fr\/blogs\/hyeres-les-maures\/files\/2023\/10\/p1190278red.jpg 1024w\" sizes=\"auto, (max-width: 768px) 100vw, 768px\" \/><\/p>\n<p>\u00a0<\/p>\n<p><img loading=\"lazy\" decoding=\"async\" class=\"aligncenter size-medium wp-image-8570\" src=\"https:\/\/paca.lpo.fr\/blogs\/hyeres-les-maures\/files\/2023\/10\/p1190295-red-768x432.jpg\" alt=\"\" width=\"768\" height=\"432\" srcset=\"https:\/\/paca.lpo.fr\/blogs\/hyeres-les-maures\/files\/2023\/10\/p1190295-red-768x432.jpg 768w, https:\/\/paca.lpo.fr\/blogs\/hyeres-les-maures\/files\/2023\/10\/p1190295-red.jpg 1024w\" sizes=\"auto, (max-width: 768px) 100vw, 768px\" \/><\/p>\n<p><img loading=\"lazy\" decoding=\"async\" class=\"aligncenter size-medium wp-image-8571\" src=\"https:\/\/paca.lpo.fr\/blogs\/hyeres-les-maures\/files\/2023\/10\/p1190297-red-768x432.jpg\" alt=\"\" width=\"768\" height=\"432\" srcset=\"https:\/\/paca.lpo.fr\/blogs\/hyeres-les-maures\/files\/2023\/10\/p1190297-red-768x432.jpg 768w, https:\/\/paca.lpo.fr\/blogs\/hyeres-les-maures\/files\/2023\/10\/p1190297-red.jpg 1024w\" sizes=\"auto, (max-width: 768px) 100vw, 768px\" \/><\/p>\n<p>\u00a0<\/p>\n<p><img loading=\"lazy\" decoding=\"async\" class=\"aligncenter size-medium wp-image-8572\" src=\"https:\/\/paca.lpo.fr\/blogs\/hyeres-les-maures\/files\/2023\/10\/p1190298-red-768x432.jpg\" alt=\"\" width=\"768\" height=\"432\" srcset=\"https:\/\/paca.lpo.fr\/blogs\/hyeres-les-maures\/files\/2023\/10\/p1190298-red-768x432.jpg 768w, https:\/\/paca.lpo.fr\/blogs\/hyeres-les-maures\/files\/2023\/10\/p1190298-red.jpg 1024w\" sizes=\"auto, (max-width: 768px) 100vw, 768px\" \/><\/p>\n<p>\u00a0<\/p>\n<p><img loading=\"lazy\" decoding=\"async\" class=\"aligncenter size-medium wp-image-8573\" src=\"https:\/\/paca.lpo.fr\/blogs\/hyeres-les-maures\/files\/2023\/10\/p1190300-red-768x432.jpg\" alt=\"\" width=\"768\" height=\"432\" srcset=\"https:\/\/paca.lpo.fr\/blogs\/hyeres-les-maures\/files\/2023\/10\/p1190300-red-768x432.jpg 768w, https:\/\/paca.lpo.fr\/blogs\/hyeres-les-maures\/files\/2023\/10\/p1190300-red.jpg 1024w\" sizes=\"auto, (max-width: 768px) 100vw, 768px\" \/><\/p>\n<p>\u00a0<\/p>\n<p><img loading=\"lazy\" decoding=\"async\" class=\"aligncenter size-medium wp-image-8574\" src=\"https:\/\/paca.lpo.fr\/blogs\/hyeres-les-maures\/files\/2023\/10\/p1190304-red-768x432.jpg\" alt=\"\" width=\"768\" height=\"432\" srcset=\"https:\/\/paca.lpo.fr\/blogs\/hyeres-les-maures\/files\/2023\/10\/p1190304-red-768x432.jpg 768w, https:\/\/paca.lpo.fr\/blogs\/hyeres-les-maures\/files\/2023\/10\/p1190304-red.jpg 1024w\" sizes=\"auto, (max-width: 768px) 100vw, 768px\" \/><br \/>L\u2019organisation du R\u00e9al n\u2019a pas failli : Tables et barnum fournis, repas consistant (Soupe Pistou pour 100 personnes ! ) et pr\u00e9sence musicale avec bande sonore mais surtout artistes en live (en particulier Saxo et Chanteuse)<br \/><br \/>Malgr\u00e9 la s\u00e9cheresse la visite permettait de voir de nombreuses fleurs<br \/><br \/>Une cinquantaine de visiteurs se sont arr\u00eat\u00e9s au stand, quelques uns repartent avec l\u2019intention de s\u2019inscrire comme \u00ab Refuge LPO \u00bb<br \/><br \/><br \/>Le dimanche les renforts arrivent<br \/><br \/>L\u2019\u00e9quipe du samedi est rejointe par Christine, Sylvia, Pierre, Benjamin, G\u00e9rard.<\/p>\n<p><img loading=\"lazy\" decoding=\"async\" class=\"aligncenter size-medium wp-image-8575\" src=\"https:\/\/paca.lpo.fr\/blogs\/hyeres-les-maures\/files\/2023\/10\/dsc07976-768x512.jpg\" alt=\"\" width=\"768\" height=\"512\" srcset=\"https:\/\/paca.lpo.fr\/blogs\/hyeres-les-maures\/files\/2023\/10\/dsc07976-768x512.jpg 768w, https:\/\/paca.lpo.fr\/blogs\/hyeres-les-maures\/files\/2023\/10\/dsc07976.jpg 1024w\" sizes=\"auto, (max-width: 768px) 100vw, 768px\" \/><\/p>\n<p>\u00a0<\/p>\n<p><img loading=\"lazy\" decoding=\"async\" class=\"aligncenter size-medium wp-image-8559\" src=\"https:\/\/paca.lpo.fr\/blogs\/hyeres-les-maures\/files\/2023\/10\/image007-768x364.jpg\" alt=\"\" width=\"768\" height=\"364\" srcset=\"https:\/\/paca.lpo.fr\/blogs\/hyeres-les-maures\/files\/2023\/10\/image007-768x364.jpg 768w, https:\/\/paca.lpo.fr\/blogs\/hyeres-les-maures\/files\/2023\/10\/image007.jpg 1024w\" sizes=\"auto, (max-width: 768px) 100vw, 768px\" \/><br \/><br \/>Repas all\u00e9g\u00e9 pour certains et daube pour les autres (120 repas !)<br \/><br \/>Soleil, ciel bleu et animation sonore<br \/><img loading=\"lazy\" decoding=\"async\" class=\"aligncenter size-medium wp-image-8577\" src=\"https:\/\/paca.lpo.fr\/blogs\/hyeres-les-maures\/files\/2023\/10\/dsc07981-768x512.jpg\" alt=\"\" width=\"768\" height=\"512\" srcset=\"https:\/\/paca.lpo.fr\/blogs\/hyeres-les-maures\/files\/2023\/10\/dsc07981-768x512.jpg 768w, https:\/\/paca.lpo.fr\/blogs\/hyeres-les-maures\/files\/2023\/10\/dsc07981.jpg 1024w\" sizes=\"auto, (max-width: 768px) 100vw, 768px\" \/><\/p>\n<p>\u00a0<\/p>\n<p><img loading=\"lazy\" decoding=\"async\" class=\"aligncenter size-medium wp-image-8578\" src=\"https:\/\/paca.lpo.fr\/blogs\/hyeres-les-maures\/files\/2023\/10\/dsc07985-768x512.jpg\" alt=\"\" width=\"768\" height=\"512\" srcset=\"https:\/\/paca.lpo.fr\/blogs\/hyeres-les-maures\/files\/2023\/10\/dsc07985-768x512.jpg 768w, https:\/\/paca.lpo.fr\/blogs\/hyeres-les-maures\/files\/2023\/10\/dsc07985.jpg 1024w\" sizes=\"auto, (max-width: 768px) 100vw, 768px\" \/><\/p>\n<p>\u00a0<\/p>\n<p><img loading=\"lazy\" decoding=\"async\" class=\"aligncenter size-medium wp-image-8579\" src=\"https:\/\/paca.lpo.fr\/blogs\/hyeres-les-maures\/files\/2023\/10\/dsc07987-768x512.jpg\" alt=\"\" width=\"768\" height=\"512\" srcset=\"https:\/\/paca.lpo.fr\/blogs\/hyeres-les-maures\/files\/2023\/10\/dsc07987-768x512.jpg 768w, https:\/\/paca.lpo.fr\/blogs\/hyeres-les-maures\/files\/2023\/10\/dsc07987.jpg 1024w\" sizes=\"auto, (max-width: 768px) 100vw, 768px\" \/><\/p>\n<p>\u00a0<\/p>\n<p><img loading=\"lazy\" decoding=\"async\" class=\"aligncenter size-medium wp-image-8580\" src=\"https:\/\/paca.lpo.fr\/blogs\/hyeres-les-maures\/files\/2023\/10\/dsc07993-768x512.jpg\" alt=\"\" width=\"768\" height=\"512\" srcset=\"https:\/\/paca.lpo.fr\/blogs\/hyeres-les-maures\/files\/2023\/10\/dsc07993-768x512.jpg 768w, https:\/\/paca.lpo.fr\/blogs\/hyeres-les-maures\/files\/2023\/10\/dsc07993.jpg 1024w\" sizes=\"auto, (max-width: 768px) 100vw, 768px\" \/><\/p>\n<p>\u00a0<\/p>\n<p><img loading=\"lazy\" decoding=\"async\" class=\"aligncenter size-medium wp-image-8581\" src=\"https:\/\/paca.lpo.fr\/blogs\/hyeres-les-maures\/files\/2023\/10\/dsc07997-512x768.jpg\" alt=\"\" width=\"512\" height=\"768\" srcset=\"https:\/\/paca.lpo.fr\/blogs\/hyeres-les-maures\/files\/2023\/10\/dsc07997-512x768.jpg 512w, https:\/\/paca.lpo.fr\/blogs\/hyeres-les-maures\/files\/2023\/10\/dsc07997.jpg 683w\" sizes=\"auto, (max-width: 512px) 100vw, 512px\" \/><\/p>\n<p>\u00a0<\/p>\n<p><img loading=\"lazy\" decoding=\"async\" class=\"aligncenter size-medium wp-image-8582\" src=\"https:\/\/paca.lpo.fr\/blogs\/hyeres-les-maures\/files\/2023\/10\/dsc08002-768x512.jpg\" alt=\"\" width=\"768\" height=\"512\" srcset=\"https:\/\/paca.lpo.fr\/blogs\/hyeres-les-maures\/files\/2023\/10\/dsc08002-768x512.jpg 768w, https:\/\/paca.lpo.fr\/blogs\/hyeres-les-maures\/files\/2023\/10\/dsc08002.jpg 1024w\" sizes=\"auto, (max-width: 768px) 100vw, 768px\" \/><\/p>\n<p>\u00a0<\/p>\n<p><img loading=\"lazy\" decoding=\"async\" class=\"aligncenter size-medium wp-image-8583\" src=\"https:\/\/paca.lpo.fr\/blogs\/hyeres-les-maures\/files\/2023\/10\/dsc08004-768x512.jpg\" alt=\"\" width=\"768\" height=\"512\" srcset=\"https:\/\/paca.lpo.fr\/blogs\/hyeres-les-maures\/files\/2023\/10\/dsc08004-768x512.jpg 768w, https:\/\/paca.lpo.fr\/blogs\/hyeres-les-maures\/files\/2023\/10\/dsc08004.jpg 1024w\" sizes=\"auto, (max-width: 768px) 100vw, 768px\" \/><\/p>\n<p>\u00a0<\/p>\n<p><img loading=\"lazy\" decoding=\"async\" class=\"aligncenter size-medium wp-image-8584\" src=\"https:\/\/paca.lpo.fr\/blogs\/hyeres-les-maures\/files\/2023\/10\/dsc08027-768x512.jpg\" alt=\"\" width=\"768\" height=\"512\" srcset=\"https:\/\/paca.lpo.fr\/blogs\/hyeres-les-maures\/files\/2023\/10\/dsc08027-768x512.jpg 768w, https:\/\/paca.lpo.fr\/blogs\/hyeres-les-maures\/files\/2023\/10\/dsc08027.jpg 1024w\" sizes=\"auto, (max-width: 768px) 100vw, 768px\" \/><\/p>\n<p>\u00a0<\/p>\n<p><img loading=\"lazy\" decoding=\"async\" class=\"aligncenter size-medium wp-image-8585\" src=\"https:\/\/paca.lpo.fr\/blogs\/hyeres-les-maures\/files\/2023\/10\/dsc08028-768x512.jpg\" alt=\"\" width=\"768\" height=\"512\" srcset=\"https:\/\/paca.lpo.fr\/blogs\/hyeres-les-maures\/files\/2023\/10\/dsc08028-768x512.jpg 768w, https:\/\/paca.lpo.fr\/blogs\/hyeres-les-maures\/files\/2023\/10\/dsc08028.jpg 1024w\" sizes=\"auto, (max-width: 768px) 100vw, 768px\" \/><\/p>\n<p>\u00a0<\/p>\n<p><img loading=\"lazy\" decoding=\"async\" class=\"aligncenter size-medium wp-image-8586\" src=\"https:\/\/paca.lpo.fr\/blogs\/hyeres-les-maures\/files\/2023\/10\/dsc08030-768x512.jpg\" alt=\"\" width=\"768\" height=\"512\" srcset=\"https:\/\/paca.lpo.fr\/blogs\/hyeres-les-maures\/files\/2023\/10\/dsc08030-768x512.jpg 768w, https:\/\/paca.lpo.fr\/blogs\/hyeres-les-maures\/files\/2023\/10\/dsc08030.jpg 1024w\" sizes=\"auto, (max-width: 768px) 100vw, 768px\" \/><\/p>\n<p>\u00a0<\/p>\n<p><img loading=\"lazy\" decoding=\"async\" class=\"aligncenter size-medium wp-image-8587\" src=\"https:\/\/paca.lpo.fr\/blogs\/hyeres-les-maures\/files\/2023\/10\/dsc08033-768x512.jpg\" alt=\"\" width=\"768\" height=\"512\" srcset=\"https:\/\/paca.lpo.fr\/blogs\/hyeres-les-maures\/files\/2023\/10\/dsc08033-768x512.jpg 768w, https:\/\/paca.lpo.fr\/blogs\/hyeres-les-maures\/files\/2023\/10\/dsc08033.jpg 1024w\" sizes=\"auto, (max-width: 768px) 100vw, 768px\" \/><\/p>\n<p>\u00a0<\/p>\n<p><img loading=\"lazy\" decoding=\"async\" class=\"aligncenter size-medium wp-image-8588\" src=\"https:\/\/paca.lpo.fr\/blogs\/hyeres-les-maures\/files\/2023\/10\/dsc08034-768x512.jpg\" alt=\"\" width=\"768\" height=\"512\" srcset=\"https:\/\/paca.lpo.fr\/blogs\/hyeres-les-maures\/files\/2023\/10\/dsc08034-768x512.jpg 768w, https:\/\/paca.lpo.fr\/blogs\/hyeres-les-maures\/files\/2023\/10\/dsc08034.jpg 1024w\" sizes=\"auto, (max-width: 768px) 100vw, 768px\" \/><\/p>\n<p>\u00a0<\/p>\n<p><img loading=\"lazy\" decoding=\"async\" class=\"aligncenter size-medium wp-image-8589\" src=\"https:\/\/paca.lpo.fr\/blogs\/hyeres-les-maures\/files\/2023\/10\/dsc08039-768x512.jpg\" alt=\"\" width=\"768\" height=\"512\" srcset=\"https:\/\/paca.lpo.fr\/blogs\/hyeres-les-maures\/files\/2023\/10\/dsc08039-768x512.jpg 768w, https:\/\/paca.lpo.fr\/blogs\/hyeres-les-maures\/files\/2023\/10\/dsc08039.jpg 1024w\" sizes=\"auto, (max-width: 768px) 100vw, 768px\" \/><\/p>\n<p>\u00a0<\/p>\n<p><img loading=\"lazy\" decoding=\"async\" class=\"aligncenter size-medium wp-image-8590\" src=\"https:\/\/paca.lpo.fr\/blogs\/hyeres-les-maures\/files\/2023\/10\/dsc08042-768x512.jpg\" alt=\"\" width=\"768\" height=\"512\" srcset=\"https:\/\/paca.lpo.fr\/blogs\/hyeres-les-maures\/files\/2023\/10\/dsc08042-768x512.jpg 768w, https:\/\/paca.lpo.fr\/blogs\/hyeres-les-maures\/files\/2023\/10\/dsc08042.jpg 1024w\" sizes=\"auto, (max-width: 768px) 100vw, 768px\" \/><br \/>Une trentaine de visiteurs int\u00e9ress\u00e9s par la LPO<br \/>\u00ab\u00a0Un visiteur sur le stand nous a montr\u00e9 la photo d\u2019un oiseau \u00ab\u00a0inconnu\u00a0\u00bb et c\u2019est Christine qui a trouv\u00e9 que c\u2019\u00e9tait un Coucou Geai\u00a0\u00bb<br \/><br \/><br \/>Au cours du week-end conf\u00e9rences o\u00f9 chacun peut trouver quelque chose , \u00e9changes avec des \u00ab jardiniers \u00bb de haut niveau .<\/p>\n\n\n\n<p><br><br>D\u2019o\u00f9 une d\u00e9couverte et un \u00e9ventuel nouveau jardin \u00e0 \u00ab explorer \u00bb, dont on vous parlera lors de la prochaine r\u00e9union.<\/p>\n\n\n\n<p>Commentaire de Pierre :<\/p>\n\n\n\n<p>Deux conf\u00e9rences d\u20191 h environ chacune dans ce tr\u00e8s agr\u00e9able endroit qu\u2019est la serre v\u00e9g\u00e9tale du jardin du R\u00e9al, tr\u00e8s r\u00e9ussi.<\/p>\n\n\n\n<p>Le verger, par un intervenant qui se revendique comme non sp\u00e9cialiste et qui exp\u00e9rimente sur son verger depuis une vingtaine d\u2019ann\u00e9es&nbsp;:<\/p>\n\n\n\n<p>Approche tr\u00e8s agr\u00e9able de jardinage \u00ab&nbsp;paresseux&nbsp;\u00bb qui \u00ab&nbsp;fait avec&nbsp;\u00bb la nature avec plaisir.<\/p>\n\n\n\n<p>Par exemple&nbsp;:<\/p>\n\n\n\n<p>\u00b7&nbsp;&nbsp;&nbsp;&nbsp;&nbsp;&nbsp;&nbsp;&nbsp;&nbsp;Ne pas trop travailler le sol pour ne pas briser les filaments de champignons, acteurs fondamentaux des \u00e9changes entre le sol et les plantes et entre les plantes entre elles<\/p>\n\n\n\n<p>\u00b7&nbsp;&nbsp;&nbsp;&nbsp;&nbsp;&nbsp;&nbsp;&nbsp;&nbsp;Ne pas trop nourrir le sol car trop de nourriture attire d\u2019autres convives dont ceux non d\u00e9sir\u00e9s (pucerons et autres amateurs de feuilles bien dodues)-<\/p>\n\n\n\n<p>\u00b7&nbsp;&nbsp;&nbsp;&nbsp;&nbsp;&nbsp;&nbsp;&nbsp;&nbsp;Planter des fruitiers \u00ab&nbsp;faciles&nbsp;\u00bb et g\u00e9n\u00e9reux, en se m\u00e9fiant des promesses des p\u00e9pini\u00e8res&nbsp;: s\u2019assurer que les v\u00e9g\u00e9taux sont produits localement (\u00e9chappant ainsi au stress d\u2019un transfert d&rsquo;une autre r\u00e9gion \u2026). Prendre le temps de produire ses arbres&nbsp;: boutures, marcottes, greffes sur francs produits par semis etc\u2026<\/p>\n\n\n\n<p>\u00b7&nbsp;&nbsp;&nbsp;&nbsp;&nbsp;&nbsp;&nbsp;&nbsp;&nbsp;Attention \u00e0 la \u00ab&nbsp;faim d\u2019azote&nbsp;\u00bb du sol si on le couvre par des broyats ligneux, penser \u00e0 apporter aussi de l\u2019azote, comme tonte des herbes par exemple.<\/p>\n\n\n\n<p>Le vin en biodynamie&nbsp;par le propri\u00e9taire du domaine \u00ab&nbsp;Clos R\u00e9al&nbsp;\u00bb (ex \u00ab&nbsp;Tour des Vidaux&nbsp;\u00bb), tout proche:<\/p>\n\n\n\n<p>Rapide tour de r\u00e9gion des c\u00e9pages, de l\u2019historique des domaines, des contrastes entre Provence calcaire et cristalline (avec \u00e9loge des schistes), des nuances entre bio et biodynamie, et des diff\u00e9rents types de biodynamie, soufre et sulfites, la dictature des normes qui imposent par exemple en cas de chaleur le recours \u00e0 des frigos sur la vendange pour \u00e9viter que le ros\u00e9 ne soit trop color\u00e9 (&nbsp;!).<\/p>\n\n\n\n<p>Un peu pointu mais agr\u00e9able \u00e0 entendre, comme le vin rouge du domaine du R\u00e9al \u00e9tait agr\u00e9able au palais, puisque c\u2019est celui qui a accompagn\u00e9 l\u2019excellente daube de sanglier (dit le cochon), \u00ab&nbsp;pr\u00e9lev\u00e9&nbsp;\u00bb dans ses vignes par ce m\u00eame vigneron.<\/p>\n\n\n\n<p><\/p>\n\n\n\n<p><br><br>A bient\u00f4t<br><br>HLM<\/p>\n","protected":false},"excerpt":{"rendered":"<p>Week-end au Jardin du R\u00e9al, le 7 et 8 novembre 23 Samedi Nicole et Christian assurent l\u2019animation et les r\u00e9ponses aux questions . D\u2019o\u00f9 une d\u00e9couverte et un \u00e9ventuel nouveau jardin \u00e0 \u00ab explorer \u00bb, dont on vous parlera lors de la prochaine r\u00e9union. Commentaire de Pierre : Deux conf\u00e9rences d\u20191 h environ chacune dans [&hellip;]<\/p>\n","protected":false},"author":117,"featured_media":8558,"comment_status":"open","ping_status":"open","sticky":false,"template":"","format":"standard","meta":{"footnotes":""},"categories":[1],"tags":[],"class_list":["post-8532","post","type-post","status-publish","format-standard","has-post-thumbnail","hentry","category-actualites-generales"],"jetpack_featured_media_url":"https:\/\/paca.lpo.fr\/blogs\/hyeres-les-maures\/files\/2023\/10\/image001.jpg","_links":{"self":[{"href":"https:\/\/paca.lpo.fr\/blogs\/hyeres-les-maures\/wp-json\/wp\/v2\/posts\/8532","targetHints":{"allow":["GET"]}}],"collection":[{"href":"https:\/\/paca.lpo.fr\/blogs\/hyeres-les-maures\/wp-json\/wp\/v2\/posts"}],"about":[{"href":"https:\/\/paca.lpo.fr\/blogs\/hyeres-les-maures\/wp-json\/wp\/v2\/types\/post"}],"author":[{"embeddable":true,"href":"https:\/\/paca.lpo.fr\/blogs\/hyeres-les-maures\/wp-json\/wp\/v2\/users\/117"}],"replies":[{"embeddable":true,"href":"https:\/\/paca.lpo.fr\/blogs\/hyeres-les-maures\/wp-json\/wp\/v2\/comments?post=8532"}],"version-history":[{"count":3,"href":"https:\/\/paca.lpo.fr\/blogs\/hyeres-les-maures\/wp-json\/wp\/v2\/posts\/8532\/revisions"}],"predecessor-version":[{"id":8604,"href":"https:\/\/paca.lpo.fr\/blogs\/hyeres-les-maures\/wp-json\/wp\/v2\/posts\/8532\/revisions\/8604"}],"wp:featuredmedia":[{"embeddable":true,"href":"https:\/\/paca.lpo.fr\/blogs\/hyeres-les-maures\/wp-json\/wp\/v2\/media\/8558"}],"wp:attachment":[{"href":"https:\/\/paca.lpo.fr\/blogs\/hyeres-les-maures\/wp-json\/wp\/v2\/media?parent=8532"}],"wp:term":[{"taxonomy":"category","embeddable":true,"href":"https:\/\/paca.lpo.fr\/blogs\/hyeres-les-maures\/wp-json\/wp\/v2\/categories?post=8532"},{"taxonomy":"post_tag","embeddable":true,"href":"https:\/\/paca.lpo.fr\/blogs\/hyeres-les-maures\/wp-json\/wp\/v2\/tags?post=8532"}],"curies":[{"name":"wp","href":"https:\/\/api.w.org\/{rel}","templated":true}]}}