{"id":8598,"date":"2023-10-17T09:00:20","date_gmt":"2023-10-17T08:00:20","guid":{"rendered":"https:\/\/paca.lpo.fr\/blogs\/hyeres-les-maures\/?p=8598"},"modified":"2023-10-17T09:00:20","modified_gmt":"2023-10-17T08:00:20","slug":"mont-des-oiseaux-dans-la-plaine","status":"publish","type":"post","link":"https:\/\/paca.lpo.fr\/blogs\/hyeres-les-maures\/2023\/10\/17\/mont-des-oiseaux-dans-la-plaine\/","title":{"rendered":"Mont des oiseaux dans la plaine"},"content":{"rendered":"\n<p>Agr\u00e9able sortie samedi dernier au Plan du Pont,  \u00e0 laquelle   nous \u00e9tions convi\u00e9s par le CIL du Mont des Oiseaux, partenaire Refuge LPO.<br><br>Une vingtaine de  personnes sont venues. <\/p>\n\n\n\n<figure class=\"wp-block-image size-full\"><img loading=\"lazy\" decoding=\"async\" width=\"1024\" height=\"683\" src=\"https:\/\/paca.lpo.fr\/blogs\/hyeres-les-maures\/files\/2023\/10\/dsc08208.jpg\" alt=\"\" class=\"wp-image-8648\" srcset=\"https:\/\/paca.lpo.fr\/blogs\/hyeres-les-maures\/files\/2023\/10\/dsc08208.jpg 1024w, https:\/\/paca.lpo.fr\/blogs\/hyeres-les-maures\/files\/2023\/10\/dsc08208-768x512.jpg 768w\" sizes=\"auto, (max-width: 1024px) 100vw, 1024px\" \/><\/figure>\n\n\n\n<p> Certaines ont  pu observer  les deux Milans royaux  qui planaient au dessus du site en tout d\u00e9but de visite.<\/p>\n\n\n\n<figure class=\"wp-block-image size-full\"><img loading=\"lazy\" decoding=\"async\" width=\"839\" height=\"630\" src=\"https:\/\/paca.lpo.fr\/blogs\/hyeres-les-maures\/files\/2023\/10\/dsc08202.jpg\" alt=\"\" class=\"wp-image-8647\" srcset=\"https:\/\/paca.lpo.fr\/blogs\/hyeres-les-maures\/files\/2023\/10\/dsc08202.jpg 839w, https:\/\/paca.lpo.fr\/blogs\/hyeres-les-maures\/files\/2023\/10\/dsc08202-768x577.jpg 768w\" sizes=\"auto, (max-width: 839px) 100vw, 839px\" \/><\/figure>\n\n\n\n<p><br><br>Ensuite,  nous avons \u00e9chang\u00e9  par petits groupes sur les diff\u00e9rents oiseaux pr\u00e9sents autour de l\u2019\u00e9tang.<\/p>\n\n\n\n<figure class=\"wp-block-image size-full\"><img loading=\"lazy\" decoding=\"async\" width=\"1024\" height=\"683\" src=\"https:\/\/paca.lpo.fr\/blogs\/hyeres-les-maures\/files\/2023\/10\/dsc08213.jpg\" alt=\"\" class=\"wp-image-8650\" srcset=\"https:\/\/paca.lpo.fr\/blogs\/hyeres-les-maures\/files\/2023\/10\/dsc08213.jpg 1024w, https:\/\/paca.lpo.fr\/blogs\/hyeres-les-maures\/files\/2023\/10\/dsc08213-768x512.jpg 768w\" sizes=\"auto, (max-width: 1024px) 100vw, 1024px\" \/><\/figure>\n\n\n\n<figure class=\"wp-block-image size-full\"><img loading=\"lazy\" decoding=\"async\" width=\"1024\" height=\"683\" src=\"https:\/\/paca.lpo.fr\/blogs\/hyeres-les-maures\/files\/2023\/10\/dsc08214.jpg\" alt=\"\" class=\"wp-image-8651\" srcset=\"https:\/\/paca.lpo.fr\/blogs\/hyeres-les-maures\/files\/2023\/10\/dsc08214.jpg 1024w, https:\/\/paca.lpo.fr\/blogs\/hyeres-les-maures\/files\/2023\/10\/dsc08214-768x512.jpg 768w\" sizes=\"auto, (max-width: 1024px) 100vw, 1024px\" \/><\/figure>\n\n\n\n<figure class=\"wp-block-image size-full\"><img loading=\"lazy\" decoding=\"async\" width=\"1024\" height=\"683\" src=\"https:\/\/paca.lpo.fr\/blogs\/hyeres-les-maures\/files\/2023\/10\/dsc08215.jpg\" alt=\"\" class=\"wp-image-8652\" srcset=\"https:\/\/paca.lpo.fr\/blogs\/hyeres-les-maures\/files\/2023\/10\/dsc08215.jpg 1024w, https:\/\/paca.lpo.fr\/blogs\/hyeres-les-maures\/files\/2023\/10\/dsc08215-768x512.jpg 768w\" sizes=\"auto, (max-width: 1024px) 100vw, 1024px\" \/><\/figure>\n\n\n\n<p><br><br>Beaucoup de chants de Rougegorge familier et de Bouscarle de Cetti.<\/p>\n\n\n\n<figure class=\"wp-block-image size-full\"><img loading=\"lazy\" decoding=\"async\" width=\"1024\" height=\"683\" src=\"https:\/\/paca.lpo.fr\/blogs\/hyeres-les-maures\/files\/2023\/10\/dsc08234.jpg\" alt=\"\" class=\"wp-image-8649\" srcset=\"https:\/\/paca.lpo.fr\/blogs\/hyeres-les-maures\/files\/2023\/10\/dsc08234.jpg 1024w, https:\/\/paca.lpo.fr\/blogs\/hyeres-les-maures\/files\/2023\/10\/dsc08234-768x512.jpg 768w\" sizes=\"auto, (max-width: 1024px) 100vw, 1024px\" \/><\/figure>\n\n\n\n<p><br><br>Sur le plan d\u2019eau,  le Martin-p\u00eacheur  n&rsquo;a \u00e9t\u00e9 aper\u00e7u que tr\u00e8s furtivement .<\/p>\n\n\n\n<figure class=\"wp-block-image size-full\"><img loading=\"lazy\" decoding=\"async\" width=\"1024\" height=\"682\" src=\"https:\/\/paca.lpo.fr\/blogs\/hyeres-les-maures\/files\/2023\/10\/dsc08231.jpg\" alt=\"\" class=\"wp-image-8653\" srcset=\"https:\/\/paca.lpo.fr\/blogs\/hyeres-les-maures\/files\/2023\/10\/dsc08231.jpg 1024w, https:\/\/paca.lpo.fr\/blogs\/hyeres-les-maures\/files\/2023\/10\/dsc08231-768x512.jpg 768w\" sizes=\"auto, (max-width: 1024px) 100vw, 1024px\" \/><\/figure>\n\n\n\n<p><br>Mais la  Gallinule poule d\u2019eau, plus conciliante, nous a bien montr\u00e9   son bec rouge et la marque blanche sous sa queue ( que Joseph d\u00e9crit \u2013 efficacement &#8211;  de mani\u00e8re bien  plus rigolote).  <br><br>Pour les autres esp\u00e8ces nous avons du nous contenter de petits cris qui indiquaient la proximit\u00e9 de la Sitelle torchepot ; du Grimpereau des jardins ; fauvettes,  m\u00e9sanges, etc.<br>(c&rsquo;est l&rsquo;automne quand m\u00eame ! ).<\/p>\n\n\n\n<figure class=\"wp-block-image size-full\"><img loading=\"lazy\" decoding=\"async\" width=\"749\" height=\"1024\" src=\"https:\/\/paca.lpo.fr\/blogs\/hyeres-les-maures\/files\/2023\/10\/dsc08229.jpg\" alt=\"\" class=\"wp-image-8655\" srcset=\"https:\/\/paca.lpo.fr\/blogs\/hyeres-les-maures\/files\/2023\/10\/dsc08229.jpg 749w, https:\/\/paca.lpo.fr\/blogs\/hyeres-les-maures\/files\/2023\/10\/dsc08229-562x768.jpg 562w\" sizes=\"auto, (max-width: 749px) 100vw, 749px\" \/><\/figure>\n\n\n\n<figure class=\"wp-block-image size-full\"><img loading=\"lazy\" decoding=\"async\" width=\"641\" height=\"577\" src=\"https:\/\/paca.lpo.fr\/blogs\/hyeres-les-maures\/files\/2023\/10\/dsc08242.jpg\" alt=\"\" class=\"wp-image-8656\" \/><\/figure>\n\n\n\n<figure class=\"wp-block-image size-full\"><img loading=\"lazy\" decoding=\"async\" width=\"1024\" height=\"683\" src=\"https:\/\/paca.lpo.fr\/blogs\/hyeres-les-maures\/files\/2023\/10\/dsc08249.jpg\" alt=\"\" class=\"wp-image-8657\" srcset=\"https:\/\/paca.lpo.fr\/blogs\/hyeres-les-maures\/files\/2023\/10\/dsc08249.jpg 1024w, https:\/\/paca.lpo.fr\/blogs\/hyeres-les-maures\/files\/2023\/10\/dsc08249-768x512.jpg 768w\" sizes=\"auto, (max-width: 1024px) 100vw, 1024px\" \/><\/figure>\n\n\n\n<p><br><br>Et nous remercions bien  nos partenaires du Mont des Oiseaux pour le petit verre  qui a cl\u00f4tur\u00e9 la balade.<\/p>\n\n\n\n<figure class=\"wp-block-image size-full\"><img loading=\"lazy\" decoding=\"async\" width=\"1024\" height=\"682\" src=\"https:\/\/paca.lpo.fr\/blogs\/hyeres-les-maures\/files\/2023\/10\/dsc08240.jpg\" alt=\"\" class=\"wp-image-8659\" srcset=\"https:\/\/paca.lpo.fr\/blogs\/hyeres-les-maures\/files\/2023\/10\/dsc08240.jpg 1024w, https:\/\/paca.lpo.fr\/blogs\/hyeres-les-maures\/files\/2023\/10\/dsc08240-768x512.jpg 768w\" sizes=\"auto, (max-width: 1024px) 100vw, 1024px\" \/><\/figure>\n\n\n\n<p><br><br>Christine<\/p>\n","protected":false},"excerpt":{"rendered":"<p>Agr\u00e9able sortie samedi dernier au Plan du Pont, \u00e0 laquelle nous \u00e9tions convi\u00e9s par le CIL du Mont des Oiseaux, partenaire Refuge LPO. Une vingtaine de personnes sont venues. Certaines ont pu observer les deux Milans royaux qui planaient au dessus du site en tout d\u00e9but de visite. Ensuite, nous avons \u00e9chang\u00e9 par petits groupes [&hellip;]<\/p>\n","protected":false},"author":117,"featured_media":8646,"comment_status":"open","ping_status":"open","sticky":false,"template":"","format":"standard","meta":{"footnotes":""},"categories":[1],"tags":[],"class_list":["post-8598","post","type-post","status-publish","format-standard","has-post-thumbnail","hentry","category-actualites-generales"],"jetpack_featured_media_url":"https:\/\/paca.lpo.fr\/blogs\/hyeres-les-maures\/files\/2023\/10\/dsc08221.jpg","_links":{"self":[{"href":"https:\/\/paca.lpo.fr\/blogs\/hyeres-les-maures\/wp-json\/wp\/v2\/posts\/8598","targetHints":{"allow":["GET"]}}],"collection":[{"href":"https:\/\/paca.lpo.fr\/blogs\/hyeres-les-maures\/wp-json\/wp\/v2\/posts"}],"about":[{"href":"https:\/\/paca.lpo.fr\/blogs\/hyeres-les-maures\/wp-json\/wp\/v2\/types\/post"}],"author":[{"embeddable":true,"href":"https:\/\/paca.lpo.fr\/blogs\/hyeres-les-maures\/wp-json\/wp\/v2\/users\/117"}],"replies":[{"embeddable":true,"href":"https:\/\/paca.lpo.fr\/blogs\/hyeres-les-maures\/wp-json\/wp\/v2\/comments?post=8598"}],"version-history":[{"count":4,"href":"https:\/\/paca.lpo.fr\/blogs\/hyeres-les-maures\/wp-json\/wp\/v2\/posts\/8598\/revisions"}],"predecessor-version":[{"id":8660,"href":"https:\/\/paca.lpo.fr\/blogs\/hyeres-les-maures\/wp-json\/wp\/v2\/posts\/8598\/revisions\/8660"}],"wp:featuredmedia":[{"embeddable":true,"href":"https:\/\/paca.lpo.fr\/blogs\/hyeres-les-maures\/wp-json\/wp\/v2\/media\/8646"}],"wp:attachment":[{"href":"https:\/\/paca.lpo.fr\/blogs\/hyeres-les-maures\/wp-json\/wp\/v2\/media?parent=8598"}],"wp:term":[{"taxonomy":"category","embeddable":true,"href":"https:\/\/paca.lpo.fr\/blogs\/hyeres-les-maures\/wp-json\/wp\/v2\/categories?post=8598"},{"taxonomy":"post_tag","embeddable":true,"href":"https:\/\/paca.lpo.fr\/blogs\/hyeres-les-maures\/wp-json\/wp\/v2\/tags?post=8598"}],"curies":[{"name":"wp","href":"https:\/\/api.w.org\/{rel}","templated":true}]}}