{"id":8776,"date":"2023-11-05T08:04:51","date_gmt":"2023-11-05T07:04:51","guid":{"rendered":"https:\/\/paca.lpo.fr\/blogs\/hyeres-les-maures\/?p=8776"},"modified":"2023-11-05T08:04:52","modified_gmt":"2023-11-05T07:04:52","slug":"etangs-de-sauvebonne-6","status":"publish","type":"post","link":"https:\/\/paca.lpo.fr\/blogs\/hyeres-les-maures\/2023\/11\/05\/etangs-de-sauvebonne-6\/","title":{"rendered":"Etangs de Sauvebonne"},"content":{"rendered":"\n<p>Samedi matin 4 novembre, on a c\u00e9l\u00e9br\u00e9 2 \u00e9v\u00e9nements dans le groupe local Hy\u00e8res les Maures  :<br><br>1 ) L\u2019arriv\u00e9e de l\u2019hiver ! brrr &#8230;<br><br>2) Le  commencement d\u2019une s\u00e9rieuse rivalit\u00e9 entre la Lieurette et la Sauvebonne, puisque &#8211;  exceptionnellement &#8211;  une visite Grand public  avait lieu au m\u00eame moment sur les 2 sites ! !<br><br>\u00c0  regret il a bien fallu se s\u00e9parer !  et Benjamin,  G\u00e9rard,  Joseph et moi avons fait choix d\u2019accompagner No\u00eblia, dans ses p\u00e9r\u00e9grinations :<br><br>Passereaux cach\u00e9s,  Oiseaux d\u2019eau et Rapaces aux abonn\u00e9s absents, plus de papillons, z\u00e9ro libellule, tortues enfouies au fond de la vase \u2026 m\u00eame le Martin-p\u00eacheur n\u2019a pas montr\u00e9 le bout de son bec.<\/p>\n\n\n\n<figure class=\"wp-block-image size-full\"><img loading=\"lazy\" decoding=\"async\" width=\"756\" height=\"1008\" src=\"https:\/\/paca.lpo.fr\/blogs\/hyeres-les-maures\/files\/2023\/11\/image-2.jpg\" alt=\"\" class=\"wp-image-8798\" srcset=\"https:\/\/paca.lpo.fr\/blogs\/hyeres-les-maures\/files\/2023\/11\/image-2.jpg 756w, https:\/\/paca.lpo.fr\/blogs\/hyeres-les-maures\/files\/2023\/11\/image-2-576x768.jpg 576w\" sizes=\"auto, (max-width: 756px) 100vw, 756px\" \/><\/figure>\n\n\n\n<p><br><br>On a connu mieux comme conditions de visite. Et en plus, pas de photographe pour immortaliser ces instants !<\/p>\n\n\n\n<figure class=\"wp-block-image size-full\"><img loading=\"lazy\" decoding=\"async\" width=\"756\" height=\"1008\" src=\"https:\/\/paca.lpo.fr\/blogs\/hyeres-les-maures\/files\/2023\/11\/image-3.jpg\" alt=\"\" class=\"wp-image-8799\" srcset=\"https:\/\/paca.lpo.fr\/blogs\/hyeres-les-maures\/files\/2023\/11\/image-3.jpg 756w, https:\/\/paca.lpo.fr\/blogs\/hyeres-les-maures\/files\/2023\/11\/image-3-576x768.jpg 576w\" sizes=\"auto, (max-width: 756px) 100vw, 756px\" \/><\/figure>\n\n\n\n<p><\/p>\n\n\n\n<p><br><br>Alors il faut nous croire sur parole, la visite \u00e0 \u00e9t\u00e9 tr\u00e8s r\u00e9ussie. Les participants ont ador\u00e9 la balade (c\u2019est eux qui l\u2019ont dit) ;  la diversit\u00e9 des milieux ;  l\u2019abondance de la v\u00e9g\u00e9tation ; et tous les \u00e9changes qui ont ponctu\u00e9 le parcours.<br><br>Nous aussi, on a beaucoup appr\u00e9ci\u00e9 ces partages.   Merci \u00e0  tous les participants qui ont rendu cette visite si sympathique et enrichissante.<br><br>Christine<br><\/p>\n","protected":false},"excerpt":{"rendered":"<p>Samedi matin 4 novembre, on a c\u00e9l\u00e9br\u00e9 2 \u00e9v\u00e9nements dans le groupe local Hy\u00e8res les Maures : 1 ) L\u2019arriv\u00e9e de l\u2019hiver ! brrr &#8230; 2) Le commencement d\u2019une s\u00e9rieuse rivalit\u00e9 entre la Lieurette et la Sauvebonne, puisque &#8211; exceptionnellement &#8211; une visite Grand public avait lieu au m\u00eame moment sur les 2 sites ! [&hellip;]<\/p>\n","protected":false},"author":117,"featured_media":8797,"comment_status":"open","ping_status":"open","sticky":false,"template":"","format":"standard","meta":{"footnotes":""},"categories":[1],"tags":[],"class_list":["post-8776","post","type-post","status-publish","format-standard","has-post-thumbnail","hentry","category-actualites-generales"],"jetpack_featured_media_url":"https:\/\/paca.lpo.fr\/blogs\/hyeres-les-maures\/files\/2023\/11\/image-1.jpg","_links":{"self":[{"href":"https:\/\/paca.lpo.fr\/blogs\/hyeres-les-maures\/wp-json\/wp\/v2\/posts\/8776","targetHints":{"allow":["GET"]}}],"collection":[{"href":"https:\/\/paca.lpo.fr\/blogs\/hyeres-les-maures\/wp-json\/wp\/v2\/posts"}],"about":[{"href":"https:\/\/paca.lpo.fr\/blogs\/hyeres-les-maures\/wp-json\/wp\/v2\/types\/post"}],"author":[{"embeddable":true,"href":"https:\/\/paca.lpo.fr\/blogs\/hyeres-les-maures\/wp-json\/wp\/v2\/users\/117"}],"replies":[{"embeddable":true,"href":"https:\/\/paca.lpo.fr\/blogs\/hyeres-les-maures\/wp-json\/wp\/v2\/comments?post=8776"}],"version-history":[{"count":2,"href":"https:\/\/paca.lpo.fr\/blogs\/hyeres-les-maures\/wp-json\/wp\/v2\/posts\/8776\/revisions"}],"predecessor-version":[{"id":8800,"href":"https:\/\/paca.lpo.fr\/blogs\/hyeres-les-maures\/wp-json\/wp\/v2\/posts\/8776\/revisions\/8800"}],"wp:featuredmedia":[{"embeddable":true,"href":"https:\/\/paca.lpo.fr\/blogs\/hyeres-les-maures\/wp-json\/wp\/v2\/media\/8797"}],"wp:attachment":[{"href":"https:\/\/paca.lpo.fr\/blogs\/hyeres-les-maures\/wp-json\/wp\/v2\/media?parent=8776"}],"wp:term":[{"taxonomy":"category","embeddable":true,"href":"https:\/\/paca.lpo.fr\/blogs\/hyeres-les-maures\/wp-json\/wp\/v2\/categories?post=8776"},{"taxonomy":"post_tag","embeddable":true,"href":"https:\/\/paca.lpo.fr\/blogs\/hyeres-les-maures\/wp-json\/wp\/v2\/tags?post=8776"}],"curies":[{"name":"wp","href":"https:\/\/api.w.org\/{rel}","templated":true}]}}