{"id":8919,"date":"2023-11-26T19:49:09","date_gmt":"2023-11-26T18:49:09","guid":{"rendered":"https:\/\/paca.lpo.fr\/blogs\/hyeres-les-maures\/?p=8919"},"modified":"2023-11-27T17:25:09","modified_gmt":"2023-11-27T16:25:09","slug":"route-du-sel-16","status":"publish","type":"post","link":"https:\/\/paca.lpo.fr\/blogs\/hyeres-les-maures\/2023\/11\/26\/route-du-sel-16\/","title":{"rendered":"route du sel"},"content":{"rendered":"\n<p><\/p>\n\n\n\n<p>Dimanche 26 novembre, la m\u00e9t\u00e9o est bonne , Christian est en place, Michel vient avec son beau v\u00e9lo de marque Ravel, Pierre \u00e0 pied, Evelyne en voiture comme Sylvia et Marc.<img loading=\"lazy\" decoding=\"async\" class=\"aligncenter size-medium wp-image-8958\" src=\"https:\/\/paca.lpo.fr\/blogs\/hyeres-les-maures\/files\/2023\/11\/dsc09827-768x512.jpg\" alt=\"\" width=\"768\" height=\"512\" srcset=\"https:\/\/paca.lpo.fr\/blogs\/hyeres-les-maures\/files\/2023\/11\/dsc09827-768x512.jpg 768w, https:\/\/paca.lpo.fr\/blogs\/hyeres-les-maures\/files\/2023\/11\/dsc09827.jpg 1024w\" sizes=\"auto, (max-width: 768px) 100vw, 768px\" \/><\/p>\n<p>\u00a0<\/p>\n<p>\u00a0<\/p>\n<p>des flamands, des grands cormorans , Christian\u00a0 a abandonn\u00e9 apr\u00e8s en avoir compt\u00e9 cent cinquante !<\/p>\n<p><img loading=\"lazy\" decoding=\"async\" class=\"aligncenter size-medium wp-image-8959\" src=\"https:\/\/paca.lpo.fr\/blogs\/hyeres-les-maures\/files\/2023\/11\/dsc09816-768x512.jpg\" alt=\"\" width=\"768\" height=\"512\" srcset=\"https:\/\/paca.lpo.fr\/blogs\/hyeres-les-maures\/files\/2023\/11\/dsc09816-768x512.jpg 768w, https:\/\/paca.lpo.fr\/blogs\/hyeres-les-maures\/files\/2023\/11\/dsc09816.jpg 1024w\" sizes=\"auto, (max-width: 768px) 100vw, 768px\" \/><\/p>\n<p>\u00a0<\/p>\n<p><img loading=\"lazy\" decoding=\"async\" class=\"aligncenter size-medium wp-image-8960\" src=\"https:\/\/paca.lpo.fr\/blogs\/hyeres-les-maures\/files\/2023\/11\/dsc09815-768x245.jpg\" alt=\"\" width=\"768\" height=\"245\" srcset=\"https:\/\/paca.lpo.fr\/blogs\/hyeres-les-maures\/files\/2023\/11\/dsc09815-768x245.jpg 768w, https:\/\/paca.lpo.fr\/blogs\/hyeres-les-maures\/files\/2023\/11\/dsc09815.jpg 1024w\" sizes=\"auto, (max-width: 768px) 100vw, 768px\" \/><\/p>\n<p>des gr\u00e8bes \u00e0 coup \u00e0 cou noir et des gr\u00e8bes hupp\u00e9es <img loading=\"lazy\" decoding=\"async\" class=\"aligncenter size-medium wp-image-8961\" src=\"https:\/\/paca.lpo.fr\/blogs\/hyeres-les-maures\/files\/2023\/11\/dsc09828-768x249.jpg\" alt=\"\" width=\"768\" height=\"249\" srcset=\"https:\/\/paca.lpo.fr\/blogs\/hyeres-les-maures\/files\/2023\/11\/dsc09828-768x249.jpg 768w, https:\/\/paca.lpo.fr\/blogs\/hyeres-les-maures\/files\/2023\/11\/dsc09828.jpg 1024w\" sizes=\"auto, (max-width: 768px) 100vw, 768px\" \/><\/p>\n<p>une trentaine de personnes ont profit\u00e9es de la longe vue<\/p>\n<p>la question du jour : quel est cet oiseau \u00e0 cot\u00e9 de la pis bavarde ?<img loading=\"lazy\" decoding=\"async\" class=\"aligncenter size-full wp-image-8962\" src=\"https:\/\/paca.lpo.fr\/blogs\/hyeres-les-maures\/files\/2023\/11\/dsc09806.jpg\" alt=\"\" width=\"395\" height=\"200\" \/><\/p>\n","protected":false},"excerpt":{"rendered":"","protected":false},"author":117,"featured_media":8956,"comment_status":"open","ping_status":"open","sticky":false,"template":"","format":"standard","meta":{"footnotes":""},"categories":[1],"tags":[],"class_list":["post-8919","post","type-post","status-publish","format-standard","has-post-thumbnail","hentry","category-actualites-generales"],"jetpack_featured_media_url":"https:\/\/paca.lpo.fr\/blogs\/hyeres-les-maures\/files\/2023\/11\/dsc09823.jpg","_links":{"self":[{"href":"https:\/\/paca.lpo.fr\/blogs\/hyeres-les-maures\/wp-json\/wp\/v2\/posts\/8919","targetHints":{"allow":["GET"]}}],"collection":[{"href":"https:\/\/paca.lpo.fr\/blogs\/hyeres-les-maures\/wp-json\/wp\/v2\/posts"}],"about":[{"href":"https:\/\/paca.lpo.fr\/blogs\/hyeres-les-maures\/wp-json\/wp\/v2\/types\/post"}],"author":[{"embeddable":true,"href":"https:\/\/paca.lpo.fr\/blogs\/hyeres-les-maures\/wp-json\/wp\/v2\/users\/117"}],"replies":[{"embeddable":true,"href":"https:\/\/paca.lpo.fr\/blogs\/hyeres-les-maures\/wp-json\/wp\/v2\/comments?post=8919"}],"version-history":[{"count":4,"href":"https:\/\/paca.lpo.fr\/blogs\/hyeres-les-maures\/wp-json\/wp\/v2\/posts\/8919\/revisions"}],"predecessor-version":[{"id":9462,"href":"https:\/\/paca.lpo.fr\/blogs\/hyeres-les-maures\/wp-json\/wp\/v2\/posts\/8919\/revisions\/9462"}],"wp:featuredmedia":[{"embeddable":true,"href":"https:\/\/paca.lpo.fr\/blogs\/hyeres-les-maures\/wp-json\/wp\/v2\/media\/8956"}],"wp:attachment":[{"href":"https:\/\/paca.lpo.fr\/blogs\/hyeres-les-maures\/wp-json\/wp\/v2\/media?parent=8919"}],"wp:term":[{"taxonomy":"category","embeddable":true,"href":"https:\/\/paca.lpo.fr\/blogs\/hyeres-les-maures\/wp-json\/wp\/v2\/categories?post=8919"},{"taxonomy":"post_tag","embeddable":true,"href":"https:\/\/paca.lpo.fr\/blogs\/hyeres-les-maures\/wp-json\/wp\/v2\/tags?post=8919"}],"curies":[{"name":"wp","href":"https:\/\/api.w.org\/{rel}","templated":true}]}}