{"id":8965,"date":"2023-12-04T21:16:58","date_gmt":"2023-12-04T20:16:58","guid":{"rendered":"https:\/\/paca.lpo.fr\/blogs\/hyeres-les-maures\/?p=8965"},"modified":"2023-12-05T07:26:04","modified_gmt":"2023-12-05T06:26:04","slug":"loiseau-du-mois-3","status":"publish","type":"post","link":"https:\/\/paca.lpo.fr\/blogs\/hyeres-les-maures\/2023\/12\/04\/loiseau-du-mois-3\/","title":{"rendered":"l&rsquo;oiseau du mois"},"content":{"rendered":"\n<p><br><br>Le Geai des Ch\u00eanes <br>(Garrulus glandarius   E, Gr\u00e4f\u00ebnberg 1950)<br><br>Bien que courant, cet oiseau reste inconnu de beaucoup d&rsquo;hommes et il est important pour moi de faire un point sur le Geai,<\/p>\n\n\n\n<figure class=\"wp-block-image size-full\"><img loading=\"lazy\" decoding=\"async\" width=\"738\" height=\"1024\" src=\"https:\/\/paca.lpo.fr\/blogs\/hyeres-les-maures\/files\/2023\/12\/geai-5-.jpg\" alt=\"\" class=\"wp-image-8974\" srcset=\"https:\/\/paca.lpo.fr\/blogs\/hyeres-les-maures\/files\/2023\/12\/geai-5-.jpg 738w, https:\/\/paca.lpo.fr\/blogs\/hyeres-les-maures\/files\/2023\/12\/geai-5--554x768.jpg 554w\" sizes=\"auto, (max-width: 738px) 100vw, 738px\" \/><\/figure>\n\n\n\n<p><br>Le Geai des ch\u00eanes pr\u00e9sent en Eurasie et dans le nord de l&rsquo;Afrique, est un oiseau bruyant capable d&rsquo;alerter la for\u00eat enti\u00e8re en cas de danger (martre, chasseur, photographe, ,,,,) ,Il est capable \u00e9galement d&rsquo;imiter le chant d&rsquo;autres oiseaux dont le miaulement de la buse, Toutefois, un truc le trahit,<br>si vous entendez Miaou haut dans le ciel, c&rsquo;est une Buse,<br>si vous entendez Miaou au milieu des arbres, c&rsquo;est un Geai,<br>si vous entendez Miaou chez vous, c&rsquo;est probablement votre chat,<br>On dit souvent que le Geai garrule, cacarde, cajole, cageole, frigulote ou jase  ou que le Geai ricane (jeu de mot niveau CE2, afin d&rsquo;\u00eatre class\u00e9 auteur tout  public), <br>Le Geai est s\u00e9dentaire dans nos r\u00e9gions et est un oiseau essentiellement forestier, m\u00eame si on peut l&rsquo;observer sur les pelouses des parcs ou \u00e0 la mangeoire,<\/p>\n\n\n\n<figure class=\"wp-block-image size-full\"><img loading=\"lazy\" decoding=\"async\" width=\"1024\" height=\"930\" src=\"https:\/\/paca.lpo.fr\/blogs\/hyeres-les-maures\/files\/2023\/12\/p1000781.jpg\" alt=\"\" class=\"wp-image-8976\" srcset=\"https:\/\/paca.lpo.fr\/blogs\/hyeres-les-maures\/files\/2023\/12\/p1000781.jpg 1024w, https:\/\/paca.lpo.fr\/blogs\/hyeres-les-maures\/files\/2023\/12\/p1000781-768x698.jpg 768w\" sizes=\"auto, (max-width: 1024px) 100vw, 1024px\" \/><\/figure>\n\n\n\n<p><br>Le Geai est omnivore, il se nourrit d&rsquo;invert\u00e9br\u00e9s, de petits reptiles et peut occasionnellement  attaquer le nid d&rsquo;autres oiseaux, <br>Friand de baies, il peut engloutir \u00e9galement du raisin, des faines ou des groseilles, mais son vrai kiff c&rsquo;est les glands,<br>Les glands \u00e7a,  \u00e7a le rend dingue, il peut en avaler jusqu&rsquo;\u00e0 une demi-douzaine dans son jabot pour pouvoir les transporter ailleurs et les enterrer jusqu\u2019\u00e0 l&rsquo;hiver afin de s&rsquo;en goberger. Cette passion permet une diss\u00e9mination des graines et a entra\u00een\u00e9 son classement dans la cat\u00e9gorie des ESOB (esp\u00e8ces susceptibles d\u2019occasionner des bienfaits),<br>Il est temps pour moi de clore ce point Geai inconnu de beaucoup d&rsquo;hommes, glands et minou,  (allusion graveleuse, afin d&rsquo;ajouter les supporters et les beaufs \u00e0 fusil \u00e0 mon r\u00e9pertoire tout public) pour \u00e9voquer  les d\u00e9tails permettant de faire rapidement la diff\u00e9rence entre le Geai et les autres corvid\u00e9s de nos r\u00e9gions,<br>Ainsi on peut voir sur les photos, que contrairement \u00e0 la Pie Bavarde, au Corbeau freux et \u00e0 la Corneille, l\u2019\u0153il du  Geai  poss\u00e8de un iris clair facilement observable avec de bonnes jumelles,<\/p>\n\n\n\n<figure class=\"wp-block-image size-full\"><img loading=\"lazy\" decoding=\"async\" width=\"963\" height=\"1024\" src=\"https:\/\/paca.lpo.fr\/blogs\/hyeres-les-maures\/files\/2023\/12\/p1000783.jpg\" alt=\"\" class=\"wp-image-8977\" srcset=\"https:\/\/paca.lpo.fr\/blogs\/hyeres-les-maures\/files\/2023\/12\/p1000783.jpg 963w, https:\/\/paca.lpo.fr\/blogs\/hyeres-les-maures\/files\/2023\/12\/p1000783-722x768.jpg 722w, https:\/\/paca.lpo.fr\/blogs\/hyeres-les-maures\/files\/2023\/12\/p1000783-768x817.jpg 768w\" sizes=\"auto, (max-width: 963px) 100vw, 963px\" \/><\/figure>\n\n\n\n<figure class=\"wp-block-image size-full\"><img loading=\"lazy\" decoding=\"async\" width=\"1000\" height=\"718\" src=\"https:\/\/paca.lpo.fr\/blogs\/hyeres-les-maures\/files\/2023\/12\/corbeau-freu.jpg\" alt=\"\" class=\"wp-image-8978\" srcset=\"https:\/\/paca.lpo.fr\/blogs\/hyeres-les-maures\/files\/2023\/12\/corbeau-freu.jpg 1000w, https:\/\/paca.lpo.fr\/blogs\/hyeres-les-maures\/files\/2023\/12\/corbeau-freu-768x551.jpg 768w\" sizes=\"auto, (max-width: 1000px) 100vw, 1000px\" \/><figcaption class=\"wp-element-caption\">corbeau freux<\/figcaption><\/figure>\n\n\n\n<figure class=\"wp-block-image size-full\"><img loading=\"lazy\" decoding=\"async\" width=\"1000\" height=\"858\" src=\"https:\/\/paca.lpo.fr\/blogs\/hyeres-les-maures\/files\/2023\/12\/corneille.jpg\" alt=\"\" class=\"wp-image-8979\" srcset=\"https:\/\/paca.lpo.fr\/blogs\/hyeres-les-maures\/files\/2023\/12\/corneille.jpg 1000w, https:\/\/paca.lpo.fr\/blogs\/hyeres-les-maures\/files\/2023\/12\/corneille-768x659.jpg 768w\" sizes=\"auto, (max-width: 1000px) 100vw, 1000px\" \/><figcaption class=\"wp-element-caption\">corneille<\/figcaption><\/figure>\n\n\n\n<figure class=\"wp-block-image size-large\"><img loading=\"lazy\" decoding=\"async\" width=\"853\" height=\"1024\" src=\"https:\/\/paca.lpo.fr\/blogs\/hyeres-les-maures\/files\/2023\/12\/pie-853x1024.jpg\" alt=\"\" class=\"wp-image-8981\" srcset=\"https:\/\/paca.lpo.fr\/blogs\/hyeres-les-maures\/files\/2023\/12\/pie-853x1024.jpg 853w, https:\/\/paca.lpo.fr\/blogs\/hyeres-les-maures\/files\/2023\/12\/pie-640x768.jpg 640w, https:\/\/paca.lpo.fr\/blogs\/hyeres-les-maures\/files\/2023\/12\/pie-768x922.jpg 768w, https:\/\/paca.lpo.fr\/blogs\/hyeres-les-maures\/files\/2023\/12\/pie.jpg 1000w\" sizes=\"auto, (max-width: 853px) 100vw, 853px\" \/><figcaption class=\"wp-element-caption\">pies bavardes<\/figcaption><\/figure>\n\n\n\n<p> La distinction avec le Choucas des tours est beaucoup plus compliqu\u00e9e, <\/p>\n\n\n\n<figure class=\"wp-block-image size-full\"><img loading=\"lazy\" decoding=\"async\" width=\"1000\" height=\"894\" src=\"https:\/\/paca.lpo.fr\/blogs\/hyeres-les-maures\/files\/2023\/12\/choucas.jpg\" alt=\"\" class=\"wp-image-8980\" srcset=\"https:\/\/paca.lpo.fr\/blogs\/hyeres-les-maures\/files\/2023\/12\/choucas.jpg 1000w, https:\/\/paca.lpo.fr\/blogs\/hyeres-les-maures\/files\/2023\/12\/choucas-768x687.jpg 768w\" sizes=\"auto, (max-width: 1000px) 100vw, 1000px\" \/><figcaption class=\"wp-element-caption\">choucas des tours<\/figcaption><\/figure>\n\n\n\n<p>on pourra s&rsquo;appuyer sur plusieurs crit\u00e8res scientifiquement prouv\u00e9es, tel que la projection primaire, la g\u00e9n\u00e9tique ou l\u2019acoustique, en effet, le Choucas fait Tchip Tchip et non Miaou, de plus ses pattes sont plut\u00f4t fonc\u00e9es par rapport \u00e0 celles du Geai,<br>A la diff\u00e9rence du Choucas, les 4 autres comp\u00e8res sont class\u00e9s comme ESOD (esp\u00e8ces susceptibles d\u2019occasionner des d\u00e9g\u00e2ts), \u00e0 l&rsquo;\u00e9gal des renards, blaireaux, supporters et beaufs \u00e0 fusils,<br>Ces bestioles ont le d\u00e9faut de d\u00e9truire occasionnellement les nich\u00e9es d&rsquo;esp\u00e8ces class\u00e9es en danger grave d&rsquo;extinction s\u00e9v\u00e8re sur les listes de l&rsquo;UICN et comestibles (cailles, perdrix, grives et faisans) compromettant ainsi tout les efforts effectu\u00e9es par les premiers \u00e9cologistes de France pour assurer la p\u00e9rennit\u00e9 de ces derni\u00e8res,<br>Ils ont aussi tous une grande gueule, et leurs Tchip Tchip discordant peuvent r\u00e9veiller b\u00e9b\u00e9 ou p\u00e9p\u00e9 \u00e0 l&rsquo;heure de la sieste, n\u00e9cessitant de le consoler, lui changer la couche et le recoucher (le b\u00e9b\u00e9, pas p\u00e9p\u00e9),<br><br><br>Le mois prochain la Bouscarle de Cetti ou le Macareux du Gapeau,<br><br>Gilles<\/p>\n","protected":false},"excerpt":{"rendered":"<p>Le Geai des Ch\u00eanes (Garrulus glandarius E, Gr\u00e4f\u00ebnberg 1950) Bien que courant, cet oiseau reste inconnu de beaucoup d&rsquo;hommes et il est important pour moi de faire un point sur le Geai, Le Geai des ch\u00eanes pr\u00e9sent en Eurasie et dans le nord de l&rsquo;Afrique, est un oiseau bruyant capable d&rsquo;alerter la for\u00eat enti\u00e8re en [&hellip;]<\/p>\n","protected":false},"author":117,"featured_media":8973,"comment_status":"open","ping_status":"open","sticky":false,"template":"","format":"standard","meta":{"footnotes":""},"categories":[1],"tags":[],"class_list":["post-8965","post","type-post","status-publish","format-standard","has-post-thumbnail","hentry","category-actualites-generales"],"jetpack_featured_media_url":"https:\/\/paca.lpo.fr\/blogs\/hyeres-les-maures\/files\/2023\/12\/dscn1812.jpg","_links":{"self":[{"href":"https:\/\/paca.lpo.fr\/blogs\/hyeres-les-maures\/wp-json\/wp\/v2\/posts\/8965","targetHints":{"allow":["GET"]}}],"collection":[{"href":"https:\/\/paca.lpo.fr\/blogs\/hyeres-les-maures\/wp-json\/wp\/v2\/posts"}],"about":[{"href":"https:\/\/paca.lpo.fr\/blogs\/hyeres-les-maures\/wp-json\/wp\/v2\/types\/post"}],"author":[{"embeddable":true,"href":"https:\/\/paca.lpo.fr\/blogs\/hyeres-les-maures\/wp-json\/wp\/v2\/users\/117"}],"replies":[{"embeddable":true,"href":"https:\/\/paca.lpo.fr\/blogs\/hyeres-les-maures\/wp-json\/wp\/v2\/comments?post=8965"}],"version-history":[{"count":4,"href":"https:\/\/paca.lpo.fr\/blogs\/hyeres-les-maures\/wp-json\/wp\/v2\/posts\/8965\/revisions"}],"predecessor-version":[{"id":8990,"href":"https:\/\/paca.lpo.fr\/blogs\/hyeres-les-maures\/wp-json\/wp\/v2\/posts\/8965\/revisions\/8990"}],"wp:featuredmedia":[{"embeddable":true,"href":"https:\/\/paca.lpo.fr\/blogs\/hyeres-les-maures\/wp-json\/wp\/v2\/media\/8973"}],"wp:attachment":[{"href":"https:\/\/paca.lpo.fr\/blogs\/hyeres-les-maures\/wp-json\/wp\/v2\/media?parent=8965"}],"wp:term":[{"taxonomy":"category","embeddable":true,"href":"https:\/\/paca.lpo.fr\/blogs\/hyeres-les-maures\/wp-json\/wp\/v2\/categories?post=8965"},{"taxonomy":"post_tag","embeddable":true,"href":"https:\/\/paca.lpo.fr\/blogs\/hyeres-les-maures\/wp-json\/wp\/v2\/tags?post=8965"}],"curies":[{"name":"wp","href":"https:\/\/api.w.org\/{rel}","templated":true}]}}