{"id":9570,"date":"2024-03-26T17:42:13","date_gmt":"2024-03-26T16:42:13","guid":{"rendered":"https:\/\/paca.lpo.fr\/blogs\/hyeres-les-maures\/?p=9570"},"modified":"2024-03-27T19:51:17","modified_gmt":"2024-03-27T18:51:17","slug":"jmzh-sauvebonne","status":"publish","type":"post","link":"https:\/\/paca.lpo.fr\/blogs\/hyeres-les-maures\/2024\/03\/26\/jmzh-sauvebonne\/","title":{"rendered":"jmzh Sauvebonne"},"content":{"rendered":"\n<p>Samedi 23 et dimanche 24, Journ\u00e9es mondiales des zones humides aux \u00e9tangs de Sauvebonne, les b\u00e9n\u00e9voles sont venus donner un coup de main aux salari\u00e9s.<\/p>\n\n\n\n<figure class=\"wp-block-image size-full\"><img loading=\"lazy\" decoding=\"async\" width=\"1024\" height=\"682\" src=\"https:\/\/paca.lpo.fr\/blogs\/hyeres-les-maures\/files\/2024\/03\/dsc02951.jpg\" alt=\"\" class=\"wp-image-9581\" srcset=\"https:\/\/paca.lpo.fr\/blogs\/hyeres-les-maures\/files\/2024\/03\/dsc02951.jpg 1024w, https:\/\/paca.lpo.fr\/blogs\/hyeres-les-maures\/files\/2024\/03\/dsc02951-768x512.jpg 768w\" sizes=\"auto, (max-width: 1024px) 100vw, 1024px\" \/><\/figure>\n\n\n\n<figure class=\"wp-block-image size-full\"><img loading=\"lazy\" decoding=\"async\" width=\"1024\" height=\"683\" src=\"https:\/\/paca.lpo.fr\/blogs\/hyeres-les-maures\/files\/2024\/03\/dsc02960.jpg\" alt=\"\" class=\"wp-image-9583\" srcset=\"https:\/\/paca.lpo.fr\/blogs\/hyeres-les-maures\/files\/2024\/03\/dsc02960.jpg 1024w, https:\/\/paca.lpo.fr\/blogs\/hyeres-les-maures\/files\/2024\/03\/dsc02960-768x512.jpg 768w\" sizes=\"auto, (max-width: 1024px) 100vw, 1024px\" \/><\/figure>\n\n\n\n<figure class=\"wp-block-image size-full\"><img loading=\"lazy\" decoding=\"async\" width=\"1024\" height=\"683\" src=\"https:\/\/paca.lpo.fr\/blogs\/hyeres-les-maures\/files\/2024\/03\/dsc02962.jpg\" alt=\"\" class=\"wp-image-9584\" srcset=\"https:\/\/paca.lpo.fr\/blogs\/hyeres-les-maures\/files\/2024\/03\/dsc02962.jpg 1024w, https:\/\/paca.lpo.fr\/blogs\/hyeres-les-maures\/files\/2024\/03\/dsc02962-768x512.jpg 768w\" sizes=\"auto, (max-width: 1024px) 100vw, 1024px\" \/><\/figure>\n\n\n\n<p>Norbert \u00e0 toujours quelque chose \u00e0 dire<\/p>\n\n\n\n<figure class=\"wp-block-image size-full\"><img loading=\"lazy\" decoding=\"async\" width=\"1024\" height=\"683\" src=\"https:\/\/paca.lpo.fr\/blogs\/hyeres-les-maures\/files\/2024\/03\/dsc02955.jpg\" alt=\"\" class=\"wp-image-9582\" srcset=\"https:\/\/paca.lpo.fr\/blogs\/hyeres-les-maures\/files\/2024\/03\/dsc02955.jpg 1024w, https:\/\/paca.lpo.fr\/blogs\/hyeres-les-maures\/files\/2024\/03\/dsc02955-768x512.jpg 768w\" sizes=\"auto, (max-width: 1024px) 100vw, 1024px\" \/><\/figure>\n\n\n\n<p>les tortues sont \u00e0 l&rsquo;\u00e9coute<\/p>\n\n\n\n<figure class=\"wp-block-image size-full\"><img loading=\"lazy\" decoding=\"async\" width=\"1024\" height=\"683\" src=\"https:\/\/paca.lpo.fr\/blogs\/hyeres-les-maures\/files\/2024\/03\/dsc02987.jpg\" alt=\"\" class=\"wp-image-9585\" srcset=\"https:\/\/paca.lpo.fr\/blogs\/hyeres-les-maures\/files\/2024\/03\/dsc02987.jpg 1024w, https:\/\/paca.lpo.fr\/blogs\/hyeres-les-maures\/files\/2024\/03\/dsc02987-768x512.jpg 768w\" sizes=\"auto, (max-width: 1024px) 100vw, 1024px\" \/><\/figure>\n\n\n\n<figure class=\"wp-block-image size-full\"><img loading=\"lazy\" decoding=\"async\" width=\"1024\" height=\"682\" src=\"https:\/\/paca.lpo.fr\/blogs\/hyeres-les-maures\/files\/2024\/03\/dsc02964.jpg\" alt=\"\" class=\"wp-image-9586\" srcset=\"https:\/\/paca.lpo.fr\/blogs\/hyeres-les-maures\/files\/2024\/03\/dsc02964.jpg 1024w, https:\/\/paca.lpo.fr\/blogs\/hyeres-les-maures\/files\/2024\/03\/dsc02964-768x512.jpg 768w\" sizes=\"auto, (max-width: 1024px) 100vw, 1024px\" \/><\/figure>\n\n\n\n<p>les stands prennent de la hauteur avec le vent<\/p>\n\n\n\n<figure class=\"wp-block-image size-full\"><img loading=\"lazy\" decoding=\"async\" width=\"1024\" height=\"745\" src=\"https:\/\/paca.lpo.fr\/blogs\/hyeres-les-maures\/files\/2024\/03\/dsc02981.jpg\" alt=\"\" class=\"wp-image-9587\" srcset=\"https:\/\/paca.lpo.fr\/blogs\/hyeres-les-maures\/files\/2024\/03\/dsc02981.jpg 1024w, https:\/\/paca.lpo.fr\/blogs\/hyeres-les-maures\/files\/2024\/03\/dsc02981-768x559.jpg 768w\" sizes=\"auto, (max-width: 1024px) 100vw, 1024px\" \/><\/figure>\n\n\n\n<p>et sont d\u00e9mont\u00e9s<\/p>\n\n\n\n<figure class=\"wp-block-image size-full\"><img loading=\"lazy\" decoding=\"async\" width=\"1024\" height=\"464\" src=\"https:\/\/paca.lpo.fr\/blogs\/hyeres-les-maures\/files\/2024\/03\/dsc02982.jpg\" alt=\"\" class=\"wp-image-9588\" srcset=\"https:\/\/paca.lpo.fr\/blogs\/hyeres-les-maures\/files\/2024\/03\/dsc02982.jpg 1024w, https:\/\/paca.lpo.fr\/blogs\/hyeres-les-maures\/files\/2024\/03\/dsc02982-768x348.jpg 768w\" sizes=\"auto, (max-width: 1024px) 100vw, 1024px\" \/><\/figure>\n\n\n\n<p>Quelques fleurs<\/p>\n\n\n\n<figure class=\"wp-block-image size-full\"><img loading=\"lazy\" decoding=\"async\" width=\"1024\" height=\"683\" src=\"https:\/\/paca.lpo.fr\/blogs\/hyeres-les-maures\/files\/2024\/03\/dsc02971.jpg\" alt=\"\" class=\"wp-image-9590\" srcset=\"https:\/\/paca.lpo.fr\/blogs\/hyeres-les-maures\/files\/2024\/03\/dsc02971.jpg 1024w, https:\/\/paca.lpo.fr\/blogs\/hyeres-les-maures\/files\/2024\/03\/dsc02971-768x512.jpg 768w\" sizes=\"auto, (max-width: 1024px) 100vw, 1024px\" \/><\/figure>\n\n\n\n<figure class=\"wp-block-image size-full\"><img loading=\"lazy\" decoding=\"async\" width=\"1024\" height=\"683\" src=\"https:\/\/paca.lpo.fr\/blogs\/hyeres-les-maures\/files\/2024\/03\/dsc02974.jpg\" alt=\"\" class=\"wp-image-9591\" srcset=\"https:\/\/paca.lpo.fr\/blogs\/hyeres-les-maures\/files\/2024\/03\/dsc02974.jpg 1024w, https:\/\/paca.lpo.fr\/blogs\/hyeres-les-maures\/files\/2024\/03\/dsc02974-768x512.jpg 768w\" sizes=\"auto, (max-width: 1024px) 100vw, 1024px\" \/><\/figure>\n\n\n\n<figure class=\"wp-block-image size-full\"><img loading=\"lazy\" decoding=\"async\" width=\"1024\" height=\"683\" src=\"https:\/\/paca.lpo.fr\/blogs\/hyeres-les-maures\/files\/2024\/03\/dsc02979.jpg\" alt=\"\" class=\"wp-image-9592\" srcset=\"https:\/\/paca.lpo.fr\/blogs\/hyeres-les-maures\/files\/2024\/03\/dsc02979.jpg 1024w, https:\/\/paca.lpo.fr\/blogs\/hyeres-les-maures\/files\/2024\/03\/dsc02979-768x512.jpg 768w\" sizes=\"auto, (max-width: 1024px) 100vw, 1024px\" \/><\/figure>\n\n\n\n<figure class=\"wp-block-image size-full\"><img loading=\"lazy\" decoding=\"async\" width=\"1024\" height=\"683\" src=\"https:\/\/paca.lpo.fr\/blogs\/hyeres-les-maures\/files\/2024\/03\/dsc02983.jpg\" alt=\"\" class=\"wp-image-9593\" srcset=\"https:\/\/paca.lpo.fr\/blogs\/hyeres-les-maures\/files\/2024\/03\/dsc02983.jpg 1024w, https:\/\/paca.lpo.fr\/blogs\/hyeres-les-maures\/files\/2024\/03\/dsc02983-768x512.jpg 768w\" sizes=\"auto, (max-width: 1024px) 100vw, 1024px\" \/><\/figure>\n\n\n\n<figure class=\"wp-block-image size-full\"><img loading=\"lazy\" decoding=\"async\" width=\"1024\" height=\"683\" src=\"https:\/\/paca.lpo.fr\/blogs\/hyeres-les-maures\/files\/2024\/03\/dsc02968.jpg\" alt=\"\" class=\"wp-image-9589\" srcset=\"https:\/\/paca.lpo.fr\/blogs\/hyeres-les-maures\/files\/2024\/03\/dsc02968.jpg 1024w, https:\/\/paca.lpo.fr\/blogs\/hyeres-les-maures\/files\/2024\/03\/dsc02968-768x512.jpg 768w\" sizes=\"auto, (max-width: 1024px) 100vw, 1024px\" \/><\/figure>\n\n\n\n\n\n<p>Dimanche changement d&rsquo;\u00e9quipe (sans les \u00ab\u00a0barnums\u00a0\u00bb toujours pas revenus de leur tour du monde\u00a0!) et un d\u00e9m\u00e9nagement sur l\u2019aire de pique-nique myst\u00e9rieusement \u00e0 l\u2019abri du vent\u00a0.<\/p>\n\n\n\n<p>Beaucoup de visites avec de nombreux enfants et plusieurs dizaines de parties de \u00ab\u00a0jeux de l\u2019oie\u00a0\u00bb avec validation du nouveau plateau \u00ab\u00a0Sauvebonne\u00a0\u00bb cr\u00e9\u00e9 par Elise.<\/p>\n\n\n\n<figure class=\"wp-block-image size-full\"><img loading=\"lazy\" decoding=\"async\" width=\"1024\" height=\"576\" src=\"https:\/\/paca.lpo.fr\/blogs\/hyeres-les-maures\/files\/2024\/03\/20240324-153354red.jpg\" alt=\"\" class=\"wp-image-9598\" srcset=\"https:\/\/paca.lpo.fr\/blogs\/hyeres-les-maures\/files\/2024\/03\/20240324-153354red.jpg 1024w, https:\/\/paca.lpo.fr\/blogs\/hyeres-les-maures\/files\/2024\/03\/20240324-153354red-768x432.jpg 768w\" sizes=\"auto, (max-width: 1024px) 100vw, 1024px\" \/><\/figure>\n\n\n\n<figure class=\"wp-block-image size-full\"><img loading=\"lazy\" decoding=\"async\" width=\"1024\" height=\"576\" src=\"https:\/\/paca.lpo.fr\/blogs\/hyeres-les-maures\/files\/2024\/03\/20240324-153410red.jpg\" alt=\"\" class=\"wp-image-9599\" srcset=\"https:\/\/paca.lpo.fr\/blogs\/hyeres-les-maures\/files\/2024\/03\/20240324-153410red.jpg 1024w, https:\/\/paca.lpo.fr\/blogs\/hyeres-les-maures\/files\/2024\/03\/20240324-153410red-768x432.jpg 768w\" sizes=\"auto, (max-width: 1024px) 100vw, 1024px\" \/><\/figure>\n\n\n\n<p>En r\u00e9sum\u00e9 une bonne journ\u00e9e<\/p>\n","protected":false},"excerpt":{"rendered":"<p>Samedi 23 et dimanche 24, Journ\u00e9es mondiales des zones humides aux \u00e9tangs de Sauvebonne, les b\u00e9n\u00e9voles sont venus donner un coup de main aux salari\u00e9s. Norbert \u00e0 toujours quelque chose \u00e0 dire les tortues sont \u00e0 l&rsquo;\u00e9coute les stands prennent de la hauteur avec le vent et sont d\u00e9mont\u00e9s Quelques fleurs Dimanche changement d&rsquo;\u00e9quipe (sans [&hellip;]<\/p>\n","protected":false},"author":117,"featured_media":9580,"comment_status":"open","ping_status":"open","sticky":false,"template":"","format":"standard","meta":{"footnotes":""},"categories":[1],"tags":[],"class_list":["post-9570","post","type-post","status-publish","format-standard","has-post-thumbnail","hentry","category-actualites-generales"],"jetpack_featured_media_url":"https:\/\/paca.lpo.fr\/blogs\/hyeres-les-maures\/files\/2024\/03\/dsc02952.jpg","_links":{"self":[{"href":"https:\/\/paca.lpo.fr\/blogs\/hyeres-les-maures\/wp-json\/wp\/v2\/posts\/9570","targetHints":{"allow":["GET"]}}],"collection":[{"href":"https:\/\/paca.lpo.fr\/blogs\/hyeres-les-maures\/wp-json\/wp\/v2\/posts"}],"about":[{"href":"https:\/\/paca.lpo.fr\/blogs\/hyeres-les-maures\/wp-json\/wp\/v2\/types\/post"}],"author":[{"embeddable":true,"href":"https:\/\/paca.lpo.fr\/blogs\/hyeres-les-maures\/wp-json\/wp\/v2\/users\/117"}],"replies":[{"embeddable":true,"href":"https:\/\/paca.lpo.fr\/blogs\/hyeres-les-maures\/wp-json\/wp\/v2\/comments?post=9570"}],"version-history":[{"count":4,"href":"https:\/\/paca.lpo.fr\/blogs\/hyeres-les-maures\/wp-json\/wp\/v2\/posts\/9570\/revisions"}],"predecessor-version":[{"id":9601,"href":"https:\/\/paca.lpo.fr\/blogs\/hyeres-les-maures\/wp-json\/wp\/v2\/posts\/9570\/revisions\/9601"}],"wp:featuredmedia":[{"embeddable":true,"href":"https:\/\/paca.lpo.fr\/blogs\/hyeres-les-maures\/wp-json\/wp\/v2\/media\/9580"}],"wp:attachment":[{"href":"https:\/\/paca.lpo.fr\/blogs\/hyeres-les-maures\/wp-json\/wp\/v2\/media?parent=9570"}],"wp:term":[{"taxonomy":"category","embeddable":true,"href":"https:\/\/paca.lpo.fr\/blogs\/hyeres-les-maures\/wp-json\/wp\/v2\/categories?post=9570"},{"taxonomy":"post_tag","embeddable":true,"href":"https:\/\/paca.lpo.fr\/blogs\/hyeres-les-maures\/wp-json\/wp\/v2\/tags?post=9570"}],"curies":[{"name":"wp","href":"https:\/\/api.w.org\/{rel}","templated":true}]}}