{"id":9610,"date":"2024-04-05T09:38:21","date_gmt":"2024-04-05T08:38:21","guid":{"rendered":"https:\/\/paca.lpo.fr\/blogs\/hyeres-les-maures\/?p=9610"},"modified":"2024-04-05T20:23:27","modified_gmt":"2024-04-05T19:23:27","slug":"un-tour-a-la-lieurette","status":"publish","type":"post","link":"https:\/\/paca.lpo.fr\/blogs\/hyeres-les-maures\/2024\/04\/05\/un-tour-a-la-lieurette\/","title":{"rendered":"un tour \u00e0 la Lieurette"},"content":{"rendered":"\n<p>Dianes, nettes, scilles et ibis.<br>Une sortie ornitho-botano-entomologiste \u00e9tait organis\u00e9e ce jeudi 4 avril \u00e0 la Lieurette.<br>Nous sommes accueillis par un arbre couvert de h\u00e9rons garde-b\u0153ufs et d\u2019aigrettes garzettes.<\/p>\n\n\n\n<figure class=\"wp-block-image size-full\"><img loading=\"lazy\" decoding=\"async\" width=\"889\" height=\"1024\" src=\"https:\/\/paca.lpo.fr\/blogs\/hyeres-les-maures\/files\/2024\/04\/arbres-a-herons.jpg\" alt=\"\" class=\"wp-image-9617\" srcset=\"https:\/\/paca.lpo.fr\/blogs\/hyeres-les-maures\/files\/2024\/04\/arbres-a-herons.jpg 889w, https:\/\/paca.lpo.fr\/blogs\/hyeres-les-maures\/files\/2024\/04\/arbres-a-herons-667x768.jpg 667w, https:\/\/paca.lpo.fr\/blogs\/hyeres-les-maures\/files\/2024\/04\/arbres-a-herons-768x885.jpg 768w\" sizes=\"auto, (max-width: 889px) 100vw, 889px\" \/><\/figure>\n\n\n\n<p><br>Une huppe et des bouscarles nous saluent de leurs barrissements joyeux.<br>Un h\u00e9ron d\u00e9bonnaire nous observe toute la matin\u00e9e sans jamais bouger.<\/p>\n\n\n\n<figure class=\"wp-block-image size-full\"><img loading=\"lazy\" decoding=\"async\" width=\"621\" height=\"1024\" src=\"https:\/\/paca.lpo.fr\/blogs\/hyeres-les-maures\/files\/2024\/04\/heron-debonnaire.jpg\" alt=\"\" class=\"wp-image-9621\" srcset=\"https:\/\/paca.lpo.fr\/blogs\/hyeres-les-maures\/files\/2024\/04\/heron-debonnaire.jpg 621w, https:\/\/paca.lpo.fr\/blogs\/hyeres-les-maures\/files\/2024\/04\/heron-debonnaire-466x768.jpg 466w\" sizes=\"auto, (max-width: 621px) 100vw, 621px\" \/><\/figure>\n\n\n\n<p><br>La biodiversit\u00e9 est bien repr\u00e9sent\u00e9e avec&nbsp;:<br>Pour les oiseaux, des colverts, des foulques, des gallinules, des nettes rousses, des bouscarles, des aigrettes. Alors que nous nous pr\u00e9parions \u00e0 repartir, nous d\u00e9couvr\u00eemes une vingtaine d\u2019ibis falcinelles blottis derri\u00e8re les caravanes des cavaliers.<\/p>\n\n\n\n<figure class=\"wp-block-image size-full\"><img loading=\"lazy\" decoding=\"async\" width=\"1024\" height=\"626\" src=\"https:\/\/paca.lpo.fr\/blogs\/hyeres-les-maures\/files\/2024\/04\/ibis-falcinelle-2-.jpg\" alt=\"\" class=\"wp-image-9619\" srcset=\"https:\/\/paca.lpo.fr\/blogs\/hyeres-les-maures\/files\/2024\/04\/ibis-falcinelle-2-.jpg 1024w, https:\/\/paca.lpo.fr\/blogs\/hyeres-les-maures\/files\/2024\/04\/ibis-falcinelle-2--768x470.jpg 768w\" sizes=\"auto, (max-width: 1024px) 100vw, 1024px\" \/><\/figure>\n\n\n\n<figure class=\"wp-block-image size-full\"><img loading=\"lazy\" decoding=\"async\" width=\"1024\" height=\"505\" src=\"https:\/\/paca.lpo.fr\/blogs\/hyeres-les-maures\/files\/2024\/04\/ibis-falcinelle.jpg\" alt=\"\" class=\"wp-image-9620\" srcset=\"https:\/\/paca.lpo.fr\/blogs\/hyeres-les-maures\/files\/2024\/04\/ibis-falcinelle.jpg 1024w, https:\/\/paca.lpo.fr\/blogs\/hyeres-les-maures\/files\/2024\/04\/ibis-falcinelle-768x379.jpg 768w\" sizes=\"auto, (max-width: 1024px) 100vw, 1024px\" \/><\/figure>\n\n\n\n<p><br>Pour les papillons, dianes, m\u00e9g\u00e8res, cuivr\u00e9s et pi\u00e9rides.<\/p>\n\n\n\n<figure class=\"wp-block-image size-full\"><img loading=\"lazy\" decoding=\"async\" width=\"1024\" height=\"866\" src=\"https:\/\/paca.lpo.fr\/blogs\/hyeres-les-maures\/files\/2024\/04\/diane-2-.jpg\" alt=\"\" class=\"wp-image-9622\" srcset=\"https:\/\/paca.lpo.fr\/blogs\/hyeres-les-maures\/files\/2024\/04\/diane-2-.jpg 1024w, https:\/\/paca.lpo.fr\/blogs\/hyeres-les-maures\/files\/2024\/04\/diane-2--768x650.jpg 768w\" sizes=\"auto, (max-width: 1024px) 100vw, 1024px\" \/><\/figure>\n\n\n\n<figure class=\"wp-block-image size-full\"><img loading=\"lazy\" decoding=\"async\" width=\"1024\" height=\"865\" src=\"https:\/\/paca.lpo.fr\/blogs\/hyeres-les-maures\/files\/2024\/04\/diane.jpg\" alt=\"\" class=\"wp-image-9623\" srcset=\"https:\/\/paca.lpo.fr\/blogs\/hyeres-les-maures\/files\/2024\/04\/diane.jpg 1024w, https:\/\/paca.lpo.fr\/blogs\/hyeres-les-maures\/files\/2024\/04\/diane-768x649.jpg 768w\" sizes=\"auto, (max-width: 1024px) 100vw, 1024px\" \/><\/figure>\n\n\n\n<figure class=\"wp-block-image size-full\"><img loading=\"lazy\" decoding=\"async\" width=\"1024\" height=\"640\" src=\"https:\/\/paca.lpo.fr\/blogs\/hyeres-les-maures\/files\/2024\/04\/cuivre.jpg\" alt=\"\" class=\"wp-image-9624\" srcset=\"https:\/\/paca.lpo.fr\/blogs\/hyeres-les-maures\/files\/2024\/04\/cuivre.jpg 1024w, https:\/\/paca.lpo.fr\/blogs\/hyeres-les-maures\/files\/2024\/04\/cuivre-768x480.jpg 768w\" sizes=\"auto, (max-width: 1024px) 100vw, 1024px\" \/><\/figure>\n\n\n\n<figure class=\"wp-block-image size-full\"><img loading=\"lazy\" decoding=\"async\" width=\"1024\" height=\"839\" src=\"https:\/\/paca.lpo.fr\/blogs\/hyeres-les-maures\/files\/2024\/04\/megere-et-cetoine.jpg\" alt=\"\" class=\"wp-image-9625\" srcset=\"https:\/\/paca.lpo.fr\/blogs\/hyeres-les-maures\/files\/2024\/04\/megere-et-cetoine.jpg 1024w, https:\/\/paca.lpo.fr\/blogs\/hyeres-les-maures\/files\/2024\/04\/megere-et-cetoine-768x629.jpg 768w\" sizes=\"auto, (max-width: 1024px) 100vw, 1024px\" \/><\/figure>\n\n\n\n<p><br>Pour les plantes, card\u00e8res, plantes exotiques et des chardons maries qui ont tendance \u00e0 fermer les chemins de visite.<br>Lors de notre d\u00e9part, l\u2019arbre aux h\u00e9rons est devenu un arbre \u00e0 choucas.<\/p>\n\n\n\n<figure class=\"wp-block-image size-full\"><img loading=\"lazy\" decoding=\"async\" width=\"1024\" height=\"700\" src=\"https:\/\/paca.lpo.fr\/blogs\/hyeres-les-maures\/files\/2024\/04\/arbre-a-choucas.jpg\" alt=\"\" class=\"wp-image-9618\" srcset=\"https:\/\/paca.lpo.fr\/blogs\/hyeres-les-maures\/files\/2024\/04\/arbre-a-choucas.jpg 1024w, https:\/\/paca.lpo.fr\/blogs\/hyeres-les-maures\/files\/2024\/04\/arbre-a-choucas-768x525.jpg 768w\" sizes=\"auto, (max-width: 1024px) 100vw, 1024px\" \/><\/figure>\n\n\n\n<p><br><br>Gilles<br><\/p>\n","protected":false},"excerpt":{"rendered":"<p>Dianes, nettes, scilles et ibis.Une sortie ornitho-botano-entomologiste \u00e9tait organis\u00e9e ce jeudi 4 avril \u00e0 la Lieurette.Nous sommes accueillis par un arbre couvert de h\u00e9rons garde-b\u0153ufs et d\u2019aigrettes garzettes. Une huppe et des bouscarles nous saluent de leurs barrissements joyeux.Un h\u00e9ron d\u00e9bonnaire nous observe toute la matin\u00e9e sans jamais bouger. La biodiversit\u00e9 est bien repr\u00e9sent\u00e9e avec&nbsp;:Pour [&hellip;]<\/p>\n","protected":false},"author":117,"featured_media":9616,"comment_status":"open","ping_status":"open","sticky":false,"template":"","format":"standard","meta":{"footnotes":""},"categories":[1],"tags":[],"class_list":["post-9610","post","type-post","status-publish","format-standard","has-post-thumbnail","hentry","category-actualites-generales"],"jetpack_featured_media_url":"https:\/\/paca.lpo.fr\/blogs\/hyeres-les-maures\/files\/2024\/04\/dscn7574.jpg","_links":{"self":[{"href":"https:\/\/paca.lpo.fr\/blogs\/hyeres-les-maures\/wp-json\/wp\/v2\/posts\/9610","targetHints":{"allow":["GET"]}}],"collection":[{"href":"https:\/\/paca.lpo.fr\/blogs\/hyeres-les-maures\/wp-json\/wp\/v2\/posts"}],"about":[{"href":"https:\/\/paca.lpo.fr\/blogs\/hyeres-les-maures\/wp-json\/wp\/v2\/types\/post"}],"author":[{"embeddable":true,"href":"https:\/\/paca.lpo.fr\/blogs\/hyeres-les-maures\/wp-json\/wp\/v2\/users\/117"}],"replies":[{"embeddable":true,"href":"https:\/\/paca.lpo.fr\/blogs\/hyeres-les-maures\/wp-json\/wp\/v2\/comments?post=9610"}],"version-history":[{"count":4,"href":"https:\/\/paca.lpo.fr\/blogs\/hyeres-les-maures\/wp-json\/wp\/v2\/posts\/9610\/revisions"}],"predecessor-version":[{"id":9629,"href":"https:\/\/paca.lpo.fr\/blogs\/hyeres-les-maures\/wp-json\/wp\/v2\/posts\/9610\/revisions\/9629"}],"wp:featuredmedia":[{"embeddable":true,"href":"https:\/\/paca.lpo.fr\/blogs\/hyeres-les-maures\/wp-json\/wp\/v2\/media\/9616"}],"wp:attachment":[{"href":"https:\/\/paca.lpo.fr\/blogs\/hyeres-les-maures\/wp-json\/wp\/v2\/media?parent=9610"}],"wp:term":[{"taxonomy":"category","embeddable":true,"href":"https:\/\/paca.lpo.fr\/blogs\/hyeres-les-maures\/wp-json\/wp\/v2\/categories?post=9610"},{"taxonomy":"post_tag","embeddable":true,"href":"https:\/\/paca.lpo.fr\/blogs\/hyeres-les-maures\/wp-json\/wp\/v2\/tags?post=9610"}],"curies":[{"name":"wp","href":"https:\/\/api.w.org\/{rel}","templated":true}]}}