{"id":9651,"date":"2024-04-17T18:58:21","date_gmt":"2024-04-17T17:58:21","guid":{"rendered":"https:\/\/paca.lpo.fr\/blogs\/hyeres-les-maures\/?p=9651"},"modified":"2024-04-17T18:58:22","modified_gmt":"2024-04-17T17:58:22","slug":"inventaire-jardin-du-real","status":"publish","type":"post","link":"https:\/\/paca.lpo.fr\/blogs\/hyeres-les-maures\/2024\/04\/17\/inventaire-jardin-du-real\/","title":{"rendered":"Inventaire jardin du R\u00e9al"},"content":{"rendered":"\n<p>Suite \u00e0 la derni\u00e8re r\u00e9union du groupe, quatre d\u2019entre nous sommes all\u00e9s recenser les diff\u00e9rents volatiles pr\u00e9sents dans le Jardin du R\u00e9al le mercredi 17 avril.<br>Ce petit \u00e9crin nich\u00e9 dans les collines de Puget-Ville est un jardin m\u00e9langeant plantes locales et plantes exotiques dans un joyeux fouillis, \u00e0 mille lieux du jardin monastique et sacerdotale de Nicole.<br>Cr\u00e9\u00e9 et g\u00e9r\u00e9 \u00e9cologiquement par Franck, passionn\u00e9 et hospitalier.<\/p>\n\n\n\n<figure class=\"wp-block-image size-full\"><img loading=\"lazy\" decoding=\"async\" width=\"768\" height=\"1024\" src=\"https:\/\/paca.lpo.fr\/blogs\/hyeres-les-maures\/files\/2024\/04\/20240417-093314.jpg\" alt=\"\" class=\"wp-image-9702\" srcset=\"https:\/\/paca.lpo.fr\/blogs\/hyeres-les-maures\/files\/2024\/04\/20240417-093314.jpg 768w, https:\/\/paca.lpo.fr\/blogs\/hyeres-les-maures\/files\/2024\/04\/20240417-093314-576x768.jpg 576w\" sizes=\"auto, (max-width: 768px) 100vw, 768px\" \/><\/figure>\n\n\n\n<p><br>En vrac, ont \u00e9t\u00e9 contact\u00e9s\u00a0: m\u00e9sanges bleues, hupp\u00e9es et charbonni\u00e8res, rossignols, panettone \u00e0 l\u2019orange et p\u00e9pites de chocolats,<\/p>\n\n\n\n<figure class=\"wp-block-image size-full\"><img loading=\"lazy\" decoding=\"async\" width=\"768\" height=\"1024\" src=\"https:\/\/paca.lpo.fr\/blogs\/hyeres-les-maures\/files\/2024\/04\/20240417-084352.jpg\" alt=\"\" class=\"wp-image-9698\" srcset=\"https:\/\/paca.lpo.fr\/blogs\/hyeres-les-maures\/files\/2024\/04\/20240417-084352.jpg 768w, https:\/\/paca.lpo.fr\/blogs\/hyeres-les-maures\/files\/2024\/04\/20240417-084352-576x768.jpg 576w\" sizes=\"auto, (max-width: 768px) 100vw, 768px\" \/><\/figure>\n\n\n\n<p> grand corbeau, tasse de th\u00e9 et de caf\u00e9,<\/p>\n\n\n\n<figure class=\"wp-block-image size-full\"><img loading=\"lazy\" decoding=\"async\" width=\"768\" height=\"1024\" src=\"https:\/\/paca.lpo.fr\/blogs\/hyeres-les-maures\/files\/2024\/04\/20240417-084356.jpg\" alt=\"\" class=\"wp-image-9701\" srcset=\"https:\/\/paca.lpo.fr\/blogs\/hyeres-les-maures\/files\/2024\/04\/20240417-084356.jpg 768w, https:\/\/paca.lpo.fr\/blogs\/hyeres-les-maures\/files\/2024\/04\/20240417-084356-576x768.jpg 576w\" sizes=\"auto, (max-width: 768px) 100vw, 768px\" \/><\/figure>\n\n\n\n<p> pouillots fitis, panettone \u00e0 la fraises et framboises, serins, paons, buses, sitelles, pies et pinsons.<br>Bref, une belle rencontre dans un superbe endroit.<\/p>\n\n\n\n<figure class=\"wp-block-image size-full\"><img loading=\"lazy\" decoding=\"async\" width=\"768\" height=\"1024\" src=\"https:\/\/paca.lpo.fr\/blogs\/hyeres-les-maures\/files\/2024\/04\/20240417-082837.jpg\" alt=\"\" class=\"wp-image-9700\" srcset=\"https:\/\/paca.lpo.fr\/blogs\/hyeres-les-maures\/files\/2024\/04\/20240417-082837.jpg 768w, https:\/\/paca.lpo.fr\/blogs\/hyeres-les-maures\/files\/2024\/04\/20240417-082837-576x768.jpg 576w\" sizes=\"auto, (max-width: 768px) 100vw, 768px\" \/><\/figure>\n\n\n\n<p><br>Gilles.<\/p>\n","protected":false},"excerpt":{"rendered":"<p>Suite \u00e0 la derni\u00e8re r\u00e9union du groupe, quatre d\u2019entre nous sommes all\u00e9s recenser les diff\u00e9rents volatiles pr\u00e9sents dans le Jardin du R\u00e9al le mercredi 17 avril.Ce petit \u00e9crin nich\u00e9 dans les collines de Puget-Ville est un jardin m\u00e9langeant plantes locales et plantes exotiques dans un joyeux fouillis, \u00e0 mille lieux du jardin monastique et sacerdotale [&hellip;]<\/p>\n","protected":false},"author":117,"featured_media":9699,"comment_status":"open","ping_status":"open","sticky":false,"template":"","format":"standard","meta":{"footnotes":""},"categories":[1],"tags":[],"class_list":["post-9651","post","type-post","status-publish","format-standard","has-post-thumbnail","hentry","category-actualites-generales"],"jetpack_featured_media_url":"https:\/\/paca.lpo.fr\/blogs\/hyeres-les-maures\/files\/2024\/04\/20240417-082822.jpg","_links":{"self":[{"href":"https:\/\/paca.lpo.fr\/blogs\/hyeres-les-maures\/wp-json\/wp\/v2\/posts\/9651","targetHints":{"allow":["GET"]}}],"collection":[{"href":"https:\/\/paca.lpo.fr\/blogs\/hyeres-les-maures\/wp-json\/wp\/v2\/posts"}],"about":[{"href":"https:\/\/paca.lpo.fr\/blogs\/hyeres-les-maures\/wp-json\/wp\/v2\/types\/post"}],"author":[{"embeddable":true,"href":"https:\/\/paca.lpo.fr\/blogs\/hyeres-les-maures\/wp-json\/wp\/v2\/users\/117"}],"replies":[{"embeddable":true,"href":"https:\/\/paca.lpo.fr\/blogs\/hyeres-les-maures\/wp-json\/wp\/v2\/comments?post=9651"}],"version-history":[{"count":3,"href":"https:\/\/paca.lpo.fr\/blogs\/hyeres-les-maures\/wp-json\/wp\/v2\/posts\/9651\/revisions"}],"predecessor-version":[{"id":9704,"href":"https:\/\/paca.lpo.fr\/blogs\/hyeres-les-maures\/wp-json\/wp\/v2\/posts\/9651\/revisions\/9704"}],"wp:featuredmedia":[{"embeddable":true,"href":"https:\/\/paca.lpo.fr\/blogs\/hyeres-les-maures\/wp-json\/wp\/v2\/media\/9699"}],"wp:attachment":[{"href":"https:\/\/paca.lpo.fr\/blogs\/hyeres-les-maures\/wp-json\/wp\/v2\/media?parent=9651"}],"wp:term":[{"taxonomy":"category","embeddable":true,"href":"https:\/\/paca.lpo.fr\/blogs\/hyeres-les-maures\/wp-json\/wp\/v2\/categories?post=9651"},{"taxonomy":"post_tag","embeddable":true,"href":"https:\/\/paca.lpo.fr\/blogs\/hyeres-les-maures\/wp-json\/wp\/v2\/tags?post=9651"}],"curies":[{"name":"wp","href":"https:\/\/api.w.org\/{rel}","templated":true}]}}