{"id":9726,"date":"2024-04-21T20:40:06","date_gmt":"2024-04-21T19:40:06","guid":{"rendered":"https:\/\/paca.lpo.fr\/blogs\/hyeres-les-maures\/?p=9726"},"modified":"2024-04-21T21:22:13","modified_gmt":"2024-04-21T20:22:13","slug":"lieurette-sous-le-vent-2","status":"publish","type":"post","link":"https:\/\/paca.lpo.fr\/blogs\/hyeres-les-maures\/2024\/04\/21\/lieurette-sous-le-vent-2\/","title":{"rendered":"Lieurette sous le vent"},"content":{"rendered":"\n<p>Ibis et Iris<\/p>\n\n\n\n<p>Ce 20 avril, une balade ornithologique est organis\u00e9e \u00e0 la Lieurette. 3 b\u00e9n\u00e9voles, 12 inscrits, 9 pr\u00e9sents, la ran\u00e7on de la gratuit\u00e9 sans doute.<\/p>\n\n\n\n<figure class=\"wp-block-image size-full\"><img loading=\"lazy\" decoding=\"async\" width=\"1024\" height=\"682\" src=\"https:\/\/paca.lpo.fr\/blogs\/hyeres-les-maures\/files\/2024\/04\/dsc04403.jpg\" alt=\"\" class=\"wp-image-9728\" srcset=\"https:\/\/paca.lpo.fr\/blogs\/hyeres-les-maures\/files\/2024\/04\/dsc04403.jpg 1024w, https:\/\/paca.lpo.fr\/blogs\/hyeres-les-maures\/files\/2024\/04\/dsc04403-768x512.jpg 768w\" sizes=\"auto, (max-width: 1024px) 100vw, 1024px\" \/><\/figure>\n\n\n\n<figure class=\"wp-block-image size-full\"><img loading=\"lazy\" decoding=\"async\" width=\"1024\" height=\"682\" src=\"https:\/\/paca.lpo.fr\/blogs\/hyeres-les-maures\/files\/2024\/04\/dsc04407.jpg\" alt=\"\" class=\"wp-image-9729\" srcset=\"https:\/\/paca.lpo.fr\/blogs\/hyeres-les-maures\/files\/2024\/04\/dsc04407.jpg 1024w, https:\/\/paca.lpo.fr\/blogs\/hyeres-les-maures\/files\/2024\/04\/dsc04407-768x512.jpg 768w\" sizes=\"auto, (max-width: 1024px) 100vw, 1024px\" \/><\/figure>\n\n\n\n<p>Le vent est tr\u00e8s pr\u00e9sent et g\u00e2chera un peu notre plaisir. Le public est impatient de recevoir mon docte enseignement. Tel un proph\u00e8te, je leur promets d\u2019entr\u00e9e qu\u2019ils ne verront pas de flamands roses et qu\u2019ils entendront des bouscarles. Ils ne seront pas d\u00e9\u00e7us.<\/p>\n\n\n\n<p><\/p>\n\n\n\n<p>Toutefois, le public est exigeant et r\u00e9clame des cigognes. La LPO ne reculant devant rien, deux cigognes sont donc rapidement mises en places au milieu des aigrettes garzettes. Plus loin, une dizaines d\u2019ibis sont cach\u00e9s au milieu des iris en fleurs,<\/p>\n\n\n\n<figure class=\"wp-block-image size-full\"><img loading=\"lazy\" decoding=\"async\" width=\"1024\" height=\"683\" src=\"https:\/\/paca.lpo.fr\/blogs\/hyeres-les-maures\/files\/2024\/04\/dsc04449.jpg\" alt=\"\" class=\"wp-image-9731\" srcset=\"https:\/\/paca.lpo.fr\/blogs\/hyeres-les-maures\/files\/2024\/04\/dsc04449.jpg 1024w, https:\/\/paca.lpo.fr\/blogs\/hyeres-les-maures\/files\/2024\/04\/dsc04449-768x512.jpg 768w\" sizes=\"auto, (max-width: 1024px) 100vw, 1024px\" \/><\/figure>\n\n\n\n<figure class=\"wp-block-image size-full\"><img loading=\"lazy\" decoding=\"async\" width=\"1024\" height=\"683\" src=\"https:\/\/paca.lpo.fr\/blogs\/hyeres-les-maures\/files\/2024\/04\/dsc04446.jpg\" alt=\"\" class=\"wp-image-9741\" srcset=\"https:\/\/paca.lpo.fr\/blogs\/hyeres-les-maures\/files\/2024\/04\/dsc04446.jpg 1024w, https:\/\/paca.lpo.fr\/blogs\/hyeres-les-maures\/files\/2024\/04\/dsc04446-768x512.jpg 768w\" sizes=\"auto, (max-width: 1024px) 100vw, 1024px\" \/><\/figure>\n\n\n\n<figure class=\"wp-block-image size-full\"><img loading=\"lazy\" decoding=\"async\" width=\"961\" height=\"1024\" src=\"https:\/\/paca.lpo.fr\/blogs\/hyeres-les-maures\/files\/2024\/04\/dscn8397.jpg\" alt=\"\" class=\"wp-image-9732\" srcset=\"https:\/\/paca.lpo.fr\/blogs\/hyeres-les-maures\/files\/2024\/04\/dscn8397.jpg 961w, https:\/\/paca.lpo.fr\/blogs\/hyeres-les-maures\/files\/2024\/04\/dscn8397-721x768.jpg 721w, https:\/\/paca.lpo.fr\/blogs\/hyeres-les-maures\/files\/2024\/04\/dscn8397-768x818.jpg 768w\" sizes=\"auto, (max-width: 961px) 100vw, 961px\" \/><\/figure>\n\n\n\n<p> m\u00eal\u00e9s \u00e0 quelques chevaliers sylvains (rappelez-vous, celui aux sourcils blancs qui fait tchip tchip).<\/p>\n\n\n\n<figure class=\"wp-block-image size-full\"><img loading=\"lazy\" decoding=\"async\" width=\"1024\" height=\"682\" src=\"https:\/\/paca.lpo.fr\/blogs\/hyeres-les-maures\/files\/2024\/04\/dsc04409.jpg\" alt=\"\" class=\"wp-image-9730\" srcset=\"https:\/\/paca.lpo.fr\/blogs\/hyeres-les-maures\/files\/2024\/04\/dsc04409.jpg 1024w, https:\/\/paca.lpo.fr\/blogs\/hyeres-les-maures\/files\/2024\/04\/dsc04409-768x512.jpg 768w\" sizes=\"auto, (max-width: 1024px) 100vw, 1024px\" \/><\/figure>\n\n\n\n<figure class=\"wp-block-image size-full\"><img loading=\"lazy\" decoding=\"async\" width=\"1024\" height=\"994\" src=\"https:\/\/paca.lpo.fr\/blogs\/hyeres-les-maures\/files\/2024\/04\/dscn8386.jpg\" alt=\"\" class=\"wp-image-9742\" srcset=\"https:\/\/paca.lpo.fr\/blogs\/hyeres-les-maures\/files\/2024\/04\/dscn8386.jpg 1024w, https:\/\/paca.lpo.fr\/blogs\/hyeres-les-maures\/files\/2024\/04\/dscn8386-768x746.jpg 768w\" sizes=\"auto, (max-width: 1024px) 100vw, 1024px\" \/><\/figure>\n\n\n\n<p>Cot\u00e9 l\u00e9pidopt\u00e8res, un paon de jour joue avec nos nerfs et ne se laisse pas photographier. En raison de l\u2019abondance de chardons le parcours a d\u00fb \u00eatre modifi\u00e9 ce qui me vaudra de tomber nez \u00e0 bec avec un h\u00e9ron bihoreau au bord de la Sauvette, malheureusement seuls les \u00e9lus situ\u00e9s pr\u00e8s de moi purent l\u2019apercevoir.<\/p>\n\n\n\n<figure class=\"wp-block-image size-full\"><img loading=\"lazy\" decoding=\"async\" width=\"1024\" height=\"682\" src=\"https:\/\/paca.lpo.fr\/blogs\/hyeres-les-maures\/files\/2024\/04\/dsc04433.jpg\" alt=\"\" class=\"wp-image-9733\" srcset=\"https:\/\/paca.lpo.fr\/blogs\/hyeres-les-maures\/files\/2024\/04\/dsc04433.jpg 1024w, https:\/\/paca.lpo.fr\/blogs\/hyeres-les-maures\/files\/2024\/04\/dsc04433-768x512.jpg 768w\" sizes=\"auto, (max-width: 1024px) 100vw, 1024px\" \/><\/figure>\n\n\n\n<figure class=\"wp-block-image size-full\"><img loading=\"lazy\" decoding=\"async\" width=\"1024\" height=\"683\" src=\"https:\/\/paca.lpo.fr\/blogs\/hyeres-les-maures\/files\/2024\/04\/dsc04414.jpg\" alt=\"\" class=\"wp-image-9734\" srcset=\"https:\/\/paca.lpo.fr\/blogs\/hyeres-les-maures\/files\/2024\/04\/dsc04414.jpg 1024w, https:\/\/paca.lpo.fr\/blogs\/hyeres-les-maures\/files\/2024\/04\/dsc04414-768x512.jpg 768w\" sizes=\"auto, (max-width: 1024px) 100vw, 1024px\" \/><\/figure>\n\n\n\n<figure class=\"wp-block-image size-full\"><img loading=\"lazy\" decoding=\"async\" width=\"1024\" height=\"683\" src=\"https:\/\/paca.lpo.fr\/blogs\/hyeres-les-maures\/files\/2024\/04\/dsc04435.jpg\" alt=\"\" class=\"wp-image-9735\" srcset=\"https:\/\/paca.lpo.fr\/blogs\/hyeres-les-maures\/files\/2024\/04\/dsc04435.jpg 1024w, https:\/\/paca.lpo.fr\/blogs\/hyeres-les-maures\/files\/2024\/04\/dsc04435-768x512.jpg 768w\" sizes=\"auto, (max-width: 1024px) 100vw, 1024px\" \/><\/figure>\n\n\n\n<figure class=\"wp-block-image size-full\"><img loading=\"lazy\" decoding=\"async\" width=\"1024\" height=\"683\" src=\"https:\/\/paca.lpo.fr\/blogs\/hyeres-les-maures\/files\/2024\/04\/dsc04437.jpg\" alt=\"\" class=\"wp-image-9736\" srcset=\"https:\/\/paca.lpo.fr\/blogs\/hyeres-les-maures\/files\/2024\/04\/dsc04437.jpg 1024w, https:\/\/paca.lpo.fr\/blogs\/hyeres-les-maures\/files\/2024\/04\/dsc04437-768x512.jpg 768w\" sizes=\"auto, (max-width: 1024px) 100vw, 1024px\" \/><\/figure>\n\n\n\n<figure class=\"wp-block-image size-full\"><img loading=\"lazy\" decoding=\"async\" width=\"1024\" height=\"683\" src=\"https:\/\/paca.lpo.fr\/blogs\/hyeres-les-maures\/files\/2024\/04\/dsc04438.jpg\" alt=\"\" class=\"wp-image-9737\" srcset=\"https:\/\/paca.lpo.fr\/blogs\/hyeres-les-maures\/files\/2024\/04\/dsc04438.jpg 1024w, https:\/\/paca.lpo.fr\/blogs\/hyeres-les-maures\/files\/2024\/04\/dsc04438-768x512.jpg 768w\" sizes=\"auto, (max-width: 1024px) 100vw, 1024px\" \/><\/figure>\n\n\n\n<figure class=\"wp-block-image size-full\"><img loading=\"lazy\" decoding=\"async\" width=\"1024\" height=\"683\" src=\"https:\/\/paca.lpo.fr\/blogs\/hyeres-les-maures\/files\/2024\/04\/dsc04439.jpg\" alt=\"\" class=\"wp-image-9738\" srcset=\"https:\/\/paca.lpo.fr\/blogs\/hyeres-les-maures\/files\/2024\/04\/dsc04439.jpg 1024w, https:\/\/paca.lpo.fr\/blogs\/hyeres-les-maures\/files\/2024\/04\/dsc04439-768x512.jpg 768w\" sizes=\"auto, (max-width: 1024px) 100vw, 1024px\" \/><\/figure>\n\n\n\n<figure class=\"wp-block-image size-full\"><img loading=\"lazy\" decoding=\"async\" width=\"1024\" height=\"683\" src=\"https:\/\/paca.lpo.fr\/blogs\/hyeres-les-maures\/files\/2024\/04\/dsc04445-1.jpg\" alt=\"\" class=\"wp-image-9745\" srcset=\"https:\/\/paca.lpo.fr\/blogs\/hyeres-les-maures\/files\/2024\/04\/dsc04445-1.jpg 1024w, https:\/\/paca.lpo.fr\/blogs\/hyeres-les-maures\/files\/2024\/04\/dsc04445-1-768x512.jpg 768w\" sizes=\"auto, (max-width: 1024px) 100vw, 1024px\" \/><\/figure>\n\n\n\n\n\n<p>Les deux esp\u00e8ces phares situ\u00e9es en photos \u00e0 l\u2019entr\u00e9e du domaine (diane et marouette) sont rest\u00e9es discr\u00e8tes afin de pas agacer les autres b\u00e9n\u00e9voles ayant pr\u00e9f\u00e9r\u00e9s fuirent ma pr\u00e9sence et s\u2019enquiquiner \u00e0 identifier des plantes avec Pierre et consort.<\/p>\n\n\n\n<p>Gilles<\/p>\n","protected":false},"excerpt":{"rendered":"<p>Ibis et Iris Ce 20 avril, une balade ornithologique est organis\u00e9e \u00e0 la Lieurette. 3 b\u00e9n\u00e9voles, 12 inscrits, 9 pr\u00e9sents, la ran\u00e7on de la gratuit\u00e9 sans doute. Le vent est tr\u00e8s pr\u00e9sent et g\u00e2chera un peu notre plaisir. Le public est impatient de recevoir mon docte enseignement. Tel un proph\u00e8te, je leur promets d\u2019entr\u00e9e qu\u2019ils [&hellip;]<\/p>\n","protected":false},"author":117,"featured_media":9727,"comment_status":"open","ping_status":"open","sticky":false,"template":"","format":"standard","meta":{"footnotes":""},"categories":[1],"tags":[],"class_list":["post-9726","post","type-post","status-publish","format-standard","has-post-thumbnail","hentry","category-actualites-generales"],"jetpack_featured_media_url":"https:\/\/paca.lpo.fr\/blogs\/hyeres-les-maures\/files\/2024\/04\/dsc04402.jpg","_links":{"self":[{"href":"https:\/\/paca.lpo.fr\/blogs\/hyeres-les-maures\/wp-json\/wp\/v2\/posts\/9726","targetHints":{"allow":["GET"]}}],"collection":[{"href":"https:\/\/paca.lpo.fr\/blogs\/hyeres-les-maures\/wp-json\/wp\/v2\/posts"}],"about":[{"href":"https:\/\/paca.lpo.fr\/blogs\/hyeres-les-maures\/wp-json\/wp\/v2\/types\/post"}],"author":[{"embeddable":true,"href":"https:\/\/paca.lpo.fr\/blogs\/hyeres-les-maures\/wp-json\/wp\/v2\/users\/117"}],"replies":[{"embeddable":true,"href":"https:\/\/paca.lpo.fr\/blogs\/hyeres-les-maures\/wp-json\/wp\/v2\/comments?post=9726"}],"version-history":[{"count":4,"href":"https:\/\/paca.lpo.fr\/blogs\/hyeres-les-maures\/wp-json\/wp\/v2\/posts\/9726\/revisions"}],"predecessor-version":[{"id":9746,"href":"https:\/\/paca.lpo.fr\/blogs\/hyeres-les-maures\/wp-json\/wp\/v2\/posts\/9726\/revisions\/9746"}],"wp:featuredmedia":[{"embeddable":true,"href":"https:\/\/paca.lpo.fr\/blogs\/hyeres-les-maures\/wp-json\/wp\/v2\/media\/9727"}],"wp:attachment":[{"href":"https:\/\/paca.lpo.fr\/blogs\/hyeres-les-maures\/wp-json\/wp\/v2\/media?parent=9726"}],"wp:term":[{"taxonomy":"category","embeddable":true,"href":"https:\/\/paca.lpo.fr\/blogs\/hyeres-les-maures\/wp-json\/wp\/v2\/categories?post=9726"},{"taxonomy":"post_tag","embeddable":true,"href":"https:\/\/paca.lpo.fr\/blogs\/hyeres-les-maures\/wp-json\/wp\/v2\/tags?post=9726"}],"curies":[{"name":"wp","href":"https:\/\/api.w.org\/{rel}","templated":true}]}}