{"id":9841,"date":"2024-05-07T16:56:51","date_gmt":"2024-05-07T15:56:51","guid":{"rendered":"https:\/\/paca.lpo.fr\/blogs\/hyeres-les-maures\/?p=9841"},"modified":"2024-05-07T16:56:52","modified_gmt":"2024-05-07T15:56:52","slug":"fete-nature-la-londe","status":"publish","type":"post","link":"https:\/\/paca.lpo.fr\/blogs\/hyeres-les-maures\/2024\/05\/07\/fete-nature-la-londe\/","title":{"rendered":"F\u00eate nature la Londe"},"content":{"rendered":"\n<p>Dimanche 5 mai f\u00eate de la nature \u00e0 la Londe<\/p>\n\n\n\n<p>Joseph installe le stand avec Michel . une fois le stand install\u00e9 Sylvia et Marc arrivent<\/p>\n\n\n\n<figure class=\"wp-block-image size-full\"><img loading=\"lazy\" decoding=\"async\" width=\"1024\" height=\"682\" src=\"https:\/\/paca.lpo.fr\/blogs\/hyeres-les-maures\/files\/2024\/05\/dsc05672.jpg\" alt=\"\" class=\"wp-image-9887\" srcset=\"https:\/\/paca.lpo.fr\/blogs\/hyeres-les-maures\/files\/2024\/05\/dsc05672.jpg 1024w, https:\/\/paca.lpo.fr\/blogs\/hyeres-les-maures\/files\/2024\/05\/dsc05672-768x512.jpg 768w\" sizes=\"auto, (max-width: 1024px) 100vw, 1024px\" \/><\/figure>\n\n\n\n<p>Bonne ambiance, de nombreux stands, mais une sono qui ne permettait pas de s&rsquo;entendre avec les visiteurs de l&rsquo;autre c\u00f4t\u00e9 de la table et pas de calme pendant la pause repas. Difficile de rester toute une journ\u00e9e dans le bruit.<\/p>\n\n\n\n<figure class=\"wp-block-image size-full\"><img loading=\"lazy\" decoding=\"async\" width=\"1024\" height=\"683\" src=\"https:\/\/paca.lpo.fr\/blogs\/hyeres-les-maures\/files\/2024\/05\/dsc05671.jpg\" alt=\"\" class=\"wp-image-9888\" srcset=\"https:\/\/paca.lpo.fr\/blogs\/hyeres-les-maures\/files\/2024\/05\/dsc05671.jpg 1024w, https:\/\/paca.lpo.fr\/blogs\/hyeres-les-maures\/files\/2024\/05\/dsc05671-768x512.jpg 768w\" sizes=\"auto, (max-width: 1024px) 100vw, 1024px\" \/><\/figure>\n\n\n\n<figure class=\"wp-block-image size-full\"><img loading=\"lazy\" decoding=\"async\" width=\"1024\" height=\"683\" src=\"https:\/\/paca.lpo.fr\/blogs\/hyeres-les-maures\/files\/2024\/05\/dsc05669.jpg\" alt=\"\" class=\"wp-image-9889\" srcset=\"https:\/\/paca.lpo.fr\/blogs\/hyeres-les-maures\/files\/2024\/05\/dsc05669.jpg 1024w, https:\/\/paca.lpo.fr\/blogs\/hyeres-les-maures\/files\/2024\/05\/dsc05669-768x512.jpg 768w\" sizes=\"auto, (max-width: 1024px) 100vw, 1024px\" \/><\/figure>\n\n\n\n<p>Un dresseur de chiens d\u00e9cide Joseph \u00e0 dresser Kiss pour rabattre les oiseaux dans la marre d&rsquo;eau de la Lieurette<\/p>\n\n\n\n<figure class=\"wp-block-image size-full\"><img loading=\"lazy\" decoding=\"async\" width=\"1024\" height=\"682\" src=\"https:\/\/paca.lpo.fr\/blogs\/hyeres-les-maures\/files\/2024\/05\/dsc05673.jpg\" alt=\"\" class=\"wp-image-9890\" srcset=\"https:\/\/paca.lpo.fr\/blogs\/hyeres-les-maures\/files\/2024\/05\/dsc05673.jpg 1024w, https:\/\/paca.lpo.fr\/blogs\/hyeres-les-maures\/files\/2024\/05\/dsc05673-768x512.jpg 768w\" sizes=\"auto, (max-width: 1024px) 100vw, 1024px\" \/><\/figure>\n\n\n\n<figure class=\"wp-block-image size-full\"><img loading=\"lazy\" decoding=\"async\" width=\"1024\" height=\"682\" src=\"https:\/\/paca.lpo.fr\/blogs\/hyeres-les-maures\/files\/2024\/05\/dsc05674.jpg\" alt=\"\" class=\"wp-image-9891\" srcset=\"https:\/\/paca.lpo.fr\/blogs\/hyeres-les-maures\/files\/2024\/05\/dsc05674.jpg 1024w, https:\/\/paca.lpo.fr\/blogs\/hyeres-les-maures\/files\/2024\/05\/dsc05674-768x512.jpg 768w\" sizes=\"auto, (max-width: 1024px) 100vw, 1024px\" \/><\/figure>\n\n\n\n<figure class=\"wp-block-image size-full\"><img loading=\"lazy\" decoding=\"async\" width=\"1024\" height=\"683\" src=\"https:\/\/paca.lpo.fr\/blogs\/hyeres-les-maures\/files\/2024\/05\/dsc05676.jpg\" alt=\"\" class=\"wp-image-9892\" srcset=\"https:\/\/paca.lpo.fr\/blogs\/hyeres-les-maures\/files\/2024\/05\/dsc05676.jpg 1024w, https:\/\/paca.lpo.fr\/blogs\/hyeres-les-maures\/files\/2024\/05\/dsc05676-768x512.jpg 768w\" sizes=\"auto, (max-width: 1024px) 100vw, 1024px\" \/><\/figure>\n\n\n\n<figure class=\"wp-block-image size-full\"><img loading=\"lazy\" decoding=\"async\" width=\"1024\" height=\"683\" src=\"https:\/\/paca.lpo.fr\/blogs\/hyeres-les-maures\/files\/2024\/05\/dsc05678.jpg\" alt=\"\" class=\"wp-image-9893\" srcset=\"https:\/\/paca.lpo.fr\/blogs\/hyeres-les-maures\/files\/2024\/05\/dsc05678.jpg 1024w, https:\/\/paca.lpo.fr\/blogs\/hyeres-les-maures\/files\/2024\/05\/dsc05678-768x512.jpg 768w\" sizes=\"auto, (max-width: 1024px) 100vw, 1024px\" \/><\/figure>\n","protected":false},"excerpt":{"rendered":"<p>Dimanche 5 mai f\u00eate de la nature \u00e0 la Londe Joseph installe le stand avec Michel . une fois le stand install\u00e9 Sylvia et Marc arrivent Bonne ambiance, de nombreux stands, mais une sono qui ne permettait pas de s&rsquo;entendre avec les visiteurs de l&rsquo;autre c\u00f4t\u00e9 de la table et pas de calme pendant la [&hellip;]<\/p>\n","protected":false},"author":117,"featured_media":9886,"comment_status":"open","ping_status":"open","sticky":false,"template":"","format":"standard","meta":{"footnotes":""},"categories":[1],"tags":[],"class_list":["post-9841","post","type-post","status-publish","format-standard","has-post-thumbnail","hentry","category-actualites-generales"],"jetpack_featured_media_url":"https:\/\/paca.lpo.fr\/blogs\/hyeres-les-maures\/files\/2024\/05\/dsc05670.jpg","_links":{"self":[{"href":"https:\/\/paca.lpo.fr\/blogs\/hyeres-les-maures\/wp-json\/wp\/v2\/posts\/9841","targetHints":{"allow":["GET"]}}],"collection":[{"href":"https:\/\/paca.lpo.fr\/blogs\/hyeres-les-maures\/wp-json\/wp\/v2\/posts"}],"about":[{"href":"https:\/\/paca.lpo.fr\/blogs\/hyeres-les-maures\/wp-json\/wp\/v2\/types\/post"}],"author":[{"embeddable":true,"href":"https:\/\/paca.lpo.fr\/blogs\/hyeres-les-maures\/wp-json\/wp\/v2\/users\/117"}],"replies":[{"embeddable":true,"href":"https:\/\/paca.lpo.fr\/blogs\/hyeres-les-maures\/wp-json\/wp\/v2\/comments?post=9841"}],"version-history":[{"count":4,"href":"https:\/\/paca.lpo.fr\/blogs\/hyeres-les-maures\/wp-json\/wp\/v2\/posts\/9841\/revisions"}],"predecessor-version":[{"id":9896,"href":"https:\/\/paca.lpo.fr\/blogs\/hyeres-les-maures\/wp-json\/wp\/v2\/posts\/9841\/revisions\/9896"}],"wp:featuredmedia":[{"embeddable":true,"href":"https:\/\/paca.lpo.fr\/blogs\/hyeres-les-maures\/wp-json\/wp\/v2\/media\/9886"}],"wp:attachment":[{"href":"https:\/\/paca.lpo.fr\/blogs\/hyeres-les-maures\/wp-json\/wp\/v2\/media?parent=9841"}],"wp:term":[{"taxonomy":"category","embeddable":true,"href":"https:\/\/paca.lpo.fr\/blogs\/hyeres-les-maures\/wp-json\/wp\/v2\/categories?post=9841"},{"taxonomy":"post_tag","embeddable":true,"href":"https:\/\/paca.lpo.fr\/blogs\/hyeres-les-maures\/wp-json\/wp\/v2\/tags?post=9841"}],"curies":[{"name":"wp","href":"https:\/\/api.w.org\/{rel}","templated":true}]}}