{"id":9908,"date":"2024-05-14T08:16:09","date_gmt":"2024-05-14T07:16:09","guid":{"rendered":"https:\/\/paca.lpo.fr\/blogs\/hyeres-les-maures\/?p=9908"},"modified":"2024-05-14T08:16:10","modified_gmt":"2024-05-14T07:16:10","slug":"jardin-du-real-11","status":"publish","type":"post","link":"https:\/\/paca.lpo.fr\/blogs\/hyeres-les-maures\/2024\/05\/14\/jardin-du-real-11\/","title":{"rendered":"Jardin du R\u00e9al"},"content":{"rendered":"\n<p>\u00ab\u00a0F\u00eate du Printemps au Jardin du R\u00e9al\u00a0\u00bb samedi 11 et dimanche 12 main<br><br>Samedi. <br>Il est 08 heures du matin et la travers\u00e9e de la plaine viticole de Puget se fait tout en douceur. Le soleil illumine les vignes et laisse pr\u00e9sager une journ\u00e9e chaude et joyeuse.<br>A l&rsquo;arriv\u00e9e au Jardin, le rossignol est un t\u00e9nor infatigable. Le loriot s&rsquo;impose en soliste et le choeur des m\u00e9sanges offrent un concert des plus r\u00e9jouissants.<br>Le stand est rapidement install\u00e9 et les premiers visiteurs apprivoisent le Jardin.<\/p>\n\n\n\n<figure class=\"wp-block-image size-full\"><img loading=\"lazy\" decoding=\"async\" width=\"485\" height=\"1024\" src=\"https:\/\/paca.lpo.fr\/blogs\/hyeres-les-maures\/files\/2024\/05\/calliandra-surinamensis-pompon-du-marin.jpg\" alt=\"\" class=\"wp-image-9955\" srcset=\"https:\/\/paca.lpo.fr\/blogs\/hyeres-les-maures\/files\/2024\/05\/calliandra-surinamensis-pompon-du-marin.jpg 485w, https:\/\/paca.lpo.fr\/blogs\/hyeres-les-maures\/files\/2024\/05\/calliandra-surinamensis-pompon-du-marin-364x768.jpg 364w\" sizes=\"auto, (max-width: 485px) 100vw, 485px\" \/><figcaption class=\"wp-element-caption\">calliandra surinamensis &#8211; pompon du marin<\/figcaption><\/figure>\n\n\n\n<figure class=\"wp-block-image size-full\"><img loading=\"lazy\" decoding=\"async\" width=\"485\" height=\"1024\" src=\"https:\/\/paca.lpo.fr\/blogs\/hyeres-les-maures\/files\/2024\/05\/cetoine-doree-ou-hanneton-des-roses.jpg\" alt=\"\" class=\"wp-image-9961\" srcset=\"https:\/\/paca.lpo.fr\/blogs\/hyeres-les-maures\/files\/2024\/05\/cetoine-doree-ou-hanneton-des-roses.jpg 485w, https:\/\/paca.lpo.fr\/blogs\/hyeres-les-maures\/files\/2024\/05\/cetoine-doree-ou-hanneton-des-roses-364x768.jpg 364w\" sizes=\"auto, (max-width: 485px) 100vw, 485px\" \/><figcaption class=\"wp-element-caption\">c\u00e9toine dor\u00e9e ou hanneton des roses<\/figcaption><\/figure>\n\n\n\n<figure class=\"wp-block-image size-full\"><img loading=\"lazy\" decoding=\"async\" width=\"1024\" height=\"485\" src=\"https:\/\/paca.lpo.fr\/blogs\/hyeres-les-maures\/files\/2024\/05\/image013.jpg\" alt=\"\" class=\"wp-image-9964\" srcset=\"https:\/\/paca.lpo.fr\/blogs\/hyeres-les-maures\/files\/2024\/05\/image013.jpg 1024w, https:\/\/paca.lpo.fr\/blogs\/hyeres-les-maures\/files\/2024\/05\/image013-768x364.jpg 768w\" sizes=\"auto, (max-width: 1024px) 100vw, 1024px\" \/><\/figure>\n\n\n\n<figure class=\"wp-block-image size-full\"><img loading=\"lazy\" decoding=\"async\" width=\"1024\" height=\"485\" src=\"https:\/\/paca.lpo.fr\/blogs\/hyeres-les-maures\/files\/2024\/05\/image015.jpg\" alt=\"\" class=\"wp-image-9965\" srcset=\"https:\/\/paca.lpo.fr\/blogs\/hyeres-les-maures\/files\/2024\/05\/image015.jpg 1024w, https:\/\/paca.lpo.fr\/blogs\/hyeres-les-maures\/files\/2024\/05\/image015-768x364.jpg 768w\" sizes=\"auto, (max-width: 1024px) 100vw, 1024px\" \/><\/figure>\n\n\n\n<figure class=\"wp-block-image size-full\"><img loading=\"lazy\" decoding=\"async\" width=\"485\" height=\"1024\" src=\"https:\/\/paca.lpo.fr\/blogs\/hyeres-les-maures\/files\/2024\/05\/jiminy-cricket.jpg\" alt=\"\" class=\"wp-image-9966\" srcset=\"https:\/\/paca.lpo.fr\/blogs\/hyeres-les-maures\/files\/2024\/05\/jiminy-cricket.jpg 485w, https:\/\/paca.lpo.fr\/blogs\/hyeres-les-maures\/files\/2024\/05\/jiminy-cricket-364x768.jpg 364w\" sizes=\"auto, (max-width: 485px) 100vw, 485px\" \/><figcaption class=\"wp-element-caption\">Jiminy Cricket<\/figcaption><\/figure>\n\n\n\n<figure class=\"wp-block-image size-full\"><img loading=\"lazy\" decoding=\"async\" width=\"1024\" height=\"485\" src=\"https:\/\/paca.lpo.fr\/blogs\/hyeres-les-maures\/files\/2024\/05\/leon.jpg\" alt=\"\" class=\"wp-image-9967\" srcset=\"https:\/\/paca.lpo.fr\/blogs\/hyeres-les-maures\/files\/2024\/05\/leon.jpg 1024w, https:\/\/paca.lpo.fr\/blogs\/hyeres-les-maures\/files\/2024\/05\/leon-768x364.jpg 768w\" sizes=\"auto, (max-width: 1024px) 100vw, 1024px\" \/><figcaption class=\"wp-element-caption\">L\u00e9on<\/figcaption><\/figure>\n\n\n\n<figure class=\"wp-block-image size-full\"><img loading=\"lazy\" decoding=\"async\" width=\"485\" height=\"1024\" src=\"https:\/\/paca.lpo.fr\/blogs\/hyeres-les-maures\/files\/2024\/05\/tulipier-de-virginie.jpg\" alt=\"\" class=\"wp-image-9968\" srcset=\"https:\/\/paca.lpo.fr\/blogs\/hyeres-les-maures\/files\/2024\/05\/tulipier-de-virginie.jpg 485w, https:\/\/paca.lpo.fr\/blogs\/hyeres-les-maures\/files\/2024\/05\/tulipier-de-virginie-364x768.jpg 364w\" sizes=\"auto, (max-width: 485px) 100vw, 485px\" \/><figcaption class=\"wp-element-caption\">tulipier de virginie<\/figcaption><\/figure>\n\n\n\n<figure class=\"wp-block-image size-full\"><img loading=\"lazy\" decoding=\"async\" width=\"485\" height=\"1024\" src=\"https:\/\/paca.lpo.fr\/blogs\/hyeres-les-maures\/files\/2024\/05\/image002.jpg\" alt=\"\" class=\"wp-image-9970\" srcset=\"https:\/\/paca.lpo.fr\/blogs\/hyeres-les-maures\/files\/2024\/05\/image002.jpg 485w, https:\/\/paca.lpo.fr\/blogs\/hyeres-les-maures\/files\/2024\/05\/image002-364x768.jpg 364w\" sizes=\"auto, (max-width: 485px) 100vw, 485px\" \/><figcaption class=\"wp-element-caption\">Observation du soleil<\/figcaption><\/figure>\n\n\n\n<p><br>Marc et Sylvia me rejoignent. Sylvia dispara\u00eet avec son appareil photo et Marc philosophe ! <\/p>\n\n\n\n<figure class=\"wp-block-image size-full\"><img loading=\"lazy\" decoding=\"async\" width=\"1024\" height=\"683\" src=\"https:\/\/paca.lpo.fr\/blogs\/hyeres-les-maures\/files\/2024\/05\/dsc06114.jpg\" alt=\"\" class=\"wp-image-9953\" srcset=\"https:\/\/paca.lpo.fr\/blogs\/hyeres-les-maures\/files\/2024\/05\/dsc06114.jpg 1024w, https:\/\/paca.lpo.fr\/blogs\/hyeres-les-maures\/files\/2024\/05\/dsc06114-768x512.jpg 768w\" sizes=\"auto, (max-width: 1024px) 100vw, 1024px\" \/><\/figure>\n\n\n\n<p><br><br>Dimanche. <br>Beau et chaud. Philippe me rejoint t\u00f4t sur le stand. Les exposants changent, les visiteurs aussi. Un groupe de Dunkerque et un groupe de Vend\u00e9e s&rsquo;attarderont avec joie sur notre stand LPO et se confronteront au jeu de la migration !<\/p>\n\n\n\n<figure class=\"wp-block-image size-full\"><img loading=\"lazy\" decoding=\"async\" width=\"1024\" height=\"485\" src=\"https:\/\/paca.lpo.fr\/blogs\/hyeres-les-maures\/files\/2024\/05\/image020.jpg\" alt=\"\" class=\"wp-image-9957\" srcset=\"https:\/\/paca.lpo.fr\/blogs\/hyeres-les-maures\/files\/2024\/05\/image020.jpg 1024w, https:\/\/paca.lpo.fr\/blogs\/hyeres-les-maures\/files\/2024\/05\/image020-768x364.jpg 768w\" sizes=\"auto, (max-width: 1024px) 100vw, 1024px\" \/><\/figure>\n\n\n\n<p><br>A midi Joseph, en famille, prend le relais et nous permet une pause d\u00e9jeuner sous la pergola o\u00f9 une daube est servie.<\/p>\n\n\n\n<figure class=\"wp-block-image size-full\"><img loading=\"lazy\" decoding=\"async\" width=\"485\" height=\"1024\" src=\"https:\/\/paca.lpo.fr\/blogs\/hyeres-les-maures\/files\/2024\/05\/kiss-fait-la-belle.jpg\" alt=\"\" class=\"wp-image-9959\" srcset=\"https:\/\/paca.lpo.fr\/blogs\/hyeres-les-maures\/files\/2024\/05\/kiss-fait-la-belle.jpg 485w, https:\/\/paca.lpo.fr\/blogs\/hyeres-les-maures\/files\/2024\/05\/kiss-fait-la-belle-364x768.jpg 364w\" sizes=\"auto, (max-width: 485px) 100vw, 485px\" \/><\/figure>\n\n\n\n<figure class=\"wp-block-image size-full\"><img loading=\"lazy\" decoding=\"async\" width=\"1024\" height=\"485\" src=\"https:\/\/paca.lpo.fr\/blogs\/hyeres-les-maures\/files\/2024\/05\/image005.jpg\" alt=\"\" class=\"wp-image-9960\" srcset=\"https:\/\/paca.lpo.fr\/blogs\/hyeres-les-maures\/files\/2024\/05\/image005.jpg 1024w, https:\/\/paca.lpo.fr\/blogs\/hyeres-les-maures\/files\/2024\/05\/image005-768x364.jpg 768w\" sizes=\"auto, (max-width: 1024px) 100vw, 1024px\" \/><\/figure>\n\n\n\n<figure class=\"wp-block-image size-full\"><img loading=\"lazy\" decoding=\"async\" width=\"1008\" height=\"477\" src=\"https:\/\/paca.lpo.fr\/blogs\/hyeres-les-maures\/files\/2024\/05\/image017.jpg\" alt=\"\" class=\"wp-image-9969\" srcset=\"https:\/\/paca.lpo.fr\/blogs\/hyeres-les-maures\/files\/2024\/05\/image017.jpg 1008w, https:\/\/paca.lpo.fr\/blogs\/hyeres-les-maures\/files\/2024\/05\/image017-768x363.jpg 768w\" sizes=\"auto, (max-width: 1008px) 100vw, 1008px\" \/><\/figure>\n\n\n\n<p><br>En fin d&rsquo;apr\u00e8s-midi Philippe m&rsquo;aide \u00e0 remballer notre mat\u00e9riel et \u00e0 d\u00e9monter le barnum.<br>Nous n&rsquo;avons pas vu passer les heures ! <\/p>\n\n\n\n<p><br><br>Encore une F\u00eate du Printemps r\u00e9ussie. M\u00eame si l&rsquo;affluence des visiteurs est un peu moindre cette ann\u00e9e, les rencontres et les \u00e9changes furent d&rsquo;une grande richesse. L&rsquo;int\u00e9r\u00eat pour la LPO et la biodiversit\u00e9 se renforce.<\/p>\n\n\n\n<figure class=\"wp-block-image size-full\"><img loading=\"lazy\" decoding=\"async\" width=\"1024\" height=\"485\" src=\"https:\/\/paca.lpo.fr\/blogs\/hyeres-les-maures\/files\/2024\/05\/image011.jpg\" alt=\"\" class=\"wp-image-9958\" srcset=\"https:\/\/paca.lpo.fr\/blogs\/hyeres-les-maures\/files\/2024\/05\/image011.jpg 1024w, https:\/\/paca.lpo.fr\/blogs\/hyeres-les-maures\/files\/2024\/05\/image011-768x364.jpg 768w\" sizes=\"auto, (max-width: 1024px) 100vw, 1024px\" \/><\/figure>\n\n\n\n<p><br><br>Mille mercis \u00e0 Frank Lukas et \u00e0 tous les membres actifs de l&rsquo;association des \u00ab\u00a0Amis du Jardin\u00a0\u00bb pour la qualit\u00e9 de leur accueil et pour leur engagement sinc\u00e8re \u00e0 pr\u00e9server le vivant.<br><br>Merci \u00e0 Marc, \u00e0 Sylvia pour les photos, merci \u00e0 Philippe, merci \u00e0 Joseph et Kiss bien-s\u00fbr !<br>Nicole<\/p>\n","protected":false},"excerpt":{"rendered":"<p>\u00ab\u00a0F\u00eate du Printemps au Jardin du R\u00e9al\u00a0\u00bb samedi 11 et dimanche 12 main Samedi. Il est 08 heures du matin et la travers\u00e9e de la plaine viticole de Puget se fait tout en douceur. Le soleil illumine les vignes et laisse pr\u00e9sager une journ\u00e9e chaude et joyeuse.A l&rsquo;arriv\u00e9e au Jardin, le rossignol est un t\u00e9nor [&hellip;]<\/p>\n","protected":false},"author":117,"featured_media":9954,"comment_status":"open","ping_status":"open","sticky":false,"template":"","format":"standard","meta":{"footnotes":""},"categories":[1],"tags":[],"class_list":["post-9908","post","type-post","status-publish","format-standard","has-post-thumbnail","hentry","category-actualites-generales"],"jetpack_featured_media_url":"https:\/\/paca.lpo.fr\/blogs\/hyeres-les-maures\/files\/2024\/05\/16x9-real-printemps11-12-24.jpg","_links":{"self":[{"href":"https:\/\/paca.lpo.fr\/blogs\/hyeres-les-maures\/wp-json\/wp\/v2\/posts\/9908","targetHints":{"allow":["GET"]}}],"collection":[{"href":"https:\/\/paca.lpo.fr\/blogs\/hyeres-les-maures\/wp-json\/wp\/v2\/posts"}],"about":[{"href":"https:\/\/paca.lpo.fr\/blogs\/hyeres-les-maures\/wp-json\/wp\/v2\/types\/post"}],"author":[{"embeddable":true,"href":"https:\/\/paca.lpo.fr\/blogs\/hyeres-les-maures\/wp-json\/wp\/v2\/users\/117"}],"replies":[{"embeddable":true,"href":"https:\/\/paca.lpo.fr\/blogs\/hyeres-les-maures\/wp-json\/wp\/v2\/comments?post=9908"}],"version-history":[{"count":5,"href":"https:\/\/paca.lpo.fr\/blogs\/hyeres-les-maures\/wp-json\/wp\/v2\/posts\/9908\/revisions"}],"predecessor-version":[{"id":9972,"href":"https:\/\/paca.lpo.fr\/blogs\/hyeres-les-maures\/wp-json\/wp\/v2\/posts\/9908\/revisions\/9972"}],"wp:featuredmedia":[{"embeddable":true,"href":"https:\/\/paca.lpo.fr\/blogs\/hyeres-les-maures\/wp-json\/wp\/v2\/media\/9954"}],"wp:attachment":[{"href":"https:\/\/paca.lpo.fr\/blogs\/hyeres-les-maures\/wp-json\/wp\/v2\/media?parent=9908"}],"wp:term":[{"taxonomy":"category","embeddable":true,"href":"https:\/\/paca.lpo.fr\/blogs\/hyeres-les-maures\/wp-json\/wp\/v2\/categories?post=9908"},{"taxonomy":"post_tag","embeddable":true,"href":"https:\/\/paca.lpo.fr\/blogs\/hyeres-les-maures\/wp-json\/wp\/v2\/tags?post=9908"}],"curies":[{"name":"wp","href":"https:\/\/api.w.org\/{rel}","templated":true}]}}