{"id":9973,"date":"2024-05-22T11:26:05","date_gmt":"2024-05-22T10:26:05","guid":{"rendered":"https:\/\/paca.lpo.fr\/blogs\/hyeres-les-maures\/?p=9973"},"modified":"2024-06-10T15:15:21","modified_gmt":"2024-06-10T14:15:21","slug":"les-serpents-de-sauvebonne","status":"publish","type":"post","link":"https:\/\/paca.lpo.fr\/blogs\/hyeres-les-maures\/2024\/05\/22\/les-serpents-de-sauvebonne\/","title":{"rendered":"les serpents de Sauvebonne"},"content":{"rendered":"\n<p><br>\u00ab\u00a0Ce lundi 20 mai, nous sommes 8 \u00ab\u00a0patrouilleurs\u00a0\u00bb pr\u00e9sents aux \u00e9tangs de Sauvebonne pour une prospections reptiles sous la bienveillante autorit\u00e9 de Nicolas Bastide.<\/p>\n\n\n\n<figure class=\"wp-block-image size-full\"><img loading=\"lazy\" decoding=\"async\" width=\"1024\" height=\"577\" src=\"https:\/\/paca.lpo.fr\/blogs\/hyeres-les-maures\/files\/2024\/05\/8-patrouilleurs-a-la-sauvebonne.jpg\" alt=\"\" class=\"wp-image-9988\" srcset=\"https:\/\/paca.lpo.fr\/blogs\/hyeres-les-maures\/files\/2024\/05\/8-patrouilleurs-a-la-sauvebonne.jpg 1024w, https:\/\/paca.lpo.fr\/blogs\/hyeres-les-maures\/files\/2024\/05\/8-patrouilleurs-a-la-sauvebonne-768x433.jpg 768w\" sizes=\"auto, (max-width: 1024px) 100vw, 1024px\" \/><\/figure>\n\n\n\n<figure class=\"wp-block-image size-full\"><img loading=\"lazy\" decoding=\"async\" width=\"485\" height=\"1024\" src=\"https:\/\/paca.lpo.fr\/blogs\/hyeres-les-maures\/files\/2024\/05\/couleuvre-a-echelons-4.jpg\" alt=\"\" class=\"wp-image-9986\" srcset=\"https:\/\/paca.lpo.fr\/blogs\/hyeres-les-maures\/files\/2024\/05\/couleuvre-a-echelons-4.jpg 485w, https:\/\/paca.lpo.fr\/blogs\/hyeres-les-maures\/files\/2024\/05\/couleuvre-a-echelons-4-364x768.jpg 364w\" sizes=\"auto, (max-width: 485px) 100vw, 485px\" \/><\/figure>\n\n\n\n<p><br><br>Nous nous immergeons dans l&rsquo;\u00e9crin d&rsquo;une v\u00e9g\u00e9tation foisonnante et tr\u00e8s abondante.<\/p>\n\n\n\n<figure class=\"wp-block-image size-full\"><img loading=\"lazy\" decoding=\"async\" width=\"1024\" height=\"577\" src=\"https:\/\/paca.lpo.fr\/blogs\/hyeres-les-maures\/files\/2024\/05\/image034.jpg\" alt=\"\" class=\"wp-image-9987\" srcset=\"https:\/\/paca.lpo.fr\/blogs\/hyeres-les-maures\/files\/2024\/05\/image034.jpg 1024w, https:\/\/paca.lpo.fr\/blogs\/hyeres-les-maures\/files\/2024\/05\/image034-768x433.jpg 768w\" sizes=\"auto, (max-width: 1024px) 100vw, 1024px\" \/><\/figure>\n\n\n\n<figure class=\"wp-block-image size-full\"><img loading=\"lazy\" decoding=\"async\" width=\"1024\" height=\"577\" src=\"https:\/\/paca.lpo.fr\/blogs\/hyeres-les-maures\/files\/2024\/05\/image032.jpg\" alt=\"\" class=\"wp-image-9990\" srcset=\"https:\/\/paca.lpo.fr\/blogs\/hyeres-les-maures\/files\/2024\/05\/image032.jpg 1024w, https:\/\/paca.lpo.fr\/blogs\/hyeres-les-maures\/files\/2024\/05\/image032-768x433.jpg 768w\" sizes=\"auto, (max-width: 1024px) 100vw, 1024px\" \/><\/figure>\n\n\n\n<p> Nous progressons de plaque en plaque avec prudence et \u00e9merveillement. <\/p>\n\n\n\n<figure class=\"wp-block-image size-full\"><img loading=\"lazy\" decoding=\"async\" width=\"1024\" height=\"485\" src=\"https:\/\/paca.lpo.fr\/blogs\/hyeres-les-maures\/files\/2024\/05\/plaque-a-reptile.jpg\" alt=\"\" class=\"wp-image-9978\" srcset=\"https:\/\/paca.lpo.fr\/blogs\/hyeres-les-maures\/files\/2024\/05\/plaque-a-reptile.jpg 1024w, https:\/\/paca.lpo.fr\/blogs\/hyeres-les-maures\/files\/2024\/05\/plaque-a-reptile-768x364.jpg 768w\" sizes=\"auto, (max-width: 1024px) 100vw, 1024px\" \/><\/figure>\n\n\n\n<figure class=\"wp-block-image size-full\"><img loading=\"lazy\" decoding=\"async\" width=\"577\" height=\"1024\" src=\"https:\/\/paca.lpo.fr\/blogs\/hyeres-les-maures\/files\/2024\/05\/nid-oeufs-larves-de-fourmis.jpg\" alt=\"\" class=\"wp-image-9979\" srcset=\"https:\/\/paca.lpo.fr\/blogs\/hyeres-les-maures\/files\/2024\/05\/nid-oeufs-larves-de-fourmis.jpg 577w, https:\/\/paca.lpo.fr\/blogs\/hyeres-les-maures\/files\/2024\/05\/nid-oeufs-larves-de-fourmis-433x768.jpg 433w\" sizes=\"auto, (max-width: 577px) 100vw, 577px\" \/><\/figure>\n\n\n\n<p>Les chardons laiteux sont \u00e0 hauteur d&rsquo;\u00e9paules et chacun de nos pas soul\u00e8ve une nu\u00e9e de libellules, insectes de toutes les couleurs, papillons et araign\u00e9es fr\u00e9n\u00e9tiques.<br><br>Nous avons la chance de voir, observer, toucher 3 esp\u00e8ces remarquables : la couleuvre vip\u00e9rine de 3\u00e8me ann\u00e9e, un orvet de V\u00e9rone, et une couleuvre \u00e0 \u00e9chelons adulte.<\/p>\n\n\n\n<figure class=\"wp-block-image size-full\"><img loading=\"lazy\" decoding=\"async\" width=\"485\" height=\"1024\" src=\"https:\/\/paca.lpo.fr\/blogs\/hyeres-les-maures\/files\/2024\/05\/orvet-de-verone-3.jpg\" alt=\"\" class=\"wp-image-9980\" srcset=\"https:\/\/paca.lpo.fr\/blogs\/hyeres-les-maures\/files\/2024\/05\/orvet-de-verone-3.jpg 485w, https:\/\/paca.lpo.fr\/blogs\/hyeres-les-maures\/files\/2024\/05\/orvet-de-verone-3-364x768.jpg 364w\" sizes=\"auto, (max-width: 485px) 100vw, 485px\" \/><figcaption class=\"wp-element-caption\">Orvet de V\u00e9rone <\/figcaption><\/figure>\n\n\n\n<figure class=\"wp-block-image size-full\"><img loading=\"lazy\" decoding=\"async\" width=\"577\" height=\"1024\" src=\"https:\/\/paca.lpo.fr\/blogs\/hyeres-les-maures\/files\/2024\/05\/ventre-a-damiers.jpg\" alt=\"\" class=\"wp-image-9981\" srcset=\"https:\/\/paca.lpo.fr\/blogs\/hyeres-les-maures\/files\/2024\/05\/ventre-a-damiers.jpg 577w, https:\/\/paca.lpo.fr\/blogs\/hyeres-les-maures\/files\/2024\/05\/ventre-a-damiers-433x768.jpg 433w\" sizes=\"auto, (max-width: 577px) 100vw, 577px\" \/><figcaption class=\"wp-element-caption\">Couleuvre vip\u00e9rine 3eme ann\u00e9e<\/figcaption><\/figure>\n\n\n\n<figure class=\"wp-block-image size-full\"><img loading=\"lazy\" decoding=\"async\" width=\"1024\" height=\"577\" src=\"https:\/\/paca.lpo.fr\/blogs\/hyeres-les-maures\/files\/2024\/05\/image030.jpg\" alt=\"\" class=\"wp-image-9982\" srcset=\"https:\/\/paca.lpo.fr\/blogs\/hyeres-les-maures\/files\/2024\/05\/image030.jpg 1024w, https:\/\/paca.lpo.fr\/blogs\/hyeres-les-maures\/files\/2024\/05\/image030-768x433.jpg 768w\" sizes=\"auto, (max-width: 1024px) 100vw, 1024px\" \/><\/figure>\n\n\n\n<figure class=\"wp-block-image size-full\"><img loading=\"lazy\" decoding=\"async\" width=\"485\" height=\"1024\" src=\"https:\/\/paca.lpo.fr\/blogs\/hyeres-les-maures\/files\/2024\/05\/couleuvre-viperine-3eme-annee.jpg\" alt=\"\" class=\"wp-image-9983\" srcset=\"https:\/\/paca.lpo.fr\/blogs\/hyeres-les-maures\/files\/2024\/05\/couleuvre-viperine-3eme-annee.jpg 485w, https:\/\/paca.lpo.fr\/blogs\/hyeres-les-maures\/files\/2024\/05\/couleuvre-viperine-3eme-annee-364x768.jpg 364w\" sizes=\"auto, (max-width: 485px) 100vw, 485px\" \/><\/figure>\n\n\n\n<figure class=\"wp-block-image size-full\"><img loading=\"lazy\" decoding=\"async\" width=\"577\" height=\"1024\" src=\"https:\/\/paca.lpo.fr\/blogs\/hyeres-les-maures\/files\/2024\/05\/image038.jpg\" alt=\"\" class=\"wp-image-9984\" srcset=\"https:\/\/paca.lpo.fr\/blogs\/hyeres-les-maures\/files\/2024\/05\/image038.jpg 577w, https:\/\/paca.lpo.fr\/blogs\/hyeres-les-maures\/files\/2024\/05\/image038-433x768.jpg 433w\" sizes=\"auto, (max-width: 577px) 100vw, 577px\" \/><figcaption class=\"wp-element-caption\">Couleuvre \u00e0 \u00e9chelons <\/figcaption><\/figure>\n\n\n\n<figure class=\"wp-block-image size-full is-resized\"><img loading=\"lazy\" decoding=\"async\" width=\"1024\" height=\"577\" src=\"https:\/\/paca.lpo.fr\/blogs\/hyeres-les-maures\/files\/2024\/05\/excuvie-mue.jpg\" alt=\"\" class=\"wp-image-10001\" style=\"width:614px;height:auto\" srcset=\"https:\/\/paca.lpo.fr\/blogs\/hyeres-les-maures\/files\/2024\/05\/excuvie-mue.jpg 1024w, https:\/\/paca.lpo.fr\/blogs\/hyeres-les-maures\/files\/2024\/05\/excuvie-mue-768x433.jpg 768w\" sizes=\"auto, (max-width: 1024px) 100vw, 1024px\" \/><figcaption class=\"wp-element-caption\">exuvie (mue)<\/figcaption><\/figure>\n\n\n\n<p><br><br>Une libellule rare : Oxygastra curtisii.<\/p>\n\n\n\n<figure class=\"wp-block-image size-full\"><img loading=\"lazy\" decoding=\"async\" width=\"600\" height=\"400\" src=\"https:\/\/paca.lpo.fr\/blogs\/hyeres-les-maures\/files\/2024\/05\/oxygastra-curtisii.jpg\" alt=\"\" class=\"wp-image-9977\" \/><\/figure>\n\n\n\n<p><br><br>Vu : un milan noir, une aigrette garzette, 2 bondr\u00e9es apivores<br>Entendu : bouscarle de Cetti, loriot, m\u00e9sanges, rossignol, pic \u00e9peichette &#8230;.<br><br>Et, de fa\u00e7on tr\u00e8s furtive le plus petit mammif\u00e8re du monde : Pachyure \u00e9trusque, il ne p\u00e8se que 1,8 g en moyenne.<br><br>Quant \u00e0 Myriophyllum c&rsquo;est toujours la reine de la colonisation !<\/p>\n\n\n\n<figure class=\"wp-block-image size-full\"><img loading=\"lazy\" decoding=\"async\" width=\"1024\" height=\"577\" src=\"https:\/\/paca.lpo.fr\/blogs\/hyeres-les-maures\/files\/2024\/05\/myriophyllum-aquaticum-brasiliense.jpg\" alt=\"\" class=\"wp-image-9992\" srcset=\"https:\/\/paca.lpo.fr\/blogs\/hyeres-les-maures\/files\/2024\/05\/myriophyllum-aquaticum-brasiliense.jpg 1024w, https:\/\/paca.lpo.fr\/blogs\/hyeres-les-maures\/files\/2024\/05\/myriophyllum-aquaticum-brasiliense-768x433.jpg 768w\" sizes=\"auto, (max-width: 1024px) 100vw, 1024px\" \/><\/figure>\n\n\n\n<p><br><br>Mention sp\u00e9ciale pour le jeune Axel ,7 ans, dont les connaissances et la passion des insectes m\u00e9ritent notre admiration et nos encouragements.<\/p>\n\n\n\n<figure class=\"wp-block-image size-full\"><img loading=\"lazy\" decoding=\"async\" width=\"485\" height=\"1024\" src=\"https:\/\/paca.lpo.fr\/blogs\/hyeres-les-maures\/files\/2024\/05\/silene-gallica-1.jpg\" alt=\"\" class=\"wp-image-9994\" srcset=\"https:\/\/paca.lpo.fr\/blogs\/hyeres-les-maures\/files\/2024\/05\/silene-gallica-1.jpg 485w, https:\/\/paca.lpo.fr\/blogs\/hyeres-les-maures\/files\/2024\/05\/silene-gallica-1-364x768.jpg 364w\" sizes=\"auto, (max-width: 485px) 100vw, 485px\" \/><figcaption class=\"wp-element-caption\">Sil\u00e8ne gallica<\/figcaption><\/figure>\n\n\n\n<figure class=\"wp-block-image size-full\"><img loading=\"lazy\" decoding=\"async\" width=\"485\" height=\"1024\" src=\"https:\/\/paca.lpo.fr\/blogs\/hyeres-les-maures\/files\/2024\/05\/tettigonia-viridissima.jpg\" alt=\"\" class=\"wp-image-9995\" srcset=\"https:\/\/paca.lpo.fr\/blogs\/hyeres-les-maures\/files\/2024\/05\/tettigonia-viridissima.jpg 485w, https:\/\/paca.lpo.fr\/blogs\/hyeres-les-maures\/files\/2024\/05\/tettigonia-viridissima-364x768.jpg 364w\" sizes=\"auto, (max-width: 485px) 100vw, 485px\" \/><figcaption class=\"wp-element-caption\">Tettigonia viridissima<\/figcaption><\/figure>\n\n\n\n<figure class=\"wp-block-image size-full\"><img loading=\"lazy\" decoding=\"async\" width=\"485\" height=\"1024\" src=\"https:\/\/paca.lpo.fr\/blogs\/hyeres-les-maures\/files\/2024\/05\/urosperme-de-dalechamps.jpg\" alt=\"\" class=\"wp-image-9996\" srcset=\"https:\/\/paca.lpo.fr\/blogs\/hyeres-les-maures\/files\/2024\/05\/urosperme-de-dalechamps.jpg 485w, https:\/\/paca.lpo.fr\/blogs\/hyeres-les-maures\/files\/2024\/05\/urosperme-de-dalechamps-364x768.jpg 364w\" sizes=\"auto, (max-width: 485px) 100vw, 485px\" \/><figcaption class=\"wp-element-caption\">Urosperme de dal\u00e9champs<\/figcaption><\/figure>\n\n\n\n<figure class=\"wp-block-image size-full\"><img loading=\"lazy\" decoding=\"async\" width=\"577\" height=\"1024\" src=\"https:\/\/paca.lpo.fr\/blogs\/hyeres-les-maures\/files\/2024\/05\/orobanche-du-lierre-orobanche-hederae.jpg\" alt=\"\" class=\"wp-image-9997\" srcset=\"https:\/\/paca.lpo.fr\/blogs\/hyeres-les-maures\/files\/2024\/05\/orobanche-du-lierre-orobanche-hederae.jpg 577w, https:\/\/paca.lpo.fr\/blogs\/hyeres-les-maures\/files\/2024\/05\/orobanche-du-lierre-orobanche-hederae-433x768.jpg 433w\" sizes=\"auto, (max-width: 577px) 100vw, 577px\" \/><figcaption class=\"wp-element-caption\">Orobanche du lierre &#8211; orobanche hederae<\/figcaption><\/figure>\n\n\n\n<p><br><br>Mille mercis \u00e0 notre guide Nicolas Bastide pour la qualit\u00e9 de ses enseignements.<br><br>A retenir, entre autres : on ne caresse pas un serpent \u00e0 rebrousse-\u00e9cailles, il n&rsquo;est ni froid ni gluant, sa peau a la douceur de la soie et sa temp\u00e9rature corporelle s&rsquo;\u00e9quilibre sur son environnement. <br>Et surtout, on le laisse tranquille !!\u00a0\u00bb<br><br>Nicole<\/p>\n","protected":false},"excerpt":{"rendered":"<p>\u00ab\u00a0Ce lundi 20 mai, nous sommes 8 \u00ab\u00a0patrouilleurs\u00a0\u00bb pr\u00e9sents aux \u00e9tangs de Sauvebonne pour une prospections reptiles sous la bienveillante autorit\u00e9 de Nicolas Bastide. Nous nous immergeons dans l&rsquo;\u00e9crin d&rsquo;une v\u00e9g\u00e9tation foisonnante et tr\u00e8s abondante. Nous progressons de plaque en plaque avec prudence et \u00e9merveillement. Les chardons laiteux sont \u00e0 hauteur d&rsquo;\u00e9paules et chacun de [&hellip;]<\/p>\n","protected":false},"author":117,"featured_media":9976,"comment_status":"open","ping_status":"open","sticky":false,"template":"","format":"standard","meta":{"footnotes":""},"categories":[1],"tags":[],"class_list":["post-9973","post","type-post","status-publish","format-standard","has-post-thumbnail","hentry","category-actualites-generales"],"jetpack_featured_media_url":"https:\/\/paca.lpo.fr\/blogs\/hyeres-les-maures\/files\/2024\/05\/image020-1.jpg","_links":{"self":[{"href":"https:\/\/paca.lpo.fr\/blogs\/hyeres-les-maures\/wp-json\/wp\/v2\/posts\/9973","targetHints":{"allow":["GET"]}}],"collection":[{"href":"https:\/\/paca.lpo.fr\/blogs\/hyeres-les-maures\/wp-json\/wp\/v2\/posts"}],"about":[{"href":"https:\/\/paca.lpo.fr\/blogs\/hyeres-les-maures\/wp-json\/wp\/v2\/types\/post"}],"author":[{"embeddable":true,"href":"https:\/\/paca.lpo.fr\/blogs\/hyeres-les-maures\/wp-json\/wp\/v2\/users\/117"}],"replies":[{"embeddable":true,"href":"https:\/\/paca.lpo.fr\/blogs\/hyeres-les-maures\/wp-json\/wp\/v2\/comments?post=9973"}],"version-history":[{"count":3,"href":"https:\/\/paca.lpo.fr\/blogs\/hyeres-les-maures\/wp-json\/wp\/v2\/posts\/9973\/revisions"}],"predecessor-version":[{"id":10004,"href":"https:\/\/paca.lpo.fr\/blogs\/hyeres-les-maures\/wp-json\/wp\/v2\/posts\/9973\/revisions\/10004"}],"wp:featuredmedia":[{"embeddable":true,"href":"https:\/\/paca.lpo.fr\/blogs\/hyeres-les-maures\/wp-json\/wp\/v2\/media\/9976"}],"wp:attachment":[{"href":"https:\/\/paca.lpo.fr\/blogs\/hyeres-les-maures\/wp-json\/wp\/v2\/media?parent=9973"}],"wp:term":[{"taxonomy":"category","embeddable":true,"href":"https:\/\/paca.lpo.fr\/blogs\/hyeres-les-maures\/wp-json\/wp\/v2\/categories?post=9973"},{"taxonomy":"post_tag","embeddable":true,"href":"https:\/\/paca.lpo.fr\/blogs\/hyeres-les-maures\/wp-json\/wp\/v2\/tags?post=9973"}],"curies":[{"name":"wp","href":"https:\/\/api.w.org\/{rel}","templated":true}]}}