{"id":1,"date":"2022-02-15T13:34:35","date_gmt":"2022-02-15T12:34:35","guid":{"rendered":"http:\/\/paca.lpo.fr\/blogs\/nature-en-ville\/?p=1"},"modified":"2022-02-15T14:31:13","modified_gmt":"2022-02-15T13:31:13","slug":"bonjour-tout-le-monde","status":"publish","type":"post","link":"https:\/\/paca.lpo.fr\/blogs\/nature-en-ville\/2022\/02\/15\/bonjour-tout-le-monde\/","title":{"rendered":"La Nature en ville dispara\u00eet, ensemble agissons !"},"content":{"rendered":"\n<p class=\"wp-block-paragraph\">La ville a longtemps \u00e9t\u00e9 un refuge pour certaines esp\u00e8ces y trouvant g\u00eete et couvert, aujourd\u2019hui il est av\u00e9r\u00e9 que la biodiversit\u00e9 dans sa globalit\u00e9 est en d\u00e9clin, m\u00eame en milieu urbain.<\/p>\n\n\n\n<p class=\"wp-block-paragraph\"><strong>L\u2019urbanisation croissante :<\/strong>\u00a085% de la population fran\u00e7aise vit dans une aire urbaine, consomme pr\u00e8s de 70\u00a0000 hectares par an d\u2019espaces naturels et agricoles et la prise en compte de la biodiversit\u00e9 est rarement une priorit\u00e9 dans l\u2019am\u00e9nagement des espaces urbains.<\/p>\n\n\n\n<p class=\"wp-block-paragraph\">C\u2019est pourquoi la LPO intervient aupr\u00e8s des am\u00e9nageurs dans le cadre de ses\u00a0<a href=\"https:\/\/paca.lpo.fr\/association-protection-nature-lpo-paca\/refuges-lpo\">programmes Refuges<\/a>\u00a0et\u00a0<a rel=\"noreferrer noopener\" href=\"http:\/\/www.biodiversiteetbati.fr\/\" target=\"_blank\">U2B<\/a>\u00a0(Urbanisme, B\u00e2ti, Biodiversit\u00e9). la LPO a acquis une r\u00e9elle expertise pour faire revenir la biodiversit\u00e9 en ville.<\/p>\n","protected":false},"excerpt":{"rendered":"<p>La ville a longtemps \u00e9t\u00e9 un refuge pour certaines esp\u00e8ces y trouvant g\u00eete et couvert, aujourd\u2019hui il est av\u00e9r\u00e9 que la biodiversit\u00e9 dans sa globalit\u00e9 est en d\u00e9clin, m\u00eame en milieu urbain. L\u2019urbanisation croissante :\u00a085% de la population fran\u00e7aise vit dans une aire urbaine, consomme pr\u00e8s de 70\u00a0000 hectares par an d\u2019espaces naturels et agricoles [&hellip;]<\/p>\n","protected":false},"author":1,"featured_media":0,"comment_status":"open","ping_status":"open","sticky":false,"template":"","format":"standard","meta":{"footnotes":""},"categories":[3],"tags":[],"class_list":["post-1","post","type-post","status-publish","format-standard","hentry","category-actualites"],"yoast_head":"<!-- This site is optimized with the Yoast SEO plugin v28.3 - https:\/\/yoast.com\/product\/yoast-seo-wordpress\/ -->\n<title>La Nature en ville dispara\u00eet, ensemble agissons ! - Le blog de la nature en ville<\/title>\n<meta name=\"robots\" content=\"index, follow, max-snippet:-1, max-image-preview:large, max-video-preview:-1\" \/>\n<link rel=\"canonical\" href=\"https:\/\/paca.lpo.fr\/blogs\/nature-en-ville\/2022\/02\/15\/bonjour-tout-le-monde\/\" \/>\n<meta property=\"og:locale\" content=\"fr_FR\" \/>\n<meta property=\"og:type\" content=\"article\" \/>\n<meta property=\"og:title\" content=\"La Nature en ville dispara\u00eet, ensemble agissons ! - Le blog de la nature en ville\" \/>\n<meta property=\"og:description\" content=\"La ville a longtemps \u00e9t\u00e9 un refuge pour certaines esp\u00e8ces y trouvant g\u00eete et couvert, aujourd\u2019hui il est av\u00e9r\u00e9 que la biodiversit\u00e9 dans sa globalit\u00e9 est en d\u00e9clin, m\u00eame en milieu urbain. L\u2019urbanisation croissante :\u00a085% de la population fran\u00e7aise vit dans une aire urbaine, consomme pr\u00e8s de 70\u00a0000 hectares par an d\u2019espaces naturels et agricoles [&hellip;]\" \/>\n<meta property=\"og:url\" content=\"https:\/\/paca.lpo.fr\/blogs\/nature-en-ville\/2022\/02\/15\/bonjour-tout-le-monde\/\" \/>\n<meta property=\"og:site_name\" content=\"Le blog de la nature en ville\" \/>\n<meta property=\"article:published_time\" content=\"2022-02-15T12:34:35+00:00\" \/>\n<meta property=\"article:modified_time\" content=\"2022-02-15T13:31:13+00:00\" \/>\n<meta name=\"author\" content=\"LPOPACA\" \/>\n<meta name=\"twitter:card\" content=\"summary_large_image\" \/>\n<meta name=\"twitter:label1\" content=\"\u00c9crit par\" \/>\n\t<meta name=\"twitter:data1\" content=\"LPOPACA\" \/>\n\t<meta name=\"twitter:label2\" content=\"Dur\u00e9e de lecture estim\u00e9e\" \/>\n\t<meta name=\"twitter:data2\" content=\"1 minute\" \/>\n<script type=\"application\/ld+json\" class=\"yoast-schema-graph\">{\"@context\":\"https:\\\/\\\/schema.org\",\"@graph\":[{\"@type\":\"Article\",\"@id\":\"https:\\\/\\\/paca.lpo.fr\\\/blogs\\\/nature-en-ville\\\/2022\\\/02\\\/15\\\/bonjour-tout-le-monde\\\/#article\",\"isPartOf\":{\"@id\":\"https:\\\/\\\/paca.lpo.fr\\\/blogs\\\/nature-en-ville\\\/2022\\\/02\\\/15\\\/bonjour-tout-le-monde\\\/\"},\"author\":{\"name\":\"LPOPACA\",\"@id\":\"https:\\\/\\\/paca.lpo.fr\\\/blogs\\\/nature-en-ville\\\/#\\\/schema\\\/person\\\/f4701c21e2e412e301d69ea575732a07\"},\"headline\":\"La Nature en ville dispara\u00eet, ensemble agissons !\",\"datePublished\":\"2022-02-15T12:34:35+00:00\",\"dateModified\":\"2022-02-15T13:31:13+00:00\",\"mainEntityOfPage\":{\"@id\":\"https:\\\/\\\/paca.lpo.fr\\\/blogs\\\/nature-en-ville\\\/2022\\\/02\\\/15\\\/bonjour-tout-le-monde\\\/\"},\"wordCount\":130,\"commentCount\":1,\"publisher\":{\"@id\":\"https:\\\/\\\/paca.lpo.fr\\\/blogs\\\/nature-en-ville\\\/#organization\"},\"articleSection\":[\"Actualit\u00e9s\"],\"inLanguage\":\"fr-FR\",\"potentialAction\":[{\"@type\":\"CommentAction\",\"name\":\"Comment\",\"target\":[\"https:\\\/\\\/paca.lpo.fr\\\/blogs\\\/nature-en-ville\\\/2022\\\/02\\\/15\\\/bonjour-tout-le-monde\\\/#respond\"]}]},{\"@type\":\"WebPage\",\"@id\":\"https:\\\/\\\/paca.lpo.fr\\\/blogs\\\/nature-en-ville\\\/2022\\\/02\\\/15\\\/bonjour-tout-le-monde\\\/\",\"url\":\"https:\\\/\\\/paca.lpo.fr\\\/blogs\\\/nature-en-ville\\\/2022\\\/02\\\/15\\\/bonjour-tout-le-monde\\\/\",\"name\":\"La Nature en ville dispara\u00eet, ensemble agissons ! - Le blog de la nature en ville\",\"isPartOf\":{\"@id\":\"https:\\\/\\\/paca.lpo.fr\\\/blogs\\\/nature-en-ville\\\/#website\"},\"datePublished\":\"2022-02-15T12:34:35+00:00\",\"dateModified\":\"2022-02-15T13:31:13+00:00\",\"breadcrumb\":{\"@id\":\"https:\\\/\\\/paca.lpo.fr\\\/blogs\\\/nature-en-ville\\\/2022\\\/02\\\/15\\\/bonjour-tout-le-monde\\\/#breadcrumb\"},\"inLanguage\":\"fr-FR\",\"potentialAction\":[{\"@type\":\"ReadAction\",\"target\":[\"https:\\\/\\\/paca.lpo.fr\\\/blogs\\\/nature-en-ville\\\/2022\\\/02\\\/15\\\/bonjour-tout-le-monde\\\/\"]}]},{\"@type\":\"BreadcrumbList\",\"@id\":\"https:\\\/\\\/paca.lpo.fr\\\/blogs\\\/nature-en-ville\\\/2022\\\/02\\\/15\\\/bonjour-tout-le-monde\\\/#breadcrumb\",\"itemListElement\":[{\"@type\":\"ListItem\",\"position\":1,\"name\":\"Accueil\",\"item\":\"https:\\\/\\\/paca.lpo.fr\\\/blogs\\\/nature-en-ville\\\/\"},{\"@type\":\"ListItem\",\"position\":2,\"name\":\"La Nature en ville dispara\u00eet, ensemble agissons !\"}]},{\"@type\":\"WebSite\",\"@id\":\"https:\\\/\\\/paca.lpo.fr\\\/blogs\\\/nature-en-ville\\\/#website\",\"url\":\"https:\\\/\\\/paca.lpo.fr\\\/blogs\\\/nature-en-ville\\\/\",\"name\":\"Le blog de la nature en ville\",\"description\":\"Le blog de la nature en ville\",\"publisher\":{\"@id\":\"https:\\\/\\\/paca.lpo.fr\\\/blogs\\\/nature-en-ville\\\/#organization\"},\"potentialAction\":[{\"@type\":\"SearchAction\",\"target\":{\"@type\":\"EntryPoint\",\"urlTemplate\":\"https:\\\/\\\/paca.lpo.fr\\\/blogs\\\/nature-en-ville\\\/?s={search_term_string}\"},\"query-input\":{\"@type\":\"PropertyValueSpecification\",\"valueRequired\":true,\"valueName\":\"search_term_string\"}}],\"inLanguage\":\"fr-FR\"},{\"@type\":\"Organization\",\"@id\":\"https:\\\/\\\/paca.lpo.fr\\\/blogs\\\/nature-en-ville\\\/#organization\",\"name\":\"Le blog de la nature en ville\",\"url\":\"https:\\\/\\\/paca.lpo.fr\\\/blogs\\\/nature-en-ville\\\/\",\"logo\":{\"@type\":\"ImageObject\",\"inLanguage\":\"fr-FR\",\"@id\":\"https:\\\/\\\/paca.lpo.fr\\\/blogs\\\/nature-en-ville\\\/#\\\/schema\\\/logo\\\/image\\\/\",\"url\":\"https:\\\/\\\/paca.lpo.fr\\\/blogs\\\/nature-en-ville\\\/files\\\/2024\\\/01\\\/cropped-rvb-lpo-paca-logotype-signature-droite-mini-500.jpg\",\"contentUrl\":\"https:\\\/\\\/paca.lpo.fr\\\/blogs\\\/nature-en-ville\\\/files\\\/2024\\\/01\\\/cropped-rvb-lpo-paca-logotype-signature-droite-mini-500.jpg\",\"width\":500,\"height\":210,\"caption\":\"Le blog de la nature en ville\"},\"image\":{\"@id\":\"https:\\\/\\\/paca.lpo.fr\\\/blogs\\\/nature-en-ville\\\/#\\\/schema\\\/logo\\\/image\\\/\"}},{\"@type\":\"Person\",\"@id\":\"https:\\\/\\\/paca.lpo.fr\\\/blogs\\\/nature-en-ville\\\/#\\\/schema\\\/person\\\/f4701c21e2e412e301d69ea575732a07\",\"name\":\"LPOPACA\",\"image\":{\"@type\":\"ImageObject\",\"inLanguage\":\"fr-FR\",\"@id\":\"https:\\\/\\\/secure.gravatar.com\\\/avatar\\\/61b4fe4aeb906264475360b018582a8a825394c21df85ee757345c68c15ddd14?s=96&d=mm&r=g\",\"url\":\"https:\\\/\\\/secure.gravatar.com\\\/avatar\\\/61b4fe4aeb906264475360b018582a8a825394c21df85ee757345c68c15ddd14?s=96&d=mm&r=g\",\"contentUrl\":\"https:\\\/\\\/secure.gravatar.com\\\/avatar\\\/61b4fe4aeb906264475360b018582a8a825394c21df85ee757345c68c15ddd14?s=96&d=mm&r=g\",\"caption\":\"LPOPACA\"},\"url\":\"https:\\\/\\\/paca.lpo.fr\\\/blogs\\\/nature-en-ville\\\/author\\\/lpopaca\\\/\"}]}<\/script>\n<!-- \/ Yoast SEO plugin. -->","yoast_head_json":{"title":"La Nature en ville dispara\u00eet, ensemble agissons ! - Le blog de la nature en ville","robots":{"index":"index","follow":"follow","max-snippet":"max-snippet:-1","max-image-preview":"max-image-preview:large","max-video-preview":"max-video-preview:-1"},"canonical":"https:\/\/paca.lpo.fr\/blogs\/nature-en-ville\/2022\/02\/15\/bonjour-tout-le-monde\/","og_locale":"fr_FR","og_type":"article","og_title":"La Nature en ville dispara\u00eet, ensemble agissons ! - Le blog de la nature en ville","og_description":"La ville a longtemps \u00e9t\u00e9 un refuge pour certaines esp\u00e8ces y trouvant g\u00eete et couvert, aujourd\u2019hui il est av\u00e9r\u00e9 que la biodiversit\u00e9 dans sa globalit\u00e9 est en d\u00e9clin, m\u00eame en milieu urbain. L\u2019urbanisation croissante :\u00a085% de la population fran\u00e7aise vit dans une aire urbaine, consomme pr\u00e8s de 70\u00a0000 hectares par an d\u2019espaces naturels et agricoles [&hellip;]","og_url":"https:\/\/paca.lpo.fr\/blogs\/nature-en-ville\/2022\/02\/15\/bonjour-tout-le-monde\/","og_site_name":"Le blog de la nature en ville","article_published_time":"2022-02-15T12:34:35+00:00","article_modified_time":"2022-02-15T13:31:13+00:00","author":"LPOPACA","twitter_card":"summary_large_image","twitter_misc":{"\u00c9crit par":"LPOPACA","Dur\u00e9e de lecture estim\u00e9e":"1 minute"},"schema":{"@context":"https:\/\/schema.org","@graph":[{"@type":"Article","@id":"https:\/\/paca.lpo.fr\/blogs\/nature-en-ville\/2022\/02\/15\/bonjour-tout-le-monde\/#article","isPartOf":{"@id":"https:\/\/paca.lpo.fr\/blogs\/nature-en-ville\/2022\/02\/15\/bonjour-tout-le-monde\/"},"author":{"name":"LPOPACA","@id":"https:\/\/paca.lpo.fr\/blogs\/nature-en-ville\/#\/schema\/person\/f4701c21e2e412e301d69ea575732a07"},"headline":"La Nature en ville dispara\u00eet, ensemble agissons !","datePublished":"2022-02-15T12:34:35+00:00","dateModified":"2022-02-15T13:31:13+00:00","mainEntityOfPage":{"@id":"https:\/\/paca.lpo.fr\/blogs\/nature-en-ville\/2022\/02\/15\/bonjour-tout-le-monde\/"},"wordCount":130,"commentCount":1,"publisher":{"@id":"https:\/\/paca.lpo.fr\/blogs\/nature-en-ville\/#organization"},"articleSection":["Actualit\u00e9s"],"inLanguage":"fr-FR","potentialAction":[{"@type":"CommentAction","name":"Comment","target":["https:\/\/paca.lpo.fr\/blogs\/nature-en-ville\/2022\/02\/15\/bonjour-tout-le-monde\/#respond"]}]},{"@type":"WebPage","@id":"https:\/\/paca.lpo.fr\/blogs\/nature-en-ville\/2022\/02\/15\/bonjour-tout-le-monde\/","url":"https:\/\/paca.lpo.fr\/blogs\/nature-en-ville\/2022\/02\/15\/bonjour-tout-le-monde\/","name":"La Nature en ville dispara\u00eet, ensemble agissons ! - Le blog de la nature en ville","isPartOf":{"@id":"https:\/\/paca.lpo.fr\/blogs\/nature-en-ville\/#website"},"datePublished":"2022-02-15T12:34:35+00:00","dateModified":"2022-02-15T13:31:13+00:00","breadcrumb":{"@id":"https:\/\/paca.lpo.fr\/blogs\/nature-en-ville\/2022\/02\/15\/bonjour-tout-le-monde\/#breadcrumb"},"inLanguage":"fr-FR","potentialAction":[{"@type":"ReadAction","target":["https:\/\/paca.lpo.fr\/blogs\/nature-en-ville\/2022\/02\/15\/bonjour-tout-le-monde\/"]}]},{"@type":"BreadcrumbList","@id":"https:\/\/paca.lpo.fr\/blogs\/nature-en-ville\/2022\/02\/15\/bonjour-tout-le-monde\/#breadcrumb","itemListElement":[{"@type":"ListItem","position":1,"name":"Accueil","item":"https:\/\/paca.lpo.fr\/blogs\/nature-en-ville\/"},{"@type":"ListItem","position":2,"name":"La Nature en ville dispara\u00eet, ensemble agissons !"}]},{"@type":"WebSite","@id":"https:\/\/paca.lpo.fr\/blogs\/nature-en-ville\/#website","url":"https:\/\/paca.lpo.fr\/blogs\/nature-en-ville\/","name":"Le blog de la nature en ville","description":"Le blog de la nature en ville","publisher":{"@id":"https:\/\/paca.lpo.fr\/blogs\/nature-en-ville\/#organization"},"potentialAction":[{"@type":"SearchAction","target":{"@type":"EntryPoint","urlTemplate":"https:\/\/paca.lpo.fr\/blogs\/nature-en-ville\/?s={search_term_string}"},"query-input":{"@type":"PropertyValueSpecification","valueRequired":true,"valueName":"search_term_string"}}],"inLanguage":"fr-FR"},{"@type":"Organization","@id":"https:\/\/paca.lpo.fr\/blogs\/nature-en-ville\/#organization","name":"Le blog de la nature en ville","url":"https:\/\/paca.lpo.fr\/blogs\/nature-en-ville\/","logo":{"@type":"ImageObject","inLanguage":"fr-FR","@id":"https:\/\/paca.lpo.fr\/blogs\/nature-en-ville\/#\/schema\/logo\/image\/","url":"https:\/\/paca.lpo.fr\/blogs\/nature-en-ville\/files\/2024\/01\/cropped-rvb-lpo-paca-logotype-signature-droite-mini-500.jpg","contentUrl":"https:\/\/paca.lpo.fr\/blogs\/nature-en-ville\/files\/2024\/01\/cropped-rvb-lpo-paca-logotype-signature-droite-mini-500.jpg","width":500,"height":210,"caption":"Le blog de la nature en ville"},"image":{"@id":"https:\/\/paca.lpo.fr\/blogs\/nature-en-ville\/#\/schema\/logo\/image\/"}},{"@type":"Person","@id":"https:\/\/paca.lpo.fr\/blogs\/nature-en-ville\/#\/schema\/person\/f4701c21e2e412e301d69ea575732a07","name":"LPOPACA","image":{"@type":"ImageObject","inLanguage":"fr-FR","@id":"https:\/\/secure.gravatar.com\/avatar\/61b4fe4aeb906264475360b018582a8a825394c21df85ee757345c68c15ddd14?s=96&d=mm&r=g","url":"https:\/\/secure.gravatar.com\/avatar\/61b4fe4aeb906264475360b018582a8a825394c21df85ee757345c68c15ddd14?s=96&d=mm&r=g","contentUrl":"https:\/\/secure.gravatar.com\/avatar\/61b4fe4aeb906264475360b018582a8a825394c21df85ee757345c68c15ddd14?s=96&d=mm&r=g","caption":"LPOPACA"},"url":"https:\/\/paca.lpo.fr\/blogs\/nature-en-ville\/author\/lpopaca\/"}]}},"jetpack_featured_media_url":"","_links":{"self":[{"href":"https:\/\/paca.lpo.fr\/blogs\/nature-en-ville\/wp-json\/wp\/v2\/posts\/1","targetHints":{"allow":["GET"]}}],"collection":[{"href":"https:\/\/paca.lpo.fr\/blogs\/nature-en-ville\/wp-json\/wp\/v2\/posts"}],"about":[{"href":"https:\/\/paca.lpo.fr\/blogs\/nature-en-ville\/wp-json\/wp\/v2\/types\/post"}],"author":[{"embeddable":true,"href":"https:\/\/paca.lpo.fr\/blogs\/nature-en-ville\/wp-json\/wp\/v2\/users\/1"}],"replies":[{"embeddable":true,"href":"https:\/\/paca.lpo.fr\/blogs\/nature-en-ville\/wp-json\/wp\/v2\/comments?post=1"}],"version-history":[{"count":2,"href":"https:\/\/paca.lpo.fr\/blogs\/nature-en-ville\/wp-json\/wp\/v2\/posts\/1\/revisions"}],"predecessor-version":[{"id":25,"href":"https:\/\/paca.lpo.fr\/blogs\/nature-en-ville\/wp-json\/wp\/v2\/posts\/1\/revisions\/25"}],"wp:attachment":[{"href":"https:\/\/paca.lpo.fr\/blogs\/nature-en-ville\/wp-json\/wp\/v2\/media?parent=1"}],"wp:term":[{"taxonomy":"category","embeddable":true,"href":"https:\/\/paca.lpo.fr\/blogs\/nature-en-ville\/wp-json\/wp\/v2\/categories?post=1"},{"taxonomy":"post_tag","embeddable":true,"href":"https:\/\/paca.lpo.fr\/blogs\/nature-en-ville\/wp-json\/wp\/v2\/tags?post=1"}],"curies":[{"name":"wp","href":"https:\/\/api.w.org\/{rel}","templated":true}]}}