{"id":149,"date":"2022-04-24T11:15:23","date_gmt":"2022-04-24T09:15:23","guid":{"rendered":"http:\/\/paca.lpo.fr\/blogs\/nature-en-ville\/?p=149"},"modified":"2022-04-24T12:00:27","modified_gmt":"2022-04-24T10:00:27","slug":"nice-43-rue-vernier-et-les-martinets","status":"publish","type":"post","link":"https:\/\/paca.lpo.fr\/blogs\/nature-en-ville\/2022\/04\/24\/nice-43-rue-vernier-et-les-martinets\/","title":{"rendered":"NICE 43 rue Vernier et les martinets"},"content":{"rendered":"\n<p class=\"has-text-align-center wp-block-paragraph\"><strong>20 avril 2022, fin de chantier \u00ab\u00a0martinesque\u00a0\u00bb<\/strong><\/p>\n\n\n\n<p class=\"has-text-align-center wp-block-paragraph\"><strong>43 rue Vernier \u00e0 Nice (06)<\/strong><\/p>\n\n\n\n<p class=\"has-text-align-center wp-block-paragraph\"><strong>Un b\u00e2timent de logements sociaux (LOGIREM) construit dans le cadre du plan national de requalification des quartiers anciens d\u00e9grad\u00e9s pr\u00eat \u00e0 accueillir 9 couples de Martinets noirs.<\/strong><\/p>\n\n\n\n<p class=\"wp-block-paragraph\"><\/p>\n\n\n\n<div class=\"wp-block-image\"><figure class=\"aligncenter size-full is-resized\"><img loading=\"lazy\" decoding=\"async\" src=\"https:\/\/paca.lpo.fr\/blogs\/nature-en-ville\/files\/2022\/04\/nature-en-ville-nice-43-rue-vernier-et-les-martinets-image0000007.jpg\" alt=\"\" class=\"wp-image-150\" width=\"288\" height=\"576\" srcset=\"https:\/\/paca.lpo.fr\/blogs\/nature-en-ville\/files\/2022\/04\/nature-en-ville-nice-43-rue-vernier-et-les-martinets-image0000007.jpg 384w, https:\/\/paca.lpo.fr\/blogs\/nature-en-ville\/files\/2022\/04\/nature-en-ville-nice-43-rue-vernier-et-les-martinets-image0000007-150x300.jpg 150w\" sizes=\"auto, (max-width: 288px) 100vw, 288px\" \/><\/figure><\/div>\n\n\n\n<figure class=\"wp-block-image size-full is-resized\"><img loading=\"lazy\" decoding=\"async\" src=\"https:\/\/paca.lpo.fr\/blogs\/nature-en-ville\/files\/2022\/04\/nature-en-ville-nice-43-rue-vernier-et-les-martinets-image0000006-n-1-avril-22-43-vernier.jpg\" alt=\"\" class=\"wp-image-151\" width=\"576\" height=\"1152\" srcset=\"https:\/\/paca.lpo.fr\/blogs\/nature-en-ville\/files\/2022\/04\/nature-en-ville-nice-43-rue-vernier-et-les-martinets-image0000006-n-1-avril-22-43-vernier.jpg 384w, https:\/\/paca.lpo.fr\/blogs\/nature-en-ville\/files\/2022\/04\/nature-en-ville-nice-43-rue-vernier-et-les-martinets-image0000006-n-1-avril-22-43-vernier-150x300.jpg 150w\" sizes=\"auto, (max-width: 576px) 100vw, 576px\" \/><\/figure>\n\n\n\n<p class=\"wp-block-paragraph\">Installation de trois nichoirs triples pour Martinets (b\u00e9ton de bois) NAT&rsquo;H.<\/p>\n\n\n\n<p class=\"has-text-align-center wp-block-paragraph\"><strong>Les nichoirs ont \u00e9t\u00e9 int\u00e9gr\u00e9s dans un caisson, avec petit toit et ensuite enduits au couleur de la fa\u00e7ade.<\/strong><\/p>\n\n\n\n<div class=\"wp-block-image\"><figure class=\"aligncenter size-full is-resized\"><img loading=\"lazy\" decoding=\"async\" src=\"https:\/\/paca.lpo.fr\/blogs\/nature-en-ville\/files\/2022\/04\/nature-en-ville-nice-43-rue-vernier-et-les-martinets-image0000005-3-nichoirs-triples-nice-2022.jpg\" alt=\"\" class=\"wp-image-152\" width=\"495\" height=\"990\" srcset=\"https:\/\/paca.lpo.fr\/blogs\/nature-en-ville\/files\/2022\/04\/nature-en-ville-nice-43-rue-vernier-et-les-martinets-image0000005-3-nichoirs-triples-nice-2022.jpg 384w, https:\/\/paca.lpo.fr\/blogs\/nature-en-ville\/files\/2022\/04\/nature-en-ville-nice-43-rue-vernier-et-les-martinets-image0000005-3-nichoirs-triples-nice-2022-150x300.jpg 150w\" sizes=\"auto, (max-width: 495px) 100vw, 495px\" \/><\/figure><\/div>\n\n\n\n<p class=\"wp-block-paragraph\">Une possibilit\u00e9 d&rsquo;accueillir 9 couples de Martinets noirs durant leur p\u00e9riode de reproduction (avril \u00e0 fin juillet), une esp\u00e8ce en grand d\u00e9clin (-57 %) notamment \u00e0 cause de la diminution importante des cavit\u00e9s dans nos b\u00e2timents.<\/p>\n\n\n\n<p class=\"wp-block-paragraph\">Un grand merci aux entreprises qui ont jou\u00e9 \u00ab\u00a0le jeu\u00a0\u00bb, <\/p>\n\n\n\n<p class=\"wp-block-paragraph\">Kevin LE GALL | Charg\u00e9 d&rsquo;op\u00e9rations Logirem et Nathalie SALMIERI Architecte H.M.O.N.P.<\/p>\n\n\n\n<p class=\"wp-block-paragraph\">Ainsi qu&rsquo;\u00e0 Yasmine Corazzini (LPO PACA Groupe Travail Nice Nature en Ville U2B) \u00e0 l&rsquo;origine de cette belle op\u00e9ration.<\/p>\n\n\n\n<div class=\"wp-block-image\"><figure class=\"aligncenter size-full is-resized\"><img loading=\"lazy\" decoding=\"async\" src=\"https:\/\/paca.lpo.fr\/blogs\/nature-en-ville\/files\/2022\/04\/nature-en-ville-nice-43-rue-vernier-et-les-martinets-img-5592-nath.jpg\" alt=\"\" class=\"wp-image-158\" width=\"263\" height=\"351\" srcset=\"https:\/\/paca.lpo.fr\/blogs\/nature-en-ville\/files\/2022\/04\/nature-en-ville-nice-43-rue-vernier-et-les-martinets-img-5592-nath.jpg 600w, https:\/\/paca.lpo.fr\/blogs\/nature-en-ville\/files\/2022\/04\/nature-en-ville-nice-43-rue-vernier-et-les-martinets-img-5592-nath-225x300.jpg 225w\" sizes=\"auto, (max-width: 263px) 100vw, 263px\" \/><\/figure><\/div>\n\n\n\n<p class=\"wp-block-paragraph\"><\/p>\n\n\n\n<p class=\"wp-block-paragraph\"><\/p>\n","protected":false},"excerpt":{"rendered":"<p>20 avril 2022, fin de chantier \u00ab\u00a0martinesque\u00a0\u00bb 43 rue Vernier \u00e0 Nice (06) Un b\u00e2timent de logements sociaux (LOGIREM) construit dans le cadre du plan national de requalification des quartiers anciens d\u00e9grad\u00e9s pr\u00eat \u00e0 accueillir 9 couples de Martinets noirs. Installation de trois nichoirs triples pour Martinets (b\u00e9ton de bois) NAT&rsquo;H. Les nichoirs ont \u00e9t\u00e9 [&hellip;]<\/p>\n","protected":false},"author":124,"featured_media":153,"comment_status":"open","ping_status":"open","sticky":false,"template":"","format":"standard","meta":{"footnotes":""},"categories":[6],"tags":[],"class_list":["post-149","post","type-post","status-publish","format-standard","has-post-thumbnail","hentry","category-les-martinets-et-le-bati"],"yoast_head":"<!-- This site is optimized with the Yoast SEO plugin v28.3 - https:\/\/yoast.com\/product\/yoast-seo-wordpress\/ -->\n<title>NICE 43 rue Vernier et les martinets - Le blog de la nature en ville<\/title>\n<meta name=\"robots\" content=\"index, follow, max-snippet:-1, max-image-preview:large, max-video-preview:-1\" \/>\n<link rel=\"canonical\" href=\"https:\/\/paca.lpo.fr\/blogs\/nature-en-ville\/2022\/04\/24\/nice-43-rue-vernier-et-les-martinets\/\" \/>\n<meta property=\"og:locale\" content=\"fr_FR\" \/>\n<meta property=\"og:type\" content=\"article\" \/>\n<meta property=\"og:title\" content=\"NICE 43 rue Vernier et les martinets - Le blog de la nature en ville\" \/>\n<meta property=\"og:description\" content=\"20 avril 2022, fin de chantier \u00ab\u00a0martinesque\u00a0\u00bb 43 rue Vernier \u00e0 Nice (06) Un b\u00e2timent de logements sociaux (LOGIREM) construit dans le cadre du plan national de requalification des quartiers anciens d\u00e9grad\u00e9s pr\u00eat \u00e0 accueillir 9 couples de Martinets noirs. Installation de trois nichoirs triples pour Martinets (b\u00e9ton de bois) NAT&rsquo;H. Les nichoirs ont \u00e9t\u00e9 [&hellip;]\" \/>\n<meta property=\"og:url\" content=\"https:\/\/paca.lpo.fr\/blogs\/nature-en-ville\/2022\/04\/24\/nice-43-rue-vernier-et-les-martinets\/\" \/>\n<meta property=\"og:site_name\" content=\"Le blog de la nature en ville\" \/>\n<meta property=\"article:published_time\" content=\"2022-04-24T09:15:23+00:00\" \/>\n<meta property=\"article:modified_time\" content=\"2022-04-24T10:00:27+00:00\" \/>\n<meta property=\"og:image\" content=\"https:\/\/paca.lpo.fr\/blogs\/nature-en-ville\/files\/2022\/04\/nature-en-ville-nice-43-rue-vernier-et-les-martinets-3-triples-nichoirs-nath-43-rue-vernier-blog.jpg\" \/>\n\t<meta property=\"og:image:width\" content=\"592\" \/>\n\t<meta property=\"og:image:height\" content=\"768\" \/>\n\t<meta property=\"og:image:type\" content=\"image\/jpeg\" \/>\n<meta name=\"author\" content=\"katherinedubourg\" \/>\n<meta name=\"twitter:card\" content=\"summary_large_image\" \/>\n<meta name=\"twitter:label1\" content=\"\u00c9crit par\" \/>\n\t<meta name=\"twitter:data1\" content=\"katherinedubourg\" \/>\n\t<meta name=\"twitter:label2\" content=\"Dur\u00e9e de lecture estim\u00e9e\" \/>\n\t<meta name=\"twitter:data2\" content=\"1 minute\" \/>\n<script type=\"application\/ld+json\" class=\"yoast-schema-graph\">{\"@context\":\"https:\\\/\\\/schema.org\",\"@graph\":[{\"@type\":\"Article\",\"@id\":\"https:\\\/\\\/paca.lpo.fr\\\/blogs\\\/nature-en-ville\\\/2022\\\/04\\\/24\\\/nice-43-rue-vernier-et-les-martinets\\\/#article\",\"isPartOf\":{\"@id\":\"https:\\\/\\\/paca.lpo.fr\\\/blogs\\\/nature-en-ville\\\/2022\\\/04\\\/24\\\/nice-43-rue-vernier-et-les-martinets\\\/\"},\"author\":{\"name\":\"katherinedubourg\",\"@id\":\"https:\\\/\\\/paca.lpo.fr\\\/blogs\\\/nature-en-ville\\\/#\\\/schema\\\/person\\\/2154d7949f2c10ecada4433d15cf7884\"},\"headline\":\"NICE 43 rue Vernier et les martinets\",\"datePublished\":\"2022-04-24T09:15:23+00:00\",\"dateModified\":\"2022-04-24T10:00:27+00:00\",\"mainEntityOfPage\":{\"@id\":\"https:\\\/\\\/paca.lpo.fr\\\/blogs\\\/nature-en-ville\\\/2022\\\/04\\\/24\\\/nice-43-rue-vernier-et-les-martinets\\\/\"},\"wordCount\":164,\"commentCount\":0,\"publisher\":{\"@id\":\"https:\\\/\\\/paca.lpo.fr\\\/blogs\\\/nature-en-ville\\\/#organization\"},\"image\":{\"@id\":\"https:\\\/\\\/paca.lpo.fr\\\/blogs\\\/nature-en-ville\\\/2022\\\/04\\\/24\\\/nice-43-rue-vernier-et-les-martinets\\\/#primaryimage\"},\"thumbnailUrl\":\"https:\\\/\\\/paca.lpo.fr\\\/blogs\\\/nature-en-ville\\\/files\\\/2022\\\/04\\\/nature-en-ville-nice-43-rue-vernier-et-les-martinets-3-triples-nichoirs-nath-43-rue-vernier-blog.jpg\",\"articleSection\":[\"LES MARTINETS ET LE BATI\"],\"inLanguage\":\"fr-FR\",\"potentialAction\":[{\"@type\":\"CommentAction\",\"name\":\"Comment\",\"target\":[\"https:\\\/\\\/paca.lpo.fr\\\/blogs\\\/nature-en-ville\\\/2022\\\/04\\\/24\\\/nice-43-rue-vernier-et-les-martinets\\\/#respond\"]}]},{\"@type\":\"WebPage\",\"@id\":\"https:\\\/\\\/paca.lpo.fr\\\/blogs\\\/nature-en-ville\\\/2022\\\/04\\\/24\\\/nice-43-rue-vernier-et-les-martinets\\\/\",\"url\":\"https:\\\/\\\/paca.lpo.fr\\\/blogs\\\/nature-en-ville\\\/2022\\\/04\\\/24\\\/nice-43-rue-vernier-et-les-martinets\\\/\",\"name\":\"NICE 43 rue Vernier et les martinets - Le blog de la nature en ville\",\"isPartOf\":{\"@id\":\"https:\\\/\\\/paca.lpo.fr\\\/blogs\\\/nature-en-ville\\\/#website\"},\"primaryImageOfPage\":{\"@id\":\"https:\\\/\\\/paca.lpo.fr\\\/blogs\\\/nature-en-ville\\\/2022\\\/04\\\/24\\\/nice-43-rue-vernier-et-les-martinets\\\/#primaryimage\"},\"image\":{\"@id\":\"https:\\\/\\\/paca.lpo.fr\\\/blogs\\\/nature-en-ville\\\/2022\\\/04\\\/24\\\/nice-43-rue-vernier-et-les-martinets\\\/#primaryimage\"},\"thumbnailUrl\":\"https:\\\/\\\/paca.lpo.fr\\\/blogs\\\/nature-en-ville\\\/files\\\/2022\\\/04\\\/nature-en-ville-nice-43-rue-vernier-et-les-martinets-3-triples-nichoirs-nath-43-rue-vernier-blog.jpg\",\"datePublished\":\"2022-04-24T09:15:23+00:00\",\"dateModified\":\"2022-04-24T10:00:27+00:00\",\"breadcrumb\":{\"@id\":\"https:\\\/\\\/paca.lpo.fr\\\/blogs\\\/nature-en-ville\\\/2022\\\/04\\\/24\\\/nice-43-rue-vernier-et-les-martinets\\\/#breadcrumb\"},\"inLanguage\":\"fr-FR\",\"potentialAction\":[{\"@type\":\"ReadAction\",\"target\":[\"https:\\\/\\\/paca.lpo.fr\\\/blogs\\\/nature-en-ville\\\/2022\\\/04\\\/24\\\/nice-43-rue-vernier-et-les-martinets\\\/\"]}]},{\"@type\":\"ImageObject\",\"inLanguage\":\"fr-FR\",\"@id\":\"https:\\\/\\\/paca.lpo.fr\\\/blogs\\\/nature-en-ville\\\/2022\\\/04\\\/24\\\/nice-43-rue-vernier-et-les-martinets\\\/#primaryimage\",\"url\":\"https:\\\/\\\/paca.lpo.fr\\\/blogs\\\/nature-en-ville\\\/files\\\/2022\\\/04\\\/nature-en-ville-nice-43-rue-vernier-et-les-martinets-3-triples-nichoirs-nath-43-rue-vernier-blog.jpg\",\"contentUrl\":\"https:\\\/\\\/paca.lpo.fr\\\/blogs\\\/nature-en-ville\\\/files\\\/2022\\\/04\\\/nature-en-ville-nice-43-rue-vernier-et-les-martinets-3-triples-nichoirs-nath-43-rue-vernier-blog.jpg\",\"width\":592,\"height\":768},{\"@type\":\"BreadcrumbList\",\"@id\":\"https:\\\/\\\/paca.lpo.fr\\\/blogs\\\/nature-en-ville\\\/2022\\\/04\\\/24\\\/nice-43-rue-vernier-et-les-martinets\\\/#breadcrumb\",\"itemListElement\":[{\"@type\":\"ListItem\",\"position\":1,\"name\":\"Accueil\",\"item\":\"https:\\\/\\\/paca.lpo.fr\\\/blogs\\\/nature-en-ville\\\/\"},{\"@type\":\"ListItem\",\"position\":2,\"name\":\"NICE 43 rue Vernier et les martinets\"}]},{\"@type\":\"WebSite\",\"@id\":\"https:\\\/\\\/paca.lpo.fr\\\/blogs\\\/nature-en-ville\\\/#website\",\"url\":\"https:\\\/\\\/paca.lpo.fr\\\/blogs\\\/nature-en-ville\\\/\",\"name\":\"Le blog de la nature en ville\",\"description\":\"Le blog de la nature en ville\",\"publisher\":{\"@id\":\"https:\\\/\\\/paca.lpo.fr\\\/blogs\\\/nature-en-ville\\\/#organization\"},\"potentialAction\":[{\"@type\":\"SearchAction\",\"target\":{\"@type\":\"EntryPoint\",\"urlTemplate\":\"https:\\\/\\\/paca.lpo.fr\\\/blogs\\\/nature-en-ville\\\/?s={search_term_string}\"},\"query-input\":{\"@type\":\"PropertyValueSpecification\",\"valueRequired\":true,\"valueName\":\"search_term_string\"}}],\"inLanguage\":\"fr-FR\"},{\"@type\":\"Organization\",\"@id\":\"https:\\\/\\\/paca.lpo.fr\\\/blogs\\\/nature-en-ville\\\/#organization\",\"name\":\"Le blog de la nature en ville\",\"url\":\"https:\\\/\\\/paca.lpo.fr\\\/blogs\\\/nature-en-ville\\\/\",\"logo\":{\"@type\":\"ImageObject\",\"inLanguage\":\"fr-FR\",\"@id\":\"https:\\\/\\\/paca.lpo.fr\\\/blogs\\\/nature-en-ville\\\/#\\\/schema\\\/logo\\\/image\\\/\",\"url\":\"https:\\\/\\\/paca.lpo.fr\\\/blogs\\\/nature-en-ville\\\/files\\\/2024\\\/01\\\/cropped-rvb-lpo-paca-logotype-signature-droite-mini-500.jpg\",\"contentUrl\":\"https:\\\/\\\/paca.lpo.fr\\\/blogs\\\/nature-en-ville\\\/files\\\/2024\\\/01\\\/cropped-rvb-lpo-paca-logotype-signature-droite-mini-500.jpg\",\"width\":500,\"height\":210,\"caption\":\"Le blog de la nature en ville\"},\"image\":{\"@id\":\"https:\\\/\\\/paca.lpo.fr\\\/blogs\\\/nature-en-ville\\\/#\\\/schema\\\/logo\\\/image\\\/\"}},{\"@type\":\"Person\",\"@id\":\"https:\\\/\\\/paca.lpo.fr\\\/blogs\\\/nature-en-ville\\\/#\\\/schema\\\/person\\\/2154d7949f2c10ecada4433d15cf7884\",\"name\":\"katherinedubourg\",\"image\":{\"@type\":\"ImageObject\",\"inLanguage\":\"fr-FR\",\"@id\":\"https:\\\/\\\/secure.gravatar.com\\\/avatar\\\/669d7bfc42814b2e9ba5adde58008c6a97c8708e7cf996a0b2ed90cd63394b6a?s=96&d=mm&r=g\",\"url\":\"https:\\\/\\\/secure.gravatar.com\\\/avatar\\\/669d7bfc42814b2e9ba5adde58008c6a97c8708e7cf996a0b2ed90cd63394b6a?s=96&d=mm&r=g\",\"contentUrl\":\"https:\\\/\\\/secure.gravatar.com\\\/avatar\\\/669d7bfc42814b2e9ba5adde58008c6a97c8708e7cf996a0b2ed90cd63394b6a?s=96&d=mm&r=g\",\"caption\":\"katherinedubourg\"},\"url\":\"https:\\\/\\\/paca.lpo.fr\\\/blogs\\\/nature-en-ville\\\/author\\\/katherinedubourg\\\/\"}]}<\/script>\n<!-- \/ Yoast SEO plugin. -->","yoast_head_json":{"title":"NICE 43 rue Vernier et les martinets - Le blog de la nature en ville","robots":{"index":"index","follow":"follow","max-snippet":"max-snippet:-1","max-image-preview":"max-image-preview:large","max-video-preview":"max-video-preview:-1"},"canonical":"https:\/\/paca.lpo.fr\/blogs\/nature-en-ville\/2022\/04\/24\/nice-43-rue-vernier-et-les-martinets\/","og_locale":"fr_FR","og_type":"article","og_title":"NICE 43 rue Vernier et les martinets - Le blog de la nature en ville","og_description":"20 avril 2022, fin de chantier \u00ab\u00a0martinesque\u00a0\u00bb 43 rue Vernier \u00e0 Nice (06) Un b\u00e2timent de logements sociaux (LOGIREM) construit dans le cadre du plan national de requalification des quartiers anciens d\u00e9grad\u00e9s pr\u00eat \u00e0 accueillir 9 couples de Martinets noirs. Installation de trois nichoirs triples pour Martinets (b\u00e9ton de bois) NAT&rsquo;H. Les nichoirs ont \u00e9t\u00e9 [&hellip;]","og_url":"https:\/\/paca.lpo.fr\/blogs\/nature-en-ville\/2022\/04\/24\/nice-43-rue-vernier-et-les-martinets\/","og_site_name":"Le blog de la nature en ville","article_published_time":"2022-04-24T09:15:23+00:00","article_modified_time":"2022-04-24T10:00:27+00:00","og_image":[{"width":592,"height":768,"url":"https:\/\/paca.lpo.fr\/blogs\/nature-en-ville\/files\/2022\/04\/nature-en-ville-nice-43-rue-vernier-et-les-martinets-3-triples-nichoirs-nath-43-rue-vernier-blog.jpg","type":"image\/jpeg"}],"author":"katherinedubourg","twitter_card":"summary_large_image","twitter_misc":{"\u00c9crit par":"katherinedubourg","Dur\u00e9e de lecture estim\u00e9e":"1 minute"},"schema":{"@context":"https:\/\/schema.org","@graph":[{"@type":"Article","@id":"https:\/\/paca.lpo.fr\/blogs\/nature-en-ville\/2022\/04\/24\/nice-43-rue-vernier-et-les-martinets\/#article","isPartOf":{"@id":"https:\/\/paca.lpo.fr\/blogs\/nature-en-ville\/2022\/04\/24\/nice-43-rue-vernier-et-les-martinets\/"},"author":{"name":"katherinedubourg","@id":"https:\/\/paca.lpo.fr\/blogs\/nature-en-ville\/#\/schema\/person\/2154d7949f2c10ecada4433d15cf7884"},"headline":"NICE 43 rue Vernier et les martinets","datePublished":"2022-04-24T09:15:23+00:00","dateModified":"2022-04-24T10:00:27+00:00","mainEntityOfPage":{"@id":"https:\/\/paca.lpo.fr\/blogs\/nature-en-ville\/2022\/04\/24\/nice-43-rue-vernier-et-les-martinets\/"},"wordCount":164,"commentCount":0,"publisher":{"@id":"https:\/\/paca.lpo.fr\/blogs\/nature-en-ville\/#organization"},"image":{"@id":"https:\/\/paca.lpo.fr\/blogs\/nature-en-ville\/2022\/04\/24\/nice-43-rue-vernier-et-les-martinets\/#primaryimage"},"thumbnailUrl":"https:\/\/paca.lpo.fr\/blogs\/nature-en-ville\/files\/2022\/04\/nature-en-ville-nice-43-rue-vernier-et-les-martinets-3-triples-nichoirs-nath-43-rue-vernier-blog.jpg","articleSection":["LES MARTINETS ET LE BATI"],"inLanguage":"fr-FR","potentialAction":[{"@type":"CommentAction","name":"Comment","target":["https:\/\/paca.lpo.fr\/blogs\/nature-en-ville\/2022\/04\/24\/nice-43-rue-vernier-et-les-martinets\/#respond"]}]},{"@type":"WebPage","@id":"https:\/\/paca.lpo.fr\/blogs\/nature-en-ville\/2022\/04\/24\/nice-43-rue-vernier-et-les-martinets\/","url":"https:\/\/paca.lpo.fr\/blogs\/nature-en-ville\/2022\/04\/24\/nice-43-rue-vernier-et-les-martinets\/","name":"NICE 43 rue Vernier et les martinets - Le blog de la nature en ville","isPartOf":{"@id":"https:\/\/paca.lpo.fr\/blogs\/nature-en-ville\/#website"},"primaryImageOfPage":{"@id":"https:\/\/paca.lpo.fr\/blogs\/nature-en-ville\/2022\/04\/24\/nice-43-rue-vernier-et-les-martinets\/#primaryimage"},"image":{"@id":"https:\/\/paca.lpo.fr\/blogs\/nature-en-ville\/2022\/04\/24\/nice-43-rue-vernier-et-les-martinets\/#primaryimage"},"thumbnailUrl":"https:\/\/paca.lpo.fr\/blogs\/nature-en-ville\/files\/2022\/04\/nature-en-ville-nice-43-rue-vernier-et-les-martinets-3-triples-nichoirs-nath-43-rue-vernier-blog.jpg","datePublished":"2022-04-24T09:15:23+00:00","dateModified":"2022-04-24T10:00:27+00:00","breadcrumb":{"@id":"https:\/\/paca.lpo.fr\/blogs\/nature-en-ville\/2022\/04\/24\/nice-43-rue-vernier-et-les-martinets\/#breadcrumb"},"inLanguage":"fr-FR","potentialAction":[{"@type":"ReadAction","target":["https:\/\/paca.lpo.fr\/blogs\/nature-en-ville\/2022\/04\/24\/nice-43-rue-vernier-et-les-martinets\/"]}]},{"@type":"ImageObject","inLanguage":"fr-FR","@id":"https:\/\/paca.lpo.fr\/blogs\/nature-en-ville\/2022\/04\/24\/nice-43-rue-vernier-et-les-martinets\/#primaryimage","url":"https:\/\/paca.lpo.fr\/blogs\/nature-en-ville\/files\/2022\/04\/nature-en-ville-nice-43-rue-vernier-et-les-martinets-3-triples-nichoirs-nath-43-rue-vernier-blog.jpg","contentUrl":"https:\/\/paca.lpo.fr\/blogs\/nature-en-ville\/files\/2022\/04\/nature-en-ville-nice-43-rue-vernier-et-les-martinets-3-triples-nichoirs-nath-43-rue-vernier-blog.jpg","width":592,"height":768},{"@type":"BreadcrumbList","@id":"https:\/\/paca.lpo.fr\/blogs\/nature-en-ville\/2022\/04\/24\/nice-43-rue-vernier-et-les-martinets\/#breadcrumb","itemListElement":[{"@type":"ListItem","position":1,"name":"Accueil","item":"https:\/\/paca.lpo.fr\/blogs\/nature-en-ville\/"},{"@type":"ListItem","position":2,"name":"NICE 43 rue Vernier et les martinets"}]},{"@type":"WebSite","@id":"https:\/\/paca.lpo.fr\/blogs\/nature-en-ville\/#website","url":"https:\/\/paca.lpo.fr\/blogs\/nature-en-ville\/","name":"Le blog de la nature en ville","description":"Le blog de la nature en ville","publisher":{"@id":"https:\/\/paca.lpo.fr\/blogs\/nature-en-ville\/#organization"},"potentialAction":[{"@type":"SearchAction","target":{"@type":"EntryPoint","urlTemplate":"https:\/\/paca.lpo.fr\/blogs\/nature-en-ville\/?s={search_term_string}"},"query-input":{"@type":"PropertyValueSpecification","valueRequired":true,"valueName":"search_term_string"}}],"inLanguage":"fr-FR"},{"@type":"Organization","@id":"https:\/\/paca.lpo.fr\/blogs\/nature-en-ville\/#organization","name":"Le blog de la nature en ville","url":"https:\/\/paca.lpo.fr\/blogs\/nature-en-ville\/","logo":{"@type":"ImageObject","inLanguage":"fr-FR","@id":"https:\/\/paca.lpo.fr\/blogs\/nature-en-ville\/#\/schema\/logo\/image\/","url":"https:\/\/paca.lpo.fr\/blogs\/nature-en-ville\/files\/2024\/01\/cropped-rvb-lpo-paca-logotype-signature-droite-mini-500.jpg","contentUrl":"https:\/\/paca.lpo.fr\/blogs\/nature-en-ville\/files\/2024\/01\/cropped-rvb-lpo-paca-logotype-signature-droite-mini-500.jpg","width":500,"height":210,"caption":"Le blog de la nature en ville"},"image":{"@id":"https:\/\/paca.lpo.fr\/blogs\/nature-en-ville\/#\/schema\/logo\/image\/"}},{"@type":"Person","@id":"https:\/\/paca.lpo.fr\/blogs\/nature-en-ville\/#\/schema\/person\/2154d7949f2c10ecada4433d15cf7884","name":"katherinedubourg","image":{"@type":"ImageObject","inLanguage":"fr-FR","@id":"https:\/\/secure.gravatar.com\/avatar\/669d7bfc42814b2e9ba5adde58008c6a97c8708e7cf996a0b2ed90cd63394b6a?s=96&d=mm&r=g","url":"https:\/\/secure.gravatar.com\/avatar\/669d7bfc42814b2e9ba5adde58008c6a97c8708e7cf996a0b2ed90cd63394b6a?s=96&d=mm&r=g","contentUrl":"https:\/\/secure.gravatar.com\/avatar\/669d7bfc42814b2e9ba5adde58008c6a97c8708e7cf996a0b2ed90cd63394b6a?s=96&d=mm&r=g","caption":"katherinedubourg"},"url":"https:\/\/paca.lpo.fr\/blogs\/nature-en-ville\/author\/katherinedubourg\/"}]}},"jetpack_featured_media_url":"https:\/\/paca.lpo.fr\/blogs\/nature-en-ville\/files\/2022\/04\/nature-en-ville-nice-43-rue-vernier-et-les-martinets-3-triples-nichoirs-nath-43-rue-vernier-blog.jpg","_links":{"self":[{"href":"https:\/\/paca.lpo.fr\/blogs\/nature-en-ville\/wp-json\/wp\/v2\/posts\/149","targetHints":{"allow":["GET"]}}],"collection":[{"href":"https:\/\/paca.lpo.fr\/blogs\/nature-en-ville\/wp-json\/wp\/v2\/posts"}],"about":[{"href":"https:\/\/paca.lpo.fr\/blogs\/nature-en-ville\/wp-json\/wp\/v2\/types\/post"}],"author":[{"embeddable":true,"href":"https:\/\/paca.lpo.fr\/blogs\/nature-en-ville\/wp-json\/wp\/v2\/users\/124"}],"replies":[{"embeddable":true,"href":"https:\/\/paca.lpo.fr\/blogs\/nature-en-ville\/wp-json\/wp\/v2\/comments?post=149"}],"version-history":[{"count":4,"href":"https:\/\/paca.lpo.fr\/blogs\/nature-en-ville\/wp-json\/wp\/v2\/posts\/149\/revisions"}],"predecessor-version":[{"id":160,"href":"https:\/\/paca.lpo.fr\/blogs\/nature-en-ville\/wp-json\/wp\/v2\/posts\/149\/revisions\/160"}],"wp:featuredmedia":[{"embeddable":true,"href":"https:\/\/paca.lpo.fr\/blogs\/nature-en-ville\/wp-json\/wp\/v2\/media\/153"}],"wp:attachment":[{"href":"https:\/\/paca.lpo.fr\/blogs\/nature-en-ville\/wp-json\/wp\/v2\/media?parent=149"}],"wp:term":[{"taxonomy":"category","embeddable":true,"href":"https:\/\/paca.lpo.fr\/blogs\/nature-en-ville\/wp-json\/wp\/v2\/categories?post=149"},{"taxonomy":"post_tag","embeddable":true,"href":"https:\/\/paca.lpo.fr\/blogs\/nature-en-ville\/wp-json\/wp\/v2\/tags?post=149"}],"curies":[{"name":"wp","href":"https:\/\/api.w.org\/{rel}","templated":true}]}}