{"id":179,"date":"2022-05-01T16:49:24","date_gmt":"2022-05-01T14:49:24","guid":{"rendered":"http:\/\/paca.lpo.fr\/blogs\/nature-en-ville\/?p=179"},"modified":"2022-05-01T16:49:24","modified_gmt":"2022-05-01T14:49:24","slug":"611-bd-ml-joffre-st-jean-du-var-martinets","status":"publish","type":"post","link":"https:\/\/paca.lpo.fr\/blogs\/nature-en-ville\/2022\/05\/01\/611-bd-ml-joffre-st-jean-du-var-martinets\/","title":{"rendered":"611 Bd Ml Joffre St Jean du Var \/ Martinets"},"content":{"rendered":"\n<p class=\"has-subtle-background-background-color has-background wp-block-paragraph\"><strong>JUIN 2017<\/strong>, 2 sites de nidification de Martinets noirs avaient \u00e9t\u00e9 recens\u00e9s sous les g\u00eanoises, trous d&rsquo;a\u00e9ration de ce b\u00e2timent situ\u00e9 au 611 Bd du Mar\u00e9chal Joffre \u00e0 St Jean du Var (Toulon).<\/p>\n\n\n\n<p class=\"wp-block-paragraph\"><span style=\"background-color:#dbdbdb\" class=\"tadv-background-color\"><strong>MI-NOVEMBRE 2021<\/strong>, RAVALEMENT DE FACADE.<\/span><\/p>\n\n\n\n<figure class=\"wp-block-image size-full\"><img loading=\"lazy\" decoding=\"async\" width=\"1024\" height=\"768\" src=\"https:\/\/paca.lpo.fr\/blogs\/nature-en-ville\/files\/2022\/05\/nature-en-ville-611-bd-ml-joffre-st-jean-du-var-martinets-20211112-blog.jpg\" alt=\"\" class=\"wp-image-181\" srcset=\"https:\/\/paca.lpo.fr\/blogs\/nature-en-ville\/files\/2022\/05\/nature-en-ville-611-bd-ml-joffre-st-jean-du-var-martinets-20211112-blog.jpg 1024w, https:\/\/paca.lpo.fr\/blogs\/nature-en-ville\/files\/2022\/05\/nature-en-ville-611-bd-ml-joffre-st-jean-du-var-martinets-20211112-blog-300x225.jpg 300w, https:\/\/paca.lpo.fr\/blogs\/nature-en-ville\/files\/2022\/05\/nature-en-ville-611-bd-ml-joffre-st-jean-du-var-martinets-20211112-blog-768x576.jpg 768w\" sizes=\"auto, (max-width: 1024px) 100vw, 1024px\" \/><\/figure>\n\n\n\n<p class=\"wp-block-paragraph\">Prise de contact avec l&rsquo;entreprise en charge des travaux BELLO CONSTRUCTION.<\/p>\n\n\n\n<p class=\"wp-block-paragraph\">Rendez-vous sur site, \u00e9changes de mels informatifs sur les habitats des Martinets et l&rsquo;op\u00e9ration \u00ab\u00a0TOULON ET LES MARTINETS\u00a0\u00bb.<\/p>\n\n\n\n<p class=\"wp-block-paragraph\">Le message a \u00e9t\u00e9 re\u00e7u 5\/5 et les trous ont bien \u00e9t\u00e9 conserv\u00e9s.<\/p>\n\n\n\n<p class=\"wp-block-paragraph\">Les travaux \u00e9tant termin\u00e9s avant l\u2019arriv\u00e9e des migrateurs, on croise les doigts pour qu\u2019ils retrouvent leurs habitudes.<\/p>\n\n\n\n<figure class=\"wp-block-image size-full is-resized\"><img loading=\"lazy\" decoding=\"async\" src=\"https:\/\/paca.lpo.fr\/blogs\/nature-en-ville\/files\/2022\/05\/nature-en-ville-611-bd-ml-joffre-st-jean-du-var-martinets-capture.jpg\" alt=\"\" class=\"wp-image-182\" width=\"723\" height=\"429\" srcset=\"https:\/\/paca.lpo.fr\/blogs\/nature-en-ville\/files\/2022\/05\/nature-en-ville-611-bd-ml-joffre-st-jean-du-var-martinets-capture.jpg 1024w, https:\/\/paca.lpo.fr\/blogs\/nature-en-ville\/files\/2022\/05\/nature-en-ville-611-bd-ml-joffre-st-jean-du-var-martinets-capture-300x178.jpg 300w, https:\/\/paca.lpo.fr\/blogs\/nature-en-ville\/files\/2022\/05\/nature-en-ville-611-bd-ml-joffre-st-jean-du-var-martinets-capture-768x456.jpg 768w\" sizes=\"auto, (max-width: 723px) 100vw, 723px\" \/><\/figure>\n\n\n\n<p class=\"wp-block-paragraph\">Merci \u00e0 Yvette du Groupe GT Toulon qui a suivi le d\u00e9roulement du chantier, et merci \u00e0 BELLOCONSTRUCTION pour avoir suivi les pr\u00e9conisations.<\/p>\n\n\n\n<p class=\"wp-block-paragraph\">KD<\/p>\n","protected":false},"excerpt":{"rendered":"<p>JUIN 2017, 2 sites de nidification de Martinets noirs avaient \u00e9t\u00e9 recens\u00e9s sous les g\u00eanoises, trous d&rsquo;a\u00e9ration de ce b\u00e2timent situ\u00e9 au 611 Bd du Mar\u00e9chal Joffre \u00e0 St Jean du Var (Toulon). MI-NOVEMBRE 2021, RAVALEMENT DE FACADE. Prise de contact avec l&rsquo;entreprise en charge des travaux BELLO CONSTRUCTION. Rendez-vous sur site, \u00e9changes de mels [&hellip;]<\/p>\n","protected":false},"author":124,"featured_media":180,"comment_status":"open","ping_status":"open","sticky":false,"template":"","format":"standard","meta":{"footnotes":""},"categories":[6],"tags":[],"class_list":["post-179","post","type-post","status-publish","format-standard","has-post-thumbnail","hentry","category-les-martinets-et-le-bati"],"yoast_head":"<!-- This site is optimized with the Yoast SEO plugin v28.3 - https:\/\/yoast.com\/product\/yoast-seo-wordpress\/ -->\n<title>611 Bd Ml Joffre St Jean du Var \/ Martinets - Le blog de la nature en ville<\/title>\n<meta name=\"robots\" content=\"index, follow, max-snippet:-1, max-image-preview:large, max-video-preview:-1\" \/>\n<link rel=\"canonical\" href=\"https:\/\/paca.lpo.fr\/blogs\/nature-en-ville\/2022\/05\/01\/611-bd-ml-joffre-st-jean-du-var-martinets\/\" \/>\n<meta property=\"og:locale\" content=\"fr_FR\" \/>\n<meta property=\"og:type\" content=\"article\" \/>\n<meta property=\"og:title\" content=\"611 Bd Ml Joffre St Jean du Var \/ Martinets - Le blog de la nature en ville\" \/>\n<meta property=\"og:description\" content=\"JUIN 2017, 2 sites de nidification de Martinets noirs avaient \u00e9t\u00e9 recens\u00e9s sous les g\u00eanoises, trous d&rsquo;a\u00e9ration de ce b\u00e2timent situ\u00e9 au 611 Bd du Mar\u00e9chal Joffre \u00e0 St Jean du Var (Toulon). MI-NOVEMBRE 2021, RAVALEMENT DE FACADE. Prise de contact avec l&rsquo;entreprise en charge des travaux BELLO CONSTRUCTION. Rendez-vous sur site, \u00e9changes de mels [&hellip;]\" \/>\n<meta property=\"og:url\" content=\"https:\/\/paca.lpo.fr\/blogs\/nature-en-ville\/2022\/05\/01\/611-bd-ml-joffre-st-jean-du-var-martinets\/\" \/>\n<meta property=\"og:site_name\" content=\"Le blog de la nature en ville\" \/>\n<meta property=\"article:published_time\" content=\"2022-05-01T14:49:24+00:00\" \/>\n<meta property=\"og:image\" content=\"https:\/\/paca.lpo.fr\/blogs\/nature-en-ville\/files\/2022\/05\/nature-en-ville-611-bd-ml-joffre-st-jean-du-var-martinets-611-blog.jpg\" \/>\n\t<meta property=\"og:image:width\" content=\"1024\" \/>\n\t<meta property=\"og:image:height\" content=\"768\" \/>\n\t<meta property=\"og:image:type\" content=\"image\/jpeg\" \/>\n<meta name=\"author\" content=\"katherinedubourg\" \/>\n<meta name=\"twitter:card\" content=\"summary_large_image\" \/>\n<meta name=\"twitter:label1\" content=\"\u00c9crit par\" \/>\n\t<meta name=\"twitter:data1\" content=\"katherinedubourg\" \/>\n\t<meta name=\"twitter:label2\" content=\"Dur\u00e9e de lecture estim\u00e9e\" \/>\n\t<meta name=\"twitter:data2\" content=\"1 minute\" \/>\n<script type=\"application\/ld+json\" class=\"yoast-schema-graph\">{\"@context\":\"https:\\\/\\\/schema.org\",\"@graph\":[{\"@type\":\"Article\",\"@id\":\"https:\\\/\\\/paca.lpo.fr\\\/blogs\\\/nature-en-ville\\\/2022\\\/05\\\/01\\\/611-bd-ml-joffre-st-jean-du-var-martinets\\\/#article\",\"isPartOf\":{\"@id\":\"https:\\\/\\\/paca.lpo.fr\\\/blogs\\\/nature-en-ville\\\/2022\\\/05\\\/01\\\/611-bd-ml-joffre-st-jean-du-var-martinets\\\/\"},\"author\":{\"name\":\"katherinedubourg\",\"@id\":\"https:\\\/\\\/paca.lpo.fr\\\/blogs\\\/nature-en-ville\\\/#\\\/schema\\\/person\\\/2154d7949f2c10ecada4433d15cf7884\"},\"headline\":\"611 Bd Ml Joffre St Jean du Var \\\/ Martinets\",\"datePublished\":\"2022-05-01T14:49:24+00:00\",\"mainEntityOfPage\":{\"@id\":\"https:\\\/\\\/paca.lpo.fr\\\/blogs\\\/nature-en-ville\\\/2022\\\/05\\\/01\\\/611-bd-ml-joffre-st-jean-du-var-martinets\\\/\"},\"wordCount\":138,\"commentCount\":0,\"publisher\":{\"@id\":\"https:\\\/\\\/paca.lpo.fr\\\/blogs\\\/nature-en-ville\\\/#organization\"},\"image\":{\"@id\":\"https:\\\/\\\/paca.lpo.fr\\\/blogs\\\/nature-en-ville\\\/2022\\\/05\\\/01\\\/611-bd-ml-joffre-st-jean-du-var-martinets\\\/#primaryimage\"},\"thumbnailUrl\":\"https:\\\/\\\/paca.lpo.fr\\\/blogs\\\/nature-en-ville\\\/files\\\/2022\\\/05\\\/nature-en-ville-611-bd-ml-joffre-st-jean-du-var-martinets-611-blog.jpg\",\"articleSection\":[\"LES MARTINETS ET LE BATI\"],\"inLanguage\":\"fr-FR\",\"potentialAction\":[{\"@type\":\"CommentAction\",\"name\":\"Comment\",\"target\":[\"https:\\\/\\\/paca.lpo.fr\\\/blogs\\\/nature-en-ville\\\/2022\\\/05\\\/01\\\/611-bd-ml-joffre-st-jean-du-var-martinets\\\/#respond\"]}]},{\"@type\":\"WebPage\",\"@id\":\"https:\\\/\\\/paca.lpo.fr\\\/blogs\\\/nature-en-ville\\\/2022\\\/05\\\/01\\\/611-bd-ml-joffre-st-jean-du-var-martinets\\\/\",\"url\":\"https:\\\/\\\/paca.lpo.fr\\\/blogs\\\/nature-en-ville\\\/2022\\\/05\\\/01\\\/611-bd-ml-joffre-st-jean-du-var-martinets\\\/\",\"name\":\"611 Bd Ml Joffre St Jean du Var \\\/ Martinets - Le blog de la nature en ville\",\"isPartOf\":{\"@id\":\"https:\\\/\\\/paca.lpo.fr\\\/blogs\\\/nature-en-ville\\\/#website\"},\"primaryImageOfPage\":{\"@id\":\"https:\\\/\\\/paca.lpo.fr\\\/blogs\\\/nature-en-ville\\\/2022\\\/05\\\/01\\\/611-bd-ml-joffre-st-jean-du-var-martinets\\\/#primaryimage\"},\"image\":{\"@id\":\"https:\\\/\\\/paca.lpo.fr\\\/blogs\\\/nature-en-ville\\\/2022\\\/05\\\/01\\\/611-bd-ml-joffre-st-jean-du-var-martinets\\\/#primaryimage\"},\"thumbnailUrl\":\"https:\\\/\\\/paca.lpo.fr\\\/blogs\\\/nature-en-ville\\\/files\\\/2022\\\/05\\\/nature-en-ville-611-bd-ml-joffre-st-jean-du-var-martinets-611-blog.jpg\",\"datePublished\":\"2022-05-01T14:49:24+00:00\",\"breadcrumb\":{\"@id\":\"https:\\\/\\\/paca.lpo.fr\\\/blogs\\\/nature-en-ville\\\/2022\\\/05\\\/01\\\/611-bd-ml-joffre-st-jean-du-var-martinets\\\/#breadcrumb\"},\"inLanguage\":\"fr-FR\",\"potentialAction\":[{\"@type\":\"ReadAction\",\"target\":[\"https:\\\/\\\/paca.lpo.fr\\\/blogs\\\/nature-en-ville\\\/2022\\\/05\\\/01\\\/611-bd-ml-joffre-st-jean-du-var-martinets\\\/\"]}]},{\"@type\":\"ImageObject\",\"inLanguage\":\"fr-FR\",\"@id\":\"https:\\\/\\\/paca.lpo.fr\\\/blogs\\\/nature-en-ville\\\/2022\\\/05\\\/01\\\/611-bd-ml-joffre-st-jean-du-var-martinets\\\/#primaryimage\",\"url\":\"https:\\\/\\\/paca.lpo.fr\\\/blogs\\\/nature-en-ville\\\/files\\\/2022\\\/05\\\/nature-en-ville-611-bd-ml-joffre-st-jean-du-var-martinets-611-blog.jpg\",\"contentUrl\":\"https:\\\/\\\/paca.lpo.fr\\\/blogs\\\/nature-en-ville\\\/files\\\/2022\\\/05\\\/nature-en-ville-611-bd-ml-joffre-st-jean-du-var-martinets-611-blog.jpg\",\"width\":1024,\"height\":768},{\"@type\":\"BreadcrumbList\",\"@id\":\"https:\\\/\\\/paca.lpo.fr\\\/blogs\\\/nature-en-ville\\\/2022\\\/05\\\/01\\\/611-bd-ml-joffre-st-jean-du-var-martinets\\\/#breadcrumb\",\"itemListElement\":[{\"@type\":\"ListItem\",\"position\":1,\"name\":\"Accueil\",\"item\":\"https:\\\/\\\/paca.lpo.fr\\\/blogs\\\/nature-en-ville\\\/\"},{\"@type\":\"ListItem\",\"position\":2,\"name\":\"611 Bd Ml Joffre St Jean du Var \\\/ Martinets\"}]},{\"@type\":\"WebSite\",\"@id\":\"https:\\\/\\\/paca.lpo.fr\\\/blogs\\\/nature-en-ville\\\/#website\",\"url\":\"https:\\\/\\\/paca.lpo.fr\\\/blogs\\\/nature-en-ville\\\/\",\"name\":\"Le blog de la nature en ville\",\"description\":\"Le blog de la nature en ville\",\"publisher\":{\"@id\":\"https:\\\/\\\/paca.lpo.fr\\\/blogs\\\/nature-en-ville\\\/#organization\"},\"potentialAction\":[{\"@type\":\"SearchAction\",\"target\":{\"@type\":\"EntryPoint\",\"urlTemplate\":\"https:\\\/\\\/paca.lpo.fr\\\/blogs\\\/nature-en-ville\\\/?s={search_term_string}\"},\"query-input\":{\"@type\":\"PropertyValueSpecification\",\"valueRequired\":true,\"valueName\":\"search_term_string\"}}],\"inLanguage\":\"fr-FR\"},{\"@type\":\"Organization\",\"@id\":\"https:\\\/\\\/paca.lpo.fr\\\/blogs\\\/nature-en-ville\\\/#organization\",\"name\":\"Le blog de la nature en ville\",\"url\":\"https:\\\/\\\/paca.lpo.fr\\\/blogs\\\/nature-en-ville\\\/\",\"logo\":{\"@type\":\"ImageObject\",\"inLanguage\":\"fr-FR\",\"@id\":\"https:\\\/\\\/paca.lpo.fr\\\/blogs\\\/nature-en-ville\\\/#\\\/schema\\\/logo\\\/image\\\/\",\"url\":\"https:\\\/\\\/paca.lpo.fr\\\/blogs\\\/nature-en-ville\\\/files\\\/2024\\\/01\\\/cropped-rvb-lpo-paca-logotype-signature-droite-mini-500.jpg\",\"contentUrl\":\"https:\\\/\\\/paca.lpo.fr\\\/blogs\\\/nature-en-ville\\\/files\\\/2024\\\/01\\\/cropped-rvb-lpo-paca-logotype-signature-droite-mini-500.jpg\",\"width\":500,\"height\":210,\"caption\":\"Le blog de la nature en ville\"},\"image\":{\"@id\":\"https:\\\/\\\/paca.lpo.fr\\\/blogs\\\/nature-en-ville\\\/#\\\/schema\\\/logo\\\/image\\\/\"}},{\"@type\":\"Person\",\"@id\":\"https:\\\/\\\/paca.lpo.fr\\\/blogs\\\/nature-en-ville\\\/#\\\/schema\\\/person\\\/2154d7949f2c10ecada4433d15cf7884\",\"name\":\"katherinedubourg\",\"image\":{\"@type\":\"ImageObject\",\"inLanguage\":\"fr-FR\",\"@id\":\"https:\\\/\\\/secure.gravatar.com\\\/avatar\\\/669d7bfc42814b2e9ba5adde58008c6a97c8708e7cf996a0b2ed90cd63394b6a?s=96&d=mm&r=g\",\"url\":\"https:\\\/\\\/secure.gravatar.com\\\/avatar\\\/669d7bfc42814b2e9ba5adde58008c6a97c8708e7cf996a0b2ed90cd63394b6a?s=96&d=mm&r=g\",\"contentUrl\":\"https:\\\/\\\/secure.gravatar.com\\\/avatar\\\/669d7bfc42814b2e9ba5adde58008c6a97c8708e7cf996a0b2ed90cd63394b6a?s=96&d=mm&r=g\",\"caption\":\"katherinedubourg\"},\"url\":\"https:\\\/\\\/paca.lpo.fr\\\/blogs\\\/nature-en-ville\\\/author\\\/katherinedubourg\\\/\"}]}<\/script>\n<!-- \/ Yoast SEO plugin. -->","yoast_head_json":{"title":"611 Bd Ml Joffre St Jean du Var \/ Martinets - Le blog de la nature en ville","robots":{"index":"index","follow":"follow","max-snippet":"max-snippet:-1","max-image-preview":"max-image-preview:large","max-video-preview":"max-video-preview:-1"},"canonical":"https:\/\/paca.lpo.fr\/blogs\/nature-en-ville\/2022\/05\/01\/611-bd-ml-joffre-st-jean-du-var-martinets\/","og_locale":"fr_FR","og_type":"article","og_title":"611 Bd Ml Joffre St Jean du Var \/ Martinets - Le blog de la nature en ville","og_description":"JUIN 2017, 2 sites de nidification de Martinets noirs avaient \u00e9t\u00e9 recens\u00e9s sous les g\u00eanoises, trous d&rsquo;a\u00e9ration de ce b\u00e2timent situ\u00e9 au 611 Bd du Mar\u00e9chal Joffre \u00e0 St Jean du Var (Toulon). MI-NOVEMBRE 2021, RAVALEMENT DE FACADE. Prise de contact avec l&rsquo;entreprise en charge des travaux BELLO CONSTRUCTION. Rendez-vous sur site, \u00e9changes de mels [&hellip;]","og_url":"https:\/\/paca.lpo.fr\/blogs\/nature-en-ville\/2022\/05\/01\/611-bd-ml-joffre-st-jean-du-var-martinets\/","og_site_name":"Le blog de la nature en ville","article_published_time":"2022-05-01T14:49:24+00:00","og_image":[{"width":1024,"height":768,"url":"https:\/\/paca.lpo.fr\/blogs\/nature-en-ville\/files\/2022\/05\/nature-en-ville-611-bd-ml-joffre-st-jean-du-var-martinets-611-blog.jpg","type":"image\/jpeg"}],"author":"katherinedubourg","twitter_card":"summary_large_image","twitter_misc":{"\u00c9crit par":"katherinedubourg","Dur\u00e9e de lecture estim\u00e9e":"1 minute"},"schema":{"@context":"https:\/\/schema.org","@graph":[{"@type":"Article","@id":"https:\/\/paca.lpo.fr\/blogs\/nature-en-ville\/2022\/05\/01\/611-bd-ml-joffre-st-jean-du-var-martinets\/#article","isPartOf":{"@id":"https:\/\/paca.lpo.fr\/blogs\/nature-en-ville\/2022\/05\/01\/611-bd-ml-joffre-st-jean-du-var-martinets\/"},"author":{"name":"katherinedubourg","@id":"https:\/\/paca.lpo.fr\/blogs\/nature-en-ville\/#\/schema\/person\/2154d7949f2c10ecada4433d15cf7884"},"headline":"611 Bd Ml Joffre St Jean du Var \/ Martinets","datePublished":"2022-05-01T14:49:24+00:00","mainEntityOfPage":{"@id":"https:\/\/paca.lpo.fr\/blogs\/nature-en-ville\/2022\/05\/01\/611-bd-ml-joffre-st-jean-du-var-martinets\/"},"wordCount":138,"commentCount":0,"publisher":{"@id":"https:\/\/paca.lpo.fr\/blogs\/nature-en-ville\/#organization"},"image":{"@id":"https:\/\/paca.lpo.fr\/blogs\/nature-en-ville\/2022\/05\/01\/611-bd-ml-joffre-st-jean-du-var-martinets\/#primaryimage"},"thumbnailUrl":"https:\/\/paca.lpo.fr\/blogs\/nature-en-ville\/files\/2022\/05\/nature-en-ville-611-bd-ml-joffre-st-jean-du-var-martinets-611-blog.jpg","articleSection":["LES MARTINETS ET LE BATI"],"inLanguage":"fr-FR","potentialAction":[{"@type":"CommentAction","name":"Comment","target":["https:\/\/paca.lpo.fr\/blogs\/nature-en-ville\/2022\/05\/01\/611-bd-ml-joffre-st-jean-du-var-martinets\/#respond"]}]},{"@type":"WebPage","@id":"https:\/\/paca.lpo.fr\/blogs\/nature-en-ville\/2022\/05\/01\/611-bd-ml-joffre-st-jean-du-var-martinets\/","url":"https:\/\/paca.lpo.fr\/blogs\/nature-en-ville\/2022\/05\/01\/611-bd-ml-joffre-st-jean-du-var-martinets\/","name":"611 Bd Ml Joffre St Jean du Var \/ Martinets - Le blog de la nature en ville","isPartOf":{"@id":"https:\/\/paca.lpo.fr\/blogs\/nature-en-ville\/#website"},"primaryImageOfPage":{"@id":"https:\/\/paca.lpo.fr\/blogs\/nature-en-ville\/2022\/05\/01\/611-bd-ml-joffre-st-jean-du-var-martinets\/#primaryimage"},"image":{"@id":"https:\/\/paca.lpo.fr\/blogs\/nature-en-ville\/2022\/05\/01\/611-bd-ml-joffre-st-jean-du-var-martinets\/#primaryimage"},"thumbnailUrl":"https:\/\/paca.lpo.fr\/blogs\/nature-en-ville\/files\/2022\/05\/nature-en-ville-611-bd-ml-joffre-st-jean-du-var-martinets-611-blog.jpg","datePublished":"2022-05-01T14:49:24+00:00","breadcrumb":{"@id":"https:\/\/paca.lpo.fr\/blogs\/nature-en-ville\/2022\/05\/01\/611-bd-ml-joffre-st-jean-du-var-martinets\/#breadcrumb"},"inLanguage":"fr-FR","potentialAction":[{"@type":"ReadAction","target":["https:\/\/paca.lpo.fr\/blogs\/nature-en-ville\/2022\/05\/01\/611-bd-ml-joffre-st-jean-du-var-martinets\/"]}]},{"@type":"ImageObject","inLanguage":"fr-FR","@id":"https:\/\/paca.lpo.fr\/blogs\/nature-en-ville\/2022\/05\/01\/611-bd-ml-joffre-st-jean-du-var-martinets\/#primaryimage","url":"https:\/\/paca.lpo.fr\/blogs\/nature-en-ville\/files\/2022\/05\/nature-en-ville-611-bd-ml-joffre-st-jean-du-var-martinets-611-blog.jpg","contentUrl":"https:\/\/paca.lpo.fr\/blogs\/nature-en-ville\/files\/2022\/05\/nature-en-ville-611-bd-ml-joffre-st-jean-du-var-martinets-611-blog.jpg","width":1024,"height":768},{"@type":"BreadcrumbList","@id":"https:\/\/paca.lpo.fr\/blogs\/nature-en-ville\/2022\/05\/01\/611-bd-ml-joffre-st-jean-du-var-martinets\/#breadcrumb","itemListElement":[{"@type":"ListItem","position":1,"name":"Accueil","item":"https:\/\/paca.lpo.fr\/blogs\/nature-en-ville\/"},{"@type":"ListItem","position":2,"name":"611 Bd Ml Joffre St Jean du Var \/ Martinets"}]},{"@type":"WebSite","@id":"https:\/\/paca.lpo.fr\/blogs\/nature-en-ville\/#website","url":"https:\/\/paca.lpo.fr\/blogs\/nature-en-ville\/","name":"Le blog de la nature en ville","description":"Le blog de la nature en ville","publisher":{"@id":"https:\/\/paca.lpo.fr\/blogs\/nature-en-ville\/#organization"},"potentialAction":[{"@type":"SearchAction","target":{"@type":"EntryPoint","urlTemplate":"https:\/\/paca.lpo.fr\/blogs\/nature-en-ville\/?s={search_term_string}"},"query-input":{"@type":"PropertyValueSpecification","valueRequired":true,"valueName":"search_term_string"}}],"inLanguage":"fr-FR"},{"@type":"Organization","@id":"https:\/\/paca.lpo.fr\/blogs\/nature-en-ville\/#organization","name":"Le blog de la nature en ville","url":"https:\/\/paca.lpo.fr\/blogs\/nature-en-ville\/","logo":{"@type":"ImageObject","inLanguage":"fr-FR","@id":"https:\/\/paca.lpo.fr\/blogs\/nature-en-ville\/#\/schema\/logo\/image\/","url":"https:\/\/paca.lpo.fr\/blogs\/nature-en-ville\/files\/2024\/01\/cropped-rvb-lpo-paca-logotype-signature-droite-mini-500.jpg","contentUrl":"https:\/\/paca.lpo.fr\/blogs\/nature-en-ville\/files\/2024\/01\/cropped-rvb-lpo-paca-logotype-signature-droite-mini-500.jpg","width":500,"height":210,"caption":"Le blog de la nature en ville"},"image":{"@id":"https:\/\/paca.lpo.fr\/blogs\/nature-en-ville\/#\/schema\/logo\/image\/"}},{"@type":"Person","@id":"https:\/\/paca.lpo.fr\/blogs\/nature-en-ville\/#\/schema\/person\/2154d7949f2c10ecada4433d15cf7884","name":"katherinedubourg","image":{"@type":"ImageObject","inLanguage":"fr-FR","@id":"https:\/\/secure.gravatar.com\/avatar\/669d7bfc42814b2e9ba5adde58008c6a97c8708e7cf996a0b2ed90cd63394b6a?s=96&d=mm&r=g","url":"https:\/\/secure.gravatar.com\/avatar\/669d7bfc42814b2e9ba5adde58008c6a97c8708e7cf996a0b2ed90cd63394b6a?s=96&d=mm&r=g","contentUrl":"https:\/\/secure.gravatar.com\/avatar\/669d7bfc42814b2e9ba5adde58008c6a97c8708e7cf996a0b2ed90cd63394b6a?s=96&d=mm&r=g","caption":"katherinedubourg"},"url":"https:\/\/paca.lpo.fr\/blogs\/nature-en-ville\/author\/katherinedubourg\/"}]}},"jetpack_featured_media_url":"https:\/\/paca.lpo.fr\/blogs\/nature-en-ville\/files\/2022\/05\/nature-en-ville-611-bd-ml-joffre-st-jean-du-var-martinets-611-blog.jpg","_links":{"self":[{"href":"https:\/\/paca.lpo.fr\/blogs\/nature-en-ville\/wp-json\/wp\/v2\/posts\/179","targetHints":{"allow":["GET"]}}],"collection":[{"href":"https:\/\/paca.lpo.fr\/blogs\/nature-en-ville\/wp-json\/wp\/v2\/posts"}],"about":[{"href":"https:\/\/paca.lpo.fr\/blogs\/nature-en-ville\/wp-json\/wp\/v2\/types\/post"}],"author":[{"embeddable":true,"href":"https:\/\/paca.lpo.fr\/blogs\/nature-en-ville\/wp-json\/wp\/v2\/users\/124"}],"replies":[{"embeddable":true,"href":"https:\/\/paca.lpo.fr\/blogs\/nature-en-ville\/wp-json\/wp\/v2\/comments?post=179"}],"version-history":[{"count":1,"href":"https:\/\/paca.lpo.fr\/blogs\/nature-en-ville\/wp-json\/wp\/v2\/posts\/179\/revisions"}],"predecessor-version":[{"id":183,"href":"https:\/\/paca.lpo.fr\/blogs\/nature-en-ville\/wp-json\/wp\/v2\/posts\/179\/revisions\/183"}],"wp:featuredmedia":[{"embeddable":true,"href":"https:\/\/paca.lpo.fr\/blogs\/nature-en-ville\/wp-json\/wp\/v2\/media\/180"}],"wp:attachment":[{"href":"https:\/\/paca.lpo.fr\/blogs\/nature-en-ville\/wp-json\/wp\/v2\/media?parent=179"}],"wp:term":[{"taxonomy":"category","embeddable":true,"href":"https:\/\/paca.lpo.fr\/blogs\/nature-en-ville\/wp-json\/wp\/v2\/categories?post=179"},{"taxonomy":"post_tag","embeddable":true,"href":"https:\/\/paca.lpo.fr\/blogs\/nature-en-ville\/wp-json\/wp\/v2\/tags?post=179"}],"curies":[{"name":"wp","href":"https:\/\/api.w.org\/{rel}","templated":true}]}}