{"id":240,"date":"2022-06-12T14:11:08","date_gmt":"2022-06-12T12:11:08","guid":{"rendered":"http:\/\/paca.lpo.fr\/blogs\/nature-en-ville\/?p=240"},"modified":"2022-06-12T19:55:25","modified_gmt":"2022-06-12T17:55:25","slug":"cathedrale-st-arnoux-gap-05-restauration-et-prise-en-compte-oiseaux","status":"publish","type":"post","link":"https:\/\/paca.lpo.fr\/blogs\/nature-en-ville\/2022\/06\/12\/cathedrale-st-arnoux-gap-05-restauration-et-prise-en-compte-oiseaux\/","title":{"rendered":"CATHEDRALE ST ARNOUX (GAP\/05) Restauration et prise en compte oiseaux"},"content":{"rendered":"\n<p class=\"has-text-align-center has-accent-color has-text-color\"><strong>Un monument vivant est un monument o\u00f9 la biodiversit\u00e9 est prise en compte et valoris\u00e9e.<\/strong><\/p>\n\n\n\n<p class=\"has-text-align-center\"><strong>La cath\u00e9drale Saint-Arnoux de GAP<\/strong> est la derni\u00e8re \u00ab&nbsp;des grandes cath\u00e9drales traditionnelles \u00bb construite en pierre de taille.<\/p>\n\n\n\n<p>Elle a \u00e9t\u00e9 b\u00e2tie \u00e0 la fin du XIX\u00e8me si\u00e8cle, de 1867 \u00e0 1904 et class\u00e9e monument historique, le 9 ao\u00fbt 1906, au m\u00eame titre que toutes les cath\u00e9drales de France.<\/p>\n\n\n\n<p>Dans le cadre du \u00ab&nbsp;Plan cath\u00e9drale&nbsp;\u00bb, une campagne de restauration (en plusieurs tranches) est men\u00e9e depuis plusieurs mois, afin d\u2019assurer la p\u00e9rennit\u00e9 de cet \u00e9difice embl\u00e9matique.<\/p>\n\n\n\n<p class=\"has-text-align-center has-subtle-background-background-color has-background\">Les oiseaux n\u2019ont pas \u00e9t\u00e9 oubli\u00e9s, Martinets, Hirondelles et Faucons ont \u00e9t\u00e9 pris en compte dans les travaux.<\/p>\n\n\n\n<figure class=\"wp-block-gallery has-nested-images columns-default is-cropped wp-block-gallery-1 is-layout-flex wp-block-gallery-is-layout-flex\">\n<figure class=\"wp-block-image size-large\"><img loading=\"lazy\" decoding=\"async\" width=\"427\" height=\"332\" data-id=\"241\" src=\"https:\/\/paca.lpo.fr\/blogs\/nature-en-ville\/files\/2022\/06\/hf.jpg\" alt=\"\" class=\"wp-image-241\" \/><\/figure>\n\n\n\n<figure class=\"wp-block-image size-large\"><img loading=\"lazy\" decoding=\"async\" width=\"297\" height=\"170\" data-id=\"244\" src=\"https:\/\/paca.lpo.fr\/blogs\/nature-en-ville\/files\/2022\/06\/martinet-noir.jpg\" alt=\"\" class=\"wp-image-244\" \/><\/figure>\n\n\n\n<figure class=\"wp-block-image size-large\"><img loading=\"lazy\" decoding=\"async\" width=\"559\" height=\"353\" data-id=\"243\" src=\"https:\/\/paca.lpo.fr\/blogs\/nature-en-ville\/files\/2022\/06\/faucon-crecerelle-lpo-paca.jpg\" alt=\"\" class=\"wp-image-243\" \/><\/figure>\n<\/figure>\n\n\n<div class=\"wp-block-image\">\n<figure class=\"aligncenter size-full is-resized\"><img loading=\"lazy\" decoding=\"async\" src=\"https:\/\/paca.lpo.fr\/blogs\/nature-en-ville\/files\/2022\/06\/hr-lpo-paca.jpg\" alt=\"\" class=\"wp-image-242\" width=\"274\" height=\"133\" \/><\/figure>\n<\/div>\n\n\n<p><strong>Afin de conserver la colonie,<\/strong> <strong>50 nichoirs (provisoires) en b\u00e9ton de bois pour Hirondelles de fen\u00eatre et 5 nichoirs pour Hirondelles des rochers (NAT\u2019H) ont \u00e9t\u00e9 positionn\u00e9s avant les travaux<\/strong>.<\/p>\n\n\n<div class=\"wp-block-image\">\n<figure class=\"aligncenter size-full\"><img loading=\"lazy\" decoding=\"async\" width=\"605\" height=\"454\" src=\"https:\/\/paca.lpo.fr\/blogs\/nature-en-ville\/files\/2022\/06\/20220610-190239-resized.jpg\" alt=\"\" class=\"wp-image-245\" \/><\/figure>\n<\/div>\n\n\n<figure class=\"wp-block-image size-full\"><img loading=\"lazy\" decoding=\"async\" width=\"1024\" height=\"767\" src=\"https:\/\/paca.lpo.fr\/blogs\/nature-en-ville\/files\/2022\/06\/20220610-190252.jpg\" alt=\"\" class=\"wp-image-246\" srcset=\"https:\/\/paca.lpo.fr\/blogs\/nature-en-ville\/files\/2022\/06\/20220610-190252.jpg 1024w, https:\/\/paca.lpo.fr\/blogs\/nature-en-ville\/files\/2022\/06\/20220610-190252-768x575.jpg 768w\" sizes=\"auto, (max-width: 1024px) 100vw, 1024px\" \/><\/figure>\n\n\n\n<figure class=\"wp-block-image size-full\"><img loading=\"lazy\" decoding=\"async\" width=\"756\" height=\"1008\" src=\"https:\/\/paca.lpo.fr\/blogs\/nature-en-ville\/files\/2022\/06\/20220610-190925-resized.jpg\" alt=\"\" class=\"wp-image-247\" srcset=\"https:\/\/paca.lpo.fr\/blogs\/nature-en-ville\/files\/2022\/06\/20220610-190925-resized.jpg 756w, https:\/\/paca.lpo.fr\/blogs\/nature-en-ville\/files\/2022\/06\/20220610-190925-resized-576x768.jpg 576w\" sizes=\"auto, (max-width: 756px) 100vw, 756px\" \/><\/figure>\n\n\n\n<figure class=\"wp-block-image size-full is-resized\"><img loading=\"lazy\" decoding=\"async\" src=\"https:\/\/paca.lpo.fr\/blogs\/nature-en-ville\/files\/2022\/06\/20220610-190904-resized-1.jpg\" alt=\"\" class=\"wp-image-248\" width=\"673\" height=\"504\" srcset=\"https:\/\/paca.lpo.fr\/blogs\/nature-en-ville\/files\/2022\/06\/20220610-190904-resized-1.jpg 1008w, https:\/\/paca.lpo.fr\/blogs\/nature-en-ville\/files\/2022\/06\/20220610-190904-resized-1-768x576.jpg 768w\" sizes=\"auto, (max-width: 673px) 100vw, 673px\" \/><\/figure>\n\n\n\n<figure class=\"wp-block-image size-full\"><img loading=\"lazy\" decoding=\"async\" width=\"768\" height=\"1024\" src=\"https:\/\/paca.lpo.fr\/blogs\/nature-en-ville\/files\/2022\/06\/resized-20220602-190647-19901.jpg\" alt=\"\" class=\"wp-image-262\" srcset=\"https:\/\/paca.lpo.fr\/blogs\/nature-en-ville\/files\/2022\/06\/resized-20220602-190647-19901.jpg 768w, https:\/\/paca.lpo.fr\/blogs\/nature-en-ville\/files\/2022\/06\/resized-20220602-190647-19901-576x768.jpg 576w\" sizes=\"auto, (max-width: 768px) 100vw, 768px\" \/><figcaption>Bacs \u00e0 boue pour les Hirondelles. (Photo Michel Verg\u00e8s)<\/figcaption><\/figure>\n\n\n\n<p class=\"has-text-align-center\">Des nichoirs pour Martinets noirs seront install\u00e9s dans les abats-sons.<\/p>\n\n\n\n<figure class=\"wp-block-image size-full\"><img loading=\"lazy\" decoding=\"async\" width=\"768\" height=\"1024\" src=\"https:\/\/paca.lpo.fr\/blogs\/nature-en-ville\/files\/2022\/06\/resized-20220612-163053-6245.jpg\" alt=\"\" class=\"wp-image-264\" srcset=\"https:\/\/paca.lpo.fr\/blogs\/nature-en-ville\/files\/2022\/06\/resized-20220612-163053-6245.jpg 768w, https:\/\/paca.lpo.fr\/blogs\/nature-en-ville\/files\/2022\/06\/resized-20220612-163053-6245-576x768.jpg 576w\" sizes=\"auto, (max-width: 768px) 100vw, 768px\" \/><figcaption>Positionnement des divers nichoirs. (Photo Michel Verg\u00e8s)<\/figcaption><\/figure>\n\n\n\n<figure class=\"wp-block-image size-full is-style-rounded\"><img loading=\"lazy\" decoding=\"async\" width=\"768\" height=\"1024\" src=\"https:\/\/paca.lpo.fr\/blogs\/nature-en-ville\/files\/2022\/06\/resized-20220609-165627-2047.jpg\" alt=\"\" class=\"wp-image-265\" srcset=\"https:\/\/paca.lpo.fr\/blogs\/nature-en-ville\/files\/2022\/06\/resized-20220609-165627-2047.jpg 768w, https:\/\/paca.lpo.fr\/blogs\/nature-en-ville\/files\/2022\/06\/resized-20220609-165627-2047-576x768.jpg 576w\" sizes=\"auto, (max-width: 768px) 100vw, 768px\" \/><figcaption>Mod\u00e8le de nichoirs pour les abats-sons (photo Michel Verg\u00e8s)<\/figcaption><\/figure>\n\n\n\n<p>On peut se r\u00e9jouir de voir en ce mois de juin 2022, une partie des nichoirs pour Hirondelles occup\u00e9s. Fait \u00e9tonnant, les Hirondelles ont \u00ab&nbsp;refa\u00e7onn\u00e9&nbsp;\u00bb avec de la boue les trous d\u2019envol des nichoirs en b\u00e9ton de bois (pour pkus de \u00ab\u00a0confort\u00a0\u00bb).<\/p>\n\n\n\n<p>Un nichoir pour Faucon p\u00e8lerin a \u00e9t\u00e9 install\u00e9 sur le clocher il y a une dizaine d\u2019ann\u00e9es.<\/p>\n\n\n\n<p>Il est occup\u00e9 par un couple de Faucons cr\u00e9cerelles. <\/p>\n\n\n<div class=\"wp-block-image\">\n<figure class=\"aligncenter size-full is-resized\"><img loading=\"lazy\" decoding=\"async\" src=\"https:\/\/paca.lpo.fr\/blogs\/nature-en-ville\/files\/2022\/06\/nichoir-cathedrale-gap-1.png\" alt=\"\" class=\"wp-image-256\" width=\"330\" height=\"392\" srcset=\"https:\/\/paca.lpo.fr\/blogs\/nature-en-ville\/files\/2022\/06\/nichoir-cathedrale-gap-1.png 648w, https:\/\/paca.lpo.fr\/blogs\/nature-en-ville\/files\/2022\/06\/nichoir-cathedrale-gap-1-645x768.png 645w\" sizes=\"auto, (max-width: 330px) 100vw, 330px\" \/><figcaption>Sur le clocher, 1 nichoir pour Faucon P\u00e9lerin<\/figcaption><\/figure>\n<\/div>\n\n<div class=\"wp-block-image\">\n<figure class=\"aligncenter size-full is-resized\"><img loading=\"lazy\" decoding=\"async\" src=\"https:\/\/paca.lpo.fr\/blogs\/nature-en-ville\/files\/2022\/06\/capture-nichoir-2.png\" alt=\"\" class=\"wp-image-257\" width=\"396\" height=\"291\" srcset=\"https:\/\/paca.lpo.fr\/blogs\/nature-en-ville\/files\/2022\/06\/capture-nichoir-2.png 1024w, https:\/\/paca.lpo.fr\/blogs\/nature-en-ville\/files\/2022\/06\/capture-nichoir-2-768x566.png 768w\" sizes=\"auto, (max-width: 396px) 100vw, 396px\" \/><\/figure>\n<\/div>\n\n<div class=\"wp-block-image\">\n<figure class=\"aligncenter size-full\"><img loading=\"lazy\" decoding=\"async\" width=\"1024\" height=\"683\" src=\"https:\/\/paca.lpo.fr\/blogs\/nature-en-ville\/files\/2022\/06\/resized-jeunes-cr-cerelles-cath-drale-gap-9-juillet-21-7807-9408-1.jpg\" alt=\"\" class=\"wp-image-258\" srcset=\"https:\/\/paca.lpo.fr\/blogs\/nature-en-ville\/files\/2022\/06\/resized-jeunes-cr-cerelles-cath-drale-gap-9-juillet-21-7807-9408-1.jpg 1024w, https:\/\/paca.lpo.fr\/blogs\/nature-en-ville\/files\/2022\/06\/resized-jeunes-cr-cerelles-cath-drale-gap-9-juillet-21-7807-9408-1-768x512.jpg 768w\" sizes=\"auto, (max-width: 1024px) 100vw, 1024px\" \/><figcaption>Occup\u00e9 par des Faucons cr\u00e9cerelles.<\/figcaption><\/figure>\n<\/div>\n\n\n<p>Un chantier o\u00f9 la s\u00e9quence ERC a \u00e9t\u00e9 prise en compte. (Eviter, r\u00e9duire, compenser).<\/p>\n\n\n\n<p>Un grand merci \u00e0 :<\/p>\n\n\n\n<p>&nbsp;. Yann Visseaux, charg\u00e9 de conservation et de restauration des patrimoines des Hautes-Alpes. (DRAC)<\/p>\n\n\n\n<p>.Michel Trubert, architecte en chef des monuments historiques.<\/p>\n\n\n\n<p>.Fabien Passavy, architecte du patrimoine et collaborateur de MichelTrubert.<\/p>\n\n\n\n<p>. C\u00e9cile Martin-Raffier, Architecte des B\u00e2timents de France. <\/p>\n\n\n\n<p>. Claudine Tognini, DRAC PACA UDAP<\/p>\n\n\n\n<p>. GT Martinets LPO GAP Val\u00e9ry Enfoux et Michel Verg\u00e8s.<\/p>\n\n\n\n<p>. Nichoirs \u00e0 Hirondelles NAT&rsquo;H.<\/p>\n\n\n\n<p class=\"has-text-align-center\"><strong>Patrimoine historique, culturel\u2026 et patrimoine naturel ne sont pas \u00e0 opposer, ils peuvent ne faire qu\u2019UN<\/strong>,<strong> pour le bonheur de tous.<\/strong><\/p>\n\n\n\n<p><\/p>\n\n\n\n<p>KD<\/p>\n","protected":false},"excerpt":{"rendered":"<p>Un monument vivant est un monument o\u00f9 la biodiversit\u00e9 est prise en compte et valoris\u00e9e. La cath\u00e9drale Saint-Arnoux de GAP est la derni\u00e8re \u00ab&nbsp;des grandes cath\u00e9drales traditionnelles \u00bb construite en pierre de taille. Elle a \u00e9t\u00e9 b\u00e2tie \u00e0 la fin du XIX\u00e8me si\u00e8cle, de 1867 \u00e0 1904 et class\u00e9e monument historique, le 9 ao\u00fbt 1906, [&hellip;]<\/p>\n","protected":false},"author":124,"featured_media":259,"comment_status":"open","ping_status":"open","sticky":false,"template":"","format":"standard","meta":{"footnotes":""},"categories":[8],"tags":[],"class_list":["post-240","post","type-post","status-publish","format-standard","has-post-thumbnail","hentry","category-monuments-historiques-et-classes"],"jetpack_featured_media_url":"https:\/\/paca.lpo.fr\/blogs\/nature-en-ville\/files\/2022\/06\/cathedrale-gap-st-arnoux.png","_links":{"self":[{"href":"https:\/\/paca.lpo.fr\/blogs\/nature-en-ville\/wp-json\/wp\/v2\/posts\/240","targetHints":{"allow":["GET"]}}],"collection":[{"href":"https:\/\/paca.lpo.fr\/blogs\/nature-en-ville\/wp-json\/wp\/v2\/posts"}],"about":[{"href":"https:\/\/paca.lpo.fr\/blogs\/nature-en-ville\/wp-json\/wp\/v2\/types\/post"}],"author":[{"embeddable":true,"href":"https:\/\/paca.lpo.fr\/blogs\/nature-en-ville\/wp-json\/wp\/v2\/users\/124"}],"replies":[{"embeddable":true,"href":"https:\/\/paca.lpo.fr\/blogs\/nature-en-ville\/wp-json\/wp\/v2\/comments?post=240"}],"version-history":[{"count":4,"href":"https:\/\/paca.lpo.fr\/blogs\/nature-en-ville\/wp-json\/wp\/v2\/posts\/240\/revisions"}],"predecessor-version":[{"id":267,"href":"https:\/\/paca.lpo.fr\/blogs\/nature-en-ville\/wp-json\/wp\/v2\/posts\/240\/revisions\/267"}],"wp:featuredmedia":[{"embeddable":true,"href":"https:\/\/paca.lpo.fr\/blogs\/nature-en-ville\/wp-json\/wp\/v2\/media\/259"}],"wp:attachment":[{"href":"https:\/\/paca.lpo.fr\/blogs\/nature-en-ville\/wp-json\/wp\/v2\/media?parent=240"}],"wp:term":[{"taxonomy":"category","embeddable":true,"href":"https:\/\/paca.lpo.fr\/blogs\/nature-en-ville\/wp-json\/wp\/v2\/categories?post=240"},{"taxonomy":"post_tag","embeddable":true,"href":"https:\/\/paca.lpo.fr\/blogs\/nature-en-ville\/wp-json\/wp\/v2\/tags?post=240"}],"curies":[{"name":"wp","href":"https:\/\/api.w.org\/{rel}","templated":true}]}}