{"id":268,"date":"2022-06-12T20:37:07","date_gmt":"2022-06-12T18:37:07","guid":{"rendered":"http:\/\/paca.lpo.fr\/blogs\/nature-en-ville\/?p=268"},"modified":"2022-06-12T23:44:25","modified_gmt":"2022-06-12T21:44:25","slug":"cinematheque-dimages-de-montagne-gap-et-les-martinets","status":"publish","type":"post","link":"https:\/\/paca.lpo.fr\/blogs\/nature-en-ville\/2022\/06\/12\/cinematheque-dimages-de-montagne-gap-et-les-martinets\/","title":{"rendered":"CINEMATHEQUE D&rsquo;IMAGES DE MONTAGNE (GAP) et les Martinets"},"content":{"rendered":"\n<p>Apr\u00e8s avoir export\u00e9 la \u00ab\u00a0meilleure fenasse du monde\u00a0\u00bb dans toute l\u2019Europe, cette ancienne usine dirig\u00e9e par Louis Badin en 1895 fut active jusqu&rsquo;en 1970. D\u00e9grad\u00e9e par le temps, elle vient d\u2019\u00eatre restaur\u00e9e et r\u00e9nov\u00e9e. <\/p>\n\n\n\n<p class=\"has-subtle-background-background-color has-background\"><strong>Le b\u00e2timent doit accueillir la Cin\u00e9math\u00e8que d\u2019images de montagne.<\/strong><\/p>\n\n\n\n<p>Un espace d\u2019exposition, une salle de projection et un mus\u00e9e sur l\u2019histoire du cin\u00e9ma de montagne (10\u00a0000 films de montagne).<\/p>\n\n\n\n<p>En fait, le site de \u00ab\u00a0l\u2019usine Badin\u00a0\u00bb, propri\u00e9t\u00e9 de la Ville de Gap depuis une vingtaine d\u2019ann\u00e9es, abrite \u00e0 pr\u00e9sent 2 structures distinctes\u00a0:<\/p>\n\n\n\n<ul class=\"wp-block-list\"><li>La maison de ma\u00eetre, villa bourgeoise du propri\u00e9taire \u00e0 l\u2019\u00e9poque, abrite depuis plusieurs ann\u00e9es et continue \u00e0 abriter une R\u00e9sidence d\u2019Artistes, en partenariat avec le Th\u00e9atre gapen\u00e7ais de La Passerelle. Elle se d\u00e9nomme improprement \u00ab\u00a0Usine Badin\u00a0\u00bb. Suspicion de plusieurs nids de Martinets noirs.<\/li><li>L\u2019usine proprement dite, une usine de nettoyage et de triage de semences fourrag\u00e8res diverses, globalement appel\u00e9es \u00ab\u00a0fenasse\u00a0\u00bb.<\/li><\/ul>\n\n\n<div class=\"wp-block-image\">\n<figure class=\"aligncenter size-full\"><img loading=\"lazy\" decoding=\"async\" width=\"708\" height=\"312\" src=\"https:\/\/paca.lpo.fr\/blogs\/nature-en-ville\/files\/2022\/06\/avant-usine.png\" alt=\"\" class=\"wp-image-269\" \/><figcaption>L&rsquo;usine Badin \u00e0 GAP avant r\u00e9novation.<\/figcaption><\/figure>\n<\/div>\n\n\n<p>Une page de l\u2019histoire qui nous rappelle que ces graines issues de plantes fourrag\u00e8res (la \u00ab\u00a0fenasse\u00a0\u00bb) de grande qualit\u00e9 gr\u00e2ce \u00e0 l\u2019air sec et \u00e0 l\u2019altitude, furent export\u00e9es durant une grande partie du XXe si\u00e8cle.<\/p>\n\n\n\n<p>Les semences \u00e9taient collect\u00e9es dans toute la r\u00e9gion de montagnes alentour aupr\u00e8s de petits paysans par un r\u00e9seau d\u2019acheteurs et de courtiers, avant d\u2019\u00eatre pr\u00e9par\u00e9es, conditionn\u00e9es et vendues par les propri\u00e9taires de l\u2019usine<\/p>\n\n\n<div class=\"wp-block-image is-style-rounded\">\n<figure class=\"aligncenter size-full is-resized\"><img loading=\"lazy\" decoding=\"async\" src=\"https:\/\/paca.lpo.fr\/blogs\/nature-en-ville\/files\/2022\/06\/materiel.png\" alt=\"\" class=\"wp-image-271\" width=\"394\" height=\"240\" \/><\/figure>\n<\/div>\n\n\n<p>C\u2019est un des derniers vestiges locaux de la m\u00e9moire du pass\u00e9 industriel et agricole de montagne : un lieu unique du patrimoine de Gap.<\/p>\n\n\n\n<figure class=\"wp-block-image size-full is-resized\"><img loading=\"lazy\" decoding=\"async\" src=\"https:\/\/paca.lpo.fr\/blogs\/nature-en-ville\/files\/2022\/06\/resized-20210924-175623-4622.jpg\" alt=\"\" class=\"wp-image-270\" width=\"656\" height=\"369\" srcset=\"https:\/\/paca.lpo.fr\/blogs\/nature-en-ville\/files\/2022\/06\/resized-20210924-175623-4622.jpg 1024w, https:\/\/paca.lpo.fr\/blogs\/nature-en-ville\/files\/2022\/06\/resized-20210924-175623-4622-768x432.jpg 768w\" sizes=\"auto, (max-width: 656px) 100vw, 656px\" \/><figcaption>Le chantier. Photo Michel Verg\u00e8s<\/figcaption><\/figure>\n\n\n\n<p class=\"has-text-align-center\"><strong>Un projet de longue date port\u00e9 par son directeur, Gilles Charensol, qui en pr\u00e9servant et valorisant le patrimoine culturel et architectural de la ville, a aussi conserv\u00e9 son patrimoine naturel&nbsp;: <\/strong><\/p>\n\n\n\n<p class=\"has-text-align-center has-subtle-background-background-color has-background\"><strong>les Martinets noirs (qui avaient leurs habitudes sur le site).<\/strong><\/p>\n\n\n\n<p>En tout, 7 nichoirs ont \u00e9t\u00e9 pos\u00e9s, avec (peut-\u00eatre) l&rsquo;id\u00e9e d&rsquo;installer une Webcam&#8230; et donc, possibilit\u00e9 de diffusion de la \u00ab\u00a0vie au nichoir\u00a0\u00bb sur \u00e9cran \u00e0 l&rsquo;int\u00e9rieur de la m\u00e9diath\u00e8que.<\/p>\n\n\n\n<p>Ainsi tout le monde, petits et grands, pourra d\u00e9couvrir ce qu&rsquo;est l&rsquo;accueil de la biodiversit\u00e9 dans un b\u00e2timent. (MONUMENT VIVANT).<\/p>\n\n\n\n<figure class=\"wp-block-gallery has-nested-images columns-default is-cropped wp-block-gallery-1 is-layout-flex wp-block-gallery-is-layout-flex\">\n<figure class=\"wp-block-image size-large is-style-rounded\"><img loading=\"lazy\" decoding=\"async\" width=\"1024\" height=\"576\" data-id=\"278\" src=\"https:\/\/paca.lpo.fr\/blogs\/nature-en-ville\/files\/2022\/06\/resized-20210927-092016-759.jpg\" alt=\"\" class=\"wp-image-278\" srcset=\"https:\/\/paca.lpo.fr\/blogs\/nature-en-ville\/files\/2022\/06\/resized-20210927-092016-759.jpg 1024w, https:\/\/paca.lpo.fr\/blogs\/nature-en-ville\/files\/2022\/06\/resized-20210927-092016-759-768x432.jpg 768w\" sizes=\"auto, (max-width: 1024px) 100vw, 1024px\" \/><figcaption>Installation<\/figcaption><\/figure>\n<\/figure>\n\n\n\n<p>Photo Michel Verg\u00e8s.<\/p>\n\n\n\n<figure class=\"wp-block-image size-full is-style-rounded\"><img loading=\"lazy\" decoding=\"async\" width=\"1024\" height=\"576\" src=\"https:\/\/paca.lpo.fr\/blogs\/nature-en-ville\/files\/2022\/06\/resized-20210927-091927-1766-2.jpg\" alt=\"\" class=\"wp-image-279\" srcset=\"https:\/\/paca.lpo.fr\/blogs\/nature-en-ville\/files\/2022\/06\/resized-20210927-091927-1766-2.jpg 1024w, https:\/\/paca.lpo.fr\/blogs\/nature-en-ville\/files\/2022\/06\/resized-20210927-091927-1766-2-768x432.jpg 768w\" sizes=\"auto, (max-width: 1024px) 100vw, 1024px\" \/><figcaption>Photo Michel Verg\u00e8s. Gilles Charansol, le directeur, et S\u00e9bastien, le charpentier.<\/figcaption><\/figure>\n\n\n\n<figure class=\"wp-block-image size-full is-resized\"><img loading=\"lazy\" decoding=\"async\" src=\"https:\/\/paca.lpo.fr\/blogs\/nature-en-ville\/files\/2022\/06\/resized-20211006-125008-5768.jpg\" alt=\"\" class=\"wp-image-273\" width=\"683\" height=\"384\" srcset=\"https:\/\/paca.lpo.fr\/blogs\/nature-en-ville\/files\/2022\/06\/resized-20211006-125008-5768.jpg 1024w, https:\/\/paca.lpo.fr\/blogs\/nature-en-ville\/files\/2022\/06\/resized-20211006-125008-5768-768x432.jpg 768w\" sizes=\"auto, (max-width: 683px) 100vw, 683px\" \/><figcaption>Nichoirs pour Martinets noirs install\u00e9s en retour de toit. Photo Michel Verg\u00e8s<\/figcaption><\/figure>\n\n\n\n<figure class=\"wp-block-image size-full\"><img loading=\"lazy\" decoding=\"async\" width=\"1024\" height=\"768\" src=\"https:\/\/paca.lpo.fr\/blogs\/nature-en-ville\/files\/2022\/06\/resized-20220530-193933-2124.jpg\" alt=\"\" class=\"wp-image-274\" srcset=\"https:\/\/paca.lpo.fr\/blogs\/nature-en-ville\/files\/2022\/06\/resized-20220530-193933-2124.jpg 1024w, https:\/\/paca.lpo.fr\/blogs\/nature-en-ville\/files\/2022\/06\/resized-20220530-193933-2124-768x576.jpg 768w\" sizes=\"auto, (max-width: 1024px) 100vw, 1024px\" \/><figcaption>Photo Michel Verg\u00e8s.<\/figcaption><\/figure>\n\n\n\n<figure class=\"wp-block-image size-full\"><img loading=\"lazy\" decoding=\"async\" width=\"1024\" height=\"576\" src=\"https:\/\/paca.lpo.fr\/blogs\/nature-en-ville\/files\/2022\/06\/resized-20211006-121451-6586.jpg\" alt=\"\" class=\"wp-image-275\" srcset=\"https:\/\/paca.lpo.fr\/blogs\/nature-en-ville\/files\/2022\/06\/resized-20211006-121451-6586.jpg 1024w, https:\/\/paca.lpo.fr\/blogs\/nature-en-ville\/files\/2022\/06\/resized-20211006-121451-6586-768x432.jpg 768w\" sizes=\"auto, (max-width: 1024px) 100vw, 1024px\" \/><figcaption>Le mod\u00e8le de nichoir install\u00e9.<\/figcaption><\/figure>\n\n\n\n<p><\/p>\n\n\n\n<figure class=\"wp-block-gallery has-nested-images columns-default is-cropped wp-block-gallery-2 is-layout-flex wp-block-gallery-is-layout-flex\">\n<figure class=\"wp-block-image size-large\"><img loading=\"lazy\" decoding=\"async\" width=\"1024\" height=\"576\" data-id=\"280\" src=\"https:\/\/paca.lpo.fr\/blogs\/nature-en-ville\/files\/2022\/06\/resized-20210914-114516-958.jpg\" alt=\"\" class=\"wp-image-280\" srcset=\"https:\/\/paca.lpo.fr\/blogs\/nature-en-ville\/files\/2022\/06\/resized-20210914-114516-958.jpg 1024w, https:\/\/paca.lpo.fr\/blogs\/nature-en-ville\/files\/2022\/06\/resized-20210914-114516-958-768x432.jpg 768w\" sizes=\"auto, (max-width: 1024px) 100vw, 1024px\" \/><figcaption>Nichoir termin\u00e9<\/figcaption><\/figure>\n\n\n\n<figure class=\"wp-block-image size-large\"><img loading=\"lazy\" decoding=\"async\" width=\"1024\" height=\"576\" data-id=\"281\" src=\"https:\/\/paca.lpo.fr\/blogs\/nature-en-ville\/files\/2022\/06\/resized-20210926-153005-2156.jpg\" alt=\"\" class=\"wp-image-281\" srcset=\"https:\/\/paca.lpo.fr\/blogs\/nature-en-ville\/files\/2022\/06\/resized-20210926-153005-2156.jpg 1024w, https:\/\/paca.lpo.fr\/blogs\/nature-en-ville\/files\/2022\/06\/resized-20210926-153005-2156-768x432.jpg 768w\" sizes=\"auto, (max-width: 1024px) 100vw, 1024px\" \/><figcaption>Fabrication <\/figcaption><\/figure>\n\n\n\n<figure class=\"wp-block-image size-large\"><img loading=\"lazy\" decoding=\"async\" width=\"1024\" height=\"576\" data-id=\"282\" src=\"https:\/\/paca.lpo.fr\/blogs\/nature-en-ville\/files\/2022\/06\/resized-20210926-185117-3211.jpg\" alt=\"\" class=\"wp-image-282\" srcset=\"https:\/\/paca.lpo.fr\/blogs\/nature-en-ville\/files\/2022\/06\/resized-20210926-185117-3211.jpg 1024w, https:\/\/paca.lpo.fr\/blogs\/nature-en-ville\/files\/2022\/06\/resized-20210926-185117-3211-768x432.jpg 768w\" sizes=\"auto, (max-width: 1024px) 100vw, 1024px\" \/><figcaption>Pr\u00e9paration <\/figcaption><\/figure>\n<\/figure>\n\n\n<div class=\"wp-block-image is-style-default\">\n<figure class=\"aligncenter size-full\"><img loading=\"lazy\" decoding=\"async\" width=\"1024\" height=\"768\" src=\"https:\/\/paca.lpo.fr\/blogs\/nature-en-ville\/files\/2022\/06\/resized-20220530-194614-6219.jpg\" alt=\"\" class=\"wp-image-284\" srcset=\"https:\/\/paca.lpo.fr\/blogs\/nature-en-ville\/files\/2022\/06\/resized-20220530-194614-6219.jpg 1024w, https:\/\/paca.lpo.fr\/blogs\/nature-en-ville\/files\/2022\/06\/resized-20220530-194614-6219-768x576.jpg 768w\" sizes=\"auto, (max-width: 1024px) 100vw, 1024px\" \/><figcaption>Photo prise le 10 juin 2022. Chantier presque termin\u00e9<\/figcaption><\/figure>\n<\/div>\n\n\n<p class=\"has-text-align-center\"><strong><span style=\"background-color:#dbdbdb\" class=\"tadv-background-color\">Encore une fois, on voit que patrimoines culturel, architectural et naturel ne font qu&rsquo;UN pour le bonheur de tous.<\/span><\/strong><\/p>\n\n\n\n<p>Un grand merci \u00e0 :<\/p>\n\n\n\n<p>. Gilles Charensol, directeur de la CIM de Gap,<\/p>\n\n\n\n<p>. Fran\u00e7ois Dufayard, architecte DPLG,<\/p>\n\n\n\n<p>. Le GT Martinets LPO Gap, Val\u00e9rie Enfoux, Michel Verg\u00e8s.<\/p>\n\n\n\n<p>KD<\/p>\n","protected":false},"excerpt":{"rendered":"<p>Apr\u00e8s avoir export\u00e9 la \u00ab\u00a0meilleure fenasse du monde\u00a0\u00bb dans toute l\u2019Europe, cette ancienne usine dirig\u00e9e par Louis Badin en 1895 fut active jusqu&rsquo;en 1970. D\u00e9grad\u00e9e par le temps, elle vient d\u2019\u00eatre restaur\u00e9e et r\u00e9nov\u00e9e. Le b\u00e2timent doit accueillir la Cin\u00e9math\u00e8que d\u2019images de montagne. Un espace d\u2019exposition, une salle de projection et un mus\u00e9e sur l\u2019histoire [&hellip;]<\/p>\n","protected":false},"author":124,"featured_media":283,"comment_status":"open","ping_status":"open","sticky":false,"template":"","format":"standard","meta":{"footnotes":""},"categories":[8],"tags":[],"class_list":["post-268","post","type-post","status-publish","format-standard","has-post-thumbnail","hentry","category-monuments-historiques-et-classes"],"jetpack_featured_media_url":"https:\/\/paca.lpo.fr\/blogs\/nature-en-ville\/files\/2022\/06\/usine-badin-1.png","_links":{"self":[{"href":"https:\/\/paca.lpo.fr\/blogs\/nature-en-ville\/wp-json\/wp\/v2\/posts\/268","targetHints":{"allow":["GET"]}}],"collection":[{"href":"https:\/\/paca.lpo.fr\/blogs\/nature-en-ville\/wp-json\/wp\/v2\/posts"}],"about":[{"href":"https:\/\/paca.lpo.fr\/blogs\/nature-en-ville\/wp-json\/wp\/v2\/types\/post"}],"author":[{"embeddable":true,"href":"https:\/\/paca.lpo.fr\/blogs\/nature-en-ville\/wp-json\/wp\/v2\/users\/124"}],"replies":[{"embeddable":true,"href":"https:\/\/paca.lpo.fr\/blogs\/nature-en-ville\/wp-json\/wp\/v2\/comments?post=268"}],"version-history":[{"count":3,"href":"https:\/\/paca.lpo.fr\/blogs\/nature-en-ville\/wp-json\/wp\/v2\/posts\/268\/revisions"}],"predecessor-version":[{"id":296,"href":"https:\/\/paca.lpo.fr\/blogs\/nature-en-ville\/wp-json\/wp\/v2\/posts\/268\/revisions\/296"}],"wp:featuredmedia":[{"embeddable":true,"href":"https:\/\/paca.lpo.fr\/blogs\/nature-en-ville\/wp-json\/wp\/v2\/media\/283"}],"wp:attachment":[{"href":"https:\/\/paca.lpo.fr\/blogs\/nature-en-ville\/wp-json\/wp\/v2\/media?parent=268"}],"wp:term":[{"taxonomy":"category","embeddable":true,"href":"https:\/\/paca.lpo.fr\/blogs\/nature-en-ville\/wp-json\/wp\/v2\/categories?post=268"},{"taxonomy":"post_tag","embeddable":true,"href":"https:\/\/paca.lpo.fr\/blogs\/nature-en-ville\/wp-json\/wp\/v2\/tags?post=268"}],"curies":[{"name":"wp","href":"https:\/\/api.w.org\/{rel}","templated":true}]}}