{"id":298,"date":"2022-06-15T17:37:02","date_gmt":"2022-06-15T15:37:02","guid":{"rendered":"http:\/\/paca.lpo.fr\/blogs\/nature-en-ville\/?p=298"},"modified":"2022-06-15T17:44:45","modified_gmt":"2022-06-15T15:44:45","slug":"hyeres-sengage-pour-les-martinets","status":"publish","type":"post","link":"https:\/\/paca.lpo.fr\/blogs\/nature-en-ville\/2022\/06\/15\/hyeres-sengage-pour-les-martinets\/","title":{"rendered":"HYERES S&rsquo;ENGAGE pour les Martinets"},"content":{"rendered":"\n<p>Une bonne nouvelle, en ce d\u00e9but d&rsquo;\u00e9t\u00e9 2022, pour la biodiversit\u00e9 urbaine.<\/p>\n\n\n\n<p class=\"has-subtle-background-background-color has-background\">Apr\u00e8s Toulon et La Seyne, c&rsquo;est <strong>HYERES LES PALMIERS <\/strong>(Var), une autre ville de la M\u00e9tropole Toulon Provence M\u00e9diterran\u00e9e, <strong>qui s&rsquo;engage en faveur des Martinets, et de la protection de leurs sites de nidification lors des travaux dans le b\u00e2ti.<\/strong><\/p>\n\n\n\n<p><a href=\"https:\/\/www.hyeres.fr\/construire-et-amenager\">https:\/\/www.hyeres.fr\/construire-et-amenager<\/a><\/p>\n\n\n\n<figure class=\"wp-block-image size-full\"><img loading=\"lazy\" decoding=\"async\" width=\"1024\" height=\"183\" src=\"https:\/\/paca.lpo.fr\/blogs\/nature-en-ville\/files\/2022\/06\/capture.png\" alt=\"\" class=\"wp-image-300\" srcset=\"https:\/\/paca.lpo.fr\/blogs\/nature-en-ville\/files\/2022\/06\/capture.png 1024w, https:\/\/paca.lpo.fr\/blogs\/nature-en-ville\/files\/2022\/06\/capture-768x137.png 768w\" sizes=\"auto, (max-width: 1024px) 100vw, 1024px\" \/><\/figure>\n\n\n\n<figure class=\"wp-block-image size-large\"><img loading=\"lazy\" decoding=\"async\" width=\"1024\" height=\"255\" src=\"https:\/\/paca.lpo.fr\/blogs\/nature-en-ville\/files\/2022\/06\/capture-1-1-1024x255.png\" alt=\"\" class=\"wp-image-301\" srcset=\"https:\/\/paca.lpo.fr\/blogs\/nature-en-ville\/files\/2022\/06\/capture-1-1-1024x255.png 1024w, https:\/\/paca.lpo.fr\/blogs\/nature-en-ville\/files\/2022\/06\/capture-1-1-768x191.png 768w, https:\/\/paca.lpo.fr\/blogs\/nature-en-ville\/files\/2022\/06\/capture-1-1.png 1148w\" sizes=\"auto, (max-width: 1024px) 100vw, 1024px\" \/><\/figure>\n\n\n\n<figure class=\"wp-block-image size-full is-resized\"><img loading=\"lazy\" decoding=\"async\" src=\"https:\/\/paca.lpo.fr\/blogs\/nature-en-ville\/files\/2022\/06\/flyer-hyeres-1.png\" alt=\"\" class=\"wp-image-302\" width=\"594\" height=\"846\" \/><\/figure>\n\n\n\n<figure class=\"wp-block-image size-full is-resized\"><img loading=\"lazy\" decoding=\"async\" src=\"https:\/\/paca.lpo.fr\/blogs\/nature-en-ville\/files\/2022\/06\/flyer-hyeres-2.png\" alt=\"\" class=\"wp-image-303\" width=\"584\" height=\"822\" \/><\/figure>\n\n\n\n<p>Un grand bravo \u00e0 la municipalit\u00e9 ainsi qu&rsquo;\u00e0 l&rsquo;\u00e9quipe Martinets LPO Hy\u00e8res pour cette belle r\u00e9ussite.<\/p>\n\n\n<div class=\"wp-block-image\">\n<figure class=\"aligncenter size-full is-resized\"><img loading=\"lazy\" decoding=\"async\" src=\"https:\/\/paca.lpo.fr\/blogs\/nature-en-ville\/files\/2022\/06\/juillet-2018.jpg\" alt=\"\" class=\"wp-image-305\" width=\"474\" height=\"664\" \/><figcaption>Photo A. SCHONT<\/figcaption><\/figure>\n<\/div>\n\n\n<p>Les photos de Martinets sont d&rsquo;A. Schont<\/p>\n\n\n\n<p>KD<\/p>\n","protected":false},"excerpt":{"rendered":"<p>Une bonne nouvelle, en ce d\u00e9but d&rsquo;\u00e9t\u00e9 2022, pour la biodiversit\u00e9 urbaine. Apr\u00e8s Toulon et La Seyne, c&rsquo;est HYERES LES PALMIERS (Var), une autre ville de la M\u00e9tropole Toulon Provence M\u00e9diterran\u00e9e, qui s&rsquo;engage en faveur des Martinets, et de la protection de leurs sites de nidification lors des travaux dans le b\u00e2ti. https:\/\/www.hyeres.fr\/construire-et-amenager Un grand [&hellip;]<\/p>\n","protected":false},"author":124,"featured_media":306,"comment_status":"open","ping_status":"open","sticky":false,"template":"","format":"standard","meta":{"footnotes":""},"categories":[6,9],"tags":[],"class_list":["post-298","post","type-post","status-publish","format-standard","has-post-thumbnail","hentry","category-les-martinets-et-le-bati","category-les-villes-qui-sengagent"],"jetpack_featured_media_url":"https:\/\/paca.lpo.fr\/blogs\/nature-en-ville\/files\/2022\/06\/martinet-noir-89-792x549-1.jpg","_links":{"self":[{"href":"https:\/\/paca.lpo.fr\/blogs\/nature-en-ville\/wp-json\/wp\/v2\/posts\/298","targetHints":{"allow":["GET"]}}],"collection":[{"href":"https:\/\/paca.lpo.fr\/blogs\/nature-en-ville\/wp-json\/wp\/v2\/posts"}],"about":[{"href":"https:\/\/paca.lpo.fr\/blogs\/nature-en-ville\/wp-json\/wp\/v2\/types\/post"}],"author":[{"embeddable":true,"href":"https:\/\/paca.lpo.fr\/blogs\/nature-en-ville\/wp-json\/wp\/v2\/users\/124"}],"replies":[{"embeddable":true,"href":"https:\/\/paca.lpo.fr\/blogs\/nature-en-ville\/wp-json\/wp\/v2\/comments?post=298"}],"version-history":[{"count":2,"href":"https:\/\/paca.lpo.fr\/blogs\/nature-en-ville\/wp-json\/wp\/v2\/posts\/298\/revisions"}],"predecessor-version":[{"id":309,"href":"https:\/\/paca.lpo.fr\/blogs\/nature-en-ville\/wp-json\/wp\/v2\/posts\/298\/revisions\/309"}],"wp:featuredmedia":[{"embeddable":true,"href":"https:\/\/paca.lpo.fr\/blogs\/nature-en-ville\/wp-json\/wp\/v2\/media\/306"}],"wp:attachment":[{"href":"https:\/\/paca.lpo.fr\/blogs\/nature-en-ville\/wp-json\/wp\/v2\/media?parent=298"}],"wp:term":[{"taxonomy":"category","embeddable":true,"href":"https:\/\/paca.lpo.fr\/blogs\/nature-en-ville\/wp-json\/wp\/v2\/categories?post=298"},{"taxonomy":"post_tag","embeddable":true,"href":"https:\/\/paca.lpo.fr\/blogs\/nature-en-ville\/wp-json\/wp\/v2\/tags?post=298"}],"curies":[{"name":"wp","href":"https:\/\/api.w.org\/{rel}","templated":true}]}}