{"id":343,"date":"2022-08-25T15:40:45","date_gmt":"2022-08-25T13:40:45","guid":{"rendered":"http:\/\/paca.lpo.fr\/blogs\/nature-en-ville\/?p=343"},"modified":"2022-08-25T16:14:29","modified_gmt":"2022-08-25T14:14:29","slug":"toulon-5-nichoirs-pour-martinets-au-3-pl-raspail","status":"publish","type":"post","link":"https:\/\/paca.lpo.fr\/blogs\/nature-en-ville\/2022\/08\/25\/toulon-5-nichoirs-pour-martinets-au-3-pl-raspail\/","title":{"rendered":"Toulon 5 nichoirs pour Martinets au 3 Pl Raspail"},"content":{"rendered":"<div class=\"wp-block-image is-style-rounded\">\n<figure class=\"aligncenter size-full\"><img loading=\"lazy\" decoding=\"async\" width=\"1008\" height=\"756\" src=\"https:\/\/paca.lpo.fr\/blogs\/nature-en-ville\/files\/2022\/08\/20220802-145602-resized-1.jpg\" alt=\"\" class=\"wp-image-345\" srcset=\"https:\/\/paca.lpo.fr\/blogs\/nature-en-ville\/files\/2022\/08\/20220802-145602-resized-1.jpg 1008w, https:\/\/paca.lpo.fr\/blogs\/nature-en-ville\/files\/2022\/08\/20220802-145602-resized-1-768x576.jpg 768w\" sizes=\"auto, (max-width: 1008px) 100vw, 1008px\" \/><figcaption>APRES TRAVAUX AOUT 2022<\/figcaption><\/figure>\n<\/div>\n\n\n<figure class=\"wp-block-image size-full is-style-rounded\"><img loading=\"lazy\" decoding=\"async\" width=\"1008\" height=\"756\" src=\"https:\/\/paca.lpo.fr\/blogs\/nature-en-ville\/files\/2022\/08\/20220802-3-raspail.jpg\" alt=\"\" class=\"wp-image-371\" srcset=\"https:\/\/paca.lpo.fr\/blogs\/nature-en-ville\/files\/2022\/08\/20220802-3-raspail.jpg 1008w, https:\/\/paca.lpo.fr\/blogs\/nature-en-ville\/files\/2022\/08\/20220802-3-raspail-768x576.jpg 768w\" sizes=\"auto, (max-width: 1008px) 100vw, 1008px\" \/><\/figure>\n\n\n\n<p class=\"has-text-align-center has-accent-background-color has-background\"><strong>RENOUVELLEMENT URBAIN ET BIODIVERSITE<\/strong><\/p>\n\n\n\n<p class=\"has-text-align-center has-accent-background-color has-background\"><strong>Au n\u00b0 3 Place Raspail, dans le centre ancien, et juste en face des Halles (gourmandes), les \u00ab&nbsp;besoins&nbsp;\u00bb des Martinets ont \u00e9t\u00e9 pris en compte. Aujourd\u2019hui&nbsp;: 5 nichoirs en b\u00e9ton de bois (NAT\u2019H) ont \u00e9t\u00e9 int\u00e9gr\u00e9s dans les murs de fa\u00e7ades&nbsp;: 2 nichoirs simples et 1 nichoir double.<\/strong><\/p>\n\n\n\n<p><strong>En 2015<\/strong>, 3 trous d\u2019a\u00e9ration et de boulin avaient \u00e9t\u00e9 rep\u00e9r\u00e9s par le Groupe Martinets, et abritaient des sites de nidification.<\/p>\n\n\n<div class=\"wp-block-image is-style-default\">\n<figure class=\"aligncenter size-full is-resized\"><img loading=\"lazy\" decoding=\"async\" src=\"https:\/\/paca.lpo.fr\/blogs\/nature-en-ville\/files\/2022\/08\/3-pl-v-raspail-juin-2015-nids.jpg\" alt=\"\" class=\"wp-image-346\" width=\"442\" height=\"331\" srcset=\"https:\/\/paca.lpo.fr\/blogs\/nature-en-ville\/files\/2022\/08\/3-pl-v-raspail-juin-2015-nids.jpg 1024w, https:\/\/paca.lpo.fr\/blogs\/nature-en-ville\/files\/2022\/08\/3-pl-v-raspail-juin-2015-nids-768x576.jpg 768w\" sizes=\"auto, (max-width: 442px) 100vw, 442px\" \/><figcaption>AVANT TRAVAUX <\/figcaption><\/figure>\n<\/div>\n\n\n<p>Situation confirm\u00e9e en 2019, o\u00f9 d\u2019ailleurs, le 21 juin, lors d\u2019une soir\u00e9e d\u2019observation et de recensement des nids, nous avons assist\u00e9, stup\u00e9faits et impuissants, \u00e0 l\u2019\u00e9jection d\u2019un oisillon mort, certainement par un des deux g\u00e9niteurs.<\/p>\n\n\n<div class=\"wp-block-image is-style-rounded\">\n<figure class=\"aligncenter size-full is-resized\"><img loading=\"lazy\" decoding=\"async\" src=\"https:\/\/paca.lpo.fr\/blogs\/nature-en-ville\/files\/2022\/08\/20190620-201034-resized.jpg\" alt=\"\" class=\"wp-image-347\" width=\"196\" height=\"261\" srcset=\"https:\/\/paca.lpo.fr\/blogs\/nature-en-ville\/files\/2022\/08\/20190620-201034-resized.jpg 768w, https:\/\/paca.lpo.fr\/blogs\/nature-en-ville\/files\/2022\/08\/20190620-201034-resized-576x768.jpg 576w\" sizes=\"auto, (max-width: 196px) 100vw, 196px\" \/><\/figure>\n<\/div>\n\n\n<p><strong>Fin 2020<\/strong>, de gros travaux de r\u00e9novation \u00e9taient entrepris sur le site&nbsp;: d\u00e9molition de la toiture, rehaussement d\u2019un \u00e9tage, ravalement\u2026<\/p>\n\n\n<div class=\"wp-block-image is-style-rounded\">\n<figure class=\"aligncenter size-full\"><img loading=\"lazy\" decoding=\"async\" width=\"1024\" height=\"472\" src=\"https:\/\/paca.lpo.fr\/blogs\/nature-en-ville\/files\/2022\/08\/20211210-144441.jpg\" alt=\"\" class=\"wp-image-349\" srcset=\"https:\/\/paca.lpo.fr\/blogs\/nature-en-ville\/files\/2022\/08\/20211210-144441.jpg 1024w, https:\/\/paca.lpo.fr\/blogs\/nature-en-ville\/files\/2022\/08\/20211210-144441-768x354.jpg 768w\" sizes=\"auto, (max-width: 1024px) 100vw, 1024px\" \/><figcaption>B\u00e2timent d\u00e9labr\u00e9.<\/figcaption><\/figure>\n<\/div>\n\n\n<figure class=\"wp-block-image size-full is-style-rounded\"><img loading=\"lazy\" decoding=\"async\" width=\"1024\" height=\"472\" src=\"https:\/\/paca.lpo.fr\/blogs\/nature-en-ville\/files\/2022\/08\/20211210-photo-colette.jpg\" alt=\"\" class=\"wp-image-372\" srcset=\"https:\/\/paca.lpo.fr\/blogs\/nature-en-ville\/files\/2022\/08\/20211210-photo-colette.jpg 1024w, https:\/\/paca.lpo.fr\/blogs\/nature-en-ville\/files\/2022\/08\/20211210-photo-colette-768x354.jpg 768w\" sizes=\"auto, (max-width: 1024px) 100vw, 1024px\" \/><\/figure>\n\n\n\n<p>Arr\u00eat\u00e9 durant la p\u00e9riode COVID, le chantier reprenait <strong>fin 2021<\/strong> et les \u00e9chafaudages \u00e9taient install\u00e9s.<\/p>\n\n\n\n<figure class=\"wp-block-image size-full is-style-rounded\"><img loading=\"lazy\" decoding=\"async\" width=\"1024\" height=\"768\" src=\"https:\/\/paca.lpo.fr\/blogs\/nature-en-ville\/files\/2022\/08\/20210419-trous-3-raspail.jpg\" alt=\"\" class=\"wp-image-351\" srcset=\"https:\/\/paca.lpo.fr\/blogs\/nature-en-ville\/files\/2022\/08\/20210419-trous-3-raspail.jpg 1024w, https:\/\/paca.lpo.fr\/blogs\/nature-en-ville\/files\/2022\/08\/20210419-trous-3-raspail-768x576.jpg 768w\" sizes=\"auto, (max-width: 1024px) 100vw, 1024px\" \/><\/figure>\n\n\n\n<p>Il fallait donc s\u2019attendre \u00e0 la disparition des cavit\u00e9s utilis\u00e9es par les Martinets.<\/p>\n\n\n\n<p><strong>Avril 2022<\/strong>, comme on pouvait le craindre ou l&rsquo;esp\u00e9rer, les Martinets, de retour de migration, ont cherch\u00e9 \u00e0 retrouver leurs nids&nbsp;; alors rapidement, la d\u00e9cision a \u00e9t\u00e9 prise d\u2019installer 2 nichoirs provisoires en bois sur l\u2019\u00e9chaudage, au cas o\u00f9..<\/p>\n\n\n<div class=\"wp-block-image\">\n<figure class=\"aligncenter size-full is-resized\"><img loading=\"lazy\" decoding=\"async\" src=\"https:\/\/paca.lpo.fr\/blogs\/nature-en-ville\/files\/2022\/08\/img-20220427-nichoirs-provisoires-3-raspail.jpg\" alt=\"\" class=\"wp-image-352\" width=\"498\" height=\"831\" \/><\/figure>\n<\/div>\n\n\n<p>Et alors que les nichoirs \u00e9taient d\u00e9cal\u00e9s par rapport \u00e0 la position initiale des nids habituels, positionn\u00e9s dans le vide mais bien arrim\u00e9s sur un \u00e9chafaudage, <strong>les Martinets les ont tr\u00e8s vite rep\u00e9r\u00e9s et colonis\u00e9s.<\/strong> <\/p>\n\n\n\n<p>Une surprise et une joie partag\u00e9e par tous, LPO et intervenants sur le chantier.<\/p>\n\n\n\n<p>Un suivi r\u00e9gulier a donc \u00e9t\u00e9 mis en oeuvre par les b\u00e9n\u00e9voles.<\/p>\n\n\n\n<p>D\u00e9but ao\u00fbt 2022, les \u00e9chafaudages ont du \u00eatre d\u00e9mont\u00e9s, et les 2 nichoirs en bois ont \u00e9t\u00e9 r\u00e9cup\u00e9r\u00e9s et inspect\u00e9s.<\/p>\n\n\n<div class=\"wp-block-image is-style-rounded\">\n<figure class=\"aligncenter size-full is-resized\"><img loading=\"lazy\" decoding=\"async\" src=\"https:\/\/paca.lpo.fr\/blogs\/nature-en-ville\/files\/2022\/08\/nichoir-en-bois-provisoire.png\" alt=\"\" class=\"wp-image-360\" width=\"333\" height=\"160\" \/><\/figure>\n<\/div>\n\n<div class=\"wp-block-image is-style-rounded\">\n<figure class=\"aligncenter size-full is-resized\"><img loading=\"lazy\" decoding=\"async\" src=\"https:\/\/paca.lpo.fr\/blogs\/nature-en-ville\/files\/2022\/08\/20220803-175704-resized.jpg\" alt=\"\" class=\"wp-image-354\" width=\"381\" height=\"285\" srcset=\"https:\/\/paca.lpo.fr\/blogs\/nature-en-ville\/files\/2022\/08\/20220803-175704-resized.jpg 1008w, https:\/\/paca.lpo.fr\/blogs\/nature-en-ville\/files\/2022\/08\/20220803-175704-resized-768x576.jpg 768w\" sizes=\"auto, (max-width: 381px) 100vw, 381px\" \/><\/figure>\n<\/div>\n\n<div class=\"wp-block-image is-style-rounded\">\n<figure class=\"aligncenter size-full\"><img loading=\"lazy\" decoding=\"async\" width=\"809\" height=\"405\" src=\"https:\/\/paca.lpo.fr\/blogs\/nature-en-ville\/files\/2022\/08\/capture.png\" alt=\"\" class=\"wp-image-355\" srcset=\"https:\/\/paca.lpo.fr\/blogs\/nature-en-ville\/files\/2022\/08\/capture.png 809w, https:\/\/paca.lpo.fr\/blogs\/nature-en-ville\/files\/2022\/08\/capture-768x384.png 768w\" sizes=\"auto, (max-width: 809px) 100vw, 809px\" \/><figcaption>Arri\u00e8re des nichoirs en bois.<\/figcaption><\/figure>\n<\/div>\n\n\n<ul class=\"wp-block-list\"><li><strong>1<sup>er<\/sup> nichoir&nbsp;<\/strong>: Nid, fientes et coquilles d\u2019\u0153uf. 2 jeunes (1 mort et <strong>1 \u00e0 l\u2019envol)<\/strong><\/li><\/ul>\n\n\n\n<p>Donc nidification certaine.<\/p>\n\n\n\n<ul class=\"wp-block-list\"><li><strong>2<sup>\u00e8me<\/sup> nichoir<\/strong>&nbsp;: Ebauche de nid, fientes, plumes. Primo nicheur sans reproduction. (&nbsp;?)<\/li><\/ul>\n\n\n\n<p class=\"has-text-align-center has-accent-background-color has-background\"><strong>En tout cas, une fois encore (plusieurs exemples \u00e0 Toulon), les nichoirs provisoires prouvent leur utilit\u00e9, et permettent de garder sur site, les oiseaux nicheurs.<\/strong><\/p>\n\n\n\n<figure class=\"wp-block-gallery has-nested-images columns-default is-cropped wp-block-gallery-1 is-layout-flex wp-block-gallery-is-layout-flex\">\n<figure class=\"wp-block-image size-large\"><img loading=\"lazy\" decoding=\"async\" width=\"334\" height=\"107\" data-id=\"357\" src=\"https:\/\/paca.lpo.fr\/blogs\/nature-en-ville\/files\/2022\/08\/nat-h-nichoir-double.png\" alt=\"\" class=\"wp-image-357\" \/><figcaption>Nichoir double Nat&rsquo;h b\u00e9ton de bois<\/figcaption><\/figure>\n<figcaption class=\"blocks-gallery-caption\">NICHOIRS DEFINITIFS INTEGRES DANS LES MURS DE FACADE<\/figcaption><\/figure>\n\n\n<div class=\"wp-block-image\">\n<figure class=\"aligncenter size-full is-resized\"><img loading=\"lazy\" decoding=\"async\" src=\"https:\/\/paca.lpo.fr\/blogs\/nature-en-ville\/files\/2022\/08\/nichoir.jpg\" alt=\"\" class=\"wp-image-358\" width=\"211\" height=\"101\" \/><figcaption>Nichoir simple<\/figcaption><\/figure>\n<\/div>\n\n\n<p>Voil\u00e0 un chantier \u00ab\u00a0martinesque\u00a0\u00bb qui se termine bien avec au moins, un juv\u00e9nile reparti avec ses semblables vers l&rsquo;Afrique.<\/p>\n\n\n\n<p><strong>RV au printemps 2023 pour un suivi de l&rsquo;occupation des 5 nichoirs int\u00e9gr\u00e9s.<\/strong><\/p>\n\n\n\n<p>Un grand merci aux divers intervenants qui ont \u00ab\u00a0jou\u00e9 le jeu de la biodivesit\u00e9\u00a0\u00bb et permis la conservation de l&rsquo;esp\u00e8ce sur ce site.<\/p>\n\n\n\n<p class=\"has-text-align-center\">VAD, BEGP, BATITECHNIC, Cabinet Merle, &#8230;<\/p>\n\n\n\n<figure class=\"wp-block-image size-full is-style-rounded\"><img loading=\"lazy\" decoding=\"async\" width=\"1008\" height=\"756\" src=\"https:\/\/paca.lpo.fr\/blogs\/nature-en-ville\/files\/2022\/08\/20220420-3-place-raspail.jpg\" alt=\"\" class=\"wp-image-359\" srcset=\"https:\/\/paca.lpo.fr\/blogs\/nature-en-ville\/files\/2022\/08\/20220420-3-place-raspail.jpg 1008w, https:\/\/paca.lpo.fr\/blogs\/nature-en-ville\/files\/2022\/08\/20220420-3-place-raspail-768x576.jpg 768w\" sizes=\"auto, (max-width: 1008px) 100vw, 1008px\" \/><\/figure>\n\n\n\n<p class=\"has-text-align-center has-subtle-background-background-color has-background\"><strong>Les Martinets le valent bien \ud83d\ude42<\/strong> <\/p>\n\n\n\n<p>La Place des Halles et les rues environnantes sont tr\u00e8s riches en sites de nidification de Martinets. <\/p>\n\n\n\n<p>Depuis 7 ans, un travail de concert avec la mairie de Toulon, permet de pr\u00e9server, autant que faire se peut, le maximum de sites de nidification.<\/p>\n\n\n\n<ul class=\"wp-block-list\"><li>En gardant les cavit\u00e9s lorsque cela est possible<\/li><\/ul>\n\n\n\n<ul class=\"wp-block-list\"><li>En compensant par l&rsquo;int\u00e9gration de nichoirs en b\u00e9ton de bois dans le b\u00e2ti.<\/li><\/ul>\n\n\n<div class=\"wp-block-image\">\n<figure class=\"aligncenter size-full\"><img loading=\"lazy\" decoding=\"async\" width=\"920\" height=\"589\" src=\"https:\/\/paca.lpo.fr\/blogs\/nature-en-ville\/files\/2022\/08\/les-halles-au-21-juin-2018-1.jpg\" alt=\"\" class=\"wp-image-373\" srcset=\"https:\/\/paca.lpo.fr\/blogs\/nature-en-ville\/files\/2022\/08\/les-halles-au-21-juin-2018-1.jpg 920w, https:\/\/paca.lpo.fr\/blogs\/nature-en-ville\/files\/2022\/08\/les-halles-au-21-juin-2018-1-768x492.jpg 768w\" sizes=\"auto, (max-width: 920px) 100vw, 920px\" \/><\/figure>\n<\/div>\n\n\n<p>Katherine Dubourg<\/p>\n\n\n\n<p>Urbanisme \/ Biodiversit\u00e9 \/ B\u00e2ti et Martinets.<\/p>\n","protected":false},"excerpt":{"rendered":"<p>RENOUVELLEMENT URBAIN ET BIODIVERSITE Au n\u00b0 3 Place Raspail, dans le centre ancien, et juste en face des Halles (gourmandes), les \u00ab&nbsp;besoins&nbsp;\u00bb des Martinets ont \u00e9t\u00e9 pris en compte. Aujourd\u2019hui&nbsp;: 5 nichoirs en b\u00e9ton de bois (NAT\u2019H) ont \u00e9t\u00e9 int\u00e9gr\u00e9s dans les murs de fa\u00e7ades&nbsp;: 2 nichoirs simples et 1 nichoir double. En 2015, 3 [&hellip;]<\/p>\n","protected":false},"author":124,"featured_media":364,"comment_status":"open","ping_status":"open","sticky":false,"template":"","format":"standard","meta":{"footnotes":""},"categories":[6],"tags":[],"class_list":["post-343","post","type-post","status-publish","format-standard","has-post-thumbnail","hentry","category-les-martinets-et-le-bati"],"jetpack_featured_media_url":"https:\/\/paca.lpo.fr\/blogs\/nature-en-ville\/files\/2022\/08\/20220222-3-raspail-tx-1.jpg","_links":{"self":[{"href":"https:\/\/paca.lpo.fr\/blogs\/nature-en-ville\/wp-json\/wp\/v2\/posts\/343","targetHints":{"allow":["GET"]}}],"collection":[{"href":"https:\/\/paca.lpo.fr\/blogs\/nature-en-ville\/wp-json\/wp\/v2\/posts"}],"about":[{"href":"https:\/\/paca.lpo.fr\/blogs\/nature-en-ville\/wp-json\/wp\/v2\/types\/post"}],"author":[{"embeddable":true,"href":"https:\/\/paca.lpo.fr\/blogs\/nature-en-ville\/wp-json\/wp\/v2\/users\/124"}],"replies":[{"embeddable":true,"href":"https:\/\/paca.lpo.fr\/blogs\/nature-en-ville\/wp-json\/wp\/v2\/comments?post=343"}],"version-history":[{"count":4,"href":"https:\/\/paca.lpo.fr\/blogs\/nature-en-ville\/wp-json\/wp\/v2\/posts\/343\/revisions"}],"predecessor-version":[{"id":375,"href":"https:\/\/paca.lpo.fr\/blogs\/nature-en-ville\/wp-json\/wp\/v2\/posts\/343\/revisions\/375"}],"wp:featuredmedia":[{"embeddable":true,"href":"https:\/\/paca.lpo.fr\/blogs\/nature-en-ville\/wp-json\/wp\/v2\/media\/364"}],"wp:attachment":[{"href":"https:\/\/paca.lpo.fr\/blogs\/nature-en-ville\/wp-json\/wp\/v2\/media?parent=343"}],"wp:term":[{"taxonomy":"category","embeddable":true,"href":"https:\/\/paca.lpo.fr\/blogs\/nature-en-ville\/wp-json\/wp\/v2\/categories?post=343"},{"taxonomy":"post_tag","embeddable":true,"href":"https:\/\/paca.lpo.fr\/blogs\/nature-en-ville\/wp-json\/wp\/v2\/tags?post=343"}],"curies":[{"name":"wp","href":"https:\/\/api.w.org\/{rel}","templated":true}]}}