{"id":377,"date":"2022-09-03T11:57:19","date_gmt":"2022-09-03T09:57:19","guid":{"rendered":"http:\/\/paca.lpo.fr\/blogs\/nature-en-ville\/?p=377"},"modified":"2022-09-03T11:57:20","modified_gmt":"2022-09-03T09:57:20","slug":"la-cathedrale-saint-arnoux-a-gap-un-exemple-de-preservation-de-la-biodiversite-urbaine","status":"publish","type":"post","link":"https:\/\/paca.lpo.fr\/blogs\/nature-en-ville\/2022\/09\/03\/la-cathedrale-saint-arnoux-a-gap-un-exemple-de-preservation-de-la-biodiversite-urbaine\/","title":{"rendered":"La Cath\u00e9drale Saint-Arnoux \u00e0 Gap, un exemple de pr\u00e9servation de la biodiversit\u00e9 urbaine"},"content":{"rendered":"\n<p class=\"has-subtle-background-background-color has-background\"><strong>Dans le cadre du Plan de Relance, la restauration de la cath\u00e9drale Saint-Arnoux, class\u00e9e MONUMENT HISTORIQUE depuis 1906, a pu se faire en m\u00ealant conservation d&rsquo;un monument historique et d&rsquo;espaces de nidification d&rsquo;esp\u00e8ces d&rsquo;oiseaux prot\u00e9g\u00e9es (Martinets noirs, Hirondelles de fen\u00eatre, Hirondelles des rochers, Faucon cr\u00e9cerelle et Chiropt\u00e8res).<\/strong><\/p>\n\n\n\n<p class=\"has-subtle-background-background-color has-background\"><strong>Par incitation minist\u00e9rielle, la biodiversit\u00e9 doit \u00eatre prise en compte lors de r\u00e9novation et de restauration de monuments historiques.<\/strong><\/p>\n\n\n\n<p>Cerise sur le g\u00e2teau, vu l\u2019int\u00e9r\u00eat port\u00e9 par cette action, <strong>le CIBI,<\/strong> le Conseil International de Biodiversit\u00e9 et de l\u2019immobilier, un organisme d\u00e9livrant le label \u00e9coresponsable Biodivercity, <strong>souhaite initier une labellisation sur-mesure \u00e0 titre exp\u00e9rimental.<\/strong><\/p>\n\n\n\n<p><a href=\"https:\/\/www.culture.gouv.fr\/Regions\/Drac-Provence-Alpes-Cote-d-Azur\/Actualites\/Les-travaux-a-la-Cathedrale-Saint-Arnoux-a-Gap-un-exemple-de-preservation-de-la-biodiversite-urbaine\">https:\/\/www.culture.gouv.fr\/Regions\/Drac-Provence-Alpes-Cote-d-Azur\/Actualites\/Les-travaux-a-la-Cathedrale-Saint-Arnoux-a-Gap-un-exemple-de-preservation-de-la-biodiversite-urbaine<\/a><\/p>\n\n\n\n<p>Un grand bravo \u00e0 <strong>Yann Visseaux<\/strong>, Ing\u00e9nieur du Patrimoine en charge du d\u00e9partement des Hautes-Alpes et\u00a0<strong>Emilie Avizou<\/strong>, charg\u00e9e du Plan relance, tous deux agents \u00e0 la Conservation r\u00e9gionale des monuments historiques de la Direction R\u00e9gionale des Affaires Culturelles Provence-Alpes-C\u00f4te d&rsquo;Azu<strong>r (DRAC PACA)<\/strong> et au GT Martinets LPO GAP (interview dans l&rsquo;article) pour ce magnifique travail !<\/p>\n\n\n<div class=\"wp-block-image is-style-rounded\">\n<figure class=\"aligncenter size-full is-resized\"><img loading=\"lazy\" decoding=\"async\" src=\"https:\/\/paca.lpo.fr\/blogs\/nature-en-ville\/files\/2022\/09\/faucon-crecerelle-lpo-paca.jpg\" alt=\"\" class=\"wp-image-378\" width=\"228\" height=\"144\" \/><\/figure>\n<\/div>\n\n<div class=\"wp-block-image is-style-rounded\">\n<figure class=\"aligncenter size-full is-resized\"><img loading=\"lazy\" decoding=\"async\" src=\"https:\/\/paca.lpo.fr\/blogs\/nature-en-ville\/files\/2022\/09\/hf.jpg\" alt=\"\" class=\"wp-image-379\" width=\"247\" height=\"192\" \/><\/figure>\n<\/div>\n\n<div class=\"wp-block-image is-style-rounded\">\n<figure class=\"aligncenter size-full is-resized\"><img loading=\"lazy\" decoding=\"async\" src=\"https:\/\/paca.lpo.fr\/blogs\/nature-en-ville\/files\/2022\/09\/hr-lpo-paca.jpg\" alt=\"\" class=\"wp-image-380\" width=\"284\" height=\"138\" \/><\/figure>\n<\/div>\n\n<div class=\"wp-block-image is-style-rounded\">\n<figure class=\"aligncenter size-full is-resized\"><img loading=\"lazy\" decoding=\"async\" src=\"https:\/\/paca.lpo.fr\/blogs\/nature-en-ville\/files\/2022\/09\/rondoni-et-monumenti-vivi-fb.png\" alt=\"\" class=\"wp-image-381\" width=\"226\" height=\"270\" \/><figcaption>Monumenti vivi<\/figcaption><\/figure>\n<\/div>\n\n\n<p>KD<\/p>\n\n\n\n<p><\/p>\n","protected":false},"excerpt":{"rendered":"<p>Dans le cadre du Plan de Relance, la restauration de la cath\u00e9drale Saint-Arnoux, class\u00e9e MONUMENT HISTORIQUE depuis 1906, a pu se faire en m\u00ealant conservation d&rsquo;un monument historique et d&rsquo;espaces de nidification d&rsquo;esp\u00e8ces d&rsquo;oiseaux prot\u00e9g\u00e9es (Martinets noirs, Hirondelles de fen\u00eatre, Hirondelles des rochers, Faucon cr\u00e9cerelle et Chiropt\u00e8res). Par incitation minist\u00e9rielle, la biodiversit\u00e9 doit \u00eatre prise [&hellip;]<\/p>\n","protected":false},"author":124,"featured_media":382,"comment_status":"open","ping_status":"open","sticky":false,"template":"","format":"standard","meta":{"footnotes":""},"categories":[8],"tags":[],"class_list":["post-377","post","type-post","status-publish","format-standard","has-post-thumbnail","hentry","category-monuments-historiques-et-classes"],"jetpack_featured_media_url":"https:\/\/paca.lpo.fr\/blogs\/nature-en-ville\/files\/2022\/09\/20220610-190239-resized.jpg","_links":{"self":[{"href":"https:\/\/paca.lpo.fr\/blogs\/nature-en-ville\/wp-json\/wp\/v2\/posts\/377","targetHints":{"allow":["GET"]}}],"collection":[{"href":"https:\/\/paca.lpo.fr\/blogs\/nature-en-ville\/wp-json\/wp\/v2\/posts"}],"about":[{"href":"https:\/\/paca.lpo.fr\/blogs\/nature-en-ville\/wp-json\/wp\/v2\/types\/post"}],"author":[{"embeddable":true,"href":"https:\/\/paca.lpo.fr\/blogs\/nature-en-ville\/wp-json\/wp\/v2\/users\/124"}],"replies":[{"embeddable":true,"href":"https:\/\/paca.lpo.fr\/blogs\/nature-en-ville\/wp-json\/wp\/v2\/comments?post=377"}],"version-history":[{"count":1,"href":"https:\/\/paca.lpo.fr\/blogs\/nature-en-ville\/wp-json\/wp\/v2\/posts\/377\/revisions"}],"predecessor-version":[{"id":383,"href":"https:\/\/paca.lpo.fr\/blogs\/nature-en-ville\/wp-json\/wp\/v2\/posts\/377\/revisions\/383"}],"wp:featuredmedia":[{"embeddable":true,"href":"https:\/\/paca.lpo.fr\/blogs\/nature-en-ville\/wp-json\/wp\/v2\/media\/382"}],"wp:attachment":[{"href":"https:\/\/paca.lpo.fr\/blogs\/nature-en-ville\/wp-json\/wp\/v2\/media?parent=377"}],"wp:term":[{"taxonomy":"category","embeddable":true,"href":"https:\/\/paca.lpo.fr\/blogs\/nature-en-ville\/wp-json\/wp\/v2\/categories?post=377"},{"taxonomy":"post_tag","embeddable":true,"href":"https:\/\/paca.lpo.fr\/blogs\/nature-en-ville\/wp-json\/wp\/v2\/tags?post=377"}],"curies":[{"name":"wp","href":"https:\/\/api.w.org\/{rel}","templated":true}]}}