{"id":384,"date":"2022-09-06T17:20:01","date_gmt":"2022-09-06T15:20:01","guid":{"rendered":"http:\/\/paca.lpo.fr\/blogs\/nature-en-ville\/?p=384"},"modified":"2022-09-06T17:28:13","modified_gmt":"2022-09-06T15:28:13","slug":"toulon-la-caserne-lamer-et-les-martinets","status":"publish","type":"post","link":"https:\/\/paca.lpo.fr\/blogs\/nature-en-ville\/2022\/09\/06\/toulon-la-caserne-lamer-et-les-martinets\/","title":{"rendered":"TOULON, la Caserne LAMER et les Martinets"},"content":{"rendered":"\n<p class=\"has-text-align-center wp-block-paragraph\"><strong>MONTETY ILOT SUD<\/strong><\/p>\n\n\n\n<p class=\"wp-block-paragraph\">Situ\u00e9e rue Montebello, juste au-dessus de la Gare SNCF, au sein du quartier \u00ab&nbsp;MONTETY&nbsp;\u00bb lui aussi en pleine r\u00e9novation, la Caserne Montebello a subi ces dernier mois, un important lifting.<\/p>\n\n\n\n<p class=\"wp-block-paragraph\">R\u00e9novation int\u00e9rieure et ext\u00e9rieure de tout le b\u00e2timent et r\u00e9haussement d&rsquo;un niveau.<\/p>\n\n\n\n<p class=\"has-subtle-background-background-color has-background wp-block-paragraph\"><strong>Avec la prise en compte des besoins des Martinets tr\u00e8s pr\u00e9sents dans l&rsquo;ancien b\u00e2ti, (et dans tout le secteur Mont\u00e9ty) par une int\u00e9gration r\u00e9ussie de 15 nichoirs en b\u00e9ton de bois (Nat&rsquo;H) dans les murs.<\/strong><\/p>\n\n\n\n<p class=\"wp-block-paragraph\">Quelques photos :<\/p>\n\n\n\n<p class=\"wp-block-paragraph\">Une vue de la caserne bien avant que la cit\u00e9 adminisitrative des Lices ne soit construite de l&rsquo;autre c\u00f4t\u00e9 de la rue Montebello, et pr\u00e8s du Z\u00e9nith.<\/p>\n\n\n<div class=\"wp-block-image is-style-rounded\">\n<figure class=\"aligncenter size-full\"><img loading=\"lazy\" decoding=\"async\" width=\"993\" height=\"655\" src=\"https:\/\/paca.lpo.fr\/blogs\/nature-en-ville\/files\/2022\/09\/carte-postale.jpg\" alt=\"\" class=\"wp-image-385\" srcset=\"https:\/\/paca.lpo.fr\/blogs\/nature-en-ville\/files\/2022\/09\/carte-postale.jpg 993w, https:\/\/paca.lpo.fr\/blogs\/nature-en-ville\/files\/2022\/09\/carte-postale-768x507.jpg 768w\" sizes=\"auto, (max-width: 993px) 100vw, 993px\" \/><figcaption>Une carte postale d\u2019archive sur le sitte https\/\/cartorum.fr<\/figcaption><\/figure>\n<\/div>\n\n\n<p class=\"wp-block-paragraph\">Apr\u00e8s l\u2019int\u00e9gration de pr\u00e8s de 90 nichoirs pour Martinets dans les murs de fa\u00e7ades de l\u2019H\u00f4tel B&amp;B et le Hub (chantier Groupe Edouard Denis), ce sont dor\u00e9navant <strong>15 nichoirs suppl\u00e9mentaires qui sont disponibles sur 2 fa\u00e7ades de la Caserne.<\/strong><\/p>\n\n\n\n<p class=\"wp-block-paragraph\">Durant les travaux de d\u00e9construction de l&rsquo;il\u00f4t adjacent, des nichoirs provisoires en bois avaient \u00e9t\u00e9 install\u00e9s sur 2 faces de la Caserne.<\/p>\n\n\n\n<figure class=\"wp-block-image size-full is-style-rounded\"><img loading=\"lazy\" decoding=\"async\" width=\"1024\" height=\"768\" src=\"https:\/\/paca.lpo.fr\/blogs\/nature-en-ville\/files\/2022\/09\/nichoirs-provisoires-lamer-cote-montebello.jpg\" alt=\"\" class=\"wp-image-386\" srcset=\"https:\/\/paca.lpo.fr\/blogs\/nature-en-ville\/files\/2022\/09\/nichoirs-provisoires-lamer-cote-montebello.jpg 1024w, https:\/\/paca.lpo.fr\/blogs\/nature-en-ville\/files\/2022\/09\/nichoirs-provisoires-lamer-cote-montebello-768x576.jpg 768w\" sizes=\"auto, (max-width: 1024px) 100vw, 1024px\" \/><figcaption>10 nichoirs en bois c\u00f4t\u00e9 rue Montebello sont ainsi rest\u00e9s durant 3 saisons de reproduction.<\/figcaption><\/figure>\n\n\n<div class=\"wp-block-image is-style-rounded\">\n<figure class=\"aligncenter size-full is-resized\"><img loading=\"lazy\" decoding=\"async\" src=\"https:\/\/paca.lpo.fr\/blogs\/nature-en-ville\/files\/2022\/09\/20210730-100007-resized.jpg\" alt=\"\" class=\"wp-image-388\" width=\"231\" height=\"308\" srcset=\"https:\/\/paca.lpo.fr\/blogs\/nature-en-ville\/files\/2022\/09\/20210730-100007-resized.jpg 768w, https:\/\/paca.lpo.fr\/blogs\/nature-en-ville\/files\/2022\/09\/20210730-100007-resized-576x768.jpg 576w\" sizes=\"auto, (max-width: 231px) 100vw, 231px\" \/><\/figure>\n<\/div>\n\n<div class=\"wp-block-image is-style-default\">\n<figure class=\"aligncenter size-full\"><img loading=\"lazy\" decoding=\"async\" width=\"1024\" height=\"768\" src=\"https:\/\/paca.lpo.fr\/blogs\/nature-en-ville\/files\/2022\/09\/caserne-lamer-cote-interieur-nichoirs-provisoires.jpg\" alt=\"\" class=\"wp-image-389\" srcset=\"https:\/\/paca.lpo.fr\/blogs\/nature-en-ville\/files\/2022\/09\/caserne-lamer-cote-interieur-nichoirs-provisoires.jpg 1024w, https:\/\/paca.lpo.fr\/blogs\/nature-en-ville\/files\/2022\/09\/caserne-lamer-cote-interieur-nichoirs-provisoires-768x576.jpg 768w\" sizes=\"auto, (max-width: 1024px) 100vw, 1024px\" \/><figcaption>Cot\u00e9 int\u00e9rieur : 11 nichoirs provisoires en bois.<\/figcaption><\/figure>\n<\/div>\n\n<div class=\"wp-block-image is-style-rounded\">\n<figure class=\"aligncenter size-full\"><img loading=\"lazy\" decoding=\"async\" width=\"1024\" height=\"768\" src=\"https:\/\/paca.lpo.fr\/blogs\/nature-en-ville\/files\/2022\/09\/20220110-114457-resized.jpg\" alt=\"\" class=\"wp-image-393\" srcset=\"https:\/\/paca.lpo.fr\/blogs\/nature-en-ville\/files\/2022\/09\/20220110-114457-resized.jpg 1024w, https:\/\/paca.lpo.fr\/blogs\/nature-en-ville\/files\/2022\/09\/20220110-114457-resized-768x576.jpg 768w\" sizes=\"auto, (max-width: 1024px) 100vw, 1024px\" \/><figcaption>R\u00e9haussement d&rsquo;un niveau. On aper\u00e7oit les nichoirs provisoires en bois.<\/figcaption><\/figure>\n<\/div>\n\n\n<p class=\"wp-block-paragraph\"><strong>Le projet <\/strong>: <\/p>\n\n\n\n<p class=\"has-primary-color has-subtle-background-background-color has-text-color has-background wp-block-paragraph\"><strong>Int\u00e9gration de 5 nichoirs simples en b\u00e9ton de bois (NAT&rsquo;H) c\u00f4t\u00e9 rue Montebello (Nord Ouest) <\/strong><\/p>\n\n\n<div class=\"wp-block-image is-style-default\">\n<figure class=\"aligncenter size-full is-resized\"><img loading=\"lazy\" decoding=\"async\" src=\"https:\/\/paca.lpo.fr\/blogs\/nature-en-ville\/files\/2022\/09\/nichoir-nath-martinet-noir.png\" alt=\"\" class=\"wp-image-397\" width=\"161\" height=\"92\" \/><\/figure>\n<\/div>\n\n\n<p class=\"has-text-align-center wp-block-paragraph\"><strong>A peine visibles pour l&rsquo;oeil humain mais pas pour celui du Martinet !<\/strong><\/p>\n\n\n\n<figure class=\"wp-block-image size-full is-resized\"><img loading=\"lazy\" decoding=\"async\" src=\"https:\/\/paca.lpo.fr\/blogs\/nature-en-ville\/files\/2022\/09\/aout-2022-et-plans-pose-nichoirs.jpg\" alt=\"\" class=\"wp-image-391\" width=\"694\" height=\"395\" srcset=\"https:\/\/paca.lpo.fr\/blogs\/nature-en-ville\/files\/2022\/09\/aout-2022-et-plans-pose-nichoirs.jpg 1024w, https:\/\/paca.lpo.fr\/blogs\/nature-en-ville\/files\/2022\/09\/aout-2022-et-plans-pose-nichoirs-768x438.jpg 768w\" sizes=\"auto, (max-width: 694px) 100vw, 694px\" \/><\/figure>\n\n\n\n<figure class=\"wp-block-image size-full is-resized\"><img loading=\"lazy\" decoding=\"async\" src=\"https:\/\/paca.lpo.fr\/blogs\/nature-en-ville\/files\/2022\/09\/nichoirs-rue-montebello-lamer.png\" alt=\"\" class=\"wp-image-396\" width=\"714\" height=\"455\" srcset=\"https:\/\/paca.lpo.fr\/blogs\/nature-en-ville\/files\/2022\/09\/nichoirs-rue-montebello-lamer.png 1024w, https:\/\/paca.lpo.fr\/blogs\/nature-en-ville\/files\/2022\/09\/nichoirs-rue-montebello-lamer-768x491.png 768w\" sizes=\"auto, (max-width: 714px) 100vw, 714px\" \/><\/figure>\n\n\n\n<p class=\"wp-block-paragraph\">Petite vid\u00e9o d&rsquo;ensemble : Zoomer pour bien voir les nichoirs.<\/p>\n\n\n\n<figure class=\"wp-block-embed is-type-video is-provider-youtube wp-block-embed-youtube wp-embed-aspect-16-9 wp-has-aspect-ratio\"><div class=\"wp-block-embed__wrapper\">\n<iframe loading=\"lazy\" title=\"Caserne Lamer (Mont\u00e9ty \/ Toulon) et les Martinets\" width=\"580\" height=\"326\" src=\"https:\/\/www.youtube.com\/embed\/a7xbFLeFG0w?feature=oembed\" frameborder=\"0\" allow=\"accelerometer; autoplay; clipboard-write; encrypted-media; gyroscope; picture-in-picture; web-share\" referrerpolicy=\"strict-origin-when-cross-origin\" allowfullscreen><\/iframe>\n<\/div><\/figure>\n\n\n\n<p class=\"has-subtle-background-background-color has-background wp-block-paragraph\"><strong>et 5 nichoirs doubles de l&rsquo;autre c\u00f4t\u00e9 (Sud-Est).<\/strong><\/p>\n\n\n<div class=\"wp-block-image\">\n<figure class=\"aligncenter size-full\"><img loading=\"lazy\" decoding=\"async\" width=\"420\" height=\"116\" src=\"https:\/\/paca.lpo.fr\/blogs\/nature-en-ville\/files\/2022\/09\/nichoir-double-nat-h.png\" alt=\"\" class=\"wp-image-399\" \/><\/figure>\n<\/div>\n\n\n<figure class=\"wp-block-image size-full is-resized\"><img loading=\"lazy\" decoding=\"async\" src=\"https:\/\/paca.lpo.fr\/blogs\/nature-en-ville\/files\/2022\/09\/aout-2022-arriere-projet-et-nichoirs.jpg\" alt=\"\" class=\"wp-image-394\" width=\"683\" height=\"399\" srcset=\"https:\/\/paca.lpo.fr\/blogs\/nature-en-ville\/files\/2022\/09\/aout-2022-arriere-projet-et-nichoirs.jpg 1024w, https:\/\/paca.lpo.fr\/blogs\/nature-en-ville\/files\/2022\/09\/aout-2022-arriere-projet-et-nichoirs-768x449.jpg 768w\" sizes=\"auto, (max-width: 683px) 100vw, 683px\" \/><\/figure>\n\n\n\n<p class=\"wp-block-paragraph\">A noter que la prochaine construction de l&rsquo;Institut de formation de profession de sant\u00e9 (Il\u00f4t Nord) qui vient de commencer et o\u00f9 seront \u00e9galement int\u00e9gr\u00e9s des nichoirs, apportera de l&rsquo;ombrage \u00e0 cette fa\u00e7ade<\/p>\n\n\n\n<p class=\"has-subtle-background-background-color has-background wp-block-paragraph\"><strong>RESULATS APRES TRAVAUX<\/strong><\/p>\n\n\n\n<figure class=\"wp-block-image size-full\"><img loading=\"lazy\" decoding=\"async\" width=\"1008\" height=\"756\" src=\"https:\/\/paca.lpo.fr\/blogs\/nature-en-ville\/files\/2022\/09\/20220906-101231-resized-1.jpg\" alt=\"\" class=\"wp-image-400\" srcset=\"https:\/\/paca.lpo.fr\/blogs\/nature-en-ville\/files\/2022\/09\/20220906-101231-resized-1.jpg 1008w, https:\/\/paca.lpo.fr\/blogs\/nature-en-ville\/files\/2022\/09\/20220906-101231-resized-1-768x576.jpg 768w\" sizes=\"auto, (max-width: 1008px) 100vw, 1008px\" \/><figcaption>Rue Montebello. 5 nichoirs simples.<\/figcaption><\/figure>\n\n\n\n<figure class=\"wp-block-image size-full is-resized\"><img loading=\"lazy\" decoding=\"async\" src=\"https:\/\/paca.lpo.fr\/blogs\/nature-en-ville\/files\/2022\/09\/20220813-173859-resized-2.jpg\" alt=\"\" class=\"wp-image-404\" width=\"610\" height=\"457\" srcset=\"https:\/\/paca.lpo.fr\/blogs\/nature-en-ville\/files\/2022\/09\/20220813-173859-resized-2.jpg 1008w, https:\/\/paca.lpo.fr\/blogs\/nature-en-ville\/files\/2022\/09\/20220813-173859-resized-2-768x576.jpg 768w\" sizes=\"auto, (max-width: 610px) 100vw, 610px\" \/><figcaption>Arri\u00e8re c\u00f4t\u00e9 Hub et Hotel B&amp;B \/ 10 nichoirs int\u00e9gr\u00e9s en retour de toit.<\/figcaption><\/figure>\n\n\n\n<p class=\"wp-block-paragraph\">Un grand merci aux professionnels qui, \u00e0 l&rsquo;\u00e9coute de nos conseils de pose, ont bien \u00ab\u00a0jou\u00e9 le jeu\u00a0\u00bb de la biodiversit\u00e9 :<\/p>\n\n\n\n<p class=\"wp-block-paragraph\">Var Am\u00e9nagement D\u00e9veloppement, MAP Architecture (Marseille), Atelier architecture Kh\u00e9lif (Marseille), Bati France Construction (Toulon), etc&#8230;<\/p>\n\n\n\n<p class=\"wp-block-paragraph\"> <\/p>\n\n\n\n<figure class=\"wp-block-image size-full is-style-rounded\"><img loading=\"lazy\" decoding=\"async\" width=\"1024\" height=\"768\" src=\"https:\/\/paca.lpo.fr\/blogs\/nature-en-ville\/files\/2022\/09\/20220209-114626-resized.jpg\" alt=\"\" class=\"wp-image-405\" srcset=\"https:\/\/paca.lpo.fr\/blogs\/nature-en-ville\/files\/2022\/09\/20220209-114626-resized.jpg 1024w, https:\/\/paca.lpo.fr\/blogs\/nature-en-ville\/files\/2022\/09\/20220209-114626-resized-768x576.jpg 768w\" sizes=\"auto, (max-width: 1024px) 100vw, 1024px\" \/><\/figure>\n\n\n\n<p class=\"wp-block-paragraph\">Sriiiiiiiiii ..Sriiiiiiiiiiiiiiiiiii<\/p>\n\n\n\n<p class=\"wp-block-paragraph\">Les Martinets, on vous attend au printemps 2023 !<\/p>\n\n\n\n<p class=\"wp-block-paragraph\">Katherine Dubourg<\/p>\n\n\n\n<p class=\"wp-block-paragraph\"><\/p>\n","protected":false},"excerpt":{"rendered":"<p>MONTETY ILOT SUD Situ\u00e9e rue Montebello, juste au-dessus de la Gare SNCF, au sein du quartier \u00ab&nbsp;MONTETY&nbsp;\u00bb lui aussi en pleine r\u00e9novation, la Caserne Montebello a subi ces dernier mois, un important lifting. R\u00e9novation int\u00e9rieure et ext\u00e9rieure de tout le b\u00e2timent et r\u00e9haussement d&rsquo;un niveau. Avec la prise en compte des besoins des Martinets tr\u00e8s [&hellip;]<\/p>\n","protected":false},"author":124,"featured_media":402,"comment_status":"open","ping_status":"open","sticky":false,"template":"","format":"standard","meta":{"footnotes":""},"categories":[6],"tags":[],"class_list":["post-384","post","type-post","status-publish","format-standard","has-post-thumbnail","hentry","category-les-martinets-et-le-bati"],"yoast_head":"<!-- This site is optimized with the Yoast SEO plugin v28.3 - https:\/\/yoast.com\/product\/yoast-seo-wordpress\/ -->\n<title>TOULON, la Caserne LAMER et les Martinets - Le blog de la nature en ville<\/title>\n<meta name=\"robots\" content=\"index, follow, max-snippet:-1, max-image-preview:large, max-video-preview:-1\" \/>\n<link rel=\"canonical\" href=\"https:\/\/paca.lpo.fr\/blogs\/nature-en-ville\/2022\/09\/06\/toulon-la-caserne-lamer-et-les-martinets\/\" \/>\n<meta property=\"og:locale\" content=\"fr_FR\" \/>\n<meta property=\"og:type\" content=\"article\" \/>\n<meta property=\"og:title\" content=\"TOULON, la Caserne LAMER et les Martinets - Le blog de la nature en ville\" \/>\n<meta property=\"og:description\" content=\"MONTETY ILOT SUD Situ\u00e9e rue Montebello, juste au-dessus de la Gare SNCF, au sein du quartier \u00ab&nbsp;MONTETY&nbsp;\u00bb lui aussi en pleine r\u00e9novation, la Caserne Montebello a subi ces dernier mois, un important lifting. R\u00e9novation int\u00e9rieure et ext\u00e9rieure de tout le b\u00e2timent et r\u00e9haussement d&rsquo;un niveau. Avec la prise en compte des besoins des Martinets tr\u00e8s [&hellip;]\" \/>\n<meta property=\"og:url\" content=\"https:\/\/paca.lpo.fr\/blogs\/nature-en-ville\/2022\/09\/06\/toulon-la-caserne-lamer-et-les-martinets\/\" \/>\n<meta property=\"og:site_name\" content=\"Le blog de la nature en ville\" \/>\n<meta property=\"article:published_time\" content=\"2022-09-06T15:20:01+00:00\" \/>\n<meta property=\"article:modified_time\" content=\"2022-09-06T15:28:13+00:00\" \/>\n<meta property=\"og:image\" content=\"https:\/\/paca.lpo.fr\/blogs\/nature-en-ville\/files\/2022\/09\/capture-1.jpg\" \/>\n\t<meta property=\"og:image:width\" content=\"831\" \/>\n\t<meta property=\"og:image:height\" content=\"480\" \/>\n\t<meta property=\"og:image:type\" content=\"image\/jpeg\" \/>\n<meta name=\"author\" content=\"katherinedubourg\" \/>\n<meta name=\"twitter:card\" content=\"summary_large_image\" \/>\n<meta name=\"twitter:label1\" content=\"\u00c9crit par\" \/>\n\t<meta name=\"twitter:data1\" content=\"katherinedubourg\" \/>\n\t<meta name=\"twitter:label2\" content=\"Dur\u00e9e de lecture estim\u00e9e\" \/>\n\t<meta name=\"twitter:data2\" content=\"2 minutes\" \/>\n<script type=\"application\/ld+json\" class=\"yoast-schema-graph\">{\"@context\":\"https:\\\/\\\/schema.org\",\"@graph\":[{\"@type\":\"Article\",\"@id\":\"https:\\\/\\\/paca.lpo.fr\\\/blogs\\\/nature-en-ville\\\/2022\\\/09\\\/06\\\/toulon-la-caserne-lamer-et-les-martinets\\\/#article\",\"isPartOf\":{\"@id\":\"https:\\\/\\\/paca.lpo.fr\\\/blogs\\\/nature-en-ville\\\/2022\\\/09\\\/06\\\/toulon-la-caserne-lamer-et-les-martinets\\\/\"},\"author\":{\"name\":\"katherinedubourg\",\"@id\":\"https:\\\/\\\/paca.lpo.fr\\\/blogs\\\/nature-en-ville\\\/#\\\/schema\\\/person\\\/2154d7949f2c10ecada4433d15cf7884\"},\"headline\":\"TOULON, la Caserne LAMER et les Martinets\",\"datePublished\":\"2022-09-06T15:20:01+00:00\",\"dateModified\":\"2022-09-06T15:28:13+00:00\",\"mainEntityOfPage\":{\"@id\":\"https:\\\/\\\/paca.lpo.fr\\\/blogs\\\/nature-en-ville\\\/2022\\\/09\\\/06\\\/toulon-la-caserne-lamer-et-les-martinets\\\/\"},\"wordCount\":429,\"commentCount\":1,\"publisher\":{\"@id\":\"https:\\\/\\\/paca.lpo.fr\\\/blogs\\\/nature-en-ville\\\/#organization\"},\"image\":{\"@id\":\"https:\\\/\\\/paca.lpo.fr\\\/blogs\\\/nature-en-ville\\\/2022\\\/09\\\/06\\\/toulon-la-caserne-lamer-et-les-martinets\\\/#primaryimage\"},\"thumbnailUrl\":\"https:\\\/\\\/paca.lpo.fr\\\/blogs\\\/nature-en-ville\\\/files\\\/2022\\\/09\\\/capture-1.jpg\",\"articleSection\":[\"LES MARTINETS ET LE BATI\"],\"inLanguage\":\"fr-FR\",\"potentialAction\":[{\"@type\":\"CommentAction\",\"name\":\"Comment\",\"target\":[\"https:\\\/\\\/paca.lpo.fr\\\/blogs\\\/nature-en-ville\\\/2022\\\/09\\\/06\\\/toulon-la-caserne-lamer-et-les-martinets\\\/#respond\"]}]},{\"@type\":\"WebPage\",\"@id\":\"https:\\\/\\\/paca.lpo.fr\\\/blogs\\\/nature-en-ville\\\/2022\\\/09\\\/06\\\/toulon-la-caserne-lamer-et-les-martinets\\\/\",\"url\":\"https:\\\/\\\/paca.lpo.fr\\\/blogs\\\/nature-en-ville\\\/2022\\\/09\\\/06\\\/toulon-la-caserne-lamer-et-les-martinets\\\/\",\"name\":\"TOULON, la Caserne LAMER et les Martinets - Le blog de la nature en ville\",\"isPartOf\":{\"@id\":\"https:\\\/\\\/paca.lpo.fr\\\/blogs\\\/nature-en-ville\\\/#website\"},\"primaryImageOfPage\":{\"@id\":\"https:\\\/\\\/paca.lpo.fr\\\/blogs\\\/nature-en-ville\\\/2022\\\/09\\\/06\\\/toulon-la-caserne-lamer-et-les-martinets\\\/#primaryimage\"},\"image\":{\"@id\":\"https:\\\/\\\/paca.lpo.fr\\\/blogs\\\/nature-en-ville\\\/2022\\\/09\\\/06\\\/toulon-la-caserne-lamer-et-les-martinets\\\/#primaryimage\"},\"thumbnailUrl\":\"https:\\\/\\\/paca.lpo.fr\\\/blogs\\\/nature-en-ville\\\/files\\\/2022\\\/09\\\/capture-1.jpg\",\"datePublished\":\"2022-09-06T15:20:01+00:00\",\"dateModified\":\"2022-09-06T15:28:13+00:00\",\"breadcrumb\":{\"@id\":\"https:\\\/\\\/paca.lpo.fr\\\/blogs\\\/nature-en-ville\\\/2022\\\/09\\\/06\\\/toulon-la-caserne-lamer-et-les-martinets\\\/#breadcrumb\"},\"inLanguage\":\"fr-FR\",\"potentialAction\":[{\"@type\":\"ReadAction\",\"target\":[\"https:\\\/\\\/paca.lpo.fr\\\/blogs\\\/nature-en-ville\\\/2022\\\/09\\\/06\\\/toulon-la-caserne-lamer-et-les-martinets\\\/\"]}]},{\"@type\":\"ImageObject\",\"inLanguage\":\"fr-FR\",\"@id\":\"https:\\\/\\\/paca.lpo.fr\\\/blogs\\\/nature-en-ville\\\/2022\\\/09\\\/06\\\/toulon-la-caserne-lamer-et-les-martinets\\\/#primaryimage\",\"url\":\"https:\\\/\\\/paca.lpo.fr\\\/blogs\\\/nature-en-ville\\\/files\\\/2022\\\/09\\\/capture-1.jpg\",\"contentUrl\":\"https:\\\/\\\/paca.lpo.fr\\\/blogs\\\/nature-en-ville\\\/files\\\/2022\\\/09\\\/capture-1.jpg\",\"width\":831,\"height\":480},{\"@type\":\"BreadcrumbList\",\"@id\":\"https:\\\/\\\/paca.lpo.fr\\\/blogs\\\/nature-en-ville\\\/2022\\\/09\\\/06\\\/toulon-la-caserne-lamer-et-les-martinets\\\/#breadcrumb\",\"itemListElement\":[{\"@type\":\"ListItem\",\"position\":1,\"name\":\"Accueil\",\"item\":\"https:\\\/\\\/paca.lpo.fr\\\/blogs\\\/nature-en-ville\\\/\"},{\"@type\":\"ListItem\",\"position\":2,\"name\":\"TOULON, la Caserne LAMER et les Martinets\"}]},{\"@type\":\"WebSite\",\"@id\":\"https:\\\/\\\/paca.lpo.fr\\\/blogs\\\/nature-en-ville\\\/#website\",\"url\":\"https:\\\/\\\/paca.lpo.fr\\\/blogs\\\/nature-en-ville\\\/\",\"name\":\"Le blog de la nature en ville\",\"description\":\"Le blog de la nature en ville\",\"publisher\":{\"@id\":\"https:\\\/\\\/paca.lpo.fr\\\/blogs\\\/nature-en-ville\\\/#organization\"},\"potentialAction\":[{\"@type\":\"SearchAction\",\"target\":{\"@type\":\"EntryPoint\",\"urlTemplate\":\"https:\\\/\\\/paca.lpo.fr\\\/blogs\\\/nature-en-ville\\\/?s={search_term_string}\"},\"query-input\":{\"@type\":\"PropertyValueSpecification\",\"valueRequired\":true,\"valueName\":\"search_term_string\"}}],\"inLanguage\":\"fr-FR\"},{\"@type\":\"Organization\",\"@id\":\"https:\\\/\\\/paca.lpo.fr\\\/blogs\\\/nature-en-ville\\\/#organization\",\"name\":\"Le blog de la nature en ville\",\"url\":\"https:\\\/\\\/paca.lpo.fr\\\/blogs\\\/nature-en-ville\\\/\",\"logo\":{\"@type\":\"ImageObject\",\"inLanguage\":\"fr-FR\",\"@id\":\"https:\\\/\\\/paca.lpo.fr\\\/blogs\\\/nature-en-ville\\\/#\\\/schema\\\/logo\\\/image\\\/\",\"url\":\"https:\\\/\\\/paca.lpo.fr\\\/blogs\\\/nature-en-ville\\\/files\\\/2024\\\/01\\\/cropped-rvb-lpo-paca-logotype-signature-droite-mini-500.jpg\",\"contentUrl\":\"https:\\\/\\\/paca.lpo.fr\\\/blogs\\\/nature-en-ville\\\/files\\\/2024\\\/01\\\/cropped-rvb-lpo-paca-logotype-signature-droite-mini-500.jpg\",\"width\":500,\"height\":210,\"caption\":\"Le blog de la nature en ville\"},\"image\":{\"@id\":\"https:\\\/\\\/paca.lpo.fr\\\/blogs\\\/nature-en-ville\\\/#\\\/schema\\\/logo\\\/image\\\/\"}},{\"@type\":\"Person\",\"@id\":\"https:\\\/\\\/paca.lpo.fr\\\/blogs\\\/nature-en-ville\\\/#\\\/schema\\\/person\\\/2154d7949f2c10ecada4433d15cf7884\",\"name\":\"katherinedubourg\",\"image\":{\"@type\":\"ImageObject\",\"inLanguage\":\"fr-FR\",\"@id\":\"https:\\\/\\\/secure.gravatar.com\\\/avatar\\\/669d7bfc42814b2e9ba5adde58008c6a97c8708e7cf996a0b2ed90cd63394b6a?s=96&d=mm&r=g\",\"url\":\"https:\\\/\\\/secure.gravatar.com\\\/avatar\\\/669d7bfc42814b2e9ba5adde58008c6a97c8708e7cf996a0b2ed90cd63394b6a?s=96&d=mm&r=g\",\"contentUrl\":\"https:\\\/\\\/secure.gravatar.com\\\/avatar\\\/669d7bfc42814b2e9ba5adde58008c6a97c8708e7cf996a0b2ed90cd63394b6a?s=96&d=mm&r=g\",\"caption\":\"katherinedubourg\"},\"url\":\"https:\\\/\\\/paca.lpo.fr\\\/blogs\\\/nature-en-ville\\\/author\\\/katherinedubourg\\\/\"}]}<\/script>\n<!-- \/ Yoast SEO plugin. -->","yoast_head_json":{"title":"TOULON, la Caserne LAMER et les Martinets - Le blog de la nature en ville","robots":{"index":"index","follow":"follow","max-snippet":"max-snippet:-1","max-image-preview":"max-image-preview:large","max-video-preview":"max-video-preview:-1"},"canonical":"https:\/\/paca.lpo.fr\/blogs\/nature-en-ville\/2022\/09\/06\/toulon-la-caserne-lamer-et-les-martinets\/","og_locale":"fr_FR","og_type":"article","og_title":"TOULON, la Caserne LAMER et les Martinets - Le blog de la nature en ville","og_description":"MONTETY ILOT SUD Situ\u00e9e rue Montebello, juste au-dessus de la Gare SNCF, au sein du quartier \u00ab&nbsp;MONTETY&nbsp;\u00bb lui aussi en pleine r\u00e9novation, la Caserne Montebello a subi ces dernier mois, un important lifting. R\u00e9novation int\u00e9rieure et ext\u00e9rieure de tout le b\u00e2timent et r\u00e9haussement d&rsquo;un niveau. Avec la prise en compte des besoins des Martinets tr\u00e8s [&hellip;]","og_url":"https:\/\/paca.lpo.fr\/blogs\/nature-en-ville\/2022\/09\/06\/toulon-la-caserne-lamer-et-les-martinets\/","og_site_name":"Le blog de la nature en ville","article_published_time":"2022-09-06T15:20:01+00:00","article_modified_time":"2022-09-06T15:28:13+00:00","og_image":[{"width":831,"height":480,"url":"https:\/\/paca.lpo.fr\/blogs\/nature-en-ville\/files\/2022\/09\/capture-1.jpg","type":"image\/jpeg"}],"author":"katherinedubourg","twitter_card":"summary_large_image","twitter_misc":{"\u00c9crit par":"katherinedubourg","Dur\u00e9e de lecture estim\u00e9e":"2 minutes"},"schema":{"@context":"https:\/\/schema.org","@graph":[{"@type":"Article","@id":"https:\/\/paca.lpo.fr\/blogs\/nature-en-ville\/2022\/09\/06\/toulon-la-caserne-lamer-et-les-martinets\/#article","isPartOf":{"@id":"https:\/\/paca.lpo.fr\/blogs\/nature-en-ville\/2022\/09\/06\/toulon-la-caserne-lamer-et-les-martinets\/"},"author":{"name":"katherinedubourg","@id":"https:\/\/paca.lpo.fr\/blogs\/nature-en-ville\/#\/schema\/person\/2154d7949f2c10ecada4433d15cf7884"},"headline":"TOULON, la Caserne LAMER et les Martinets","datePublished":"2022-09-06T15:20:01+00:00","dateModified":"2022-09-06T15:28:13+00:00","mainEntityOfPage":{"@id":"https:\/\/paca.lpo.fr\/blogs\/nature-en-ville\/2022\/09\/06\/toulon-la-caserne-lamer-et-les-martinets\/"},"wordCount":429,"commentCount":1,"publisher":{"@id":"https:\/\/paca.lpo.fr\/blogs\/nature-en-ville\/#organization"},"image":{"@id":"https:\/\/paca.lpo.fr\/blogs\/nature-en-ville\/2022\/09\/06\/toulon-la-caserne-lamer-et-les-martinets\/#primaryimage"},"thumbnailUrl":"https:\/\/paca.lpo.fr\/blogs\/nature-en-ville\/files\/2022\/09\/capture-1.jpg","articleSection":["LES MARTINETS ET LE BATI"],"inLanguage":"fr-FR","potentialAction":[{"@type":"CommentAction","name":"Comment","target":["https:\/\/paca.lpo.fr\/blogs\/nature-en-ville\/2022\/09\/06\/toulon-la-caserne-lamer-et-les-martinets\/#respond"]}]},{"@type":"WebPage","@id":"https:\/\/paca.lpo.fr\/blogs\/nature-en-ville\/2022\/09\/06\/toulon-la-caserne-lamer-et-les-martinets\/","url":"https:\/\/paca.lpo.fr\/blogs\/nature-en-ville\/2022\/09\/06\/toulon-la-caserne-lamer-et-les-martinets\/","name":"TOULON, la Caserne LAMER et les Martinets - Le blog de la nature en ville","isPartOf":{"@id":"https:\/\/paca.lpo.fr\/blogs\/nature-en-ville\/#website"},"primaryImageOfPage":{"@id":"https:\/\/paca.lpo.fr\/blogs\/nature-en-ville\/2022\/09\/06\/toulon-la-caserne-lamer-et-les-martinets\/#primaryimage"},"image":{"@id":"https:\/\/paca.lpo.fr\/blogs\/nature-en-ville\/2022\/09\/06\/toulon-la-caserne-lamer-et-les-martinets\/#primaryimage"},"thumbnailUrl":"https:\/\/paca.lpo.fr\/blogs\/nature-en-ville\/files\/2022\/09\/capture-1.jpg","datePublished":"2022-09-06T15:20:01+00:00","dateModified":"2022-09-06T15:28:13+00:00","breadcrumb":{"@id":"https:\/\/paca.lpo.fr\/blogs\/nature-en-ville\/2022\/09\/06\/toulon-la-caserne-lamer-et-les-martinets\/#breadcrumb"},"inLanguage":"fr-FR","potentialAction":[{"@type":"ReadAction","target":["https:\/\/paca.lpo.fr\/blogs\/nature-en-ville\/2022\/09\/06\/toulon-la-caserne-lamer-et-les-martinets\/"]}]},{"@type":"ImageObject","inLanguage":"fr-FR","@id":"https:\/\/paca.lpo.fr\/blogs\/nature-en-ville\/2022\/09\/06\/toulon-la-caserne-lamer-et-les-martinets\/#primaryimage","url":"https:\/\/paca.lpo.fr\/blogs\/nature-en-ville\/files\/2022\/09\/capture-1.jpg","contentUrl":"https:\/\/paca.lpo.fr\/blogs\/nature-en-ville\/files\/2022\/09\/capture-1.jpg","width":831,"height":480},{"@type":"BreadcrumbList","@id":"https:\/\/paca.lpo.fr\/blogs\/nature-en-ville\/2022\/09\/06\/toulon-la-caserne-lamer-et-les-martinets\/#breadcrumb","itemListElement":[{"@type":"ListItem","position":1,"name":"Accueil","item":"https:\/\/paca.lpo.fr\/blogs\/nature-en-ville\/"},{"@type":"ListItem","position":2,"name":"TOULON, la Caserne LAMER et les Martinets"}]},{"@type":"WebSite","@id":"https:\/\/paca.lpo.fr\/blogs\/nature-en-ville\/#website","url":"https:\/\/paca.lpo.fr\/blogs\/nature-en-ville\/","name":"Le blog de la nature en ville","description":"Le blog de la nature en ville","publisher":{"@id":"https:\/\/paca.lpo.fr\/blogs\/nature-en-ville\/#organization"},"potentialAction":[{"@type":"SearchAction","target":{"@type":"EntryPoint","urlTemplate":"https:\/\/paca.lpo.fr\/blogs\/nature-en-ville\/?s={search_term_string}"},"query-input":{"@type":"PropertyValueSpecification","valueRequired":true,"valueName":"search_term_string"}}],"inLanguage":"fr-FR"},{"@type":"Organization","@id":"https:\/\/paca.lpo.fr\/blogs\/nature-en-ville\/#organization","name":"Le blog de la nature en ville","url":"https:\/\/paca.lpo.fr\/blogs\/nature-en-ville\/","logo":{"@type":"ImageObject","inLanguage":"fr-FR","@id":"https:\/\/paca.lpo.fr\/blogs\/nature-en-ville\/#\/schema\/logo\/image\/","url":"https:\/\/paca.lpo.fr\/blogs\/nature-en-ville\/files\/2024\/01\/cropped-rvb-lpo-paca-logotype-signature-droite-mini-500.jpg","contentUrl":"https:\/\/paca.lpo.fr\/blogs\/nature-en-ville\/files\/2024\/01\/cropped-rvb-lpo-paca-logotype-signature-droite-mini-500.jpg","width":500,"height":210,"caption":"Le blog de la nature en ville"},"image":{"@id":"https:\/\/paca.lpo.fr\/blogs\/nature-en-ville\/#\/schema\/logo\/image\/"}},{"@type":"Person","@id":"https:\/\/paca.lpo.fr\/blogs\/nature-en-ville\/#\/schema\/person\/2154d7949f2c10ecada4433d15cf7884","name":"katherinedubourg","image":{"@type":"ImageObject","inLanguage":"fr-FR","@id":"https:\/\/secure.gravatar.com\/avatar\/669d7bfc42814b2e9ba5adde58008c6a97c8708e7cf996a0b2ed90cd63394b6a?s=96&d=mm&r=g","url":"https:\/\/secure.gravatar.com\/avatar\/669d7bfc42814b2e9ba5adde58008c6a97c8708e7cf996a0b2ed90cd63394b6a?s=96&d=mm&r=g","contentUrl":"https:\/\/secure.gravatar.com\/avatar\/669d7bfc42814b2e9ba5adde58008c6a97c8708e7cf996a0b2ed90cd63394b6a?s=96&d=mm&r=g","caption":"katherinedubourg"},"url":"https:\/\/paca.lpo.fr\/blogs\/nature-en-ville\/author\/katherinedubourg\/"}]}},"jetpack_featured_media_url":"https:\/\/paca.lpo.fr\/blogs\/nature-en-ville\/files\/2022\/09\/capture-1.jpg","_links":{"self":[{"href":"https:\/\/paca.lpo.fr\/blogs\/nature-en-ville\/wp-json\/wp\/v2\/posts\/384","targetHints":{"allow":["GET"]}}],"collection":[{"href":"https:\/\/paca.lpo.fr\/blogs\/nature-en-ville\/wp-json\/wp\/v2\/posts"}],"about":[{"href":"https:\/\/paca.lpo.fr\/blogs\/nature-en-ville\/wp-json\/wp\/v2\/types\/post"}],"author":[{"embeddable":true,"href":"https:\/\/paca.lpo.fr\/blogs\/nature-en-ville\/wp-json\/wp\/v2\/users\/124"}],"replies":[{"embeddable":true,"href":"https:\/\/paca.lpo.fr\/blogs\/nature-en-ville\/wp-json\/wp\/v2\/comments?post=384"}],"version-history":[{"count":3,"href":"https:\/\/paca.lpo.fr\/blogs\/nature-en-ville\/wp-json\/wp\/v2\/posts\/384\/revisions"}],"predecessor-version":[{"id":408,"href":"https:\/\/paca.lpo.fr\/blogs\/nature-en-ville\/wp-json\/wp\/v2\/posts\/384\/revisions\/408"}],"wp:featuredmedia":[{"embeddable":true,"href":"https:\/\/paca.lpo.fr\/blogs\/nature-en-ville\/wp-json\/wp\/v2\/media\/402"}],"wp:attachment":[{"href":"https:\/\/paca.lpo.fr\/blogs\/nature-en-ville\/wp-json\/wp\/v2\/media?parent=384"}],"wp:term":[{"taxonomy":"category","embeddable":true,"href":"https:\/\/paca.lpo.fr\/blogs\/nature-en-ville\/wp-json\/wp\/v2\/categories?post=384"},{"taxonomy":"post_tag","embeddable":true,"href":"https:\/\/paca.lpo.fr\/blogs\/nature-en-ville\/wp-json\/wp\/v2\/tags?post=384"}],"curies":[{"name":"wp","href":"https:\/\/api.w.org\/{rel}","templated":true}]}}