{"id":410,"date":"2022-09-13T19:16:27","date_gmt":"2022-09-13T17:16:27","guid":{"rendered":"http:\/\/paca.lpo.fr\/blogs\/nature-en-ville\/?p=410"},"modified":"2022-09-13T19:16:28","modified_gmt":"2022-09-13T17:16:28","slug":"toulon-6-nichoirs-pour-martinets-5-rue-st-hilaire","status":"publish","type":"post","link":"https:\/\/paca.lpo.fr\/blogs\/nature-en-ville\/2022\/09\/13\/toulon-6-nichoirs-pour-martinets-5-rue-st-hilaire\/","title":{"rendered":"Toulon \/ 6 nichoirs pour Martinets 5 rue St Hilaire"},"content":{"rendered":"\n<p class=\"has-text-align-center\">En 2018, 1 nid de martinets noirs \u00e9tait localis\u00e9s dans un des 3 trous d&rsquo;a\u00e9ration de l&rsquo;immeuble.<\/p>\n\n\n<div class=\"wp-block-image\">\n<figure class=\"aligncenter size-full is-resized\"><img loading=\"lazy\" decoding=\"async\" src=\"https:\/\/paca.lpo.fr\/blogs\/nature-en-ville\/files\/2022\/09\/5-rue-leblon-st-hilaire-nid-1.jpg\" alt=\"\" class=\"wp-image-412\" width=\"408\" height=\"544\" srcset=\"https:\/\/paca.lpo.fr\/blogs\/nature-en-ville\/files\/2022\/09\/5-rue-leblon-st-hilaire-nid-1.jpg 768w, https:\/\/paca.lpo.fr\/blogs\/nature-en-ville\/files\/2022\/09\/5-rue-leblon-st-hilaire-nid-1-576x768.jpg 576w\" sizes=\"auto, (max-width: 408px) 100vw, 408px\" \/><\/figure>\n<\/div>\n\n\n<p class=\"has-text-align-center has-accent-background-color has-background\"><strong>Fin 2020, des travaux importants de r\u00e9novation de la toiture et de ravalement \u00e9taient engag\u00e9s.<\/strong><\/p>\n\n\n\n<p>Aussit\u00f4t un contact \u00e9tait pris avec l&rsquo;entreprise ACB (Am\u00e9nagement Construction) La Farl\u00e8de, afin de l&rsquo;informer et surout attirer son attention sur l&rsquo;enjeu de conservation de nids d&rsquo;une esp\u00e8ce prot\u00e9g\u00e9e.<\/p>\n\n\n\n<p>ACB a imm\u00e9diatement r\u00e9pondu \u00e0 la demande, <strong>et m\u00eame \u00e9t\u00e9 plus loin, en cr\u00e9ant 6 cavit\u00e9s <\/strong>pour les Martinets, lors de la r\u00e9novation.<\/p>\n\n\n\n<p>Dimensions classiques (un peu sup\u00e9rieures m\u00eame) et petit conduit d&rsquo;acc\u00e8s en b\u00e9ton de bois.<\/p>\n\n\n<div class=\"wp-block-image\">\n<figure class=\"aligncenter size-full\"><img loading=\"lazy\" decoding=\"async\" width=\"732\" height=\"846\" src=\"https:\/\/paca.lpo.fr\/blogs\/nature-en-ville\/files\/2022\/09\/plan-toiture-acb.png\" alt=\"\" class=\"wp-image-416\" srcset=\"https:\/\/paca.lpo.fr\/blogs\/nature-en-ville\/files\/2022\/09\/plan-toiture-acb.png 732w, https:\/\/paca.lpo.fr\/blogs\/nature-en-ville\/files\/2022\/09\/plan-toiture-acb-665x768.png 665w\" sizes=\"auto, (max-width: 732px) 100vw, 732px\" \/><\/figure>\n<\/div>\n\n<div class=\"wp-block-image is-style-default\">\n<figure class=\"aligncenter size-full\"><img loading=\"lazy\" decoding=\"async\" width=\"1024\" height=\"690\" src=\"https:\/\/paca.lpo.fr\/blogs\/nature-en-ville\/files\/2022\/09\/sept-2022-5-rue-st-hilaire-1.png\" alt=\"\" class=\"wp-image-418\" srcset=\"https:\/\/paca.lpo.fr\/blogs\/nature-en-ville\/files\/2022\/09\/sept-2022-5-rue-st-hilaire-1.png 1024w, https:\/\/paca.lpo.fr\/blogs\/nature-en-ville\/files\/2022\/09\/sept-2022-5-rue-st-hilaire-1-768x518.png 768w\" sizes=\"auto, (max-width: 1024px) 100vw, 1024px\" \/><\/figure>\n<\/div>\n\n<div class=\"wp-block-image is-style-rounded\">\n<figure class=\"aligncenter size-full is-resized\"><img loading=\"lazy\" decoding=\"async\" src=\"https:\/\/paca.lpo.fr\/blogs\/nature-en-ville\/files\/2022\/09\/20220911-153438-resized.jpg\" alt=\"\" class=\"wp-image-419\" width=\"389\" height=\"518\" srcset=\"https:\/\/paca.lpo.fr\/blogs\/nature-en-ville\/files\/2022\/09\/20220911-153438-resized.jpg 756w, https:\/\/paca.lpo.fr\/blogs\/nature-en-ville\/files\/2022\/09\/20220911-153438-resized-576x768.jpg 576w\" sizes=\"auto, (max-width: 389px) 100vw, 389px\" \/><figcaption>6 cavit\u00e9s offertes aux Martinets<\/figcaption><\/figure>\n<\/div>\n\n\n<p class=\"has-text-align-center has-accent-background-color has-background\"><strong>Un grand merci \u00e0 ACB pour avoir ainsi jouer le jeu de la biodiversit\u00e9.<\/strong><\/p>\n\n\n<div class=\"wp-block-image is-style-rounded\">\n<figure class=\"aligncenter size-full\"><img loading=\"lazy\" decoding=\"async\" width=\"447\" height=\"354\" src=\"https:\/\/paca.lpo.fr\/blogs\/nature-en-ville\/files\/2022\/09\/lpo-paca-martinet-noir.png\" alt=\"\" class=\"wp-image-420\" \/><\/figure>\n<\/div>\n\n\n<p>Katherine Dubourg<\/p>\n","protected":false},"excerpt":{"rendered":"<p>En 2018, 1 nid de martinets noirs \u00e9tait localis\u00e9s dans un des 3 trous d&rsquo;a\u00e9ration de l&rsquo;immeuble. Fin 2020, des travaux importants de r\u00e9novation de la toiture et de ravalement \u00e9taient engag\u00e9s. Aussit\u00f4t un contact \u00e9tait pris avec l&rsquo;entreprise ACB (Am\u00e9nagement Construction) La Farl\u00e8de, afin de l&rsquo;informer et surout attirer son attention sur l&rsquo;enjeu de [&hellip;]<\/p>\n","protected":false},"author":124,"featured_media":414,"comment_status":"open","ping_status":"open","sticky":false,"template":"","format":"standard","meta":{"footnotes":""},"categories":[6],"tags":[],"class_list":["post-410","post","type-post","status-publish","format-standard","has-post-thumbnail","hentry","category-les-martinets-et-le-bati"],"jetpack_featured_media_url":"https:\/\/paca.lpo.fr\/blogs\/nature-en-ville\/files\/2022\/09\/20201015-positionnement-des-nids-5-rue-s-hilaire-1.jpg","_links":{"self":[{"href":"https:\/\/paca.lpo.fr\/blogs\/nature-en-ville\/wp-json\/wp\/v2\/posts\/410","targetHints":{"allow":["GET"]}}],"collection":[{"href":"https:\/\/paca.lpo.fr\/blogs\/nature-en-ville\/wp-json\/wp\/v2\/posts"}],"about":[{"href":"https:\/\/paca.lpo.fr\/blogs\/nature-en-ville\/wp-json\/wp\/v2\/types\/post"}],"author":[{"embeddable":true,"href":"https:\/\/paca.lpo.fr\/blogs\/nature-en-ville\/wp-json\/wp\/v2\/users\/124"}],"replies":[{"embeddable":true,"href":"https:\/\/paca.lpo.fr\/blogs\/nature-en-ville\/wp-json\/wp\/v2\/comments?post=410"}],"version-history":[{"count":2,"href":"https:\/\/paca.lpo.fr\/blogs\/nature-en-ville\/wp-json\/wp\/v2\/posts\/410\/revisions"}],"predecessor-version":[{"id":421,"href":"https:\/\/paca.lpo.fr\/blogs\/nature-en-ville\/wp-json\/wp\/v2\/posts\/410\/revisions\/421"}],"wp:featuredmedia":[{"embeddable":true,"href":"https:\/\/paca.lpo.fr\/blogs\/nature-en-ville\/wp-json\/wp\/v2\/media\/414"}],"wp:attachment":[{"href":"https:\/\/paca.lpo.fr\/blogs\/nature-en-ville\/wp-json\/wp\/v2\/media?parent=410"}],"wp:term":[{"taxonomy":"category","embeddable":true,"href":"https:\/\/paca.lpo.fr\/blogs\/nature-en-ville\/wp-json\/wp\/v2\/categories?post=410"},{"taxonomy":"post_tag","embeddable":true,"href":"https:\/\/paca.lpo.fr\/blogs\/nature-en-ville\/wp-json\/wp\/v2\/tags?post=410"}],"curies":[{"name":"wp","href":"https:\/\/api.w.org\/{rel}","templated":true}]}}