{"id":422,"date":"2022-09-16T16:44:55","date_gmt":"2022-09-16T14:44:55","guid":{"rendered":"https:\/\/paca.lpo.fr\/blogs\/nature-en-ville\/?p=422"},"modified":"2022-09-16T16:44:55","modified_gmt":"2022-09-16T14:44:55","slug":"la-seyne-integration-de-nichoirs-pour-martinets-3-rue-equerre","status":"publish","type":"post","link":"https:\/\/paca.lpo.fr\/blogs\/nature-en-ville\/2022\/09\/16\/la-seyne-integration-de-nichoirs-pour-martinets-3-rue-equerre\/","title":{"rendered":"LA SEYNE int\u00e9gration de nichoirs pour martinets 3 rue Equerre"},"content":{"rendered":"\n<p class=\"has-text-align-center has-accent-background-color has-background\"><strong>UN BEL EXEMPLE D\u2019INTEGRATION DE NICHOIRS POUR MARTINETS A LA SEYNE SUR MER (83) LORS D&rsquo;UNE RENOVATION.<\/strong><\/p>\n\n\n\n<p>Dans le cadre des op\u00e9rations OPAH (op\u00e9ration programm\u00e9e d\u2019am\u00e9lioration de l\u2019habitat) men\u00e9es par la Ville de La Seyne sur mer, lors de la r\u00e9novation compl\u00e8te de l\u2019immeuble v\u00e9tuste et d\u00e9grad\u00e9 situ\u00e9 au 3 rue Equerre, <strong>ce sont 2 nichoirs en b\u00e9ton de bois NAT&rsquo;H qui ont \u00e9t\u00e9 int\u00e9gr\u00e9s dans un des murs de fa\u00e7ade.<\/strong><\/p>\n\n\n<div class=\"wp-block-image is-style-default\">\n<figure class=\"aligncenter size-full is-resized\"><img loading=\"lazy\" decoding=\"async\" src=\"https:\/\/paca.lpo.fr\/blogs\/nature-en-ville\/files\/2022\/09\/20220216-trous-1.jpg\" alt=\"\" class=\"wp-image-424\" width=\"424\" height=\"565\" srcset=\"https:\/\/paca.lpo.fr\/blogs\/nature-en-ville\/files\/2022\/09\/20220216-trous-1.jpg 756w, https:\/\/paca.lpo.fr\/blogs\/nature-en-ville\/files\/2022\/09\/20220216-trous-1-576x768.jpg 576w\" sizes=\"auto, (max-width: 424px) 100vw, 424px\" \/><figcaption>AVANT TRAVAUX<\/figcaption><\/figure>\n<\/div>\n\n\n<p>Les recensements des nids de martinets men\u00e9s par le GT Martinets en 2019 et 2021 avaient mis en \u00e9vidence la pr\u00e9sence d&rsquo;au moins un couple nicheur dans un des trous d\u2019a\u00e9ration.<\/p>\n\n\n<div class=\"wp-block-image is-style-rounded\">\n<figure class=\"aligncenter size-full is-resized\"><img loading=\"lazy\" decoding=\"async\" src=\"https:\/\/paca.lpo.fr\/blogs\/nature-en-ville\/files\/2022\/09\/20220428-localisation.jpg\" alt=\"\" class=\"wp-image-425\" width=\"610\" height=\"457\" srcset=\"https:\/\/paca.lpo.fr\/blogs\/nature-en-ville\/files\/2022\/09\/20220428-localisation.jpg 1008w, https:\/\/paca.lpo.fr\/blogs\/nature-en-ville\/files\/2022\/09\/20220428-localisation-768x576.jpg 768w\" sizes=\"auto, (max-width: 610px) 100vw, 610px\" \/><\/figure>\n<\/div>\n\n\n<p>D\u00e8s l&rsquo;annonce des travaux 2021-2022, URBANIS en charge des op\u00e9rations ainsi que les services municipaux concern\u00e9s ont \u00e9t\u00e9 inform\u00e9s de la situation.<\/p>\n\n\n\n<p>La ville s&rsquo;\u00e9tant engag\u00e9e dans sa r\u00e8glementation de travaux \u00e0 prendre en compte les besoins des martinets, il a \u00e9t\u00e9 rapidement d\u00e9cid\u00e9 l&rsquo;int\u00e9gration de 2 nichoirs en b\u00e9ton de bois (NAT&rsquo;H) en remplacement des trous supprim\u00e9s par les travaux.<\/p>\n\n\n\n<p><\/p>\n\n\n<div class=\"wp-block-image\">\n<figure class=\"aligncenter size-full\"><img loading=\"lazy\" decoding=\"async\" width=\"756\" height=\"1008\" src=\"https:\/\/paca.lpo.fr\/blogs\/nature-en-ville\/files\/2022\/09\/20220915-nichoirs.jpg\" alt=\"\" class=\"wp-image-426\" srcset=\"https:\/\/paca.lpo.fr\/blogs\/nature-en-ville\/files\/2022\/09\/20220915-nichoirs.jpg 756w, https:\/\/paca.lpo.fr\/blogs\/nature-en-ville\/files\/2022\/09\/20220915-nichoirs-576x768.jpg 576w\" sizes=\"auto, (max-width: 756px) 100vw, 756px\" \/><\/figure>\n<\/div>\n\n\n<p class=\"has-text-align-center has-accent-background-color has-background\"><strong>Inauguration en \u00ab\u00a0grande pompe\u00a0\u00bb le 15 septembre 2022 du b\u00e2timent flambant neuf qui accueillera bient\u00f4t dans d&rsquo;agr\u00e9ables logements des hommes et des femmes, et, en fa\u00e7ade, dans des nichoirs eux aussi flambant neufs, 2 couples de martinets noirs.<\/strong><\/p>\n\n\n<div class=\"wp-block-image is-style-rounded\">\n<figure class=\"aligncenter size-full\"><img loading=\"lazy\" decoding=\"async\" width=\"952\" height=\"723\" src=\"https:\/\/paca.lpo.fr\/blogs\/nature-en-ville\/files\/2022\/09\/montage-1-1.png\" alt=\"\" class=\"wp-image-428\" srcset=\"https:\/\/paca.lpo.fr\/blogs\/nature-en-ville\/files\/2022\/09\/montage-1-1.png 952w, https:\/\/paca.lpo.fr\/blogs\/nature-en-ville\/files\/2022\/09\/montage-1-1-768x583.png 768w\" sizes=\"auto, (max-width: 952px) 100vw, 952px\" \/><figcaption>Repr\u00e9sentants de la m\u00e9tropole TPM, de la ville, URBANIS, architecte, propri\u00e9taire et LPO PACA GT martinets pour l&rsquo;inauguration et la visite des lieux.<\/figcaption><\/figure>\n<\/div>\n\n<div class=\"wp-block-image is-style-rounded\">\n<figure class=\"aligncenter size-full is-resized\"><img loading=\"lazy\" decoding=\"async\" src=\"https:\/\/paca.lpo.fr\/blogs\/nature-en-ville\/files\/2022\/09\/20220915-104444-resized.jpg\" alt=\"\" class=\"wp-image-429\" width=\"397\" height=\"297\" srcset=\"https:\/\/paca.lpo.fr\/blogs\/nature-en-ville\/files\/2022\/09\/20220915-104444-resized.jpg 1008w, https:\/\/paca.lpo.fr\/blogs\/nature-en-ville\/files\/2022\/09\/20220915-104444-resized-768x576.jpg 768w\" sizes=\"auto, (max-width: 397px) 100vw, 397px\" \/><\/figure>\n<\/div>\n\n\n<p>L&rsquo;\u00e9quipe URBANIS ayant suivi les travaux.<\/p>\n\n\n<div class=\"wp-block-image is-style-rounded\">\n<figure class=\"aligncenter size-full is-resized\"><img loading=\"lazy\" decoding=\"async\" src=\"https:\/\/paca.lpo.fr\/blogs\/nature-en-ville\/files\/2022\/09\/20220915-102558-resized.jpg\" alt=\"\" class=\"wp-image-430\" width=\"328\" height=\"437\" \/><figcaption>Et l&rsquo;heureux propri\u00e9taire&#8230; peut-\u00eatre un futur apusophile ?<\/figcaption><\/figure>\n<\/div>\n\n\n<p class=\"has-text-align-center has-primary-color has-text-color\"><strong>UN GRAND BRAVO et UN GRAND MERCI A TOUS CELLES ET CEUX QUI ONT PARTICIPE AU PROJET.<\/strong><\/p>\n\n\n\n<p class=\"has-text-align-center has-subtle-background-background-color has-background\"><strong>UN TRAVAIL COLLECTIF DES PLUS REUSSIS.<\/strong><\/p>\n\n\n\n<p>Sriiiiii sriiiii sriiii  sweet homes for swifts \ud83d\ude42<\/p>\n\n\n<div class=\"wp-block-image is-style-rounded\">\n<figure class=\"aligncenter size-full\"><img loading=\"lazy\" decoding=\"async\" width=\"447\" height=\"354\" src=\"https:\/\/paca.lpo.fr\/blogs\/nature-en-ville\/files\/2022\/09\/lpo-paca-martinet-noir-1.png\" alt=\"\" class=\"wp-image-431\" \/><\/figure>\n<\/div>\n\n\n<p>Katherine Dubourg<\/p>\n\n\n\n<p><a href=\"mailto:toulon@lpo.fr\">toulon@lpo.fr<\/a><\/p>\n","protected":false},"excerpt":{"rendered":"<p>UN BEL EXEMPLE D\u2019INTEGRATION DE NICHOIRS POUR MARTINETS A LA SEYNE SUR MER (83) LORS D&rsquo;UNE RENOVATION. Dans le cadre des op\u00e9rations OPAH (op\u00e9ration programm\u00e9e d\u2019am\u00e9lioration de l\u2019habitat) men\u00e9es par la Ville de La Seyne sur mer, lors de la r\u00e9novation compl\u00e8te de l\u2019immeuble v\u00e9tuste et d\u00e9grad\u00e9 situ\u00e9 au 3 rue Equerre, ce sont 2 [&hellip;]<\/p>\n","protected":false},"author":124,"featured_media":432,"comment_status":"open","ping_status":"open","sticky":false,"template":"","format":"standard","meta":{"footnotes":""},"categories":[6],"tags":[],"class_list":["post-422","post","type-post","status-publish","format-standard","has-post-thumbnail","hentry","category-les-martinets-et-le-bati"],"jetpack_featured_media_url":"https:\/\/paca.lpo.fr\/blogs\/nature-en-ville\/files\/2022\/09\/montage-2.png","_links":{"self":[{"href":"https:\/\/paca.lpo.fr\/blogs\/nature-en-ville\/wp-json\/wp\/v2\/posts\/422","targetHints":{"allow":["GET"]}}],"collection":[{"href":"https:\/\/paca.lpo.fr\/blogs\/nature-en-ville\/wp-json\/wp\/v2\/posts"}],"about":[{"href":"https:\/\/paca.lpo.fr\/blogs\/nature-en-ville\/wp-json\/wp\/v2\/types\/post"}],"author":[{"embeddable":true,"href":"https:\/\/paca.lpo.fr\/blogs\/nature-en-ville\/wp-json\/wp\/v2\/users\/124"}],"replies":[{"embeddable":true,"href":"https:\/\/paca.lpo.fr\/blogs\/nature-en-ville\/wp-json\/wp\/v2\/comments?post=422"}],"version-history":[{"count":1,"href":"https:\/\/paca.lpo.fr\/blogs\/nature-en-ville\/wp-json\/wp\/v2\/posts\/422\/revisions"}],"predecessor-version":[{"id":433,"href":"https:\/\/paca.lpo.fr\/blogs\/nature-en-ville\/wp-json\/wp\/v2\/posts\/422\/revisions\/433"}],"wp:featuredmedia":[{"embeddable":true,"href":"https:\/\/paca.lpo.fr\/blogs\/nature-en-ville\/wp-json\/wp\/v2\/media\/432"}],"wp:attachment":[{"href":"https:\/\/paca.lpo.fr\/blogs\/nature-en-ville\/wp-json\/wp\/v2\/media?parent=422"}],"wp:term":[{"taxonomy":"category","embeddable":true,"href":"https:\/\/paca.lpo.fr\/blogs\/nature-en-ville\/wp-json\/wp\/v2\/categories?post=422"},{"taxonomy":"post_tag","embeddable":true,"href":"https:\/\/paca.lpo.fr\/blogs\/nature-en-ville\/wp-json\/wp\/v2\/tags?post=422"}],"curies":[{"name":"wp","href":"https:\/\/api.w.org\/{rel}","templated":true}]}}