{"id":435,"date":"2022-10-12T12:28:41","date_gmt":"2022-10-12T10:28:41","guid":{"rendered":"http:\/\/paca.lpo.fr\/blogs\/nature-en-ville\/?p=435"},"modified":"2022-10-16T19:11:46","modified_gmt":"2022-10-16T17:11:46","slug":"2016-2022-bilan-nichoirs-integres-et-nids-de-martinets-a-toulon","status":"publish","type":"post","link":"https:\/\/paca.lpo.fr\/blogs\/nature-en-ville\/2022\/10\/12\/2016-2022-bilan-nichoirs-integres-et-nids-de-martinets-a-toulon\/","title":{"rendered":"2016-2022 Bilan Nichoirs int\u00e9gr\u00e9s et nids de martinets \u00e0 TOULON"},"content":{"rendered":"\n<p>Depuis 2016, la ville de Toulon s&rsquo;est engag\u00e9e dans la protection et la conservation des nids de martinets lors des travaux de renouvellement urbain, de ravalements de fa\u00e7ades et de r\u00e9novations diverses du b\u00e2ti.<\/p>\n\n\n\n<p class=\"has-text-align-center\"><a href=\"https:\/\/toulon.fr\/martinet\">https:\/\/toulon.fr\/martinet<\/a><\/p>\n\n\n\n<p class=\"has-text-align-center has-subtle-background-background-color has-background\"><strong>A ce titre en 2018, la ville de Toulon a \u00e9t\u00e9 laur\u00e9ate du Concours Capitale pour la biodiversit\u00e9 \u00ab\u00a0Conception et gestion \u00e9cologique des espaces de nature\u00a0\u00bb.<\/strong><\/p>\n\n\n\n<p class=\"has-text-align-center has-subtle-background-background-color has-background\"><strong>Fin 2022, voil\u00e0 venu le temps de faire le bilan des actions, et pr\u00e9senter les r\u00e9sultats.<\/strong><\/p>\n\n\n\n<p><strong>Le tableau ci-dessous donne une bonne id\u00e9e de la r\u00e9ussite de l&rsquo;op\u00e9ration et du travail accompli avec<\/strong> <strong>le secteur du BTP<\/strong><\/p>\n\n\n\n<p>En effet :<\/p>\n\n\n\n<ul class=\"has-accent-color has-text-color wp-block-list\"><li><strong><span style=\"color:#1f6dfd\" class=\"tadv-color\">144 sites de nidification ont \u00e9t\u00e9 pris en compte dans les travaux. Il s\u2019agit essentiellement de trous de boulin, de trous d\u2019a\u00e9ration qui ont \u00e9t\u00e9 conserv\u00e9s, voire \u00ab\u00a0am\u00e9lior\u00e9s\u00a0\u00bb en diminuant par exemple le \u00ab\u00a0trou d&rsquo;envol\u00a0\u00bb<\/span>, ou, en enlevant quand cela est possible  les grilles et grillages bouchant les trous.<\/strong><\/li><\/ul>\n\n\n<div class=\"wp-block-image is-style-rounded\">\n<figure class=\"aligncenter size-full is-resized\"><img loading=\"lazy\" decoding=\"async\" src=\"https:\/\/paca.lpo.fr\/blogs\/nature-en-ville\/files\/2022\/10\/conduit-nath-beton-de-bois.png\" alt=\"\" class=\"wp-image-445\" width=\"221\" height=\"127\" \/><figcaption>Conduit en b\u00e9ton de bois pour acc\u00e9der \u00e0 la cavit\u00e9 int\u00e9rieure (Nat&rsquo;H)<\/figcaption><\/figure>\n<\/div>\n\n<div class=\"wp-block-image is-style-rounded\">\n<figure class=\"aligncenter size-full is-resized\"><img loading=\"lazy\" decoding=\"async\" src=\"https:\/\/paca.lpo.fr\/blogs\/nature-en-ville\/files\/2022\/10\/cite-adm-lorgues-oct-22.jpg\" alt=\"\" class=\"wp-image-447\" width=\"448\" height=\"250\" srcset=\"https:\/\/paca.lpo.fr\/blogs\/nature-en-ville\/files\/2022\/10\/cite-adm-lorgues-oct-22.jpg 1024w, https:\/\/paca.lpo.fr\/blogs\/nature-en-ville\/files\/2022\/10\/cite-adm-lorgues-oct-22-768x431.jpg 768w\" sizes=\"auto, (max-width: 448px) 100vw, 448px\" \/><figcaption>Grillages = pi\u00e8ges mortels pour les martinets, et pas que&#8230;<\/figcaption><\/figure>\n<\/div>\n\n\n<ul class=\"has-accent-color has-text-color wp-block-list\"><li><strong>412 nichoirs en b\u00e9ton de bois ont \u00e9t\u00e9 install\u00e9s dans le b\u00e2ti ancien ou dans des programmes immobiliers neufs. La majorit\u00e9 de ces nichoirs a \u00e9t\u00e9 int\u00e9gr\u00e9e dans les murs<\/strong> <strong>lors des travaux.<\/strong><\/li><\/ul>\n\n\n\n<p>Un travail de concert de longue haleine, pas toujours facile, mais en d\u00e9finitive efficace, avec les diff\u00e9rents acteurs du b\u00e2timent : ma\u00eetre d&rsquo;ouvrage, ma\u00eetre d&rsquo;oeuvre, architecte, bureau d&rsquo;\u00e9tudes, et les entreprises du BTP&#8230; <\/p>\n\n\n\n<p>Egalement, un travail en collaboration avec la m\u00e9tropole TPM, la ville de Toulon, Var Am\u00e9nagement D\u00e9veloppement, <\/p>\n\n\n\n<p>Sans oublier l&rsquo;Office Fran\u00e7ais de la Biodiversit\u00e9 et la DREAL.<\/p>\n\n\n\n<figure class=\"wp-block-image size-large is-resized\"><img loading=\"lazy\" decoding=\"async\" src=\"https:\/\/paca.lpo.fr\/blogs\/nature-en-ville\/files\/2022\/10\/1-1024x559.png\" alt=\"\" class=\"wp-image-437\" width=\"737\" height=\"402\" srcset=\"https:\/\/paca.lpo.fr\/blogs\/nature-en-ville\/files\/2022\/10\/1-1024x559.png 1024w, https:\/\/paca.lpo.fr\/blogs\/nature-en-ville\/files\/2022\/10\/1-768x420.png 768w, https:\/\/paca.lpo.fr\/blogs\/nature-en-ville\/files\/2022\/10\/1-1200x656.png 1200w, https:\/\/paca.lpo.fr\/blogs\/nature-en-ville\/files\/2022\/10\/1.png 1534w\" sizes=\"auto, (max-width: 737px) 100vw, 737px\" \/><\/figure>\n\n\n\n<figure class=\"wp-block-image size-large is-resized\"><img loading=\"lazy\" decoding=\"async\" src=\"https:\/\/paca.lpo.fr\/blogs\/nature-en-ville\/files\/2022\/10\/2-1024x532.png\" alt=\"\" class=\"wp-image-438\" width=\"845\" height=\"438\" srcset=\"https:\/\/paca.lpo.fr\/blogs\/nature-en-ville\/files\/2022\/10\/2-1024x532.png 1024w, https:\/\/paca.lpo.fr\/blogs\/nature-en-ville\/files\/2022\/10\/2-768x399.png 768w, https:\/\/paca.lpo.fr\/blogs\/nature-en-ville\/files\/2022\/10\/2-1200x623.png 1200w, https:\/\/paca.lpo.fr\/blogs\/nature-en-ville\/files\/2022\/10\/2.png 1521w\" sizes=\"auto, (max-width: 845px) 100vw, 845px\" \/><\/figure>\n\n\n\n<figure class=\"wp-block-image size-large is-resized\"><img loading=\"lazy\" decoding=\"async\" src=\"https:\/\/paca.lpo.fr\/blogs\/nature-en-ville\/files\/2022\/10\/3-1024x593.png\" alt=\"\" class=\"wp-image-439\" width=\"864\" height=\"500\" srcset=\"https:\/\/paca.lpo.fr\/blogs\/nature-en-ville\/files\/2022\/10\/3-1024x593.png 1024w, https:\/\/paca.lpo.fr\/blogs\/nature-en-ville\/files\/2022\/10\/3-768x444.png 768w, https:\/\/paca.lpo.fr\/blogs\/nature-en-ville\/files\/2022\/10\/3-1200x694.png 1200w, https:\/\/paca.lpo.fr\/blogs\/nature-en-ville\/files\/2022\/10\/3.png 1486w\" sizes=\"auto, (max-width: 864px) 100vw, 864px\" \/><\/figure>\n\n\n\n<figure class=\"wp-block-image size-large is-resized\"><img loading=\"lazy\" decoding=\"async\" src=\"https:\/\/paca.lpo.fr\/blogs\/nature-en-ville\/files\/2022\/10\/4-1024x547.png\" alt=\"\" class=\"wp-image-440\" width=\"818\" height=\"436\" srcset=\"https:\/\/paca.lpo.fr\/blogs\/nature-en-ville\/files\/2022\/10\/4-1024x547.png 1024w, https:\/\/paca.lpo.fr\/blogs\/nature-en-ville\/files\/2022\/10\/4-768x410.png 768w, https:\/\/paca.lpo.fr\/blogs\/nature-en-ville\/files\/2022\/10\/4-1200x641.png 1200w, https:\/\/paca.lpo.fr\/blogs\/nature-en-ville\/files\/2022\/10\/4.png 1528w\" sizes=\"auto, (max-width: 818px) 100vw, 818px\" \/><\/figure>\n\n\n\n<figure class=\"wp-block-image size-large is-resized\"><img loading=\"lazy\" decoding=\"async\" src=\"https:\/\/paca.lpo.fr\/blogs\/nature-en-ville\/files\/2022\/10\/5-1024x640.png\" alt=\"\" class=\"wp-image-441\" width=\"825\" height=\"515\" srcset=\"https:\/\/paca.lpo.fr\/blogs\/nature-en-ville\/files\/2022\/10\/5-1024x640.png 1024w, https:\/\/paca.lpo.fr\/blogs\/nature-en-ville\/files\/2022\/10\/5-768x480.png 768w, https:\/\/paca.lpo.fr\/blogs\/nature-en-ville\/files\/2022\/10\/5-1200x750.png 1200w, https:\/\/paca.lpo.fr\/blogs\/nature-en-ville\/files\/2022\/10\/5.png 1373w\" sizes=\"auto, (max-width: 825px) 100vw, 825px\" \/><\/figure>\n\n\n\n<p><\/p>\n\n\n\n<p class=\"has-accent-background-color has-background\">Rendre sa place \u00e0 la Nature en ville, \u00e0 la faune, \u00e0 la flore sauvages&#8230; <\/p>\n\n\n\n<p class=\"has-text-align-center has-accent-background-color has-background\">POUR TOUT SIMPLEMENT PRESERVER NOTRE PATRIMOINE NATUREL ET EMBELLIR NOTRE CADRE DE VIE.<\/p>\n\n\n\n<p class=\"has-background-background-color has-background\">Katherine Dubourg<\/p>\n\n\n\n<p><strong>IMPORTANT<\/strong> <\/p>\n\n\n\n<p class=\"has-text-align-center has-subtle-background-background-color has-background\">Vendredi 25 novembre 2022, la LPO PACA avec la ville de TOULON (VAR) et l\u2019OFFICE FRAN\u00c7AIS DE LA BIODIVERSITE (OFB) organise les PREMIERES RENCONTRES NATURE EN VILLE<\/p>\n\n\n\n<p class=\"has-text-align-center has-subtle-background-background-color has-background\"><strong>Sur le th\u00e8me\u00a0: Concilier les travaux d\u2019am\u00e9nagement et les martinets<\/strong><\/p>\n\n\n\n<p><strong>Si vous \u00eates une collectivit\u00e9, une organisation professionnelle du b\u00e2ti, bailleurs, une association, architectes, assistant \u00e0 la ma\u00eetrise d&rsquo;ouvrage\u2026 cette journ\u00e9e est POUR VOUS<\/strong>.<\/p>\n\n\n\n<p>PROGRAMME ET INSCRIPTIONS EN LIGNE  \u2192\u00a0\u00a0\u00a0<a href=\"https:\/\/paca.lpo.fr\/protection\/biodiversite-et-bati\/rencontres-nature-en-ville\/programme\">Programme &#8211; LPO PACA &#8211; Ligue pour la Protection des Oiseaux<\/a> \u00a0 \u00a0\u00a0\u00a0\u00a0\u00a0\u00a0\u00a0\u00a0\u00a0\u00a0\u00a0\u00a0\u00a0\u00a0\u00a0\u00a0\u00a0\u00a0\u00a0\u00a0\u00a0\u00a0\u00a0<\/p>\n","protected":false},"excerpt":{"rendered":"<p>Depuis 2016, la ville de Toulon s&rsquo;est engag\u00e9e dans la protection et la conservation des nids de martinets lors des travaux de renouvellement urbain, de ravalements de fa\u00e7ades et de r\u00e9novations diverses du b\u00e2ti. https:\/\/toulon.fr\/martinet A ce titre en 2018, la ville de Toulon a \u00e9t\u00e9 laur\u00e9ate du Concours Capitale pour la biodiversit\u00e9 \u00ab\u00a0Conception et [&hellip;]<\/p>\n","protected":false},"author":124,"featured_media":443,"comment_status":"open","ping_status":"open","sticky":false,"template":"","format":"standard","meta":{"footnotes":""},"categories":[6,9],"tags":[],"class_list":["post-435","post","type-post","status-publish","format-standard","has-post-thumbnail","hentry","category-les-martinets-et-le-bati","category-les-villes-qui-sengagent"],"jetpack_featured_media_url":"https:\/\/paca.lpo.fr\/blogs\/nature-en-ville\/files\/2022\/10\/bilan1.png","_links":{"self":[{"href":"https:\/\/paca.lpo.fr\/blogs\/nature-en-ville\/wp-json\/wp\/v2\/posts\/435","targetHints":{"allow":["GET"]}}],"collection":[{"href":"https:\/\/paca.lpo.fr\/blogs\/nature-en-ville\/wp-json\/wp\/v2\/posts"}],"about":[{"href":"https:\/\/paca.lpo.fr\/blogs\/nature-en-ville\/wp-json\/wp\/v2\/types\/post"}],"author":[{"embeddable":true,"href":"https:\/\/paca.lpo.fr\/blogs\/nature-en-ville\/wp-json\/wp\/v2\/users\/124"}],"replies":[{"embeddable":true,"href":"https:\/\/paca.lpo.fr\/blogs\/nature-en-ville\/wp-json\/wp\/v2\/comments?post=435"}],"version-history":[{"count":3,"href":"https:\/\/paca.lpo.fr\/blogs\/nature-en-ville\/wp-json\/wp\/v2\/posts\/435\/revisions"}],"predecessor-version":[{"id":483,"href":"https:\/\/paca.lpo.fr\/blogs\/nature-en-ville\/wp-json\/wp\/v2\/posts\/435\/revisions\/483"}],"wp:featuredmedia":[{"embeddable":true,"href":"https:\/\/paca.lpo.fr\/blogs\/nature-en-ville\/wp-json\/wp\/v2\/media\/443"}],"wp:attachment":[{"href":"https:\/\/paca.lpo.fr\/blogs\/nature-en-ville\/wp-json\/wp\/v2\/media?parent=435"}],"wp:term":[{"taxonomy":"category","embeddable":true,"href":"https:\/\/paca.lpo.fr\/blogs\/nature-en-ville\/wp-json\/wp\/v2\/categories?post=435"},{"taxonomy":"post_tag","embeddable":true,"href":"https:\/\/paca.lpo.fr\/blogs\/nature-en-ville\/wp-json\/wp\/v2\/tags?post=435"}],"curies":[{"name":"wp","href":"https:\/\/api.w.org\/{rel}","templated":true}]}}