{"id":529,"date":"2022-11-18T19:17:18","date_gmt":"2022-11-18T18:17:18","guid":{"rendered":"http:\/\/paca.lpo.fr\/blogs\/nature-en-ville\/?p=529"},"modified":"2022-11-18T19:22:25","modified_gmt":"2022-11-18T18:22:25","slug":"lecole-paramedicale-des-armees-ste-anne-toulon-les-martinets-et-les-crecerelles","status":"publish","type":"post","link":"https:\/\/paca.lpo.fr\/blogs\/nature-en-ville\/2022\/11\/18\/lecole-paramedicale-des-armees-ste-anne-toulon-les-martinets-et-les-crecerelles\/","title":{"rendered":"L&rsquo;\u00e9cole param\u00e9dicale des arm\u00e9es Ste Anne (Toulon)  les martinets et les cr\u00e9cerelles"},"content":{"rendered":"\n<p class=\"wp-block-paragraph\">En octobre 2013, dans le cadre de l\u2019op\u00e9ration \u00ab&nbsp;100 nichoirs pour Toulon&nbsp;\u00bb organis\u00e9e par la Ville de Toulon, une dizaine de nichoirs pour passereaux (offerts par la ville) ont \u00e9t\u00e9 install\u00e9s dans le parc de l\u2019EPPA (Ecole param\u00e9dicale des arm\u00e9es).<\/p>\n\n\n\n<p class=\"wp-block-paragraph\">La biodiversit\u00e9 est riche et diversifi\u00e9e sur ce site de plusieurs hectares.<\/p>\n\n\n<div class=\"wp-block-image is-style-rounded\">\n<figure class=\"aligncenter size-full\"><img loading=\"lazy\" decoding=\"async\" width=\"977\" height=\"580\" src=\"https:\/\/paca.lpo.fr\/blogs\/nature-en-ville\/files\/2022\/11\/nichoirs-1.jpg\" alt=\"\" class=\"wp-image-530\" srcset=\"https:\/\/paca.lpo.fr\/blogs\/nature-en-ville\/files\/2022\/11\/nichoirs-1.jpg 977w, https:\/\/paca.lpo.fr\/blogs\/nature-en-ville\/files\/2022\/11\/nichoirs-1-768x456.jpg 768w\" sizes=\"auto, (max-width: 977px) 100vw, 977px\" \/><figcaption class=\"wp-element-caption\">Photo K.D<\/figcaption><\/figure>\n<\/div>\n\n\n<figure class=\"wp-block-image size-full\"><img loading=\"lazy\" decoding=\"async\" width=\"1024\" height=\"644\" src=\"https:\/\/paca.lpo.fr\/blogs\/nature-en-ville\/files\/2022\/11\/nichoirs-2.jpg\" alt=\"\" class=\"wp-image-531\" srcset=\"https:\/\/paca.lpo.fr\/blogs\/nature-en-ville\/files\/2022\/11\/nichoirs-2.jpg 1024w, https:\/\/paca.lpo.fr\/blogs\/nature-en-ville\/files\/2022\/11\/nichoirs-2-768x483.jpg 768w\" sizes=\"auto, (max-width: 1024px) 100vw, 1024px\" \/><figcaption class=\"wp-element-caption\">                                                             Photo KD<\/figcaption><\/figure>\n\n\n\n<p class=\"wp-block-paragraph\">M. Daniel passionn\u00e9 par cette belle nature de proximit\u00e9 veille \u00e0 sa protection.<\/p>\n\n\n\n<p class=\"wp-block-paragraph\">Ainsi depuis 2 ans, surveille-t-il la nidification d\u2019un couple de faucons cr\u00e9cerelles qui s\u2019est install\u00e9 dans un des b\u00e2timents proche du poste d&rsquo;entr\u00e9e.<br>L&rsquo;ennui est que la cavit\u00e9 est un peu trop exigu\u00eb et chaque ann\u00e9e, des poussins chutent, ce qui demande une prise en charge \u00ab\u00a0humaine\u00a0\u00bb.<\/p>\n\n\n<div class=\"wp-block-image is-style-rounded\">\n<figure class=\"aligncenter size-full is-resized\"><img loading=\"lazy\" decoding=\"async\" src=\"https:\/\/paca.lpo.fr\/blogs\/nature-en-ville\/files\/2022\/11\/crecerelle-lpo-idf.png\" alt=\"\" class=\"wp-image-540\" width=\"160\" height=\"136\" \/><\/figure>\n<\/div>\n\n\n<p class=\"wp-block-paragraph\"><strong>La solution \u00e9tait donc d&rsquo;installer un nichoir adapt\u00e9 <\/strong>\u00e0 c\u00f4t\u00e9 de l&rsquo;ancien nid.<\/p>\n\n\n\n<p class=\"wp-block-paragraph\">Ce fut chose faite le 17 novembre 2022 par le fabricant de nichoirs en b\u00e9ton de bois NAT&rsquo;H et son \u00e9quipe de poseurs.<\/p>\n\n\n<div class=\"wp-block-image is-style-rounded\">\n<figure class=\"aligncenter size-full\"><img loading=\"lazy\" decoding=\"async\" width=\"1024\" height=\"635\" src=\"https:\/\/paca.lpo.fr\/blogs\/nature-en-ville\/files\/2022\/11\/4.jpg\" alt=\"\" class=\"wp-image-533\" srcset=\"https:\/\/paca.lpo.fr\/blogs\/nature-en-ville\/files\/2022\/11\/4.jpg 1024w, https:\/\/paca.lpo.fr\/blogs\/nature-en-ville\/files\/2022\/11\/4-768x476.jpg 768w\" sizes=\"auto, (max-width: 1024px) 100vw, 1024px\" \/><figcaption class=\"wp-element-caption\">Photo Nat&rsquo;H<\/figcaption><\/figure>\n<\/div>\n\n\n<figure class=\"wp-block-image size-full is-resized is-style-default\"><img loading=\"lazy\" decoding=\"async\" src=\"https:\/\/paca.lpo.fr\/blogs\/nature-en-ville\/files\/2022\/11\/5.jpg\" alt=\"\" class=\"wp-image-534\" width=\"697\" height=\"465\" srcset=\"https:\/\/paca.lpo.fr\/blogs\/nature-en-ville\/files\/2022\/11\/5.jpg 1021w, https:\/\/paca.lpo.fr\/blogs\/nature-en-ville\/files\/2022\/11\/5-768x513.jpg 768w\" sizes=\"auto, (max-width: 697px) 100vw, 697px\" \/><figcaption class=\"wp-element-caption\">                                  Photo Nat&rsquo;H Nichoir en b\u00e9ton de bois pour faucons cr\u00e9cerelles.<\/figcaption><\/figure>\n\n\n\n<p class=\"has-text-align-center has-accent-color has-subtle-background-background-color has-text-color has-background wp-block-paragraph\"><strong>Les martinets sont aussi pr\u00e9sents en nombre sur le site. Ils nichent dans des cavit\u00e9s situ\u00e9es dans l\u2019embrasure des fen\u00eatres, en s\u2019y s\u2019introduisant par des fissures ou autres petits trous.<\/strong><\/p>\n\n\n\n<figure class=\"wp-block-image size-full is-style-rounded\"><img loading=\"lazy\" decoding=\"async\" width=\"1024\" height=\"680\" src=\"https:\/\/paca.lpo.fr\/blogs\/nature-en-ville\/files\/2022\/11\/dsc09891.jpg\" alt=\"\" class=\"wp-image-536\" srcset=\"https:\/\/paca.lpo.fr\/blogs\/nature-en-ville\/files\/2022\/11\/dsc09891.jpg 1024w, https:\/\/paca.lpo.fr\/blogs\/nature-en-ville\/files\/2022\/11\/dsc09891-768x510.jpg 768w\" sizes=\"auto, (max-width: 1024px) 100vw, 1024px\" \/><\/figure>\n\n\n\n<p class=\"wp-block-paragraph\"><strong>Afin d\u2019anticiper<\/strong> d\u2019\u00e9ventuels impacts que pourraient engendrer des travaux sur le b\u00e2ti,  donc sans aucune obligation, ce sont, dans la foul\u00e9e, <\/p>\n\n\n\n<p class=\"has-text-align-center has-accent-color has-subtle-background-background-color has-text-color has-background wp-block-paragraph\"> <strong>27 nichoirs (9 nichoirs triples NAT \u2018H) qui ont \u00e9t\u00e9 install\u00e9s sur plusieurs pavillons (Kerauden et Gestinel).<\/strong><\/p>\n\n\n<div class=\"wp-block-image\">\n<figure class=\"aligncenter size-full\"><img loading=\"lazy\" decoding=\"async\" width=\"568\" height=\"768\" src=\"https:\/\/paca.lpo.fr\/blogs\/nature-en-ville\/files\/2022\/11\/toulon-ste-anne-nat-h-17-11-22.jpg\" alt=\"\" class=\"wp-image-537\" \/><figcaption class=\"wp-element-caption\">Photo NAT&rsquo;H<\/figcaption><\/figure>\n<\/div>\n\n<div class=\"wp-block-image is-style-rounded\">\n<figure class=\"aligncenter size-full\"><img loading=\"lazy\" decoding=\"async\" width=\"587\" height=\"768\" src=\"https:\/\/paca.lpo.fr\/blogs\/nature-en-ville\/files\/2022\/11\/17-nov-22-ste-anne-photo-nat-h.jpg\" alt=\"\" class=\"wp-image-538\" \/><figcaption class=\"wp-element-caption\">Photo NAT&rsquo;H<\/figcaption><\/figure>\n<\/div>\n\n\n<p class=\"wp-block-paragraph\">Les 9 nichoirs triples (donc 27 \u00ab\u00a0chambres\u00a0\u00bb) ont \u00e9t\u00e9 install\u00e9s en fa\u00e7ade au plus pr\u00e8s des nids existants.<\/p>\n\n\n\n<p class=\"wp-block-paragraph\">A suivre donc d\u00e8s le printemps 2023&#8230;.<\/p>\n\n\n\n<p class=\"wp-block-paragraph\">Et maintenant, &#8230; un autre taxon \u00e0 recenser : les chauves-souris bien pr\u00e9sentes sur le site, et dans le Parc des Lices tout proche.<\/p>\n\n\n\n<p class=\"wp-block-paragraph\"><a href=\"mailto:Katherine.dubourg@yahoo.fr\">Katherine.dubourg@yahoo.fr<\/a><\/p>\n\n\n\n<p class=\"wp-block-paragraph\"><\/p>\n","protected":false},"excerpt":{"rendered":"<p>En octobre 2013, dans le cadre de l\u2019op\u00e9ration \u00ab&nbsp;100 nichoirs pour Toulon&nbsp;\u00bb organis\u00e9e par la Ville de Toulon, une dizaine de nichoirs pour passereaux (offerts par la ville) ont \u00e9t\u00e9 install\u00e9s dans le parc de l\u2019EPPA (Ecole param\u00e9dicale des arm\u00e9es). La biodiversit\u00e9 est riche et diversifi\u00e9e sur ce site de plusieurs hectares. M. Daniel passionn\u00e9 [&hellip;]<\/p>\n","protected":false},"author":124,"featured_media":541,"comment_status":"open","ping_status":"open","sticky":false,"template":"","format":"standard","meta":{"footnotes":""},"categories":[6],"tags":[],"class_list":["post-529","post","type-post","status-publish","format-standard","has-post-thumbnail","hentry","category-les-martinets-et-le-bati"],"yoast_head":"<!-- This site is optimized with the Yoast SEO plugin v28.3 - https:\/\/yoast.com\/product\/yoast-seo-wordpress\/ -->\n<title>L&#039;\u00e9cole param\u00e9dicale des arm\u00e9es Ste Anne (Toulon) les martinets et les cr\u00e9cerelles - Le blog de la nature en ville<\/title>\n<meta name=\"robots\" content=\"index, follow, max-snippet:-1, max-image-preview:large, max-video-preview:-1\" \/>\n<link rel=\"canonical\" href=\"https:\/\/paca.lpo.fr\/blogs\/nature-en-ville\/2022\/11\/18\/lecole-paramedicale-des-armees-ste-anne-toulon-les-martinets-et-les-crecerelles\/\" \/>\n<meta property=\"og:locale\" content=\"fr_FR\" \/>\n<meta property=\"og:type\" content=\"article\" \/>\n<meta property=\"og:title\" content=\"L&#039;\u00e9cole param\u00e9dicale des arm\u00e9es Ste Anne (Toulon) les martinets et les cr\u00e9cerelles - Le blog de la nature en ville\" \/>\n<meta property=\"og:description\" content=\"En octobre 2013, dans le cadre de l\u2019op\u00e9ration \u00ab&nbsp;100 nichoirs pour Toulon&nbsp;\u00bb organis\u00e9e par la Ville de Toulon, une dizaine de nichoirs pour passereaux (offerts par la ville) ont \u00e9t\u00e9 install\u00e9s dans le parc de l\u2019EPPA (Ecole param\u00e9dicale des arm\u00e9es). La biodiversit\u00e9 est riche et diversifi\u00e9e sur ce site de plusieurs hectares. M. Daniel passionn\u00e9 [&hellip;]\" \/>\n<meta property=\"og:url\" content=\"https:\/\/paca.lpo.fr\/blogs\/nature-en-ville\/2022\/11\/18\/lecole-paramedicale-des-armees-ste-anne-toulon-les-martinets-et-les-crecerelles\/\" \/>\n<meta property=\"og:site_name\" content=\"Le blog de la nature en ville\" \/>\n<meta property=\"article:published_time\" content=\"2022-11-18T18:17:18+00:00\" \/>\n<meta property=\"article:modified_time\" content=\"2022-11-18T18:22:25+00:00\" \/>\n<meta property=\"og:image\" content=\"https:\/\/paca.lpo.fr\/blogs\/nature-en-ville\/files\/2022\/11\/6.png\" \/>\n\t<meta property=\"og:image:width\" content=\"1024\" \/>\n\t<meta property=\"og:image:height\" content=\"543\" \/>\n\t<meta property=\"og:image:type\" content=\"image\/png\" \/>\n<meta name=\"author\" content=\"katherinedubourg\" \/>\n<meta name=\"twitter:card\" content=\"summary_large_image\" \/>\n<meta name=\"twitter:label1\" content=\"\u00c9crit par\" \/>\n\t<meta name=\"twitter:data1\" content=\"katherinedubourg\" \/>\n\t<meta name=\"twitter:label2\" content=\"Dur\u00e9e de lecture estim\u00e9e\" \/>\n\t<meta name=\"twitter:data2\" content=\"2 minutes\" \/>\n<script type=\"application\/ld+json\" class=\"yoast-schema-graph\">{\"@context\":\"https:\\\/\\\/schema.org\",\"@graph\":[{\"@type\":\"Article\",\"@id\":\"https:\\\/\\\/paca.lpo.fr\\\/blogs\\\/nature-en-ville\\\/2022\\\/11\\\/18\\\/lecole-paramedicale-des-armees-ste-anne-toulon-les-martinets-et-les-crecerelles\\\/#article\",\"isPartOf\":{\"@id\":\"https:\\\/\\\/paca.lpo.fr\\\/blogs\\\/nature-en-ville\\\/2022\\\/11\\\/18\\\/lecole-paramedicale-des-armees-ste-anne-toulon-les-martinets-et-les-crecerelles\\\/\"},\"author\":{\"name\":\"katherinedubourg\",\"@id\":\"https:\\\/\\\/paca.lpo.fr\\\/blogs\\\/nature-en-ville\\\/#\\\/schema\\\/person\\\/2154d7949f2c10ecada4433d15cf7884\"},\"headline\":\"L&rsquo;\u00e9cole param\u00e9dicale des arm\u00e9es Ste Anne (Toulon) les martinets et les cr\u00e9cerelles\",\"datePublished\":\"2022-11-18T18:17:18+00:00\",\"dateModified\":\"2022-11-18T18:22:25+00:00\",\"mainEntityOfPage\":{\"@id\":\"https:\\\/\\\/paca.lpo.fr\\\/blogs\\\/nature-en-ville\\\/2022\\\/11\\\/18\\\/lecole-paramedicale-des-armees-ste-anne-toulon-les-martinets-et-les-crecerelles\\\/\"},\"wordCount\":337,\"commentCount\":0,\"publisher\":{\"@id\":\"https:\\\/\\\/paca.lpo.fr\\\/blogs\\\/nature-en-ville\\\/#organization\"},\"image\":{\"@id\":\"https:\\\/\\\/paca.lpo.fr\\\/blogs\\\/nature-en-ville\\\/2022\\\/11\\\/18\\\/lecole-paramedicale-des-armees-ste-anne-toulon-les-martinets-et-les-crecerelles\\\/#primaryimage\"},\"thumbnailUrl\":\"https:\\\/\\\/paca.lpo.fr\\\/blogs\\\/nature-en-ville\\\/files\\\/2022\\\/11\\\/6.png\",\"articleSection\":[\"LES MARTINETS ET LE BATI\"],\"inLanguage\":\"fr-FR\",\"potentialAction\":[{\"@type\":\"CommentAction\",\"name\":\"Comment\",\"target\":[\"https:\\\/\\\/paca.lpo.fr\\\/blogs\\\/nature-en-ville\\\/2022\\\/11\\\/18\\\/lecole-paramedicale-des-armees-ste-anne-toulon-les-martinets-et-les-crecerelles\\\/#respond\"]}]},{\"@type\":\"WebPage\",\"@id\":\"https:\\\/\\\/paca.lpo.fr\\\/blogs\\\/nature-en-ville\\\/2022\\\/11\\\/18\\\/lecole-paramedicale-des-armees-ste-anne-toulon-les-martinets-et-les-crecerelles\\\/\",\"url\":\"https:\\\/\\\/paca.lpo.fr\\\/blogs\\\/nature-en-ville\\\/2022\\\/11\\\/18\\\/lecole-paramedicale-des-armees-ste-anne-toulon-les-martinets-et-les-crecerelles\\\/\",\"name\":\"L'\u00e9cole param\u00e9dicale des arm\u00e9es Ste Anne (Toulon) les martinets et les cr\u00e9cerelles - Le blog de la nature en ville\",\"isPartOf\":{\"@id\":\"https:\\\/\\\/paca.lpo.fr\\\/blogs\\\/nature-en-ville\\\/#website\"},\"primaryImageOfPage\":{\"@id\":\"https:\\\/\\\/paca.lpo.fr\\\/blogs\\\/nature-en-ville\\\/2022\\\/11\\\/18\\\/lecole-paramedicale-des-armees-ste-anne-toulon-les-martinets-et-les-crecerelles\\\/#primaryimage\"},\"image\":{\"@id\":\"https:\\\/\\\/paca.lpo.fr\\\/blogs\\\/nature-en-ville\\\/2022\\\/11\\\/18\\\/lecole-paramedicale-des-armees-ste-anne-toulon-les-martinets-et-les-crecerelles\\\/#primaryimage\"},\"thumbnailUrl\":\"https:\\\/\\\/paca.lpo.fr\\\/blogs\\\/nature-en-ville\\\/files\\\/2022\\\/11\\\/6.png\",\"datePublished\":\"2022-11-18T18:17:18+00:00\",\"dateModified\":\"2022-11-18T18:22:25+00:00\",\"breadcrumb\":{\"@id\":\"https:\\\/\\\/paca.lpo.fr\\\/blogs\\\/nature-en-ville\\\/2022\\\/11\\\/18\\\/lecole-paramedicale-des-armees-ste-anne-toulon-les-martinets-et-les-crecerelles\\\/#breadcrumb\"},\"inLanguage\":\"fr-FR\",\"potentialAction\":[{\"@type\":\"ReadAction\",\"target\":[\"https:\\\/\\\/paca.lpo.fr\\\/blogs\\\/nature-en-ville\\\/2022\\\/11\\\/18\\\/lecole-paramedicale-des-armees-ste-anne-toulon-les-martinets-et-les-crecerelles\\\/\"]}]},{\"@type\":\"ImageObject\",\"inLanguage\":\"fr-FR\",\"@id\":\"https:\\\/\\\/paca.lpo.fr\\\/blogs\\\/nature-en-ville\\\/2022\\\/11\\\/18\\\/lecole-paramedicale-des-armees-ste-anne-toulon-les-martinets-et-les-crecerelles\\\/#primaryimage\",\"url\":\"https:\\\/\\\/paca.lpo.fr\\\/blogs\\\/nature-en-ville\\\/files\\\/2022\\\/11\\\/6.png\",\"contentUrl\":\"https:\\\/\\\/paca.lpo.fr\\\/blogs\\\/nature-en-ville\\\/files\\\/2022\\\/11\\\/6.png\",\"width\":1024,\"height\":543},{\"@type\":\"BreadcrumbList\",\"@id\":\"https:\\\/\\\/paca.lpo.fr\\\/blogs\\\/nature-en-ville\\\/2022\\\/11\\\/18\\\/lecole-paramedicale-des-armees-ste-anne-toulon-les-martinets-et-les-crecerelles\\\/#breadcrumb\",\"itemListElement\":[{\"@type\":\"ListItem\",\"position\":1,\"name\":\"Accueil\",\"item\":\"https:\\\/\\\/paca.lpo.fr\\\/blogs\\\/nature-en-ville\\\/\"},{\"@type\":\"ListItem\",\"position\":2,\"name\":\"L&rsquo;\u00e9cole param\u00e9dicale des arm\u00e9es Ste Anne (Toulon) les martinets et les cr\u00e9cerelles\"}]},{\"@type\":\"WebSite\",\"@id\":\"https:\\\/\\\/paca.lpo.fr\\\/blogs\\\/nature-en-ville\\\/#website\",\"url\":\"https:\\\/\\\/paca.lpo.fr\\\/blogs\\\/nature-en-ville\\\/\",\"name\":\"Le blog de la nature en ville\",\"description\":\"Le blog de la nature en ville\",\"publisher\":{\"@id\":\"https:\\\/\\\/paca.lpo.fr\\\/blogs\\\/nature-en-ville\\\/#organization\"},\"potentialAction\":[{\"@type\":\"SearchAction\",\"target\":{\"@type\":\"EntryPoint\",\"urlTemplate\":\"https:\\\/\\\/paca.lpo.fr\\\/blogs\\\/nature-en-ville\\\/?s={search_term_string}\"},\"query-input\":{\"@type\":\"PropertyValueSpecification\",\"valueRequired\":true,\"valueName\":\"search_term_string\"}}],\"inLanguage\":\"fr-FR\"},{\"@type\":\"Organization\",\"@id\":\"https:\\\/\\\/paca.lpo.fr\\\/blogs\\\/nature-en-ville\\\/#organization\",\"name\":\"Le blog de la nature en ville\",\"url\":\"https:\\\/\\\/paca.lpo.fr\\\/blogs\\\/nature-en-ville\\\/\",\"logo\":{\"@type\":\"ImageObject\",\"inLanguage\":\"fr-FR\",\"@id\":\"https:\\\/\\\/paca.lpo.fr\\\/blogs\\\/nature-en-ville\\\/#\\\/schema\\\/logo\\\/image\\\/\",\"url\":\"https:\\\/\\\/paca.lpo.fr\\\/blogs\\\/nature-en-ville\\\/files\\\/2024\\\/01\\\/cropped-rvb-lpo-paca-logotype-signature-droite-mini-500.jpg\",\"contentUrl\":\"https:\\\/\\\/paca.lpo.fr\\\/blogs\\\/nature-en-ville\\\/files\\\/2024\\\/01\\\/cropped-rvb-lpo-paca-logotype-signature-droite-mini-500.jpg\",\"width\":500,\"height\":210,\"caption\":\"Le blog de la nature en ville\"},\"image\":{\"@id\":\"https:\\\/\\\/paca.lpo.fr\\\/blogs\\\/nature-en-ville\\\/#\\\/schema\\\/logo\\\/image\\\/\"}},{\"@type\":\"Person\",\"@id\":\"https:\\\/\\\/paca.lpo.fr\\\/blogs\\\/nature-en-ville\\\/#\\\/schema\\\/person\\\/2154d7949f2c10ecada4433d15cf7884\",\"name\":\"katherinedubourg\",\"image\":{\"@type\":\"ImageObject\",\"inLanguage\":\"fr-FR\",\"@id\":\"https:\\\/\\\/secure.gravatar.com\\\/avatar\\\/669d7bfc42814b2e9ba5adde58008c6a97c8708e7cf996a0b2ed90cd63394b6a?s=96&d=mm&r=g\",\"url\":\"https:\\\/\\\/secure.gravatar.com\\\/avatar\\\/669d7bfc42814b2e9ba5adde58008c6a97c8708e7cf996a0b2ed90cd63394b6a?s=96&d=mm&r=g\",\"contentUrl\":\"https:\\\/\\\/secure.gravatar.com\\\/avatar\\\/669d7bfc42814b2e9ba5adde58008c6a97c8708e7cf996a0b2ed90cd63394b6a?s=96&d=mm&r=g\",\"caption\":\"katherinedubourg\"},\"url\":\"https:\\\/\\\/paca.lpo.fr\\\/blogs\\\/nature-en-ville\\\/author\\\/katherinedubourg\\\/\"}]}<\/script>\n<!-- \/ Yoast SEO plugin. -->","yoast_head_json":{"title":"L'\u00e9cole param\u00e9dicale des arm\u00e9es Ste Anne (Toulon) les martinets et les cr\u00e9cerelles - Le blog de la nature en ville","robots":{"index":"index","follow":"follow","max-snippet":"max-snippet:-1","max-image-preview":"max-image-preview:large","max-video-preview":"max-video-preview:-1"},"canonical":"https:\/\/paca.lpo.fr\/blogs\/nature-en-ville\/2022\/11\/18\/lecole-paramedicale-des-armees-ste-anne-toulon-les-martinets-et-les-crecerelles\/","og_locale":"fr_FR","og_type":"article","og_title":"L'\u00e9cole param\u00e9dicale des arm\u00e9es Ste Anne (Toulon) les martinets et les cr\u00e9cerelles - Le blog de la nature en ville","og_description":"En octobre 2013, dans le cadre de l\u2019op\u00e9ration \u00ab&nbsp;100 nichoirs pour Toulon&nbsp;\u00bb organis\u00e9e par la Ville de Toulon, une dizaine de nichoirs pour passereaux (offerts par la ville) ont \u00e9t\u00e9 install\u00e9s dans le parc de l\u2019EPPA (Ecole param\u00e9dicale des arm\u00e9es). La biodiversit\u00e9 est riche et diversifi\u00e9e sur ce site de plusieurs hectares. M. Daniel passionn\u00e9 [&hellip;]","og_url":"https:\/\/paca.lpo.fr\/blogs\/nature-en-ville\/2022\/11\/18\/lecole-paramedicale-des-armees-ste-anne-toulon-les-martinets-et-les-crecerelles\/","og_site_name":"Le blog de la nature en ville","article_published_time":"2022-11-18T18:17:18+00:00","article_modified_time":"2022-11-18T18:22:25+00:00","og_image":[{"width":1024,"height":543,"url":"https:\/\/paca.lpo.fr\/blogs\/nature-en-ville\/files\/2022\/11\/6.png","type":"image\/png"}],"author":"katherinedubourg","twitter_card":"summary_large_image","twitter_misc":{"\u00c9crit par":"katherinedubourg","Dur\u00e9e de lecture estim\u00e9e":"2 minutes"},"schema":{"@context":"https:\/\/schema.org","@graph":[{"@type":"Article","@id":"https:\/\/paca.lpo.fr\/blogs\/nature-en-ville\/2022\/11\/18\/lecole-paramedicale-des-armees-ste-anne-toulon-les-martinets-et-les-crecerelles\/#article","isPartOf":{"@id":"https:\/\/paca.lpo.fr\/blogs\/nature-en-ville\/2022\/11\/18\/lecole-paramedicale-des-armees-ste-anne-toulon-les-martinets-et-les-crecerelles\/"},"author":{"name":"katherinedubourg","@id":"https:\/\/paca.lpo.fr\/blogs\/nature-en-ville\/#\/schema\/person\/2154d7949f2c10ecada4433d15cf7884"},"headline":"L&rsquo;\u00e9cole param\u00e9dicale des arm\u00e9es Ste Anne (Toulon) les martinets et les cr\u00e9cerelles","datePublished":"2022-11-18T18:17:18+00:00","dateModified":"2022-11-18T18:22:25+00:00","mainEntityOfPage":{"@id":"https:\/\/paca.lpo.fr\/blogs\/nature-en-ville\/2022\/11\/18\/lecole-paramedicale-des-armees-ste-anne-toulon-les-martinets-et-les-crecerelles\/"},"wordCount":337,"commentCount":0,"publisher":{"@id":"https:\/\/paca.lpo.fr\/blogs\/nature-en-ville\/#organization"},"image":{"@id":"https:\/\/paca.lpo.fr\/blogs\/nature-en-ville\/2022\/11\/18\/lecole-paramedicale-des-armees-ste-anne-toulon-les-martinets-et-les-crecerelles\/#primaryimage"},"thumbnailUrl":"https:\/\/paca.lpo.fr\/blogs\/nature-en-ville\/files\/2022\/11\/6.png","articleSection":["LES MARTINETS ET LE BATI"],"inLanguage":"fr-FR","potentialAction":[{"@type":"CommentAction","name":"Comment","target":["https:\/\/paca.lpo.fr\/blogs\/nature-en-ville\/2022\/11\/18\/lecole-paramedicale-des-armees-ste-anne-toulon-les-martinets-et-les-crecerelles\/#respond"]}]},{"@type":"WebPage","@id":"https:\/\/paca.lpo.fr\/blogs\/nature-en-ville\/2022\/11\/18\/lecole-paramedicale-des-armees-ste-anne-toulon-les-martinets-et-les-crecerelles\/","url":"https:\/\/paca.lpo.fr\/blogs\/nature-en-ville\/2022\/11\/18\/lecole-paramedicale-des-armees-ste-anne-toulon-les-martinets-et-les-crecerelles\/","name":"L'\u00e9cole param\u00e9dicale des arm\u00e9es Ste Anne (Toulon) les martinets et les cr\u00e9cerelles - Le blog de la nature en ville","isPartOf":{"@id":"https:\/\/paca.lpo.fr\/blogs\/nature-en-ville\/#website"},"primaryImageOfPage":{"@id":"https:\/\/paca.lpo.fr\/blogs\/nature-en-ville\/2022\/11\/18\/lecole-paramedicale-des-armees-ste-anne-toulon-les-martinets-et-les-crecerelles\/#primaryimage"},"image":{"@id":"https:\/\/paca.lpo.fr\/blogs\/nature-en-ville\/2022\/11\/18\/lecole-paramedicale-des-armees-ste-anne-toulon-les-martinets-et-les-crecerelles\/#primaryimage"},"thumbnailUrl":"https:\/\/paca.lpo.fr\/blogs\/nature-en-ville\/files\/2022\/11\/6.png","datePublished":"2022-11-18T18:17:18+00:00","dateModified":"2022-11-18T18:22:25+00:00","breadcrumb":{"@id":"https:\/\/paca.lpo.fr\/blogs\/nature-en-ville\/2022\/11\/18\/lecole-paramedicale-des-armees-ste-anne-toulon-les-martinets-et-les-crecerelles\/#breadcrumb"},"inLanguage":"fr-FR","potentialAction":[{"@type":"ReadAction","target":["https:\/\/paca.lpo.fr\/blogs\/nature-en-ville\/2022\/11\/18\/lecole-paramedicale-des-armees-ste-anne-toulon-les-martinets-et-les-crecerelles\/"]}]},{"@type":"ImageObject","inLanguage":"fr-FR","@id":"https:\/\/paca.lpo.fr\/blogs\/nature-en-ville\/2022\/11\/18\/lecole-paramedicale-des-armees-ste-anne-toulon-les-martinets-et-les-crecerelles\/#primaryimage","url":"https:\/\/paca.lpo.fr\/blogs\/nature-en-ville\/files\/2022\/11\/6.png","contentUrl":"https:\/\/paca.lpo.fr\/blogs\/nature-en-ville\/files\/2022\/11\/6.png","width":1024,"height":543},{"@type":"BreadcrumbList","@id":"https:\/\/paca.lpo.fr\/blogs\/nature-en-ville\/2022\/11\/18\/lecole-paramedicale-des-armees-ste-anne-toulon-les-martinets-et-les-crecerelles\/#breadcrumb","itemListElement":[{"@type":"ListItem","position":1,"name":"Accueil","item":"https:\/\/paca.lpo.fr\/blogs\/nature-en-ville\/"},{"@type":"ListItem","position":2,"name":"L&rsquo;\u00e9cole param\u00e9dicale des arm\u00e9es Ste Anne (Toulon) les martinets et les cr\u00e9cerelles"}]},{"@type":"WebSite","@id":"https:\/\/paca.lpo.fr\/blogs\/nature-en-ville\/#website","url":"https:\/\/paca.lpo.fr\/blogs\/nature-en-ville\/","name":"Le blog de la nature en ville","description":"Le blog de la nature en ville","publisher":{"@id":"https:\/\/paca.lpo.fr\/blogs\/nature-en-ville\/#organization"},"potentialAction":[{"@type":"SearchAction","target":{"@type":"EntryPoint","urlTemplate":"https:\/\/paca.lpo.fr\/blogs\/nature-en-ville\/?s={search_term_string}"},"query-input":{"@type":"PropertyValueSpecification","valueRequired":true,"valueName":"search_term_string"}}],"inLanguage":"fr-FR"},{"@type":"Organization","@id":"https:\/\/paca.lpo.fr\/blogs\/nature-en-ville\/#organization","name":"Le blog de la nature en ville","url":"https:\/\/paca.lpo.fr\/blogs\/nature-en-ville\/","logo":{"@type":"ImageObject","inLanguage":"fr-FR","@id":"https:\/\/paca.lpo.fr\/blogs\/nature-en-ville\/#\/schema\/logo\/image\/","url":"https:\/\/paca.lpo.fr\/blogs\/nature-en-ville\/files\/2024\/01\/cropped-rvb-lpo-paca-logotype-signature-droite-mini-500.jpg","contentUrl":"https:\/\/paca.lpo.fr\/blogs\/nature-en-ville\/files\/2024\/01\/cropped-rvb-lpo-paca-logotype-signature-droite-mini-500.jpg","width":500,"height":210,"caption":"Le blog de la nature en ville"},"image":{"@id":"https:\/\/paca.lpo.fr\/blogs\/nature-en-ville\/#\/schema\/logo\/image\/"}},{"@type":"Person","@id":"https:\/\/paca.lpo.fr\/blogs\/nature-en-ville\/#\/schema\/person\/2154d7949f2c10ecada4433d15cf7884","name":"katherinedubourg","image":{"@type":"ImageObject","inLanguage":"fr-FR","@id":"https:\/\/secure.gravatar.com\/avatar\/669d7bfc42814b2e9ba5adde58008c6a97c8708e7cf996a0b2ed90cd63394b6a?s=96&d=mm&r=g","url":"https:\/\/secure.gravatar.com\/avatar\/669d7bfc42814b2e9ba5adde58008c6a97c8708e7cf996a0b2ed90cd63394b6a?s=96&d=mm&r=g","contentUrl":"https:\/\/secure.gravatar.com\/avatar\/669d7bfc42814b2e9ba5adde58008c6a97c8708e7cf996a0b2ed90cd63394b6a?s=96&d=mm&r=g","caption":"katherinedubourg"},"url":"https:\/\/paca.lpo.fr\/blogs\/nature-en-ville\/author\/katherinedubourg\/"}]}},"jetpack_featured_media_url":"https:\/\/paca.lpo.fr\/blogs\/nature-en-ville\/files\/2022\/11\/6.png","_links":{"self":[{"href":"https:\/\/paca.lpo.fr\/blogs\/nature-en-ville\/wp-json\/wp\/v2\/posts\/529","targetHints":{"allow":["GET"]}}],"collection":[{"href":"https:\/\/paca.lpo.fr\/blogs\/nature-en-ville\/wp-json\/wp\/v2\/posts"}],"about":[{"href":"https:\/\/paca.lpo.fr\/blogs\/nature-en-ville\/wp-json\/wp\/v2\/types\/post"}],"author":[{"embeddable":true,"href":"https:\/\/paca.lpo.fr\/blogs\/nature-en-ville\/wp-json\/wp\/v2\/users\/124"}],"replies":[{"embeddable":true,"href":"https:\/\/paca.lpo.fr\/blogs\/nature-en-ville\/wp-json\/wp\/v2\/comments?post=529"}],"version-history":[{"count":3,"href":"https:\/\/paca.lpo.fr\/blogs\/nature-en-ville\/wp-json\/wp\/v2\/posts\/529\/revisions"}],"predecessor-version":[{"id":544,"href":"https:\/\/paca.lpo.fr\/blogs\/nature-en-ville\/wp-json\/wp\/v2\/posts\/529\/revisions\/544"}],"wp:featuredmedia":[{"embeddable":true,"href":"https:\/\/paca.lpo.fr\/blogs\/nature-en-ville\/wp-json\/wp\/v2\/media\/541"}],"wp:attachment":[{"href":"https:\/\/paca.lpo.fr\/blogs\/nature-en-ville\/wp-json\/wp\/v2\/media?parent=529"}],"wp:term":[{"taxonomy":"category","embeddable":true,"href":"https:\/\/paca.lpo.fr\/blogs\/nature-en-ville\/wp-json\/wp\/v2\/categories?post=529"},{"taxonomy":"post_tag","embeddable":true,"href":"https:\/\/paca.lpo.fr\/blogs\/nature-en-ville\/wp-json\/wp\/v2\/tags?post=529"}],"curies":[{"name":"wp","href":"https:\/\/api.w.org\/{rel}","templated":true}]}}