{"id":572,"date":"2023-06-11T09:46:17","date_gmt":"2023-06-11T07:46:17","guid":{"rendered":"https:\/\/paca.lpo.fr\/blogs\/nature-en-ville\/?p=572"},"modified":"2023-06-11T09:49:52","modified_gmt":"2023-06-11T07:49:52","slug":"1-rue-aicard-toulon-et-les-martinets","status":"publish","type":"post","link":"https:\/\/paca.lpo.fr\/blogs\/nature-en-ville\/2023\/06\/11\/1-rue-aicard-toulon-et-les-martinets\/","title":{"rendered":"1 RUE AICARD TOULON et les martinets"},"content":{"rendered":"\n<p class=\"has-text-align-center has-subtle-background-background-color has-background wp-block-paragraph\"><strong>AVANT<\/strong> <strong>LES TRAVAUX<\/strong> <\/p>\n\n\n<div class=\"wp-block-image\">\n<figure class=\"aligncenter size-full is-resized\"><img loading=\"lazy\" decoding=\"async\" src=\"https:\/\/paca.lpo.fr\/blogs\/nature-en-ville\/files\/2023\/06\/1-rue-j-aicard-nid-2020.jpg\" alt=\"\" class=\"wp-image-574\" width=\"314\" height=\"418\" srcset=\"https:\/\/paca.lpo.fr\/blogs\/nature-en-ville\/files\/2023\/06\/1-rue-j-aicard-nid-2020.jpg 768w, https:\/\/paca.lpo.fr\/blogs\/nature-en-ville\/files\/2023\/06\/1-rue-j-aicard-nid-2020-576x768.jpg 576w\" sizes=\"auto, (max-width: 314px) 100vw, 314px\" \/><\/figure>\n<\/div>\n\n\n<p class=\"has-text-align-center wp-block-paragraph\">Nid de martinets noirs <strong>suivi depuis 2018, toujours occup\u00e9 en 2020 et 2021.<\/strong> Il \u00e9tait situ\u00e9 \u00e0 l&rsquo;arri\u00e8re de la goutti\u00e8re dans une fissure.<\/p>\n\n\n\n<p class=\"wp-block-paragraph\">A Toulon, la r\u00e8glementation des travaux impose la prise en compte des nids de martinets, comme on peut le voir sur la d\u00e9claration pr\u00e9alable de travaux dans son article 8 .<\/p>\n\n\n\n<figure class=\"wp-block-image size-full\"><img loading=\"lazy\" decoding=\"async\" width=\"1024\" height=\"124\" src=\"https:\/\/paca.lpo.fr\/blogs\/nature-en-ville\/files\/2023\/06\/dp1.jpg\" alt=\"\" class=\"wp-image-575\" srcset=\"https:\/\/paca.lpo.fr\/blogs\/nature-en-ville\/files\/2023\/06\/dp1.jpg 1024w, https:\/\/paca.lpo.fr\/blogs\/nature-en-ville\/files\/2023\/06\/dp1-768x93.jpg 768w\" sizes=\"auto, (max-width: 1024px) 100vw, 1024px\" \/><\/figure>\n\n\n\n<figure class=\"wp-block-image size-full is-resized\"><img loading=\"lazy\" decoding=\"async\" src=\"https:\/\/paca.lpo.fr\/blogs\/nature-en-ville\/files\/2023\/06\/dp-toulon.jpg\" alt=\"\" class=\"wp-image-576\" width=\"747\" height=\"120\" srcset=\"https:\/\/paca.lpo.fr\/blogs\/nature-en-ville\/files\/2023\/06\/dp-toulon.jpg 1024w, https:\/\/paca.lpo.fr\/blogs\/nature-en-ville\/files\/2023\/06\/dp-toulon-768x124.jpg 768w\" sizes=\"auto, (max-width: 747px) 100vw, 747px\" \/><\/figure>\n\n\n\n<p class=\"has-text-align-center has-subtle-background-background-color has-background wp-block-paragraph\"><strong>PENDANT LES TRAVAUX<\/strong><\/p>\n\n\n<div class=\"wp-block-image\">\n<figure class=\"aligncenter size-full\"><img loading=\"lazy\" decoding=\"async\" width=\"578\" height=\"435\" src=\"https:\/\/paca.lpo.fr\/blogs\/nature-en-ville\/files\/2023\/06\/chantier.jpg\" alt=\"\" class=\"wp-image-578\" \/><\/figure>\n<\/div>\n\n\n<p class=\"wp-block-paragraph\">Il n&rsquo;a pas \u00e9t\u00e9 possible de conserver l&rsquo;anfractuosit\u00e9 pour des questions d&rsquo;isolation thermique, ni d&rsquo;int\u00e9grer \u00e0 cet emplacement un nichoir, mais une place a pu lui \u00eatre trouv\u00e9e c\u00f4t\u00e9 des halles, autre angle du b\u00e2timent.<\/p>\n\n\n\n<p class=\"has-text-align-center has-subtle-background-background-color has-background wp-block-paragraph\"><strong>APRES LES TRAVAUX<\/strong><\/p>\n\n\n<div class=\"wp-block-image\">\n<figure class=\"aligncenter size-full\"><img loading=\"lazy\" decoding=\"async\" width=\"1024\" height=\"720\" src=\"https:\/\/paca.lpo.fr\/blogs\/nature-en-ville\/files\/2023\/06\/1-rue-aicard-fev-2023.jpg\" alt=\"\" class=\"wp-image-579\" srcset=\"https:\/\/paca.lpo.fr\/blogs\/nature-en-ville\/files\/2023\/06\/1-rue-aicard-fev-2023.jpg 1024w, https:\/\/paca.lpo.fr\/blogs\/nature-en-ville\/files\/2023\/06\/1-rue-aicard-fev-2023-768x540.jpg 768w\" sizes=\"auto, (max-width: 1024px) 100vw, 1024px\" \/><\/figure>\n<\/div>\n\n<div class=\"wp-block-image\">\n<figure class=\"aligncenter size-full\"><img loading=\"lazy\" decoding=\"async\" width=\"783\" height=\"768\" src=\"https:\/\/paca.lpo.fr\/blogs\/nature-en-ville\/files\/2023\/06\/jui-2023-1-rue-aicard-nichoir-occupe.jpg\" alt=\"\" class=\"wp-image-582\" srcset=\"https:\/\/paca.lpo.fr\/blogs\/nature-en-ville\/files\/2023\/06\/jui-2023-1-rue-aicard-nichoir-occupe.jpg 783w, https:\/\/paca.lpo.fr\/blogs\/nature-en-ville\/files\/2023\/06\/jui-2023-1-rue-aicard-nichoir-occupe-768x753.jpg 768w\" sizes=\"auto, (max-width: 783px) 100vw, 783px\" \/><\/figure>\n<\/div>\n\n\n<p class=\"wp-block-paragraph\">Les nichoirs en b\u00e9ton de bois int\u00e9gr\u00e9s dans le b\u00e2ti sont adapt\u00e9s \u00e0 l&rsquo;\u00e9cologie des oiseaux et aux mat\u00e9riaux de construction.  <\/p>\n\n\n\n<p class=\"wp-block-paragraph\">Un grand merci \u00e0 VAD, en particulier \u00e0 Guillaume Vandenbussche qui a suivi ce chantier un peu compliqu\u00e9 car s&rsquo;agissant d&rsquo;un simple ravalement de fa\u00e7ades, il a tout de m\u00eame fallu int\u00e9grer le nichoir dans un mur.<\/p>\n\n\n\n<p class=\"wp-block-paragraph\">Et merci \u00e0 l&rsquo;\u00e9quipe de b\u00e9n\u00e9voles GT martinets fid\u00e8les au poste de surveillance chaque ann\u00e9e.<\/p>\n\n\n\n<p class=\"has-text-align-center has-subtle-background-background-color has-background wp-block-paragraph\"><strong>Une op\u00e9ration r\u00e9ussie, puisque le 10 juin 2023, nous constations l&rsquo;occupation de ce nichoir par un couple de martinets.<\/strong><\/p>\n\n\n\n<p class=\"wp-block-paragraph\">Katherine et Marie-Ang\u00e8le.<\/p>\n","protected":false},"excerpt":{"rendered":"<p>AVANT LES TRAVAUX Nid de martinets noirs suivi depuis 2018, toujours occup\u00e9 en 2020 et 2021. Il \u00e9tait situ\u00e9 \u00e0 l&rsquo;arri\u00e8re de la goutti\u00e8re dans une fissure. A Toulon, la r\u00e8glementation des travaux impose la prise en compte des nids de martinets, comme on peut le voir sur la d\u00e9claration pr\u00e9alable de travaux dans son [&hellip;]<\/p>\n","protected":false},"author":124,"featured_media":573,"comment_status":"open","ping_status":"open","sticky":false,"template":"","format":"standard","meta":{"footnotes":""},"categories":[6,9],"tags":[],"class_list":["post-572","post","type-post","status-publish","format-standard","has-post-thumbnail","hentry","category-les-martinets-et-le-bati","category-les-villes-qui-sengagent"],"yoast_head":"<!-- This site is optimized with the Yoast SEO plugin v28.3 - https:\/\/yoast.com\/product\/yoast-seo-wordpress\/ -->\n<title>1 RUE AICARD TOULON et les martinets - Le blog de la nature en ville<\/title>\n<meta name=\"robots\" content=\"index, follow, max-snippet:-1, max-image-preview:large, max-video-preview:-1\" \/>\n<link rel=\"canonical\" href=\"https:\/\/paca.lpo.fr\/blogs\/nature-en-ville\/2023\/06\/11\/1-rue-aicard-toulon-et-les-martinets\/\" \/>\n<meta property=\"og:locale\" content=\"fr_FR\" \/>\n<meta property=\"og:type\" content=\"article\" \/>\n<meta property=\"og:title\" content=\"1 RUE AICARD TOULON et les martinets - Le blog de la nature en ville\" \/>\n<meta property=\"og:description\" content=\"AVANT LES TRAVAUX Nid de martinets noirs suivi depuis 2018, toujours occup\u00e9 en 2020 et 2021. Il \u00e9tait situ\u00e9 \u00e0 l&rsquo;arri\u00e8re de la goutti\u00e8re dans une fissure. A Toulon, la r\u00e8glementation des travaux impose la prise en compte des nids de martinets, comme on peut le voir sur la d\u00e9claration pr\u00e9alable de travaux dans son [&hellip;]\" \/>\n<meta property=\"og:url\" content=\"https:\/\/paca.lpo.fr\/blogs\/nature-en-ville\/2023\/06\/11\/1-rue-aicard-toulon-et-les-martinets\/\" \/>\n<meta property=\"og:site_name\" content=\"Le blog de la nature en ville\" \/>\n<meta property=\"article:published_time\" content=\"2023-06-11T07:46:17+00:00\" \/>\n<meta property=\"article:modified_time\" content=\"2023-06-11T07:49:52+00:00\" \/>\n<meta property=\"og:image\" content=\"https:\/\/paca.lpo.fr\/blogs\/nature-en-ville\/files\/2023\/06\/les-halles-au-21-juin-2018.jpg\" \/>\n\t<meta property=\"og:image:width\" content=\"920\" \/>\n\t<meta property=\"og:image:height\" content=\"589\" \/>\n\t<meta property=\"og:image:type\" content=\"image\/jpeg\" \/>\n<meta name=\"author\" content=\"katherinedubourg\" \/>\n<meta name=\"twitter:card\" content=\"summary_large_image\" \/>\n<meta name=\"twitter:label1\" content=\"\u00c9crit par\" \/>\n\t<meta name=\"twitter:data1\" content=\"katherinedubourg\" \/>\n\t<meta name=\"twitter:label2\" content=\"Dur\u00e9e de lecture estim\u00e9e\" \/>\n\t<meta name=\"twitter:data2\" content=\"1 minute\" \/>\n<script type=\"application\/ld+json\" class=\"yoast-schema-graph\">{\"@context\":\"https:\\\/\\\/schema.org\",\"@graph\":[{\"@type\":\"Article\",\"@id\":\"https:\\\/\\\/paca.lpo.fr\\\/blogs\\\/nature-en-ville\\\/2023\\\/06\\\/11\\\/1-rue-aicard-toulon-et-les-martinets\\\/#article\",\"isPartOf\":{\"@id\":\"https:\\\/\\\/paca.lpo.fr\\\/blogs\\\/nature-en-ville\\\/2023\\\/06\\\/11\\\/1-rue-aicard-toulon-et-les-martinets\\\/\"},\"author\":{\"name\":\"katherinedubourg\",\"@id\":\"https:\\\/\\\/paca.lpo.fr\\\/blogs\\\/nature-en-ville\\\/#\\\/schema\\\/person\\\/2154d7949f2c10ecada4433d15cf7884\"},\"headline\":\"1 RUE AICARD TOULON et les martinets\",\"datePublished\":\"2023-06-11T07:46:17+00:00\",\"dateModified\":\"2023-06-11T07:49:52+00:00\",\"mainEntityOfPage\":{\"@id\":\"https:\\\/\\\/paca.lpo.fr\\\/blogs\\\/nature-en-ville\\\/2023\\\/06\\\/11\\\/1-rue-aicard-toulon-et-les-martinets\\\/\"},\"wordCount\":222,\"commentCount\":3,\"publisher\":{\"@id\":\"https:\\\/\\\/paca.lpo.fr\\\/blogs\\\/nature-en-ville\\\/#organization\"},\"image\":{\"@id\":\"https:\\\/\\\/paca.lpo.fr\\\/blogs\\\/nature-en-ville\\\/2023\\\/06\\\/11\\\/1-rue-aicard-toulon-et-les-martinets\\\/#primaryimage\"},\"thumbnailUrl\":\"https:\\\/\\\/paca.lpo.fr\\\/blogs\\\/nature-en-ville\\\/files\\\/2023\\\/06\\\/les-halles-au-21-juin-2018.jpg\",\"articleSection\":[\"LES MARTINETS ET LE BATI\",\"LES VILLES QUI S'ENGAGENT\"],\"inLanguage\":\"fr-FR\",\"potentialAction\":[{\"@type\":\"CommentAction\",\"name\":\"Comment\",\"target\":[\"https:\\\/\\\/paca.lpo.fr\\\/blogs\\\/nature-en-ville\\\/2023\\\/06\\\/11\\\/1-rue-aicard-toulon-et-les-martinets\\\/#respond\"]}]},{\"@type\":\"WebPage\",\"@id\":\"https:\\\/\\\/paca.lpo.fr\\\/blogs\\\/nature-en-ville\\\/2023\\\/06\\\/11\\\/1-rue-aicard-toulon-et-les-martinets\\\/\",\"url\":\"https:\\\/\\\/paca.lpo.fr\\\/blogs\\\/nature-en-ville\\\/2023\\\/06\\\/11\\\/1-rue-aicard-toulon-et-les-martinets\\\/\",\"name\":\"1 RUE AICARD TOULON et les martinets - Le blog de la nature en ville\",\"isPartOf\":{\"@id\":\"https:\\\/\\\/paca.lpo.fr\\\/blogs\\\/nature-en-ville\\\/#website\"},\"primaryImageOfPage\":{\"@id\":\"https:\\\/\\\/paca.lpo.fr\\\/blogs\\\/nature-en-ville\\\/2023\\\/06\\\/11\\\/1-rue-aicard-toulon-et-les-martinets\\\/#primaryimage\"},\"image\":{\"@id\":\"https:\\\/\\\/paca.lpo.fr\\\/blogs\\\/nature-en-ville\\\/2023\\\/06\\\/11\\\/1-rue-aicard-toulon-et-les-martinets\\\/#primaryimage\"},\"thumbnailUrl\":\"https:\\\/\\\/paca.lpo.fr\\\/blogs\\\/nature-en-ville\\\/files\\\/2023\\\/06\\\/les-halles-au-21-juin-2018.jpg\",\"datePublished\":\"2023-06-11T07:46:17+00:00\",\"dateModified\":\"2023-06-11T07:49:52+00:00\",\"breadcrumb\":{\"@id\":\"https:\\\/\\\/paca.lpo.fr\\\/blogs\\\/nature-en-ville\\\/2023\\\/06\\\/11\\\/1-rue-aicard-toulon-et-les-martinets\\\/#breadcrumb\"},\"inLanguage\":\"fr-FR\",\"potentialAction\":[{\"@type\":\"ReadAction\",\"target\":[\"https:\\\/\\\/paca.lpo.fr\\\/blogs\\\/nature-en-ville\\\/2023\\\/06\\\/11\\\/1-rue-aicard-toulon-et-les-martinets\\\/\"]}]},{\"@type\":\"ImageObject\",\"inLanguage\":\"fr-FR\",\"@id\":\"https:\\\/\\\/paca.lpo.fr\\\/blogs\\\/nature-en-ville\\\/2023\\\/06\\\/11\\\/1-rue-aicard-toulon-et-les-martinets\\\/#primaryimage\",\"url\":\"https:\\\/\\\/paca.lpo.fr\\\/blogs\\\/nature-en-ville\\\/files\\\/2023\\\/06\\\/les-halles-au-21-juin-2018.jpg\",\"contentUrl\":\"https:\\\/\\\/paca.lpo.fr\\\/blogs\\\/nature-en-ville\\\/files\\\/2023\\\/06\\\/les-halles-au-21-juin-2018.jpg\",\"width\":920,\"height\":589},{\"@type\":\"BreadcrumbList\",\"@id\":\"https:\\\/\\\/paca.lpo.fr\\\/blogs\\\/nature-en-ville\\\/2023\\\/06\\\/11\\\/1-rue-aicard-toulon-et-les-martinets\\\/#breadcrumb\",\"itemListElement\":[{\"@type\":\"ListItem\",\"position\":1,\"name\":\"Accueil\",\"item\":\"https:\\\/\\\/paca.lpo.fr\\\/blogs\\\/nature-en-ville\\\/\"},{\"@type\":\"ListItem\",\"position\":2,\"name\":\"1 RUE AICARD TOULON et les martinets\"}]},{\"@type\":\"WebSite\",\"@id\":\"https:\\\/\\\/paca.lpo.fr\\\/blogs\\\/nature-en-ville\\\/#website\",\"url\":\"https:\\\/\\\/paca.lpo.fr\\\/blogs\\\/nature-en-ville\\\/\",\"name\":\"Le blog de la nature en ville\",\"description\":\"Le blog de la nature en ville\",\"publisher\":{\"@id\":\"https:\\\/\\\/paca.lpo.fr\\\/blogs\\\/nature-en-ville\\\/#organization\"},\"potentialAction\":[{\"@type\":\"SearchAction\",\"target\":{\"@type\":\"EntryPoint\",\"urlTemplate\":\"https:\\\/\\\/paca.lpo.fr\\\/blogs\\\/nature-en-ville\\\/?s={search_term_string}\"},\"query-input\":{\"@type\":\"PropertyValueSpecification\",\"valueRequired\":true,\"valueName\":\"search_term_string\"}}],\"inLanguage\":\"fr-FR\"},{\"@type\":\"Organization\",\"@id\":\"https:\\\/\\\/paca.lpo.fr\\\/blogs\\\/nature-en-ville\\\/#organization\",\"name\":\"Le blog de la nature en ville\",\"url\":\"https:\\\/\\\/paca.lpo.fr\\\/blogs\\\/nature-en-ville\\\/\",\"logo\":{\"@type\":\"ImageObject\",\"inLanguage\":\"fr-FR\",\"@id\":\"https:\\\/\\\/paca.lpo.fr\\\/blogs\\\/nature-en-ville\\\/#\\\/schema\\\/logo\\\/image\\\/\",\"url\":\"https:\\\/\\\/paca.lpo.fr\\\/blogs\\\/nature-en-ville\\\/files\\\/2024\\\/01\\\/cropped-rvb-lpo-paca-logotype-signature-droite-mini-500.jpg\",\"contentUrl\":\"https:\\\/\\\/paca.lpo.fr\\\/blogs\\\/nature-en-ville\\\/files\\\/2024\\\/01\\\/cropped-rvb-lpo-paca-logotype-signature-droite-mini-500.jpg\",\"width\":500,\"height\":210,\"caption\":\"Le blog de la nature en ville\"},\"image\":{\"@id\":\"https:\\\/\\\/paca.lpo.fr\\\/blogs\\\/nature-en-ville\\\/#\\\/schema\\\/logo\\\/image\\\/\"}},{\"@type\":\"Person\",\"@id\":\"https:\\\/\\\/paca.lpo.fr\\\/blogs\\\/nature-en-ville\\\/#\\\/schema\\\/person\\\/2154d7949f2c10ecada4433d15cf7884\",\"name\":\"katherinedubourg\",\"image\":{\"@type\":\"ImageObject\",\"inLanguage\":\"fr-FR\",\"@id\":\"https:\\\/\\\/secure.gravatar.com\\\/avatar\\\/669d7bfc42814b2e9ba5adde58008c6a97c8708e7cf996a0b2ed90cd63394b6a?s=96&d=mm&r=g\",\"url\":\"https:\\\/\\\/secure.gravatar.com\\\/avatar\\\/669d7bfc42814b2e9ba5adde58008c6a97c8708e7cf996a0b2ed90cd63394b6a?s=96&d=mm&r=g\",\"contentUrl\":\"https:\\\/\\\/secure.gravatar.com\\\/avatar\\\/669d7bfc42814b2e9ba5adde58008c6a97c8708e7cf996a0b2ed90cd63394b6a?s=96&d=mm&r=g\",\"caption\":\"katherinedubourg\"},\"url\":\"https:\\\/\\\/paca.lpo.fr\\\/blogs\\\/nature-en-ville\\\/author\\\/katherinedubourg\\\/\"}]}<\/script>\n<!-- \/ Yoast SEO plugin. -->","yoast_head_json":{"title":"1 RUE AICARD TOULON et les martinets - Le blog de la nature en ville","robots":{"index":"index","follow":"follow","max-snippet":"max-snippet:-1","max-image-preview":"max-image-preview:large","max-video-preview":"max-video-preview:-1"},"canonical":"https:\/\/paca.lpo.fr\/blogs\/nature-en-ville\/2023\/06\/11\/1-rue-aicard-toulon-et-les-martinets\/","og_locale":"fr_FR","og_type":"article","og_title":"1 RUE AICARD TOULON et les martinets - Le blog de la nature en ville","og_description":"AVANT LES TRAVAUX Nid de martinets noirs suivi depuis 2018, toujours occup\u00e9 en 2020 et 2021. Il \u00e9tait situ\u00e9 \u00e0 l&rsquo;arri\u00e8re de la goutti\u00e8re dans une fissure. A Toulon, la r\u00e8glementation des travaux impose la prise en compte des nids de martinets, comme on peut le voir sur la d\u00e9claration pr\u00e9alable de travaux dans son [&hellip;]","og_url":"https:\/\/paca.lpo.fr\/blogs\/nature-en-ville\/2023\/06\/11\/1-rue-aicard-toulon-et-les-martinets\/","og_site_name":"Le blog de la nature en ville","article_published_time":"2023-06-11T07:46:17+00:00","article_modified_time":"2023-06-11T07:49:52+00:00","og_image":[{"width":920,"height":589,"url":"https:\/\/paca.lpo.fr\/blogs\/nature-en-ville\/files\/2023\/06\/les-halles-au-21-juin-2018.jpg","type":"image\/jpeg"}],"author":"katherinedubourg","twitter_card":"summary_large_image","twitter_misc":{"\u00c9crit par":"katherinedubourg","Dur\u00e9e de lecture estim\u00e9e":"1 minute"},"schema":{"@context":"https:\/\/schema.org","@graph":[{"@type":"Article","@id":"https:\/\/paca.lpo.fr\/blogs\/nature-en-ville\/2023\/06\/11\/1-rue-aicard-toulon-et-les-martinets\/#article","isPartOf":{"@id":"https:\/\/paca.lpo.fr\/blogs\/nature-en-ville\/2023\/06\/11\/1-rue-aicard-toulon-et-les-martinets\/"},"author":{"name":"katherinedubourg","@id":"https:\/\/paca.lpo.fr\/blogs\/nature-en-ville\/#\/schema\/person\/2154d7949f2c10ecada4433d15cf7884"},"headline":"1 RUE AICARD TOULON et les martinets","datePublished":"2023-06-11T07:46:17+00:00","dateModified":"2023-06-11T07:49:52+00:00","mainEntityOfPage":{"@id":"https:\/\/paca.lpo.fr\/blogs\/nature-en-ville\/2023\/06\/11\/1-rue-aicard-toulon-et-les-martinets\/"},"wordCount":222,"commentCount":3,"publisher":{"@id":"https:\/\/paca.lpo.fr\/blogs\/nature-en-ville\/#organization"},"image":{"@id":"https:\/\/paca.lpo.fr\/blogs\/nature-en-ville\/2023\/06\/11\/1-rue-aicard-toulon-et-les-martinets\/#primaryimage"},"thumbnailUrl":"https:\/\/paca.lpo.fr\/blogs\/nature-en-ville\/files\/2023\/06\/les-halles-au-21-juin-2018.jpg","articleSection":["LES MARTINETS ET LE BATI","LES VILLES QUI S'ENGAGENT"],"inLanguage":"fr-FR","potentialAction":[{"@type":"CommentAction","name":"Comment","target":["https:\/\/paca.lpo.fr\/blogs\/nature-en-ville\/2023\/06\/11\/1-rue-aicard-toulon-et-les-martinets\/#respond"]}]},{"@type":"WebPage","@id":"https:\/\/paca.lpo.fr\/blogs\/nature-en-ville\/2023\/06\/11\/1-rue-aicard-toulon-et-les-martinets\/","url":"https:\/\/paca.lpo.fr\/blogs\/nature-en-ville\/2023\/06\/11\/1-rue-aicard-toulon-et-les-martinets\/","name":"1 RUE AICARD TOULON et les martinets - Le blog de la nature en ville","isPartOf":{"@id":"https:\/\/paca.lpo.fr\/blogs\/nature-en-ville\/#website"},"primaryImageOfPage":{"@id":"https:\/\/paca.lpo.fr\/blogs\/nature-en-ville\/2023\/06\/11\/1-rue-aicard-toulon-et-les-martinets\/#primaryimage"},"image":{"@id":"https:\/\/paca.lpo.fr\/blogs\/nature-en-ville\/2023\/06\/11\/1-rue-aicard-toulon-et-les-martinets\/#primaryimage"},"thumbnailUrl":"https:\/\/paca.lpo.fr\/blogs\/nature-en-ville\/files\/2023\/06\/les-halles-au-21-juin-2018.jpg","datePublished":"2023-06-11T07:46:17+00:00","dateModified":"2023-06-11T07:49:52+00:00","breadcrumb":{"@id":"https:\/\/paca.lpo.fr\/blogs\/nature-en-ville\/2023\/06\/11\/1-rue-aicard-toulon-et-les-martinets\/#breadcrumb"},"inLanguage":"fr-FR","potentialAction":[{"@type":"ReadAction","target":["https:\/\/paca.lpo.fr\/blogs\/nature-en-ville\/2023\/06\/11\/1-rue-aicard-toulon-et-les-martinets\/"]}]},{"@type":"ImageObject","inLanguage":"fr-FR","@id":"https:\/\/paca.lpo.fr\/blogs\/nature-en-ville\/2023\/06\/11\/1-rue-aicard-toulon-et-les-martinets\/#primaryimage","url":"https:\/\/paca.lpo.fr\/blogs\/nature-en-ville\/files\/2023\/06\/les-halles-au-21-juin-2018.jpg","contentUrl":"https:\/\/paca.lpo.fr\/blogs\/nature-en-ville\/files\/2023\/06\/les-halles-au-21-juin-2018.jpg","width":920,"height":589},{"@type":"BreadcrumbList","@id":"https:\/\/paca.lpo.fr\/blogs\/nature-en-ville\/2023\/06\/11\/1-rue-aicard-toulon-et-les-martinets\/#breadcrumb","itemListElement":[{"@type":"ListItem","position":1,"name":"Accueil","item":"https:\/\/paca.lpo.fr\/blogs\/nature-en-ville\/"},{"@type":"ListItem","position":2,"name":"1 RUE AICARD TOULON et les martinets"}]},{"@type":"WebSite","@id":"https:\/\/paca.lpo.fr\/blogs\/nature-en-ville\/#website","url":"https:\/\/paca.lpo.fr\/blogs\/nature-en-ville\/","name":"Le blog de la nature en ville","description":"Le blog de la nature en ville","publisher":{"@id":"https:\/\/paca.lpo.fr\/blogs\/nature-en-ville\/#organization"},"potentialAction":[{"@type":"SearchAction","target":{"@type":"EntryPoint","urlTemplate":"https:\/\/paca.lpo.fr\/blogs\/nature-en-ville\/?s={search_term_string}"},"query-input":{"@type":"PropertyValueSpecification","valueRequired":true,"valueName":"search_term_string"}}],"inLanguage":"fr-FR"},{"@type":"Organization","@id":"https:\/\/paca.lpo.fr\/blogs\/nature-en-ville\/#organization","name":"Le blog de la nature en ville","url":"https:\/\/paca.lpo.fr\/blogs\/nature-en-ville\/","logo":{"@type":"ImageObject","inLanguage":"fr-FR","@id":"https:\/\/paca.lpo.fr\/blogs\/nature-en-ville\/#\/schema\/logo\/image\/","url":"https:\/\/paca.lpo.fr\/blogs\/nature-en-ville\/files\/2024\/01\/cropped-rvb-lpo-paca-logotype-signature-droite-mini-500.jpg","contentUrl":"https:\/\/paca.lpo.fr\/blogs\/nature-en-ville\/files\/2024\/01\/cropped-rvb-lpo-paca-logotype-signature-droite-mini-500.jpg","width":500,"height":210,"caption":"Le blog de la nature en ville"},"image":{"@id":"https:\/\/paca.lpo.fr\/blogs\/nature-en-ville\/#\/schema\/logo\/image\/"}},{"@type":"Person","@id":"https:\/\/paca.lpo.fr\/blogs\/nature-en-ville\/#\/schema\/person\/2154d7949f2c10ecada4433d15cf7884","name":"katherinedubourg","image":{"@type":"ImageObject","inLanguage":"fr-FR","@id":"https:\/\/secure.gravatar.com\/avatar\/669d7bfc42814b2e9ba5adde58008c6a97c8708e7cf996a0b2ed90cd63394b6a?s=96&d=mm&r=g","url":"https:\/\/secure.gravatar.com\/avatar\/669d7bfc42814b2e9ba5adde58008c6a97c8708e7cf996a0b2ed90cd63394b6a?s=96&d=mm&r=g","contentUrl":"https:\/\/secure.gravatar.com\/avatar\/669d7bfc42814b2e9ba5adde58008c6a97c8708e7cf996a0b2ed90cd63394b6a?s=96&d=mm&r=g","caption":"katherinedubourg"},"url":"https:\/\/paca.lpo.fr\/blogs\/nature-en-ville\/author\/katherinedubourg\/"}]}},"jetpack_featured_media_url":"https:\/\/paca.lpo.fr\/blogs\/nature-en-ville\/files\/2023\/06\/les-halles-au-21-juin-2018.jpg","_links":{"self":[{"href":"https:\/\/paca.lpo.fr\/blogs\/nature-en-ville\/wp-json\/wp\/v2\/posts\/572","targetHints":{"allow":["GET"]}}],"collection":[{"href":"https:\/\/paca.lpo.fr\/blogs\/nature-en-ville\/wp-json\/wp\/v2\/posts"}],"about":[{"href":"https:\/\/paca.lpo.fr\/blogs\/nature-en-ville\/wp-json\/wp\/v2\/types\/post"}],"author":[{"embeddable":true,"href":"https:\/\/paca.lpo.fr\/blogs\/nature-en-ville\/wp-json\/wp\/v2\/users\/124"}],"replies":[{"embeddable":true,"href":"https:\/\/paca.lpo.fr\/blogs\/nature-en-ville\/wp-json\/wp\/v2\/comments?post=572"}],"version-history":[{"count":2,"href":"https:\/\/paca.lpo.fr\/blogs\/nature-en-ville\/wp-json\/wp\/v2\/posts\/572\/revisions"}],"predecessor-version":[{"id":585,"href":"https:\/\/paca.lpo.fr\/blogs\/nature-en-ville\/wp-json\/wp\/v2\/posts\/572\/revisions\/585"}],"wp:featuredmedia":[{"embeddable":true,"href":"https:\/\/paca.lpo.fr\/blogs\/nature-en-ville\/wp-json\/wp\/v2\/media\/573"}],"wp:attachment":[{"href":"https:\/\/paca.lpo.fr\/blogs\/nature-en-ville\/wp-json\/wp\/v2\/media?parent=572"}],"wp:term":[{"taxonomy":"category","embeddable":true,"href":"https:\/\/paca.lpo.fr\/blogs\/nature-en-ville\/wp-json\/wp\/v2\/categories?post=572"},{"taxonomy":"post_tag","embeddable":true,"href":"https:\/\/paca.lpo.fr\/blogs\/nature-en-ville\/wp-json\/wp\/v2\/tags?post=572"}],"curies":[{"name":"wp","href":"https:\/\/api.w.org\/{rel}","templated":true}]}}