{"id":586,"date":"2023-06-12T18:09:46","date_gmt":"2023-06-12T16:09:46","guid":{"rendered":"https:\/\/paca.lpo.fr\/blogs\/nature-en-ville\/?p=586"},"modified":"2023-06-12T18:09:46","modified_gmt":"2023-06-12T16:09:46","slug":"occupation-nichoirs-artificiels-2023-cite-administrative-rue-de-lorgues-toulon","status":"publish","type":"post","link":"https:\/\/paca.lpo.fr\/blogs\/nature-en-ville\/2023\/06\/12\/occupation-nichoirs-artificiels-2023-cite-administrative-rue-de-lorgues-toulon\/","title":{"rendered":"Occupation nichoirs artificiels 2023 Cit\u00e9 administrative rue de Lorgues TOULON"},"content":{"rendered":"\n<p class=\"wp-block-paragraph\">La Cit\u00e9 administrative situ\u00e9e rue de Lorgues (en haut du Cours Lafayette) a fait l&rsquo;objet d&rsquo;importants travaux de toiture l&rsquo;an dernier.<\/p>\n\n\n\n<p class=\"wp-block-paragraph\">Dans l&rsquo;ensemble des b\u00e2timents, la pr\u00e9sence d&rsquo;une quinzaine de nids de martinets situ\u00e9s dans les combles et leurs conduits d&rsquo;acc\u00e8s a \u00e9t\u00e9 prise en compte. <\/p>\n\n\n<div class=\"wp-block-image is-style-default\">\n<figure class=\"aligncenter size-full is-resized\"><img loading=\"lazy\" decoding=\"async\" src=\"https:\/\/paca.lpo.fr\/blogs\/nature-en-ville\/files\/2023\/06\/20221012-trou-d-aeration-et-nid.jpg\" alt=\"\" class=\"wp-image-589\" width=\"372\" height=\"496\" srcset=\"https:\/\/paca.lpo.fr\/blogs\/nature-en-ville\/files\/2023\/06\/20221012-trou-d-aeration-et-nid.jpg 756w, https:\/\/paca.lpo.fr\/blogs\/nature-en-ville\/files\/2023\/06\/20221012-trou-d-aeration-et-nid-576x768.jpg 576w\" sizes=\"auto, (max-width: 372px) 100vw, 372px\" \/><\/figure>\n<\/div>\n\n\n<p class=\"wp-block-paragraph\">Afin \u00ab\u00a0d&rsquo;am\u00e9liorer l&rsquo;existant\u00a0\u00bb, il a \u00e9t\u00e9 d\u00e9cid\u00e9 d&rsquo;installer 10 nichoirs en b\u00e9ton de bois \u00e0 l&rsquo;arri\u00e8re de trous d&rsquo;a\u00e9ration dans des combles pratiquement inaccessibles d&rsquo;une des ailes du b\u00e2timent LORGUES AB. (photo ci-dessous) <\/p>\n\n\n<div class=\"wp-block-image\">\n<figure class=\"aligncenter size-full\"><img loading=\"lazy\" decoding=\"async\" width=\"1008\" height=\"756\" src=\"https:\/\/paca.lpo.fr\/blogs\/nature-en-ville\/files\/2023\/06\/20221012-093045-resized.jpg\" alt=\"\" class=\"wp-image-601\" srcset=\"https:\/\/paca.lpo.fr\/blogs\/nature-en-ville\/files\/2023\/06\/20221012-093045-resized.jpg 1008w, https:\/\/paca.lpo.fr\/blogs\/nature-en-ville\/files\/2023\/06\/20221012-093045-resized-768x576.jpg 768w\" sizes=\"auto, (max-width: 1008px) 100vw, 1008px\" \/><\/figure>\n<\/div>\n\n<div class=\"wp-block-image is-style-default\">\n<figure class=\"aligncenter size-full is-resized\"><img loading=\"lazy\" decoding=\"async\" src=\"https:\/\/paca.lpo.fr\/blogs\/nature-en-ville\/files\/2023\/06\/20221012-084811-1.jpg\" alt=\"\" class=\"wp-image-591\" width=\"488\" height=\"365\" srcset=\"https:\/\/paca.lpo.fr\/blogs\/nature-en-ville\/files\/2023\/06\/20221012-084811-1.jpg 1024w, https:\/\/paca.lpo.fr\/blogs\/nature-en-ville\/files\/2023\/06\/20221012-084811-1-768x576.jpg 768w\" sizes=\"auto, (max-width: 488px) 100vw, 488px\" \/><\/figure>\n<\/div>\n\n\n<p class=\"wp-block-paragraph\">Le grillage est un pi\u00e8ge mortel, voici ce qui se passe quand les oiseaux tentent de p\u00e9n\u00e9trer : <\/p>\n\n\n<div class=\"wp-block-image is-style-rounded\">\n<figure class=\"aligncenter size-full is-resized\"><img loading=\"lazy\" decoding=\"async\" src=\"https:\/\/paca.lpo.fr\/blogs\/nature-en-ville\/files\/2023\/06\/20221012-092608-resized.jpg\" alt=\"\" class=\"wp-image-590\" width=\"376\" height=\"281\" srcset=\"https:\/\/paca.lpo.fr\/blogs\/nature-en-ville\/files\/2023\/06\/20221012-092608-resized.jpg 1008w, https:\/\/paca.lpo.fr\/blogs\/nature-en-ville\/files\/2023\/06\/20221012-092608-resized-768x576.jpg 768w\" sizes=\"auto, (max-width: 376px) 100vw, 376px\" \/><\/figure>\n<\/div>\n\n\n<p class=\"wp-block-paragraph\">10 trous ont donc \u00e9t\u00e9 compl\u00e8tement d\u00e9barrass\u00e9s de ces pi\u00e8ges mortels.<\/p>\n\n\n\n<p class=\"wp-block-paragraph\">La DDTM insistait n\u00e9anmoins pour que ce grand local sous les toits soit toujours a\u00e9r\u00e9 et bien ventil\u00e9.<\/p>\n\n\n\n<p class=\"wp-block-paragraph\">Le fabricant de nichoirs a donc imagin\u00e9 des \u00ab\u00a0nichoirs ventil\u00e9s\u00a0\u00bb.<\/p>\n\n\n<div class=\"wp-block-image is-style-rounded\">\n<figure class=\"aligncenter size-full\"><img loading=\"lazy\" decoding=\"async\" width=\"394\" height=\"274\" src=\"https:\/\/paca.lpo.fr\/blogs\/nature-en-ville\/files\/2023\/06\/nichoir-special-ventile-nat-h.png\" alt=\"\" class=\"wp-image-592\" \/><\/figure>\n<\/div>\n\n\n<p class=\"wp-block-paragraph\">C&rsquo;est une premi\u00e8re, nous \u00e9tions curieux du r\u00e9sultat pour la saison 2023.<\/p>\n\n\n<div class=\"wp-block-image is-style-default\">\n<figure class=\"aligncenter size-full is-resized\"><img loading=\"lazy\" decoding=\"async\" src=\"https:\/\/paca.lpo.fr\/blogs\/nature-en-ville\/files\/2023\/06\/20221012-nichoirs-nat-h-cite-adm-toulon-lorgues.jpg\" alt=\"\" class=\"wp-image-594\" width=\"370\" height=\"277\" srcset=\"https:\/\/paca.lpo.fr\/blogs\/nature-en-ville\/files\/2023\/06\/20221012-nichoirs-nat-h-cite-adm-toulon-lorgues.jpg 1008w, https:\/\/paca.lpo.fr\/blogs\/nature-en-ville\/files\/2023\/06\/20221012-nichoirs-nat-h-cite-adm-toulon-lorgues-768x576.jpg 768w\" sizes=\"auto, (max-width: 370px) 100vw, 370px\" \/><\/figure>\n<\/div>\n\n\n<figure class=\"wp-block-image size-full\"><img loading=\"lazy\" decoding=\"async\" width=\"1008\" height=\"756\" src=\"https:\/\/paca.lpo.fr\/blogs\/nature-en-ville\/files\/2023\/06\/20221012-102254-resized.jpg\" alt=\"\" class=\"wp-image-600\" srcset=\"https:\/\/paca.lpo.fr\/blogs\/nature-en-ville\/files\/2023\/06\/20221012-102254-resized.jpg 1008w, https:\/\/paca.lpo.fr\/blogs\/nature-en-ville\/files\/2023\/06\/20221012-102254-resized-768x576.jpg 768w\" sizes=\"auto, (max-width: 1008px) 100vw, 1008px\" \/><\/figure>\n\n\n\n<p class=\"has-text-align-center has-subtle-background-background-color has-background wp-block-paragraph\"><strong>La bonne nouvelle, c&rsquo;est qu&rsquo;aujourd&rsquo;hui, le 12 juin 2023, entre 14h et 16h.<\/strong><\/p>\n\n\n\n<p class=\"has-text-align-center has-subtle-background-background-color has-background wp-block-paragraph\"><strong>CINQ DE CES NICHOIRS ETAIENT OCCUPES PAR DES MARTINETS NOIRS.<\/strong><\/p>\n\n\n\n<figure class=\"wp-block-image size-large\"><img loading=\"lazy\" decoding=\"async\" width=\"1024\" height=\"769\" src=\"https:\/\/paca.lpo.fr\/blogs\/nature-en-ville\/files\/2023\/06\/nichoirs-juin-2023-1024x769.gif\" alt=\"\" class=\"wp-image-596\" srcset=\"https:\/\/paca.lpo.fr\/blogs\/nature-en-ville\/files\/2023\/06\/nichoirs-juin-2023-1024x769.gif 1024w, https:\/\/paca.lpo.fr\/blogs\/nature-en-ville\/files\/2023\/06\/nichoirs-juin-2023-768x577.gif 768w\" sizes=\"auto, (max-width: 1024px) 100vw, 1024px\" \/><\/figure>\n\n\n\n<p class=\"has-text-align-center wp-block-paragraph\"><strong>En tout sur cette fa\u00e7ade :  5 nichoirs + 3 nids occup\u00e9s.<\/strong><\/p>\n\n\n\n<p class=\"has-text-align-center wp-block-paragraph\"><strong>8 couples de martinets, 5 de plus qu&rsquo;en 2022 !<\/strong><\/p>\n\n\n\n<figure class=\"wp-block-image size-full\"><img loading=\"lazy\" decoding=\"async\" width=\"1008\" height=\"756\" src=\"https:\/\/paca.lpo.fr\/blogs\/nature-en-ville\/files\/2023\/06\/20230612-143522-resized-1.jpg\" alt=\"\" class=\"wp-image-597\" srcset=\"https:\/\/paca.lpo.fr\/blogs\/nature-en-ville\/files\/2023\/06\/20230612-143522-resized-1.jpg 1008w, https:\/\/paca.lpo.fr\/blogs\/nature-en-ville\/files\/2023\/06\/20230612-143522-resized-1-768x576.jpg 768w\" sizes=\"auto, (max-width: 1008px) 100vw, 1008px\" \/><\/figure>\n\n\n<div class=\"wp-block-image\">\n<figure class=\"aligncenter size-full is-resized\"><img loading=\"lazy\" decoding=\"async\" src=\"https:\/\/paca.lpo.fr\/blogs\/nature-en-ville\/files\/2023\/06\/a-suivre.gif\" alt=\"\" class=\"wp-image-599\" width=\"317\" height=\"167\" \/><\/figure>\n<\/div>\n\n\n<p class=\"wp-block-paragraph\"><a href=\"mailto:Katherine.dubourg@yahoo.fr\">Katherine.dubourg@yahoo.fr<\/a><\/p>\n","protected":false},"excerpt":{"rendered":"<p>La Cit\u00e9 administrative situ\u00e9e rue de Lorgues (en haut du Cours Lafayette) a fait l&rsquo;objet d&rsquo;importants travaux de toiture l&rsquo;an dernier. Dans l&rsquo;ensemble des b\u00e2timents, la pr\u00e9sence d&rsquo;une quinzaine de nids de martinets situ\u00e9s dans les combles et leurs conduits d&rsquo;acc\u00e8s a \u00e9t\u00e9 prise en compte. Afin \u00ab\u00a0d&rsquo;am\u00e9liorer l&rsquo;existant\u00a0\u00bb, il a \u00e9t\u00e9 d\u00e9cid\u00e9 d&rsquo;installer 10 [&hellip;]<\/p>\n","protected":false},"author":124,"featured_media":602,"comment_status":"open","ping_status":"open","sticky":false,"template":"","format":"standard","meta":{"footnotes":""},"categories":[6,9],"tags":[],"class_list":["post-586","post","type-post","status-publish","format-standard","has-post-thumbnail","hentry","category-les-martinets-et-le-bati","category-les-villes-qui-sengagent"],"yoast_head":"<!-- This site is optimized with the Yoast SEO plugin v28.3 - https:\/\/yoast.com\/product\/yoast-seo-wordpress\/ -->\n<title>Occupation nichoirs artificiels 2023 Cit\u00e9 administrative rue de Lorgues TOULON - Le blog de la nature en ville<\/title>\n<meta name=\"robots\" content=\"index, follow, max-snippet:-1, max-image-preview:large, max-video-preview:-1\" \/>\n<link rel=\"canonical\" href=\"https:\/\/paca.lpo.fr\/blogs\/nature-en-ville\/2023\/06\/12\/occupation-nichoirs-artificiels-2023-cite-administrative-rue-de-lorgues-toulon\/\" \/>\n<meta property=\"og:locale\" content=\"fr_FR\" \/>\n<meta property=\"og:type\" content=\"article\" \/>\n<meta property=\"og:title\" content=\"Occupation nichoirs artificiels 2023 Cit\u00e9 administrative rue de Lorgues TOULON - Le blog de la nature en ville\" \/>\n<meta property=\"og:description\" content=\"La Cit\u00e9 administrative situ\u00e9e rue de Lorgues (en haut du Cours Lafayette) a fait l&rsquo;objet d&rsquo;importants travaux de toiture l&rsquo;an dernier. Dans l&rsquo;ensemble des b\u00e2timents, la pr\u00e9sence d&rsquo;une quinzaine de nids de martinets situ\u00e9s dans les combles et leurs conduits d&rsquo;acc\u00e8s a \u00e9t\u00e9 prise en compte. Afin \u00ab\u00a0d&rsquo;am\u00e9liorer l&rsquo;existant\u00a0\u00bb, il a \u00e9t\u00e9 d\u00e9cid\u00e9 d&rsquo;installer 10 [&hellip;]\" \/>\n<meta property=\"og:url\" content=\"https:\/\/paca.lpo.fr\/blogs\/nature-en-ville\/2023\/06\/12\/occupation-nichoirs-artificiels-2023-cite-administrative-rue-de-lorgues-toulon\/\" \/>\n<meta property=\"og:site_name\" content=\"Le blog de la nature en ville\" \/>\n<meta property=\"article:published_time\" content=\"2023-06-12T16:09:46+00:00\" \/>\n<meta property=\"og:image\" content=\"https:\/\/paca.lpo.fr\/blogs\/nature-en-ville\/files\/2023\/06\/rue-de-lorgues.jpg\" \/>\n\t<meta property=\"og:image:width\" content=\"767\" \/>\n\t<meta property=\"og:image:height\" content=\"540\" \/>\n\t<meta property=\"og:image:type\" content=\"image\/jpeg\" \/>\n<meta name=\"author\" content=\"katherinedubourg\" \/>\n<meta name=\"twitter:card\" content=\"summary_large_image\" \/>\n<meta name=\"twitter:label1\" content=\"\u00c9crit par\" \/>\n\t<meta name=\"twitter:data1\" content=\"katherinedubourg\" \/>\n\t<meta name=\"twitter:label2\" content=\"Dur\u00e9e de lecture estim\u00e9e\" \/>\n\t<meta name=\"twitter:data2\" content=\"1 minute\" \/>\n<script type=\"application\/ld+json\" class=\"yoast-schema-graph\">{\"@context\":\"https:\\\/\\\/schema.org\",\"@graph\":[{\"@type\":\"Article\",\"@id\":\"https:\\\/\\\/paca.lpo.fr\\\/blogs\\\/nature-en-ville\\\/2023\\\/06\\\/12\\\/occupation-nichoirs-artificiels-2023-cite-administrative-rue-de-lorgues-toulon\\\/#article\",\"isPartOf\":{\"@id\":\"https:\\\/\\\/paca.lpo.fr\\\/blogs\\\/nature-en-ville\\\/2023\\\/06\\\/12\\\/occupation-nichoirs-artificiels-2023-cite-administrative-rue-de-lorgues-toulon\\\/\"},\"author\":{\"name\":\"katherinedubourg\",\"@id\":\"https:\\\/\\\/paca.lpo.fr\\\/blogs\\\/nature-en-ville\\\/#\\\/schema\\\/person\\\/2154d7949f2c10ecada4433d15cf7884\"},\"headline\":\"Occupation nichoirs artificiels 2023 Cit\u00e9 administrative rue de Lorgues TOULON\",\"datePublished\":\"2023-06-12T16:09:46+00:00\",\"mainEntityOfPage\":{\"@id\":\"https:\\\/\\\/paca.lpo.fr\\\/blogs\\\/nature-en-ville\\\/2023\\\/06\\\/12\\\/occupation-nichoirs-artificiels-2023-cite-administrative-rue-de-lorgues-toulon\\\/\"},\"wordCount\":233,\"commentCount\":2,\"publisher\":{\"@id\":\"https:\\\/\\\/paca.lpo.fr\\\/blogs\\\/nature-en-ville\\\/#organization\"},\"image\":{\"@id\":\"https:\\\/\\\/paca.lpo.fr\\\/blogs\\\/nature-en-ville\\\/2023\\\/06\\\/12\\\/occupation-nichoirs-artificiels-2023-cite-administrative-rue-de-lorgues-toulon\\\/#primaryimage\"},\"thumbnailUrl\":\"https:\\\/\\\/paca.lpo.fr\\\/blogs\\\/nature-en-ville\\\/files\\\/2023\\\/06\\\/rue-de-lorgues.jpg\",\"articleSection\":[\"LES MARTINETS ET LE BATI\",\"LES VILLES QUI S'ENGAGENT\"],\"inLanguage\":\"fr-FR\",\"potentialAction\":[{\"@type\":\"CommentAction\",\"name\":\"Comment\",\"target\":[\"https:\\\/\\\/paca.lpo.fr\\\/blogs\\\/nature-en-ville\\\/2023\\\/06\\\/12\\\/occupation-nichoirs-artificiels-2023-cite-administrative-rue-de-lorgues-toulon\\\/#respond\"]}]},{\"@type\":\"WebPage\",\"@id\":\"https:\\\/\\\/paca.lpo.fr\\\/blogs\\\/nature-en-ville\\\/2023\\\/06\\\/12\\\/occupation-nichoirs-artificiels-2023-cite-administrative-rue-de-lorgues-toulon\\\/\",\"url\":\"https:\\\/\\\/paca.lpo.fr\\\/blogs\\\/nature-en-ville\\\/2023\\\/06\\\/12\\\/occupation-nichoirs-artificiels-2023-cite-administrative-rue-de-lorgues-toulon\\\/\",\"name\":\"Occupation nichoirs artificiels 2023 Cit\u00e9 administrative rue de Lorgues TOULON - Le blog de la nature en ville\",\"isPartOf\":{\"@id\":\"https:\\\/\\\/paca.lpo.fr\\\/blogs\\\/nature-en-ville\\\/#website\"},\"primaryImageOfPage\":{\"@id\":\"https:\\\/\\\/paca.lpo.fr\\\/blogs\\\/nature-en-ville\\\/2023\\\/06\\\/12\\\/occupation-nichoirs-artificiels-2023-cite-administrative-rue-de-lorgues-toulon\\\/#primaryimage\"},\"image\":{\"@id\":\"https:\\\/\\\/paca.lpo.fr\\\/blogs\\\/nature-en-ville\\\/2023\\\/06\\\/12\\\/occupation-nichoirs-artificiels-2023-cite-administrative-rue-de-lorgues-toulon\\\/#primaryimage\"},\"thumbnailUrl\":\"https:\\\/\\\/paca.lpo.fr\\\/blogs\\\/nature-en-ville\\\/files\\\/2023\\\/06\\\/rue-de-lorgues.jpg\",\"datePublished\":\"2023-06-12T16:09:46+00:00\",\"breadcrumb\":{\"@id\":\"https:\\\/\\\/paca.lpo.fr\\\/blogs\\\/nature-en-ville\\\/2023\\\/06\\\/12\\\/occupation-nichoirs-artificiels-2023-cite-administrative-rue-de-lorgues-toulon\\\/#breadcrumb\"},\"inLanguage\":\"fr-FR\",\"potentialAction\":[{\"@type\":\"ReadAction\",\"target\":[\"https:\\\/\\\/paca.lpo.fr\\\/blogs\\\/nature-en-ville\\\/2023\\\/06\\\/12\\\/occupation-nichoirs-artificiels-2023-cite-administrative-rue-de-lorgues-toulon\\\/\"]}]},{\"@type\":\"ImageObject\",\"inLanguage\":\"fr-FR\",\"@id\":\"https:\\\/\\\/paca.lpo.fr\\\/blogs\\\/nature-en-ville\\\/2023\\\/06\\\/12\\\/occupation-nichoirs-artificiels-2023-cite-administrative-rue-de-lorgues-toulon\\\/#primaryimage\",\"url\":\"https:\\\/\\\/paca.lpo.fr\\\/blogs\\\/nature-en-ville\\\/files\\\/2023\\\/06\\\/rue-de-lorgues.jpg\",\"contentUrl\":\"https:\\\/\\\/paca.lpo.fr\\\/blogs\\\/nature-en-ville\\\/files\\\/2023\\\/06\\\/rue-de-lorgues.jpg\",\"width\":767,\"height\":540},{\"@type\":\"BreadcrumbList\",\"@id\":\"https:\\\/\\\/paca.lpo.fr\\\/blogs\\\/nature-en-ville\\\/2023\\\/06\\\/12\\\/occupation-nichoirs-artificiels-2023-cite-administrative-rue-de-lorgues-toulon\\\/#breadcrumb\",\"itemListElement\":[{\"@type\":\"ListItem\",\"position\":1,\"name\":\"Accueil\",\"item\":\"https:\\\/\\\/paca.lpo.fr\\\/blogs\\\/nature-en-ville\\\/\"},{\"@type\":\"ListItem\",\"position\":2,\"name\":\"Occupation nichoirs artificiels 2023 Cit\u00e9 administrative rue de Lorgues TOULON\"}]},{\"@type\":\"WebSite\",\"@id\":\"https:\\\/\\\/paca.lpo.fr\\\/blogs\\\/nature-en-ville\\\/#website\",\"url\":\"https:\\\/\\\/paca.lpo.fr\\\/blogs\\\/nature-en-ville\\\/\",\"name\":\"Le blog de la nature en ville\",\"description\":\"Le blog de la nature en ville\",\"publisher\":{\"@id\":\"https:\\\/\\\/paca.lpo.fr\\\/blogs\\\/nature-en-ville\\\/#organization\"},\"potentialAction\":[{\"@type\":\"SearchAction\",\"target\":{\"@type\":\"EntryPoint\",\"urlTemplate\":\"https:\\\/\\\/paca.lpo.fr\\\/blogs\\\/nature-en-ville\\\/?s={search_term_string}\"},\"query-input\":{\"@type\":\"PropertyValueSpecification\",\"valueRequired\":true,\"valueName\":\"search_term_string\"}}],\"inLanguage\":\"fr-FR\"},{\"@type\":\"Organization\",\"@id\":\"https:\\\/\\\/paca.lpo.fr\\\/blogs\\\/nature-en-ville\\\/#organization\",\"name\":\"Le blog de la nature en ville\",\"url\":\"https:\\\/\\\/paca.lpo.fr\\\/blogs\\\/nature-en-ville\\\/\",\"logo\":{\"@type\":\"ImageObject\",\"inLanguage\":\"fr-FR\",\"@id\":\"https:\\\/\\\/paca.lpo.fr\\\/blogs\\\/nature-en-ville\\\/#\\\/schema\\\/logo\\\/image\\\/\",\"url\":\"https:\\\/\\\/paca.lpo.fr\\\/blogs\\\/nature-en-ville\\\/files\\\/2024\\\/01\\\/cropped-rvb-lpo-paca-logotype-signature-droite-mini-500.jpg\",\"contentUrl\":\"https:\\\/\\\/paca.lpo.fr\\\/blogs\\\/nature-en-ville\\\/files\\\/2024\\\/01\\\/cropped-rvb-lpo-paca-logotype-signature-droite-mini-500.jpg\",\"width\":500,\"height\":210,\"caption\":\"Le blog de la nature en ville\"},\"image\":{\"@id\":\"https:\\\/\\\/paca.lpo.fr\\\/blogs\\\/nature-en-ville\\\/#\\\/schema\\\/logo\\\/image\\\/\"}},{\"@type\":\"Person\",\"@id\":\"https:\\\/\\\/paca.lpo.fr\\\/blogs\\\/nature-en-ville\\\/#\\\/schema\\\/person\\\/2154d7949f2c10ecada4433d15cf7884\",\"name\":\"katherinedubourg\",\"image\":{\"@type\":\"ImageObject\",\"inLanguage\":\"fr-FR\",\"@id\":\"https:\\\/\\\/secure.gravatar.com\\\/avatar\\\/669d7bfc42814b2e9ba5adde58008c6a97c8708e7cf996a0b2ed90cd63394b6a?s=96&d=mm&r=g\",\"url\":\"https:\\\/\\\/secure.gravatar.com\\\/avatar\\\/669d7bfc42814b2e9ba5adde58008c6a97c8708e7cf996a0b2ed90cd63394b6a?s=96&d=mm&r=g\",\"contentUrl\":\"https:\\\/\\\/secure.gravatar.com\\\/avatar\\\/669d7bfc42814b2e9ba5adde58008c6a97c8708e7cf996a0b2ed90cd63394b6a?s=96&d=mm&r=g\",\"caption\":\"katherinedubourg\"},\"url\":\"https:\\\/\\\/paca.lpo.fr\\\/blogs\\\/nature-en-ville\\\/author\\\/katherinedubourg\\\/\"}]}<\/script>\n<!-- \/ Yoast SEO plugin. -->","yoast_head_json":{"title":"Occupation nichoirs artificiels 2023 Cit\u00e9 administrative rue de Lorgues TOULON - Le blog de la nature en ville","robots":{"index":"index","follow":"follow","max-snippet":"max-snippet:-1","max-image-preview":"max-image-preview:large","max-video-preview":"max-video-preview:-1"},"canonical":"https:\/\/paca.lpo.fr\/blogs\/nature-en-ville\/2023\/06\/12\/occupation-nichoirs-artificiels-2023-cite-administrative-rue-de-lorgues-toulon\/","og_locale":"fr_FR","og_type":"article","og_title":"Occupation nichoirs artificiels 2023 Cit\u00e9 administrative rue de Lorgues TOULON - Le blog de la nature en ville","og_description":"La Cit\u00e9 administrative situ\u00e9e rue de Lorgues (en haut du Cours Lafayette) a fait l&rsquo;objet d&rsquo;importants travaux de toiture l&rsquo;an dernier. Dans l&rsquo;ensemble des b\u00e2timents, la pr\u00e9sence d&rsquo;une quinzaine de nids de martinets situ\u00e9s dans les combles et leurs conduits d&rsquo;acc\u00e8s a \u00e9t\u00e9 prise en compte. Afin \u00ab\u00a0d&rsquo;am\u00e9liorer l&rsquo;existant\u00a0\u00bb, il a \u00e9t\u00e9 d\u00e9cid\u00e9 d&rsquo;installer 10 [&hellip;]","og_url":"https:\/\/paca.lpo.fr\/blogs\/nature-en-ville\/2023\/06\/12\/occupation-nichoirs-artificiels-2023-cite-administrative-rue-de-lorgues-toulon\/","og_site_name":"Le blog de la nature en ville","article_published_time":"2023-06-12T16:09:46+00:00","og_image":[{"width":767,"height":540,"url":"https:\/\/paca.lpo.fr\/blogs\/nature-en-ville\/files\/2023\/06\/rue-de-lorgues.jpg","type":"image\/jpeg"}],"author":"katherinedubourg","twitter_card":"summary_large_image","twitter_misc":{"\u00c9crit par":"katherinedubourg","Dur\u00e9e de lecture estim\u00e9e":"1 minute"},"schema":{"@context":"https:\/\/schema.org","@graph":[{"@type":"Article","@id":"https:\/\/paca.lpo.fr\/blogs\/nature-en-ville\/2023\/06\/12\/occupation-nichoirs-artificiels-2023-cite-administrative-rue-de-lorgues-toulon\/#article","isPartOf":{"@id":"https:\/\/paca.lpo.fr\/blogs\/nature-en-ville\/2023\/06\/12\/occupation-nichoirs-artificiels-2023-cite-administrative-rue-de-lorgues-toulon\/"},"author":{"name":"katherinedubourg","@id":"https:\/\/paca.lpo.fr\/blogs\/nature-en-ville\/#\/schema\/person\/2154d7949f2c10ecada4433d15cf7884"},"headline":"Occupation nichoirs artificiels 2023 Cit\u00e9 administrative rue de Lorgues TOULON","datePublished":"2023-06-12T16:09:46+00:00","mainEntityOfPage":{"@id":"https:\/\/paca.lpo.fr\/blogs\/nature-en-ville\/2023\/06\/12\/occupation-nichoirs-artificiels-2023-cite-administrative-rue-de-lorgues-toulon\/"},"wordCount":233,"commentCount":2,"publisher":{"@id":"https:\/\/paca.lpo.fr\/blogs\/nature-en-ville\/#organization"},"image":{"@id":"https:\/\/paca.lpo.fr\/blogs\/nature-en-ville\/2023\/06\/12\/occupation-nichoirs-artificiels-2023-cite-administrative-rue-de-lorgues-toulon\/#primaryimage"},"thumbnailUrl":"https:\/\/paca.lpo.fr\/blogs\/nature-en-ville\/files\/2023\/06\/rue-de-lorgues.jpg","articleSection":["LES MARTINETS ET LE BATI","LES VILLES QUI S'ENGAGENT"],"inLanguage":"fr-FR","potentialAction":[{"@type":"CommentAction","name":"Comment","target":["https:\/\/paca.lpo.fr\/blogs\/nature-en-ville\/2023\/06\/12\/occupation-nichoirs-artificiels-2023-cite-administrative-rue-de-lorgues-toulon\/#respond"]}]},{"@type":"WebPage","@id":"https:\/\/paca.lpo.fr\/blogs\/nature-en-ville\/2023\/06\/12\/occupation-nichoirs-artificiels-2023-cite-administrative-rue-de-lorgues-toulon\/","url":"https:\/\/paca.lpo.fr\/blogs\/nature-en-ville\/2023\/06\/12\/occupation-nichoirs-artificiels-2023-cite-administrative-rue-de-lorgues-toulon\/","name":"Occupation nichoirs artificiels 2023 Cit\u00e9 administrative rue de Lorgues TOULON - Le blog de la nature en ville","isPartOf":{"@id":"https:\/\/paca.lpo.fr\/blogs\/nature-en-ville\/#website"},"primaryImageOfPage":{"@id":"https:\/\/paca.lpo.fr\/blogs\/nature-en-ville\/2023\/06\/12\/occupation-nichoirs-artificiels-2023-cite-administrative-rue-de-lorgues-toulon\/#primaryimage"},"image":{"@id":"https:\/\/paca.lpo.fr\/blogs\/nature-en-ville\/2023\/06\/12\/occupation-nichoirs-artificiels-2023-cite-administrative-rue-de-lorgues-toulon\/#primaryimage"},"thumbnailUrl":"https:\/\/paca.lpo.fr\/blogs\/nature-en-ville\/files\/2023\/06\/rue-de-lorgues.jpg","datePublished":"2023-06-12T16:09:46+00:00","breadcrumb":{"@id":"https:\/\/paca.lpo.fr\/blogs\/nature-en-ville\/2023\/06\/12\/occupation-nichoirs-artificiels-2023-cite-administrative-rue-de-lorgues-toulon\/#breadcrumb"},"inLanguage":"fr-FR","potentialAction":[{"@type":"ReadAction","target":["https:\/\/paca.lpo.fr\/blogs\/nature-en-ville\/2023\/06\/12\/occupation-nichoirs-artificiels-2023-cite-administrative-rue-de-lorgues-toulon\/"]}]},{"@type":"ImageObject","inLanguage":"fr-FR","@id":"https:\/\/paca.lpo.fr\/blogs\/nature-en-ville\/2023\/06\/12\/occupation-nichoirs-artificiels-2023-cite-administrative-rue-de-lorgues-toulon\/#primaryimage","url":"https:\/\/paca.lpo.fr\/blogs\/nature-en-ville\/files\/2023\/06\/rue-de-lorgues.jpg","contentUrl":"https:\/\/paca.lpo.fr\/blogs\/nature-en-ville\/files\/2023\/06\/rue-de-lorgues.jpg","width":767,"height":540},{"@type":"BreadcrumbList","@id":"https:\/\/paca.lpo.fr\/blogs\/nature-en-ville\/2023\/06\/12\/occupation-nichoirs-artificiels-2023-cite-administrative-rue-de-lorgues-toulon\/#breadcrumb","itemListElement":[{"@type":"ListItem","position":1,"name":"Accueil","item":"https:\/\/paca.lpo.fr\/blogs\/nature-en-ville\/"},{"@type":"ListItem","position":2,"name":"Occupation nichoirs artificiels 2023 Cit\u00e9 administrative rue de Lorgues TOULON"}]},{"@type":"WebSite","@id":"https:\/\/paca.lpo.fr\/blogs\/nature-en-ville\/#website","url":"https:\/\/paca.lpo.fr\/blogs\/nature-en-ville\/","name":"Le blog de la nature en ville","description":"Le blog de la nature en ville","publisher":{"@id":"https:\/\/paca.lpo.fr\/blogs\/nature-en-ville\/#organization"},"potentialAction":[{"@type":"SearchAction","target":{"@type":"EntryPoint","urlTemplate":"https:\/\/paca.lpo.fr\/blogs\/nature-en-ville\/?s={search_term_string}"},"query-input":{"@type":"PropertyValueSpecification","valueRequired":true,"valueName":"search_term_string"}}],"inLanguage":"fr-FR"},{"@type":"Organization","@id":"https:\/\/paca.lpo.fr\/blogs\/nature-en-ville\/#organization","name":"Le blog de la nature en ville","url":"https:\/\/paca.lpo.fr\/blogs\/nature-en-ville\/","logo":{"@type":"ImageObject","inLanguage":"fr-FR","@id":"https:\/\/paca.lpo.fr\/blogs\/nature-en-ville\/#\/schema\/logo\/image\/","url":"https:\/\/paca.lpo.fr\/blogs\/nature-en-ville\/files\/2024\/01\/cropped-rvb-lpo-paca-logotype-signature-droite-mini-500.jpg","contentUrl":"https:\/\/paca.lpo.fr\/blogs\/nature-en-ville\/files\/2024\/01\/cropped-rvb-lpo-paca-logotype-signature-droite-mini-500.jpg","width":500,"height":210,"caption":"Le blog de la nature en ville"},"image":{"@id":"https:\/\/paca.lpo.fr\/blogs\/nature-en-ville\/#\/schema\/logo\/image\/"}},{"@type":"Person","@id":"https:\/\/paca.lpo.fr\/blogs\/nature-en-ville\/#\/schema\/person\/2154d7949f2c10ecada4433d15cf7884","name":"katherinedubourg","image":{"@type":"ImageObject","inLanguage":"fr-FR","@id":"https:\/\/secure.gravatar.com\/avatar\/669d7bfc42814b2e9ba5adde58008c6a97c8708e7cf996a0b2ed90cd63394b6a?s=96&d=mm&r=g","url":"https:\/\/secure.gravatar.com\/avatar\/669d7bfc42814b2e9ba5adde58008c6a97c8708e7cf996a0b2ed90cd63394b6a?s=96&d=mm&r=g","contentUrl":"https:\/\/secure.gravatar.com\/avatar\/669d7bfc42814b2e9ba5adde58008c6a97c8708e7cf996a0b2ed90cd63394b6a?s=96&d=mm&r=g","caption":"katherinedubourg"},"url":"https:\/\/paca.lpo.fr\/blogs\/nature-en-ville\/author\/katherinedubourg\/"}]}},"jetpack_featured_media_url":"https:\/\/paca.lpo.fr\/blogs\/nature-en-ville\/files\/2023\/06\/rue-de-lorgues.jpg","_links":{"self":[{"href":"https:\/\/paca.lpo.fr\/blogs\/nature-en-ville\/wp-json\/wp\/v2\/posts\/586","targetHints":{"allow":["GET"]}}],"collection":[{"href":"https:\/\/paca.lpo.fr\/blogs\/nature-en-ville\/wp-json\/wp\/v2\/posts"}],"about":[{"href":"https:\/\/paca.lpo.fr\/blogs\/nature-en-ville\/wp-json\/wp\/v2\/types\/post"}],"author":[{"embeddable":true,"href":"https:\/\/paca.lpo.fr\/blogs\/nature-en-ville\/wp-json\/wp\/v2\/users\/124"}],"replies":[{"embeddable":true,"href":"https:\/\/paca.lpo.fr\/blogs\/nature-en-ville\/wp-json\/wp\/v2\/comments?post=586"}],"version-history":[{"count":3,"href":"https:\/\/paca.lpo.fr\/blogs\/nature-en-ville\/wp-json\/wp\/v2\/posts\/586\/revisions"}],"predecessor-version":[{"id":603,"href":"https:\/\/paca.lpo.fr\/blogs\/nature-en-ville\/wp-json\/wp\/v2\/posts\/586\/revisions\/603"}],"wp:featuredmedia":[{"embeddable":true,"href":"https:\/\/paca.lpo.fr\/blogs\/nature-en-ville\/wp-json\/wp\/v2\/media\/602"}],"wp:attachment":[{"href":"https:\/\/paca.lpo.fr\/blogs\/nature-en-ville\/wp-json\/wp\/v2\/media?parent=586"}],"wp:term":[{"taxonomy":"category","embeddable":true,"href":"https:\/\/paca.lpo.fr\/blogs\/nature-en-ville\/wp-json\/wp\/v2\/categories?post=586"},{"taxonomy":"post_tag","embeddable":true,"href":"https:\/\/paca.lpo.fr\/blogs\/nature-en-ville\/wp-json\/wp\/v2\/tags?post=586"}],"curies":[{"name":"wp","href":"https:\/\/api.w.org\/{rel}","templated":true}]}}