{"id":619,"date":"2023-06-30T12:48:29","date_gmt":"2023-06-30T10:48:29","guid":{"rendered":"https:\/\/paca.lpo.fr\/blogs\/nature-en-ville\/?p=619"},"modified":"2023-07-03T17:28:04","modified_gmt":"2023-07-03T15:28:04","slug":"six-nouveaux-nichoirs-integres-rue-laugier-toulon","status":"publish","type":"post","link":"https:\/\/paca.lpo.fr\/blogs\/nature-en-ville\/2023\/06\/30\/six-nouveaux-nichoirs-integres-rue-laugier-toulon\/","title":{"rendered":"SIX NOUVEAUX NICHOIRS INTEGRES MARTINETS 2 Place Gambetta  (TOULON)"},"content":{"rendered":"\n<p class=\"wp-block-paragraph\"><\/p>\n\n\n\n<p class=\"wp-block-paragraph\">Un b\u00e2timent rep\u00e9r\u00e9 (et suivi) par l&rsquo;\u00e9quipe martinets de Toulon depuis 2016. <\/p>\n\n\n\n<p class=\"has-text-align-center wp-block-paragraph\"><strong>ERWAN PUB 2, Place Gambetta (CN 0545)<\/strong><\/p>\n\n\n\n<p class=\"wp-block-paragraph\">Bien d\u00e9grad\u00e9 et en piteux \u00e9tat, le b\u00e2timent accueillait tout de m\u00eame \u00ab\u00a0sous son toit\u00a0\u00bb <strong>6 couples de martinets <\/strong> (entre tuiles et goutti\u00e8res, et trous de boulin)<\/p>\n\n\n\n<figure class=\"wp-block-gallery has-nested-images columns-default is-cropped wp-block-gallery-1 is-layout-flex wp-block-gallery-is-layout-flex\">\n<figure class=\"wp-block-image size-large\"><img loading=\"lazy\" decoding=\"async\" width=\"614\" height=\"1024\" data-id=\"621\" src=\"https:\/\/paca.lpo.fr\/blogs\/nature-en-ville\/files\/2023\/06\/img-20210513-wa0001.jpg\" alt=\"\" class=\"wp-image-621\" srcset=\"https:\/\/paca.lpo.fr\/blogs\/nature-en-ville\/files\/2023\/06\/img-20210513-wa0001.jpg 614w, https:\/\/paca.lpo.fr\/blogs\/nature-en-ville\/files\/2023\/06\/img-20210513-wa0001-461x768.jpg 461w\" sizes=\"auto, (max-width: 614px) 100vw, 614px\" \/><figcaption class=\"wp-element-caption\">2016<\/figcaption><\/figure>\n\n\n\n<figure class=\"wp-block-image size-large\"><img loading=\"lazy\" decoding=\"async\" width=\"577\" height=\"1024\" data-id=\"620\" src=\"https:\/\/paca.lpo.fr\/blogs\/nature-en-ville\/files\/2023\/06\/2-pl-gambetta-cn-0545-2019-nids-pub-evan-s.jpg\" alt=\"\" class=\"wp-image-620\" srcset=\"https:\/\/paca.lpo.fr\/blogs\/nature-en-ville\/files\/2023\/06\/2-pl-gambetta-cn-0545-2019-nids-pub-evan-s.jpg 577w, https:\/\/paca.lpo.fr\/blogs\/nature-en-ville\/files\/2023\/06\/2-pl-gambetta-cn-0545-2019-nids-pub-evan-s-433x768.jpg 433w\" sizes=\"auto, (max-width: 577px) 100vw, 577px\" \/><figcaption class=\"wp-element-caption\">2017<\/figcaption><\/figure>\n<\/figure>\n\n\n\n<p class=\"wp-block-paragraph\">Des travaux de r\u00e9novation, pr\u00e9vus depuis plusieurs ann\u00e9es, ont commenc\u00e9 en 2022.<\/p>\n\n\n\n<p class=\"wp-block-paragraph\">Aussit\u00f4t, un contact a \u00e9t\u00e9 pris avec le MO et l&rsquo;entreprise BARRESI CONSTRUCTION, SARL DJABAR ainsi que VAR AMENAGEMENT DEVELOPPEMENT.<\/p>\n\n\n\n<p class=\"has-text-align-center has-subtle-background-background-color has-background wp-block-paragraph\"><strong>Afin de redonner la place aux martinets priv\u00e9s de leurs habitats, il a \u00e9t\u00e9 convenu d&rsquo;int\u00e9grer dans 2 murs de fa\u00e7ades, 6 nichoirs en b\u00e9ton de bois (NAT&rsquo;H)<\/strong><\/p>\n\n\n\n<p class=\"has-text-align-center has-subtle-background-background-color has-background wp-block-paragraph\"><strong>2 c\u00f4t\u00e9 Place Gambetta et 4 c\u00f4t\u00e9 Rue Laugier.<\/strong><\/p>\n\n\n<div class=\"wp-block-image\">\n<figure class=\"aligncenter size-full\"><img loading=\"lazy\" decoding=\"async\" width=\"1024\" height=\"744\" src=\"https:\/\/paca.lpo.fr\/blogs\/nature-en-ville\/files\/2023\/06\/plans-entreprise-pose-nichoirs-janv-22-a.jpg\" alt=\"\" class=\"wp-image-622\" srcset=\"https:\/\/paca.lpo.fr\/blogs\/nature-en-ville\/files\/2023\/06\/plans-entreprise-pose-nichoirs-janv-22-a.jpg 1024w, https:\/\/paca.lpo.fr\/blogs\/nature-en-ville\/files\/2023\/06\/plans-entreprise-pose-nichoirs-janv-22-a-768x558.jpg 768w\" sizes=\"auto, (max-width: 1024px) 100vw, 1024px\" \/><\/figure>\n<\/div>\n\n<div class=\"wp-block-image is-style-rounded\">\n<figure class=\"aligncenter size-full is-resized\"><img loading=\"lazy\" decoding=\"async\" src=\"https:\/\/paca.lpo.fr\/blogs\/nature-en-ville\/files\/2023\/07\/nichoir-nath-martinet-noir.png\" alt=\"\" class=\"wp-image-637\" width=\"524\" height=\"301\" \/><\/figure>\n<\/div>\n\n\n<p class=\"has-text-align-center wp-block-paragraph\">Le chantier est termin\u00e9, et les nichoirs n&rsquo;attendent plus que leurs occupants.<\/p>\n\n\n\n<figure class=\"wp-block-gallery has-nested-images columns-default is-cropped wp-block-gallery-2 is-layout-flex wp-block-gallery-is-layout-flex\">\n<figure class=\"wp-block-image size-large is-style-default\"><img loading=\"lazy\" decoding=\"async\" width=\"576\" height=\"768\" data-id=\"625\" src=\"https:\/\/paca.lpo.fr\/blogs\/nature-en-ville\/files\/2023\/06\/20230509-nichoirs-integres-blog-a.jpg\" alt=\"\" class=\"wp-image-625\" \/><\/figure>\n<\/figure>\n\n\n\n<figure class=\"wp-block-gallery has-nested-images columns-default is-cropped wp-block-gallery-3 is-layout-flex wp-block-gallery-is-layout-flex\">\n<figure class=\"wp-block-image size-large\"><img loading=\"lazy\" decoding=\"async\" width=\"1024\" height=\"768\" data-id=\"627\" src=\"https:\/\/paca.lpo.fr\/blogs\/nature-en-ville\/files\/2023\/06\/20230629-102822.jpg\" alt=\"\" class=\"wp-image-627\" srcset=\"https:\/\/paca.lpo.fr\/blogs\/nature-en-ville\/files\/2023\/06\/20230629-102822.jpg 1024w, https:\/\/paca.lpo.fr\/blogs\/nature-en-ville\/files\/2023\/06\/20230629-102822-768x576.jpg 768w\" sizes=\"auto, (max-width: 1024px) 100vw, 1024px\" \/><figcaption class=\"wp-element-caption\">Photo d&rsquo;un nichoir (M. Barresi)<\/figcaption><\/figure>\n\n\n\n<figure class=\"wp-block-image size-large\"><img loading=\"lazy\" decoding=\"async\" width=\"1024\" height=\"768\" data-id=\"628\" src=\"https:\/\/paca.lpo.fr\/blogs\/nature-en-ville\/files\/2023\/06\/20230629-102826.jpg\" alt=\"\" class=\"wp-image-628\" srcset=\"https:\/\/paca.lpo.fr\/blogs\/nature-en-ville\/files\/2023\/06\/20230629-102826.jpg 1024w, https:\/\/paca.lpo.fr\/blogs\/nature-en-ville\/files\/2023\/06\/20230629-102826-768x576.jpg 768w\" sizes=\"auto, (max-width: 1024px) 100vw, 1024px\" \/><figcaption class=\"wp-element-caption\">Un autre nichoir (M. Barresi)<\/figcaption><\/figure>\n\n\n\n<figure class=\"wp-block-image size-large\"><img loading=\"lazy\" decoding=\"async\" width=\"1024\" height=\"768\" data-id=\"629\" src=\"https:\/\/paca.lpo.fr\/blogs\/nature-en-ville\/files\/2023\/06\/20230629-102831.jpg\" alt=\"\" class=\"wp-image-629\" srcset=\"https:\/\/paca.lpo.fr\/blogs\/nature-en-ville\/files\/2023\/06\/20230629-102831.jpg 1024w, https:\/\/paca.lpo.fr\/blogs\/nature-en-ville\/files\/2023\/06\/20230629-102831-768x576.jpg 768w\" sizes=\"auto, (max-width: 1024px) 100vw, 1024px\" \/><figcaption class=\"wp-element-caption\">et un 3\u00e8me&#8230; (photo M. Barresi)<\/figcaption><\/figure>\n<\/figure>\n\n\n\n<p class=\"wp-block-paragraph\">Merci \u00e0 Mika\u00ebl Barresi, \u00e0 Guillaume Van Denbussche et \u00e0 Emilie Gateau (VAD) qui ont men\u00e9 \u00e0 bien ces travaux.<\/p>\n\n\n\n<p class=\"wp-block-paragraph\"><a href=\"mailto:Katherine.dubourg@yahoo.fr\">Katherine.dubourg@yahoo.fr<\/a><\/p>\n","protected":false},"excerpt":{"rendered":"<p>Un b\u00e2timent rep\u00e9r\u00e9 (et suivi) par l&rsquo;\u00e9quipe martinets de Toulon depuis 2016. ERWAN PUB 2, Place Gambetta (CN 0545) Bien d\u00e9grad\u00e9 et en piteux \u00e9tat, le b\u00e2timent accueillait tout de m\u00eame \u00ab\u00a0sous son toit\u00a0\u00bb 6 couples de martinets (entre tuiles et goutti\u00e8res, et trous de boulin) Des travaux de r\u00e9novation, pr\u00e9vus depuis plusieurs ann\u00e9es, ont [&hellip;]<\/p>\n","protected":false},"author":124,"featured_media":633,"comment_status":"open","ping_status":"open","sticky":false,"template":"","format":"standard","meta":{"footnotes":""},"categories":[6,9],"tags":[],"class_list":["post-619","post","type-post","status-publish","format-standard","has-post-thumbnail","hentry","category-les-martinets-et-le-bati","category-les-villes-qui-sengagent"],"yoast_head":"<!-- This site is optimized with the Yoast SEO plugin v28.3 - https:\/\/yoast.com\/product\/yoast-seo-wordpress\/ -->\n<title>SIX NOUVEAUX NICHOIRS INTEGRES MARTINETS 2 Place Gambetta (TOULON) - Le blog de la nature en ville<\/title>\n<meta name=\"robots\" content=\"index, follow, max-snippet:-1, max-image-preview:large, max-video-preview:-1\" \/>\n<link rel=\"canonical\" href=\"https:\/\/paca.lpo.fr\/blogs\/nature-en-ville\/2023\/06\/30\/six-nouveaux-nichoirs-integres-rue-laugier-toulon\/\" \/>\n<meta property=\"og:locale\" content=\"fr_FR\" \/>\n<meta property=\"og:type\" content=\"article\" \/>\n<meta property=\"og:title\" content=\"SIX NOUVEAUX NICHOIRS INTEGRES MARTINETS 2 Place Gambetta (TOULON) - Le blog de la nature en ville\" \/>\n<meta property=\"og:description\" content=\"Un b\u00e2timent rep\u00e9r\u00e9 (et suivi) par l&rsquo;\u00e9quipe martinets de Toulon depuis 2016. ERWAN PUB 2, Place Gambetta (CN 0545) Bien d\u00e9grad\u00e9 et en piteux \u00e9tat, le b\u00e2timent accueillait tout de m\u00eame \u00ab\u00a0sous son toit\u00a0\u00bb 6 couples de martinets (entre tuiles et goutti\u00e8res, et trous de boulin) Des travaux de r\u00e9novation, pr\u00e9vus depuis plusieurs ann\u00e9es, ont [&hellip;]\" \/>\n<meta property=\"og:url\" content=\"https:\/\/paca.lpo.fr\/blogs\/nature-en-ville\/2023\/06\/30\/six-nouveaux-nichoirs-integres-rue-laugier-toulon\/\" \/>\n<meta property=\"og:site_name\" content=\"Le blog de la nature en ville\" \/>\n<meta property=\"article:published_time\" content=\"2023-06-30T10:48:29+00:00\" \/>\n<meta property=\"article:modified_time\" content=\"2023-07-03T15:28:04+00:00\" \/>\n<meta property=\"og:image\" content=\"https:\/\/paca.lpo.fr\/blogs\/nature-en-ville\/files\/2023\/06\/20230629-blog-image-presentation.jpg\" \/>\n\t<meta property=\"og:image:width\" content=\"1024\" \/>\n\t<meta property=\"og:image:height\" content=\"768\" \/>\n\t<meta property=\"og:image:type\" content=\"image\/jpeg\" \/>\n<meta name=\"author\" content=\"katherinedubourg\" \/>\n<meta name=\"twitter:card\" content=\"summary_large_image\" \/>\n<meta name=\"twitter:label1\" content=\"\u00c9crit par\" \/>\n\t<meta name=\"twitter:data1\" content=\"katherinedubourg\" \/>\n\t<meta name=\"twitter:label2\" content=\"Dur\u00e9e de lecture estim\u00e9e\" \/>\n\t<meta name=\"twitter:data2\" content=\"1 minute\" \/>\n<script type=\"application\/ld+json\" class=\"yoast-schema-graph\">{\"@context\":\"https:\\\/\\\/schema.org\",\"@graph\":[{\"@type\":\"Article\",\"@id\":\"https:\\\/\\\/paca.lpo.fr\\\/blogs\\\/nature-en-ville\\\/2023\\\/06\\\/30\\\/six-nouveaux-nichoirs-integres-rue-laugier-toulon\\\/#article\",\"isPartOf\":{\"@id\":\"https:\\\/\\\/paca.lpo.fr\\\/blogs\\\/nature-en-ville\\\/2023\\\/06\\\/30\\\/six-nouveaux-nichoirs-integres-rue-laugier-toulon\\\/\"},\"author\":{\"name\":\"katherinedubourg\",\"@id\":\"https:\\\/\\\/paca.lpo.fr\\\/blogs\\\/nature-en-ville\\\/#\\\/schema\\\/person\\\/2154d7949f2c10ecada4433d15cf7884\"},\"headline\":\"SIX NOUVEAUX NICHOIRS INTEGRES MARTINETS 2 Place Gambetta (TOULON)\",\"datePublished\":\"2023-06-30T10:48:29+00:00\",\"dateModified\":\"2023-07-03T15:28:04+00:00\",\"mainEntityOfPage\":{\"@id\":\"https:\\\/\\\/paca.lpo.fr\\\/blogs\\\/nature-en-ville\\\/2023\\\/06\\\/30\\\/six-nouveaux-nichoirs-integres-rue-laugier-toulon\\\/\"},\"wordCount\":185,\"commentCount\":4,\"publisher\":{\"@id\":\"https:\\\/\\\/paca.lpo.fr\\\/blogs\\\/nature-en-ville\\\/#organization\"},\"image\":{\"@id\":\"https:\\\/\\\/paca.lpo.fr\\\/blogs\\\/nature-en-ville\\\/2023\\\/06\\\/30\\\/six-nouveaux-nichoirs-integres-rue-laugier-toulon\\\/#primaryimage\"},\"thumbnailUrl\":\"https:\\\/\\\/paca.lpo.fr\\\/blogs\\\/nature-en-ville\\\/files\\\/2023\\\/06\\\/20230629-blog-image-presentation.jpg\",\"articleSection\":[\"LES MARTINETS ET LE BATI\",\"LES VILLES QUI S'ENGAGENT\"],\"inLanguage\":\"fr-FR\",\"potentialAction\":[{\"@type\":\"CommentAction\",\"name\":\"Comment\",\"target\":[\"https:\\\/\\\/paca.lpo.fr\\\/blogs\\\/nature-en-ville\\\/2023\\\/06\\\/30\\\/six-nouveaux-nichoirs-integres-rue-laugier-toulon\\\/#respond\"]}]},{\"@type\":\"WebPage\",\"@id\":\"https:\\\/\\\/paca.lpo.fr\\\/blogs\\\/nature-en-ville\\\/2023\\\/06\\\/30\\\/six-nouveaux-nichoirs-integres-rue-laugier-toulon\\\/\",\"url\":\"https:\\\/\\\/paca.lpo.fr\\\/blogs\\\/nature-en-ville\\\/2023\\\/06\\\/30\\\/six-nouveaux-nichoirs-integres-rue-laugier-toulon\\\/\",\"name\":\"SIX NOUVEAUX NICHOIRS INTEGRES MARTINETS 2 Place Gambetta (TOULON) - Le blog de la nature en ville\",\"isPartOf\":{\"@id\":\"https:\\\/\\\/paca.lpo.fr\\\/blogs\\\/nature-en-ville\\\/#website\"},\"primaryImageOfPage\":{\"@id\":\"https:\\\/\\\/paca.lpo.fr\\\/blogs\\\/nature-en-ville\\\/2023\\\/06\\\/30\\\/six-nouveaux-nichoirs-integres-rue-laugier-toulon\\\/#primaryimage\"},\"image\":{\"@id\":\"https:\\\/\\\/paca.lpo.fr\\\/blogs\\\/nature-en-ville\\\/2023\\\/06\\\/30\\\/six-nouveaux-nichoirs-integres-rue-laugier-toulon\\\/#primaryimage\"},\"thumbnailUrl\":\"https:\\\/\\\/paca.lpo.fr\\\/blogs\\\/nature-en-ville\\\/files\\\/2023\\\/06\\\/20230629-blog-image-presentation.jpg\",\"datePublished\":\"2023-06-30T10:48:29+00:00\",\"dateModified\":\"2023-07-03T15:28:04+00:00\",\"breadcrumb\":{\"@id\":\"https:\\\/\\\/paca.lpo.fr\\\/blogs\\\/nature-en-ville\\\/2023\\\/06\\\/30\\\/six-nouveaux-nichoirs-integres-rue-laugier-toulon\\\/#breadcrumb\"},\"inLanguage\":\"fr-FR\",\"potentialAction\":[{\"@type\":\"ReadAction\",\"target\":[\"https:\\\/\\\/paca.lpo.fr\\\/blogs\\\/nature-en-ville\\\/2023\\\/06\\\/30\\\/six-nouveaux-nichoirs-integres-rue-laugier-toulon\\\/\"]}]},{\"@type\":\"ImageObject\",\"inLanguage\":\"fr-FR\",\"@id\":\"https:\\\/\\\/paca.lpo.fr\\\/blogs\\\/nature-en-ville\\\/2023\\\/06\\\/30\\\/six-nouveaux-nichoirs-integres-rue-laugier-toulon\\\/#primaryimage\",\"url\":\"https:\\\/\\\/paca.lpo.fr\\\/blogs\\\/nature-en-ville\\\/files\\\/2023\\\/06\\\/20230629-blog-image-presentation.jpg\",\"contentUrl\":\"https:\\\/\\\/paca.lpo.fr\\\/blogs\\\/nature-en-ville\\\/files\\\/2023\\\/06\\\/20230629-blog-image-presentation.jpg\",\"width\":1024,\"height\":768},{\"@type\":\"BreadcrumbList\",\"@id\":\"https:\\\/\\\/paca.lpo.fr\\\/blogs\\\/nature-en-ville\\\/2023\\\/06\\\/30\\\/six-nouveaux-nichoirs-integres-rue-laugier-toulon\\\/#breadcrumb\",\"itemListElement\":[{\"@type\":\"ListItem\",\"position\":1,\"name\":\"Accueil\",\"item\":\"https:\\\/\\\/paca.lpo.fr\\\/blogs\\\/nature-en-ville\\\/\"},{\"@type\":\"ListItem\",\"position\":2,\"name\":\"SIX NOUVEAUX NICHOIRS INTEGRES MARTINETS 2 Place Gambetta (TOULON)\"}]},{\"@type\":\"WebSite\",\"@id\":\"https:\\\/\\\/paca.lpo.fr\\\/blogs\\\/nature-en-ville\\\/#website\",\"url\":\"https:\\\/\\\/paca.lpo.fr\\\/blogs\\\/nature-en-ville\\\/\",\"name\":\"Le blog de la nature en ville\",\"description\":\"Le blog de la nature en ville\",\"publisher\":{\"@id\":\"https:\\\/\\\/paca.lpo.fr\\\/blogs\\\/nature-en-ville\\\/#organization\"},\"potentialAction\":[{\"@type\":\"SearchAction\",\"target\":{\"@type\":\"EntryPoint\",\"urlTemplate\":\"https:\\\/\\\/paca.lpo.fr\\\/blogs\\\/nature-en-ville\\\/?s={search_term_string}\"},\"query-input\":{\"@type\":\"PropertyValueSpecification\",\"valueRequired\":true,\"valueName\":\"search_term_string\"}}],\"inLanguage\":\"fr-FR\"},{\"@type\":\"Organization\",\"@id\":\"https:\\\/\\\/paca.lpo.fr\\\/blogs\\\/nature-en-ville\\\/#organization\",\"name\":\"Le blog de la nature en ville\",\"url\":\"https:\\\/\\\/paca.lpo.fr\\\/blogs\\\/nature-en-ville\\\/\",\"logo\":{\"@type\":\"ImageObject\",\"inLanguage\":\"fr-FR\",\"@id\":\"https:\\\/\\\/paca.lpo.fr\\\/blogs\\\/nature-en-ville\\\/#\\\/schema\\\/logo\\\/image\\\/\",\"url\":\"https:\\\/\\\/paca.lpo.fr\\\/blogs\\\/nature-en-ville\\\/files\\\/2024\\\/01\\\/cropped-rvb-lpo-paca-logotype-signature-droite-mini-500.jpg\",\"contentUrl\":\"https:\\\/\\\/paca.lpo.fr\\\/blogs\\\/nature-en-ville\\\/files\\\/2024\\\/01\\\/cropped-rvb-lpo-paca-logotype-signature-droite-mini-500.jpg\",\"width\":500,\"height\":210,\"caption\":\"Le blog de la nature en ville\"},\"image\":{\"@id\":\"https:\\\/\\\/paca.lpo.fr\\\/blogs\\\/nature-en-ville\\\/#\\\/schema\\\/logo\\\/image\\\/\"}},{\"@type\":\"Person\",\"@id\":\"https:\\\/\\\/paca.lpo.fr\\\/blogs\\\/nature-en-ville\\\/#\\\/schema\\\/person\\\/2154d7949f2c10ecada4433d15cf7884\",\"name\":\"katherinedubourg\",\"image\":{\"@type\":\"ImageObject\",\"inLanguage\":\"fr-FR\",\"@id\":\"https:\\\/\\\/secure.gravatar.com\\\/avatar\\\/669d7bfc42814b2e9ba5adde58008c6a97c8708e7cf996a0b2ed90cd63394b6a?s=96&d=mm&r=g\",\"url\":\"https:\\\/\\\/secure.gravatar.com\\\/avatar\\\/669d7bfc42814b2e9ba5adde58008c6a97c8708e7cf996a0b2ed90cd63394b6a?s=96&d=mm&r=g\",\"contentUrl\":\"https:\\\/\\\/secure.gravatar.com\\\/avatar\\\/669d7bfc42814b2e9ba5adde58008c6a97c8708e7cf996a0b2ed90cd63394b6a?s=96&d=mm&r=g\",\"caption\":\"katherinedubourg\"},\"url\":\"https:\\\/\\\/paca.lpo.fr\\\/blogs\\\/nature-en-ville\\\/author\\\/katherinedubourg\\\/\"}]}<\/script>\n<!-- \/ Yoast SEO plugin. -->","yoast_head_json":{"title":"SIX NOUVEAUX NICHOIRS INTEGRES MARTINETS 2 Place Gambetta (TOULON) - Le blog de la nature en ville","robots":{"index":"index","follow":"follow","max-snippet":"max-snippet:-1","max-image-preview":"max-image-preview:large","max-video-preview":"max-video-preview:-1"},"canonical":"https:\/\/paca.lpo.fr\/blogs\/nature-en-ville\/2023\/06\/30\/six-nouveaux-nichoirs-integres-rue-laugier-toulon\/","og_locale":"fr_FR","og_type":"article","og_title":"SIX NOUVEAUX NICHOIRS INTEGRES MARTINETS 2 Place Gambetta (TOULON) - Le blog de la nature en ville","og_description":"Un b\u00e2timent rep\u00e9r\u00e9 (et suivi) par l&rsquo;\u00e9quipe martinets de Toulon depuis 2016. ERWAN PUB 2, Place Gambetta (CN 0545) Bien d\u00e9grad\u00e9 et en piteux \u00e9tat, le b\u00e2timent accueillait tout de m\u00eame \u00ab\u00a0sous son toit\u00a0\u00bb 6 couples de martinets (entre tuiles et goutti\u00e8res, et trous de boulin) Des travaux de r\u00e9novation, pr\u00e9vus depuis plusieurs ann\u00e9es, ont [&hellip;]","og_url":"https:\/\/paca.lpo.fr\/blogs\/nature-en-ville\/2023\/06\/30\/six-nouveaux-nichoirs-integres-rue-laugier-toulon\/","og_site_name":"Le blog de la nature en ville","article_published_time":"2023-06-30T10:48:29+00:00","article_modified_time":"2023-07-03T15:28:04+00:00","og_image":[{"width":1024,"height":768,"url":"https:\/\/paca.lpo.fr\/blogs\/nature-en-ville\/files\/2023\/06\/20230629-blog-image-presentation.jpg","type":"image\/jpeg"}],"author":"katherinedubourg","twitter_card":"summary_large_image","twitter_misc":{"\u00c9crit par":"katherinedubourg","Dur\u00e9e de lecture estim\u00e9e":"1 minute"},"schema":{"@context":"https:\/\/schema.org","@graph":[{"@type":"Article","@id":"https:\/\/paca.lpo.fr\/blogs\/nature-en-ville\/2023\/06\/30\/six-nouveaux-nichoirs-integres-rue-laugier-toulon\/#article","isPartOf":{"@id":"https:\/\/paca.lpo.fr\/blogs\/nature-en-ville\/2023\/06\/30\/six-nouveaux-nichoirs-integres-rue-laugier-toulon\/"},"author":{"name":"katherinedubourg","@id":"https:\/\/paca.lpo.fr\/blogs\/nature-en-ville\/#\/schema\/person\/2154d7949f2c10ecada4433d15cf7884"},"headline":"SIX NOUVEAUX NICHOIRS INTEGRES MARTINETS 2 Place Gambetta (TOULON)","datePublished":"2023-06-30T10:48:29+00:00","dateModified":"2023-07-03T15:28:04+00:00","mainEntityOfPage":{"@id":"https:\/\/paca.lpo.fr\/blogs\/nature-en-ville\/2023\/06\/30\/six-nouveaux-nichoirs-integres-rue-laugier-toulon\/"},"wordCount":185,"commentCount":4,"publisher":{"@id":"https:\/\/paca.lpo.fr\/blogs\/nature-en-ville\/#organization"},"image":{"@id":"https:\/\/paca.lpo.fr\/blogs\/nature-en-ville\/2023\/06\/30\/six-nouveaux-nichoirs-integres-rue-laugier-toulon\/#primaryimage"},"thumbnailUrl":"https:\/\/paca.lpo.fr\/blogs\/nature-en-ville\/files\/2023\/06\/20230629-blog-image-presentation.jpg","articleSection":["LES MARTINETS ET LE BATI","LES VILLES QUI S'ENGAGENT"],"inLanguage":"fr-FR","potentialAction":[{"@type":"CommentAction","name":"Comment","target":["https:\/\/paca.lpo.fr\/blogs\/nature-en-ville\/2023\/06\/30\/six-nouveaux-nichoirs-integres-rue-laugier-toulon\/#respond"]}]},{"@type":"WebPage","@id":"https:\/\/paca.lpo.fr\/blogs\/nature-en-ville\/2023\/06\/30\/six-nouveaux-nichoirs-integres-rue-laugier-toulon\/","url":"https:\/\/paca.lpo.fr\/blogs\/nature-en-ville\/2023\/06\/30\/six-nouveaux-nichoirs-integres-rue-laugier-toulon\/","name":"SIX NOUVEAUX NICHOIRS INTEGRES MARTINETS 2 Place Gambetta (TOULON) - Le blog de la nature en ville","isPartOf":{"@id":"https:\/\/paca.lpo.fr\/blogs\/nature-en-ville\/#website"},"primaryImageOfPage":{"@id":"https:\/\/paca.lpo.fr\/blogs\/nature-en-ville\/2023\/06\/30\/six-nouveaux-nichoirs-integres-rue-laugier-toulon\/#primaryimage"},"image":{"@id":"https:\/\/paca.lpo.fr\/blogs\/nature-en-ville\/2023\/06\/30\/six-nouveaux-nichoirs-integres-rue-laugier-toulon\/#primaryimage"},"thumbnailUrl":"https:\/\/paca.lpo.fr\/blogs\/nature-en-ville\/files\/2023\/06\/20230629-blog-image-presentation.jpg","datePublished":"2023-06-30T10:48:29+00:00","dateModified":"2023-07-03T15:28:04+00:00","breadcrumb":{"@id":"https:\/\/paca.lpo.fr\/blogs\/nature-en-ville\/2023\/06\/30\/six-nouveaux-nichoirs-integres-rue-laugier-toulon\/#breadcrumb"},"inLanguage":"fr-FR","potentialAction":[{"@type":"ReadAction","target":["https:\/\/paca.lpo.fr\/blogs\/nature-en-ville\/2023\/06\/30\/six-nouveaux-nichoirs-integres-rue-laugier-toulon\/"]}]},{"@type":"ImageObject","inLanguage":"fr-FR","@id":"https:\/\/paca.lpo.fr\/blogs\/nature-en-ville\/2023\/06\/30\/six-nouveaux-nichoirs-integres-rue-laugier-toulon\/#primaryimage","url":"https:\/\/paca.lpo.fr\/blogs\/nature-en-ville\/files\/2023\/06\/20230629-blog-image-presentation.jpg","contentUrl":"https:\/\/paca.lpo.fr\/blogs\/nature-en-ville\/files\/2023\/06\/20230629-blog-image-presentation.jpg","width":1024,"height":768},{"@type":"BreadcrumbList","@id":"https:\/\/paca.lpo.fr\/blogs\/nature-en-ville\/2023\/06\/30\/six-nouveaux-nichoirs-integres-rue-laugier-toulon\/#breadcrumb","itemListElement":[{"@type":"ListItem","position":1,"name":"Accueil","item":"https:\/\/paca.lpo.fr\/blogs\/nature-en-ville\/"},{"@type":"ListItem","position":2,"name":"SIX NOUVEAUX NICHOIRS INTEGRES MARTINETS 2 Place Gambetta (TOULON)"}]},{"@type":"WebSite","@id":"https:\/\/paca.lpo.fr\/blogs\/nature-en-ville\/#website","url":"https:\/\/paca.lpo.fr\/blogs\/nature-en-ville\/","name":"Le blog de la nature en ville","description":"Le blog de la nature en ville","publisher":{"@id":"https:\/\/paca.lpo.fr\/blogs\/nature-en-ville\/#organization"},"potentialAction":[{"@type":"SearchAction","target":{"@type":"EntryPoint","urlTemplate":"https:\/\/paca.lpo.fr\/blogs\/nature-en-ville\/?s={search_term_string}"},"query-input":{"@type":"PropertyValueSpecification","valueRequired":true,"valueName":"search_term_string"}}],"inLanguage":"fr-FR"},{"@type":"Organization","@id":"https:\/\/paca.lpo.fr\/blogs\/nature-en-ville\/#organization","name":"Le blog de la nature en ville","url":"https:\/\/paca.lpo.fr\/blogs\/nature-en-ville\/","logo":{"@type":"ImageObject","inLanguage":"fr-FR","@id":"https:\/\/paca.lpo.fr\/blogs\/nature-en-ville\/#\/schema\/logo\/image\/","url":"https:\/\/paca.lpo.fr\/blogs\/nature-en-ville\/files\/2024\/01\/cropped-rvb-lpo-paca-logotype-signature-droite-mini-500.jpg","contentUrl":"https:\/\/paca.lpo.fr\/blogs\/nature-en-ville\/files\/2024\/01\/cropped-rvb-lpo-paca-logotype-signature-droite-mini-500.jpg","width":500,"height":210,"caption":"Le blog de la nature en ville"},"image":{"@id":"https:\/\/paca.lpo.fr\/blogs\/nature-en-ville\/#\/schema\/logo\/image\/"}},{"@type":"Person","@id":"https:\/\/paca.lpo.fr\/blogs\/nature-en-ville\/#\/schema\/person\/2154d7949f2c10ecada4433d15cf7884","name":"katherinedubourg","image":{"@type":"ImageObject","inLanguage":"fr-FR","@id":"https:\/\/secure.gravatar.com\/avatar\/669d7bfc42814b2e9ba5adde58008c6a97c8708e7cf996a0b2ed90cd63394b6a?s=96&d=mm&r=g","url":"https:\/\/secure.gravatar.com\/avatar\/669d7bfc42814b2e9ba5adde58008c6a97c8708e7cf996a0b2ed90cd63394b6a?s=96&d=mm&r=g","contentUrl":"https:\/\/secure.gravatar.com\/avatar\/669d7bfc42814b2e9ba5adde58008c6a97c8708e7cf996a0b2ed90cd63394b6a?s=96&d=mm&r=g","caption":"katherinedubourg"},"url":"https:\/\/paca.lpo.fr\/blogs\/nature-en-ville\/author\/katherinedubourg\/"}]}},"jetpack_featured_media_url":"https:\/\/paca.lpo.fr\/blogs\/nature-en-ville\/files\/2023\/06\/20230629-blog-image-presentation.jpg","_links":{"self":[{"href":"https:\/\/paca.lpo.fr\/blogs\/nature-en-ville\/wp-json\/wp\/v2\/posts\/619","targetHints":{"allow":["GET"]}}],"collection":[{"href":"https:\/\/paca.lpo.fr\/blogs\/nature-en-ville\/wp-json\/wp\/v2\/posts"}],"about":[{"href":"https:\/\/paca.lpo.fr\/blogs\/nature-en-ville\/wp-json\/wp\/v2\/types\/post"}],"author":[{"embeddable":true,"href":"https:\/\/paca.lpo.fr\/blogs\/nature-en-ville\/wp-json\/wp\/v2\/users\/124"}],"replies":[{"embeddable":true,"href":"https:\/\/paca.lpo.fr\/blogs\/nature-en-ville\/wp-json\/wp\/v2\/comments?post=619"}],"version-history":[{"count":3,"href":"https:\/\/paca.lpo.fr\/blogs\/nature-en-ville\/wp-json\/wp\/v2\/posts\/619\/revisions"}],"predecessor-version":[{"id":638,"href":"https:\/\/paca.lpo.fr\/blogs\/nature-en-ville\/wp-json\/wp\/v2\/posts\/619\/revisions\/638"}],"wp:featuredmedia":[{"embeddable":true,"href":"https:\/\/paca.lpo.fr\/blogs\/nature-en-ville\/wp-json\/wp\/v2\/media\/633"}],"wp:attachment":[{"href":"https:\/\/paca.lpo.fr\/blogs\/nature-en-ville\/wp-json\/wp\/v2\/media?parent=619"}],"wp:term":[{"taxonomy":"category","embeddable":true,"href":"https:\/\/paca.lpo.fr\/blogs\/nature-en-ville\/wp-json\/wp\/v2\/categories?post=619"},{"taxonomy":"post_tag","embeddable":true,"href":"https:\/\/paca.lpo.fr\/blogs\/nature-en-ville\/wp-json\/wp\/v2\/tags?post=619"}],"curies":[{"name":"wp","href":"https:\/\/api.w.org\/{rel}","templated":true}]}}