{"id":10,"date":"2010-09-14T14:25:40","date_gmt":"2010-09-14T14:25:40","guid":{"rendered":"https:\/\/paca.lpo.fr\/blogs\/nice\/?p=10"},"modified":"2012-10-02T17:29:03","modified_gmt":"2012-10-02T16:29:03","slug":"le-camp-de-migration-du-fort-de-la-revere","status":"publish","type":"post","link":"https:\/\/paca.lpo.fr\/blogs\/nice\/2010\/09\/14\/le-camp-de-migration-du-fort-de-la-revere\/","title":{"rendered":"Le camp de migration du Fort de la Rev\u00e8re"},"content":{"rendered":"<div><a title=\"Cliquez pour pr\u00e9visualiser l'image\" href=\"http:\/\/paca.lpo.fr\/media\/k2\/items\/cache\/e31ace2a15a7c70645ad83df9ecd43b0_XL.jpg\"> <img decoding=\"async\" src=\"http:\/\/paca.lpo.fr\/media\/k2\/items\/cache\/e31ace2a15a7c70645ad83df9ecd43b0_L.jpg\" alt=\"Le camp de migration du Fort de la Rev\u00e8re\" \/> <\/a><\/div>\n<p><strong><span style=\"color: #000000\">Le camp de migration du Fort de la Rev\u00e8re a repris son activit\u00e9 depuis le 1<sup>er<\/sup> septembre 2010. Les permanences ornithologiques sont assur\u00e9es quotidiennement par la LPO PACA jusqu&rsquo;au 12 novembre, et nous vous encourageons \u00e0 venir nous rejoindre pour observer ce magnifique spectacle vivant.<\/span><\/strong><\/p>\n<p><strong><span style=\"color: #000000\">Les 2 &amp; 3 octobre,\u00a0\u00e0 l\u2019occasion d\u2019<a href=\"http:\/\/eurobirdwatch2010.lpo.fr\/\"><span style=\"color: #000000\">Eurobirdwatch<\/span><\/a>, journ\u00e9es europ\u00e9ennes de la migration, les b\u00e9n\u00e9voles du Group Local \u00e9taient pr\u00e9sents au Parc Naturel D\u00e9partemental de la Grande Corniche et ont propos\u00e9, avec la Maison de la Nature, 2 activit\u00e9s compl\u00e9mentaires tout au long de ces deux journ\u00e9es :<\/span><\/strong><\/p>\n<ul>\n<li><strong><span style=\"color: #000000\">A la maison de la Nature, St\u00e9phanie et Fr\u00e9d\u00e9ric ont propos\u00e9 au public des pr\u00e9sentations du diaporama officiel d&rsquo;Eurobirdwatch (synth\u00e9tique et assez complet sur le ph\u00e9nom\u00e8ne migratoire) et \u00e9largissement du discours sur les probl\u00e9matiques d&rsquo;origine humaine et solutions.<\/span><\/strong><\/li>\n<li><strong><span style=\"color: #000000\">Au camp de migration, Michel Belaud a accueilli tous les visiteurs, aid\u00e9 par Yvonne dimanche, pour leur pr\u00e9senter \u00e9galement le ph\u00e9nom\u00e8ne migratoire et les a dirig\u00e9 vers la Maison de la Nature pour assister au diaporama<\/span><\/strong>.<\/li>\n<\/ul>\n","protected":false},"excerpt":{"rendered":"<p>Le camp de migration du Fort de la Rev\u00e8re a repris son activit\u00e9 depuis le 1er septembre 2010. Les permanences ornithologiques sont assur\u00e9es quotidiennement par la LPO PACA jusqu&rsquo;au 12 novembre, et nous vous encourageons \u00e0 venir nous rejoindre pour observer ce magnifique spectacle vivant. Les 2 &amp; 3 octobre,\u00a0\u00e0 l\u2019occasion d\u2019Eurobirdwatch, journ\u00e9es europ\u00e9ennes de [&hellip;]<\/p>\n","protected":false},"author":1,"featured_media":0,"comment_status":"open","ping_status":"open","sticky":false,"template":"","format":"standard","meta":{"footnotes":""},"categories":[3],"tags":[5,44],"class_list":["post-10","post","type-post","status-publish","format-standard","hentry","category-vie-groupe","tag-alpes-maritimes","tag-migration-du-fort-de-la-revere"],"yoast_head":"<!-- This site is optimized with the Yoast SEO plugin v28.3 - https:\/\/yoast.com\/product\/yoast-seo-wordpress\/ -->\n<title>Le camp de migration du Fort de la Rev\u00e8re - Groupe local Nice<\/title>\n<meta name=\"robots\" content=\"index, follow, max-snippet:-1, max-image-preview:large, max-video-preview:-1\" \/>\n<link rel=\"canonical\" href=\"https:\/\/paca.lpo.fr\/blogs\/nice\/2010\/09\/14\/le-camp-de-migration-du-fort-de-la-revere\/\" \/>\n<meta property=\"og:locale\" content=\"fr_FR\" \/>\n<meta property=\"og:type\" content=\"article\" \/>\n<meta property=\"og:title\" content=\"Le camp de migration du Fort de la Rev\u00e8re - Groupe local Nice\" \/>\n<meta property=\"og:description\" content=\"Le camp de migration du Fort de la Rev\u00e8re a repris son activit\u00e9 depuis le 1er septembre 2010. Les permanences ornithologiques sont assur\u00e9es quotidiennement par la LPO PACA jusqu&rsquo;au 12 novembre, et nous vous encourageons \u00e0 venir nous rejoindre pour observer ce magnifique spectacle vivant. Les 2 &amp; 3 octobre,\u00a0\u00e0 l\u2019occasion d\u2019Eurobirdwatch, journ\u00e9es europ\u00e9ennes de [&hellip;]\" \/>\n<meta property=\"og:url\" content=\"https:\/\/paca.lpo.fr\/blogs\/nice\/2010\/09\/14\/le-camp-de-migration-du-fort-de-la-revere\/\" \/>\n<meta property=\"og:site_name\" content=\"Groupe local Nice\" \/>\n<meta property=\"article:published_time\" content=\"2010-09-14T14:25:40+00:00\" \/>\n<meta property=\"article:modified_time\" content=\"2012-10-02T16:29:03+00:00\" \/>\n<meta property=\"og:image\" content=\"http:\/\/paca.lpo.fr\/media\/k2\/items\/cache\/e31ace2a15a7c70645ad83df9ecd43b0_L.jpg\" \/>\n<meta name=\"author\" content=\"LPOPACA\" \/>\n<meta name=\"twitter:card\" content=\"summary_large_image\" \/>\n<meta name=\"twitter:label1\" content=\"\u00c9crit par\" \/>\n\t<meta name=\"twitter:data1\" content=\"LPOPACA\" \/>\n\t<meta name=\"twitter:label2\" content=\"Dur\u00e9e de lecture estim\u00e9e\" \/>\n\t<meta name=\"twitter:data2\" content=\"1 minute\" \/>\n<script type=\"application\/ld+json\" class=\"yoast-schema-graph\">{\"@context\":\"https:\\\/\\\/schema.org\",\"@graph\":[{\"@type\":\"Article\",\"@id\":\"https:\\\/\\\/paca.lpo.fr\\\/blogs\\\/nice\\\/2010\\\/09\\\/14\\\/le-camp-de-migration-du-fort-de-la-revere\\\/#article\",\"isPartOf\":{\"@id\":\"https:\\\/\\\/paca.lpo.fr\\\/blogs\\\/nice\\\/2010\\\/09\\\/14\\\/le-camp-de-migration-du-fort-de-la-revere\\\/\"},\"author\":{\"name\":\"LPOPACA\",\"@id\":\"https:\\\/\\\/paca.lpo.fr\\\/blogs\\\/nice\\\/#\\\/schema\\\/person\\\/f4701c21e2e412e301d69ea575732a07\"},\"headline\":\"Le camp de migration du Fort de la Rev\u00e8re\",\"datePublished\":\"2010-09-14T14:25:40+00:00\",\"dateModified\":\"2012-10-02T16:29:03+00:00\",\"mainEntityOfPage\":{\"@id\":\"https:\\\/\\\/paca.lpo.fr\\\/blogs\\\/nice\\\/2010\\\/09\\\/14\\\/le-camp-de-migration-du-fort-de-la-revere\\\/\"},\"wordCount\":196,\"commentCount\":0,\"publisher\":{\"@id\":\"https:\\\/\\\/paca.lpo.fr\\\/blogs\\\/nice\\\/#organization\"},\"image\":{\"@id\":\"https:\\\/\\\/paca.lpo.fr\\\/blogs\\\/nice\\\/2010\\\/09\\\/14\\\/le-camp-de-migration-du-fort-de-la-revere\\\/#primaryimage\"},\"thumbnailUrl\":\"http:\\\/\\\/paca.lpo.fr\\\/media\\\/k2\\\/items\\\/cache\\\/e31ace2a15a7c70645ad83df9ecd43b0_L.jpg\",\"keywords\":[\"Alpes Maritimes\",\"Migration du Fort de la Rev\u00e8re\"],\"articleSection\":[\"Vie du groupe\"],\"inLanguage\":\"fr-FR\",\"potentialAction\":[{\"@type\":\"CommentAction\",\"name\":\"Comment\",\"target\":[\"https:\\\/\\\/paca.lpo.fr\\\/blogs\\\/nice\\\/2010\\\/09\\\/14\\\/le-camp-de-migration-du-fort-de-la-revere\\\/#respond\"]}]},{\"@type\":\"WebPage\",\"@id\":\"https:\\\/\\\/paca.lpo.fr\\\/blogs\\\/nice\\\/2010\\\/09\\\/14\\\/le-camp-de-migration-du-fort-de-la-revere\\\/\",\"url\":\"https:\\\/\\\/paca.lpo.fr\\\/blogs\\\/nice\\\/2010\\\/09\\\/14\\\/le-camp-de-migration-du-fort-de-la-revere\\\/\",\"name\":\"Le camp de migration du Fort de la Rev\u00e8re - Groupe local Nice\",\"isPartOf\":{\"@id\":\"https:\\\/\\\/paca.lpo.fr\\\/blogs\\\/nice\\\/#website\"},\"primaryImageOfPage\":{\"@id\":\"https:\\\/\\\/paca.lpo.fr\\\/blogs\\\/nice\\\/2010\\\/09\\\/14\\\/le-camp-de-migration-du-fort-de-la-revere\\\/#primaryimage\"},\"image\":{\"@id\":\"https:\\\/\\\/paca.lpo.fr\\\/blogs\\\/nice\\\/2010\\\/09\\\/14\\\/le-camp-de-migration-du-fort-de-la-revere\\\/#primaryimage\"},\"thumbnailUrl\":\"http:\\\/\\\/paca.lpo.fr\\\/media\\\/k2\\\/items\\\/cache\\\/e31ace2a15a7c70645ad83df9ecd43b0_L.jpg\",\"datePublished\":\"2010-09-14T14:25:40+00:00\",\"dateModified\":\"2012-10-02T16:29:03+00:00\",\"breadcrumb\":{\"@id\":\"https:\\\/\\\/paca.lpo.fr\\\/blogs\\\/nice\\\/2010\\\/09\\\/14\\\/le-camp-de-migration-du-fort-de-la-revere\\\/#breadcrumb\"},\"inLanguage\":\"fr-FR\",\"potentialAction\":[{\"@type\":\"ReadAction\",\"target\":[\"https:\\\/\\\/paca.lpo.fr\\\/blogs\\\/nice\\\/2010\\\/09\\\/14\\\/le-camp-de-migration-du-fort-de-la-revere\\\/\"]}]},{\"@type\":\"ImageObject\",\"inLanguage\":\"fr-FR\",\"@id\":\"https:\\\/\\\/paca.lpo.fr\\\/blogs\\\/nice\\\/2010\\\/09\\\/14\\\/le-camp-de-migration-du-fort-de-la-revere\\\/#primaryimage\",\"url\":\"http:\\\/\\\/paca.lpo.fr\\\/media\\\/k2\\\/items\\\/cache\\\/e31ace2a15a7c70645ad83df9ecd43b0_L.jpg\",\"contentUrl\":\"http:\\\/\\\/paca.lpo.fr\\\/media\\\/k2\\\/items\\\/cache\\\/e31ace2a15a7c70645ad83df9ecd43b0_L.jpg\"},{\"@type\":\"BreadcrumbList\",\"@id\":\"https:\\\/\\\/paca.lpo.fr\\\/blogs\\\/nice\\\/2010\\\/09\\\/14\\\/le-camp-de-migration-du-fort-de-la-revere\\\/#breadcrumb\",\"itemListElement\":[{\"@type\":\"ListItem\",\"position\":1,\"name\":\"Accueil\",\"item\":\"https:\\\/\\\/paca.lpo.fr\\\/blogs\\\/nice\\\/\"},{\"@type\":\"ListItem\",\"position\":2,\"name\":\"Le camp de migration du Fort de la Rev\u00e8re\"}]},{\"@type\":\"WebSite\",\"@id\":\"https:\\\/\\\/paca.lpo.fr\\\/blogs\\\/nice\\\/#website\",\"url\":\"https:\\\/\\\/paca.lpo.fr\\\/blogs\\\/nice\\\/\",\"name\":\"Groupe local Nice\",\"description\":\"Groupe local Nice\",\"publisher\":{\"@id\":\"https:\\\/\\\/paca.lpo.fr\\\/blogs\\\/nice\\\/#organization\"},\"potentialAction\":[{\"@type\":\"SearchAction\",\"target\":{\"@type\":\"EntryPoint\",\"urlTemplate\":\"https:\\\/\\\/paca.lpo.fr\\\/blogs\\\/nice\\\/?s={search_term_string}\"},\"query-input\":{\"@type\":\"PropertyValueSpecification\",\"valueRequired\":true,\"valueName\":\"search_term_string\"}}],\"inLanguage\":\"fr-FR\"},{\"@type\":\"Organization\",\"@id\":\"https:\\\/\\\/paca.lpo.fr\\\/blogs\\\/nice\\\/#organization\",\"name\":\"Groupe local Nice\",\"url\":\"https:\\\/\\\/paca.lpo.fr\\\/blogs\\\/nice\\\/\",\"logo\":{\"@type\":\"ImageObject\",\"inLanguage\":\"fr-FR\",\"@id\":\"https:\\\/\\\/paca.lpo.fr\\\/blogs\\\/nice\\\/#\\\/schema\\\/logo\\\/image\\\/\",\"url\":\"https:\\\/\\\/paca.lpo.fr\\\/blogs\\\/nice\\\/files\\\/2024\\\/01\\\/cropped-rvb-lpo-paca-logotype-signature-droite-mini-500.jpg\",\"contentUrl\":\"https:\\\/\\\/paca.lpo.fr\\\/blogs\\\/nice\\\/files\\\/2024\\\/01\\\/cropped-rvb-lpo-paca-logotype-signature-droite-mini-500.jpg\",\"width\":500,\"height\":210,\"caption\":\"Groupe local Nice\"},\"image\":{\"@id\":\"https:\\\/\\\/paca.lpo.fr\\\/blogs\\\/nice\\\/#\\\/schema\\\/logo\\\/image\\\/\"}},{\"@type\":\"Person\",\"@id\":\"https:\\\/\\\/paca.lpo.fr\\\/blogs\\\/nice\\\/#\\\/schema\\\/person\\\/f4701c21e2e412e301d69ea575732a07\",\"name\":\"LPOPACA\",\"image\":{\"@type\":\"ImageObject\",\"inLanguage\":\"fr-FR\",\"@id\":\"https:\\\/\\\/secure.gravatar.com\\\/avatar\\\/61b4fe4aeb906264475360b018582a8a825394c21df85ee757345c68c15ddd14?s=96&d=mm&r=g\",\"url\":\"https:\\\/\\\/secure.gravatar.com\\\/avatar\\\/61b4fe4aeb906264475360b018582a8a825394c21df85ee757345c68c15ddd14?s=96&d=mm&r=g\",\"contentUrl\":\"https:\\\/\\\/secure.gravatar.com\\\/avatar\\\/61b4fe4aeb906264475360b018582a8a825394c21df85ee757345c68c15ddd14?s=96&d=mm&r=g\",\"caption\":\"LPOPACA\"},\"url\":\"https:\\\/\\\/paca.lpo.fr\\\/blogs\\\/nice\\\/author\\\/lpopaca\\\/\"}]}<\/script>\n<!-- \/ Yoast SEO plugin. -->","yoast_head_json":{"title":"Le camp de migration du Fort de la Rev\u00e8re - Groupe local Nice","robots":{"index":"index","follow":"follow","max-snippet":"max-snippet:-1","max-image-preview":"max-image-preview:large","max-video-preview":"max-video-preview:-1"},"canonical":"https:\/\/paca.lpo.fr\/blogs\/nice\/2010\/09\/14\/le-camp-de-migration-du-fort-de-la-revere\/","og_locale":"fr_FR","og_type":"article","og_title":"Le camp de migration du Fort de la Rev\u00e8re - Groupe local Nice","og_description":"Le camp de migration du Fort de la Rev\u00e8re a repris son activit\u00e9 depuis le 1er septembre 2010. Les permanences ornithologiques sont assur\u00e9es quotidiennement par la LPO PACA jusqu&rsquo;au 12 novembre, et nous vous encourageons \u00e0 venir nous rejoindre pour observer ce magnifique spectacle vivant. Les 2 &amp; 3 octobre,\u00a0\u00e0 l\u2019occasion d\u2019Eurobirdwatch, journ\u00e9es europ\u00e9ennes de [&hellip;]","og_url":"https:\/\/paca.lpo.fr\/blogs\/nice\/2010\/09\/14\/le-camp-de-migration-du-fort-de-la-revere\/","og_site_name":"Groupe local Nice","article_published_time":"2010-09-14T14:25:40+00:00","article_modified_time":"2012-10-02T16:29:03+00:00","og_image":[{"url":"http:\/\/paca.lpo.fr\/media\/k2\/items\/cache\/e31ace2a15a7c70645ad83df9ecd43b0_L.jpg","type":"","width":"","height":""}],"author":"LPOPACA","twitter_card":"summary_large_image","twitter_misc":{"\u00c9crit par":"LPOPACA","Dur\u00e9e de lecture estim\u00e9e":"1 minute"},"schema":{"@context":"https:\/\/schema.org","@graph":[{"@type":"Article","@id":"https:\/\/paca.lpo.fr\/blogs\/nice\/2010\/09\/14\/le-camp-de-migration-du-fort-de-la-revere\/#article","isPartOf":{"@id":"https:\/\/paca.lpo.fr\/blogs\/nice\/2010\/09\/14\/le-camp-de-migration-du-fort-de-la-revere\/"},"author":{"name":"LPOPACA","@id":"https:\/\/paca.lpo.fr\/blogs\/nice\/#\/schema\/person\/f4701c21e2e412e301d69ea575732a07"},"headline":"Le camp de migration du Fort de la Rev\u00e8re","datePublished":"2010-09-14T14:25:40+00:00","dateModified":"2012-10-02T16:29:03+00:00","mainEntityOfPage":{"@id":"https:\/\/paca.lpo.fr\/blogs\/nice\/2010\/09\/14\/le-camp-de-migration-du-fort-de-la-revere\/"},"wordCount":196,"commentCount":0,"publisher":{"@id":"https:\/\/paca.lpo.fr\/blogs\/nice\/#organization"},"image":{"@id":"https:\/\/paca.lpo.fr\/blogs\/nice\/2010\/09\/14\/le-camp-de-migration-du-fort-de-la-revere\/#primaryimage"},"thumbnailUrl":"http:\/\/paca.lpo.fr\/media\/k2\/items\/cache\/e31ace2a15a7c70645ad83df9ecd43b0_L.jpg","keywords":["Alpes Maritimes","Migration du Fort de la Rev\u00e8re"],"articleSection":["Vie du groupe"],"inLanguage":"fr-FR","potentialAction":[{"@type":"CommentAction","name":"Comment","target":["https:\/\/paca.lpo.fr\/blogs\/nice\/2010\/09\/14\/le-camp-de-migration-du-fort-de-la-revere\/#respond"]}]},{"@type":"WebPage","@id":"https:\/\/paca.lpo.fr\/blogs\/nice\/2010\/09\/14\/le-camp-de-migration-du-fort-de-la-revere\/","url":"https:\/\/paca.lpo.fr\/blogs\/nice\/2010\/09\/14\/le-camp-de-migration-du-fort-de-la-revere\/","name":"Le camp de migration du Fort de la Rev\u00e8re - Groupe local Nice","isPartOf":{"@id":"https:\/\/paca.lpo.fr\/blogs\/nice\/#website"},"primaryImageOfPage":{"@id":"https:\/\/paca.lpo.fr\/blogs\/nice\/2010\/09\/14\/le-camp-de-migration-du-fort-de-la-revere\/#primaryimage"},"image":{"@id":"https:\/\/paca.lpo.fr\/blogs\/nice\/2010\/09\/14\/le-camp-de-migration-du-fort-de-la-revere\/#primaryimage"},"thumbnailUrl":"http:\/\/paca.lpo.fr\/media\/k2\/items\/cache\/e31ace2a15a7c70645ad83df9ecd43b0_L.jpg","datePublished":"2010-09-14T14:25:40+00:00","dateModified":"2012-10-02T16:29:03+00:00","breadcrumb":{"@id":"https:\/\/paca.lpo.fr\/blogs\/nice\/2010\/09\/14\/le-camp-de-migration-du-fort-de-la-revere\/#breadcrumb"},"inLanguage":"fr-FR","potentialAction":[{"@type":"ReadAction","target":["https:\/\/paca.lpo.fr\/blogs\/nice\/2010\/09\/14\/le-camp-de-migration-du-fort-de-la-revere\/"]}]},{"@type":"ImageObject","inLanguage":"fr-FR","@id":"https:\/\/paca.lpo.fr\/blogs\/nice\/2010\/09\/14\/le-camp-de-migration-du-fort-de-la-revere\/#primaryimage","url":"http:\/\/paca.lpo.fr\/media\/k2\/items\/cache\/e31ace2a15a7c70645ad83df9ecd43b0_L.jpg","contentUrl":"http:\/\/paca.lpo.fr\/media\/k2\/items\/cache\/e31ace2a15a7c70645ad83df9ecd43b0_L.jpg"},{"@type":"BreadcrumbList","@id":"https:\/\/paca.lpo.fr\/blogs\/nice\/2010\/09\/14\/le-camp-de-migration-du-fort-de-la-revere\/#breadcrumb","itemListElement":[{"@type":"ListItem","position":1,"name":"Accueil","item":"https:\/\/paca.lpo.fr\/blogs\/nice\/"},{"@type":"ListItem","position":2,"name":"Le camp de migration du Fort de la Rev\u00e8re"}]},{"@type":"WebSite","@id":"https:\/\/paca.lpo.fr\/blogs\/nice\/#website","url":"https:\/\/paca.lpo.fr\/blogs\/nice\/","name":"Groupe local Nice","description":"Groupe local Nice","publisher":{"@id":"https:\/\/paca.lpo.fr\/blogs\/nice\/#organization"},"potentialAction":[{"@type":"SearchAction","target":{"@type":"EntryPoint","urlTemplate":"https:\/\/paca.lpo.fr\/blogs\/nice\/?s={search_term_string}"},"query-input":{"@type":"PropertyValueSpecification","valueRequired":true,"valueName":"search_term_string"}}],"inLanguage":"fr-FR"},{"@type":"Organization","@id":"https:\/\/paca.lpo.fr\/blogs\/nice\/#organization","name":"Groupe local Nice","url":"https:\/\/paca.lpo.fr\/blogs\/nice\/","logo":{"@type":"ImageObject","inLanguage":"fr-FR","@id":"https:\/\/paca.lpo.fr\/blogs\/nice\/#\/schema\/logo\/image\/","url":"https:\/\/paca.lpo.fr\/blogs\/nice\/files\/2024\/01\/cropped-rvb-lpo-paca-logotype-signature-droite-mini-500.jpg","contentUrl":"https:\/\/paca.lpo.fr\/blogs\/nice\/files\/2024\/01\/cropped-rvb-lpo-paca-logotype-signature-droite-mini-500.jpg","width":500,"height":210,"caption":"Groupe local Nice"},"image":{"@id":"https:\/\/paca.lpo.fr\/blogs\/nice\/#\/schema\/logo\/image\/"}},{"@type":"Person","@id":"https:\/\/paca.lpo.fr\/blogs\/nice\/#\/schema\/person\/f4701c21e2e412e301d69ea575732a07","name":"LPOPACA","image":{"@type":"ImageObject","inLanguage":"fr-FR","@id":"https:\/\/secure.gravatar.com\/avatar\/61b4fe4aeb906264475360b018582a8a825394c21df85ee757345c68c15ddd14?s=96&d=mm&r=g","url":"https:\/\/secure.gravatar.com\/avatar\/61b4fe4aeb906264475360b018582a8a825394c21df85ee757345c68c15ddd14?s=96&d=mm&r=g","contentUrl":"https:\/\/secure.gravatar.com\/avatar\/61b4fe4aeb906264475360b018582a8a825394c21df85ee757345c68c15ddd14?s=96&d=mm&r=g","caption":"LPOPACA"},"url":"https:\/\/paca.lpo.fr\/blogs\/nice\/author\/lpopaca\/"}]}},"jetpack_featured_media_url":"","_links":{"self":[{"href":"https:\/\/paca.lpo.fr\/blogs\/nice\/wp-json\/wp\/v2\/posts\/10","targetHints":{"allow":["GET"]}}],"collection":[{"href":"https:\/\/paca.lpo.fr\/blogs\/nice\/wp-json\/wp\/v2\/posts"}],"about":[{"href":"https:\/\/paca.lpo.fr\/blogs\/nice\/wp-json\/wp\/v2\/types\/post"}],"author":[{"embeddable":true,"href":"https:\/\/paca.lpo.fr\/blogs\/nice\/wp-json\/wp\/v2\/users\/1"}],"replies":[{"embeddable":true,"href":"https:\/\/paca.lpo.fr\/blogs\/nice\/wp-json\/wp\/v2\/comments?post=10"}],"version-history":[{"count":3,"href":"https:\/\/paca.lpo.fr\/blogs\/nice\/wp-json\/wp\/v2\/posts\/10\/revisions"}],"predecessor-version":[{"id":316,"href":"https:\/\/paca.lpo.fr\/blogs\/nice\/wp-json\/wp\/v2\/posts\/10\/revisions\/316"}],"wp:attachment":[{"href":"https:\/\/paca.lpo.fr\/blogs\/nice\/wp-json\/wp\/v2\/media?parent=10"}],"wp:term":[{"taxonomy":"category","embeddable":true,"href":"https:\/\/paca.lpo.fr\/blogs\/nice\/wp-json\/wp\/v2\/categories?post=10"},{"taxonomy":"post_tag","embeddable":true,"href":"https:\/\/paca.lpo.fr\/blogs\/nice\/wp-json\/wp\/v2\/tags?post=10"}],"curies":[{"name":"wp","href":"https:\/\/api.w.org\/{rel}","templated":true}]}}