{"id":100,"date":"2011-03-19T09:11:35","date_gmt":"2011-03-19T09:11:35","guid":{"rendered":"https:\/\/paca.lpo.fr\/blogs\/nice\/?p=100"},"modified":"2011-03-19T09:11:35","modified_gmt":"2011-03-19T09:11:35","slug":"oiseau-du-mois-le-hibou-petit-duc","status":"publish","type":"post","link":"https:\/\/paca.lpo.fr\/blogs\/nice\/2011\/03\/19\/oiseau-du-mois-le-hibou-petit-duc\/","title":{"rendered":"Oiseau du mois: le Hibou Petit Duc"},"content":{"rendered":"<div>\n<p><img loading=\"lazy\" decoding=\"async\" src=\"http:\/\/paca.lpo.fr\/images\/phocagallery\/phototheque\/oiseaux\/Petit_duc_scops\/thumbs\/phoca_thumb_l_Petit_duc_scops_beka1.jpg\" alt=\"\" width=\"500\" height=\"751\" border=\"0\" \/><\/p>\n<p>Pour terminer cette s\u00e9rie des rapaces nocturnes des Alpes-Maritimes, voici celui qui arrive en dernier dans notre r\u00e9gion: le Hibou Petit Duc.<\/p>\n<p><img loading=\"lazy\" decoding=\"async\" src=\"http:\/\/paca.lpo.fr\/images\/phocagallery\/phototheque\/oiseaux\/Petit_duc_scops\/thumbs\/phoca_thumb_l_Petit_duc_scops_givi1.jpg\" alt=\"\" width=\"500\" height=\"375\" border=\"0\" \/><\/p>\n<p>En effet, le Petit Duc, migrateur, arrive en avril. Il passa l&rsquo;hiver en Afrique tropicale, au sud du Sahara dans des zones de savanes.<\/p>\n<p>Dans notre r\u00e9gion, il appr\u00e9cie les petits bois, les parcs, les all\u00e9es de vieux arbres, les haies, les vergers.<\/p>\n<p>Lors de son arriv\u00e9e, vous le reconna\u00eetrez gr\u00e2ce \u00e0 son chant fl\u00fbt\u00e9, doux et r\u00e9p\u00e9t\u00e9 r\u00e9guli\u00e8rement (toutes les 2 \u00e0 4 secondes): \u00ab\u00a0djou &#8230;. djou &#8230;. djou &#8230;.\u00a0\u00bb. En revanche, pour l&rsquo;observer, il faudra il faudra le distinguer des morceaux d&rsquo;\u00e9corces auxquels il ressemble.<\/p>\n<p>Le Petit Duc nidifie dans la cavit\u00e9 d&rsquo;un vieux tron, dans un trou dans un mur, ou encore dans un ancien nid de pie.<\/p>\n<p><img loading=\"lazy\" decoding=\"async\" src=\"http:\/\/paca.lpo.fr\/images\/phocagallery\/phototheque\/oiseaux\/Petit_duc_scops\/thumbs\/phoca_thumb_l_Petit_duc_scops_givi2.jpg\" alt=\"\" width=\"500\" height=\"375\" border=\"0\" \/><\/p>\n<p>Ce rapace strictement nocturne, se nourrit principalement d&rsquo;insectes m\u00eame si ses proies peuvent parfois \u00eatre des rongeurs, des oiseaux ou des l\u00e9zards.<\/p>\n<p><img loading=\"lazy\" decoding=\"async\" src=\"http:\/\/paca.lpo.fr\/images\/phocagallery\/phototheque\/oiseaux\/Petit_duc_scops\/thumbs\/phoca_thumb_l_Petit_duc_scops_mmif1.jpg\" alt=\"\" width=\"500\" height=\"376\" border=\"0\" \/><\/p>\n<p>Pour en savoir plus sur les rapaces nocturnes, n&rsquo;oubliez pas ce soir la Nuit de la Chouette \u00e0 Vence (lire l&rsquo;article pr\u00e9c\u00e9dent).<\/p>\n<\/div>\n","protected":false},"excerpt":{"rendered":"<p>Pour terminer cette s\u00e9rie des rapaces nocturnes des Alpes-Maritimes, voici celui qui arrive en dernier dans notre r\u00e9gion: le Hibou Petit Duc. En effet, le Petit Duc, migrateur, arrive en avril. Il passa l&rsquo;hiver en Afrique tropicale, au sud du Sahara dans des zones de savanes. Dans notre r\u00e9gion, il appr\u00e9cie les petits bois, les [&hellip;]<\/p>\n","protected":false},"author":1,"featured_media":0,"comment_status":"open","ping_status":"open","sticky":false,"template":"","format":"standard","meta":{"footnotes":""},"categories":[3],"tags":[26,52,56,59],"class_list":["post-100","post","type-post","status-publish","format-standard","hentry","category-vie-groupe","tag-hibou","tag-oiseau-du-mois","tag-petit-duc","tag-rapaces-nocturnes"],"yoast_head":"<!-- This site is optimized with the Yoast SEO plugin v28.3 - https:\/\/yoast.com\/product\/yoast-seo-wordpress\/ -->\n<title>Oiseau du mois: le Hibou Petit Duc  - Groupe local Nice<\/title>\n<meta name=\"robots\" content=\"index, follow, max-snippet:-1, max-image-preview:large, max-video-preview:-1\" \/>\n<link rel=\"canonical\" href=\"https:\/\/paca.lpo.fr\/blogs\/nice\/2011\/03\/19\/oiseau-du-mois-le-hibou-petit-duc\/\" \/>\n<meta property=\"og:locale\" content=\"fr_FR\" \/>\n<meta property=\"og:type\" content=\"article\" \/>\n<meta property=\"og:title\" content=\"Oiseau du mois: le Hibou Petit Duc  - Groupe local Nice\" \/>\n<meta property=\"og:description\" content=\"Pour terminer cette s\u00e9rie des rapaces nocturnes des Alpes-Maritimes, voici celui qui arrive en dernier dans notre r\u00e9gion: le Hibou Petit Duc. En effet, le Petit Duc, migrateur, arrive en avril. Il passa l&rsquo;hiver en Afrique tropicale, au sud du Sahara dans des zones de savanes. Dans notre r\u00e9gion, il appr\u00e9cie les petits bois, les [&hellip;]\" \/>\n<meta property=\"og:url\" content=\"https:\/\/paca.lpo.fr\/blogs\/nice\/2011\/03\/19\/oiseau-du-mois-le-hibou-petit-duc\/\" \/>\n<meta property=\"og:site_name\" content=\"Groupe local Nice\" \/>\n<meta property=\"article:published_time\" content=\"2011-03-19T09:11:35+00:00\" \/>\n<meta property=\"og:image\" content=\"http:\/\/paca.lpo.fr\/images\/phocagallery\/phototheque\/oiseaux\/Petit_duc_scops\/thumbs\/phoca_thumb_l_Petit_duc_scops_beka1.jpg\" \/>\n<meta name=\"author\" content=\"LPOPACA\" \/>\n<meta name=\"twitter:card\" content=\"summary_large_image\" \/>\n<meta name=\"twitter:label1\" content=\"\u00c9crit par\" \/>\n\t<meta name=\"twitter:data1\" content=\"LPOPACA\" \/>\n\t<meta name=\"twitter:label2\" content=\"Dur\u00e9e de lecture estim\u00e9e\" \/>\n\t<meta name=\"twitter:data2\" content=\"1 minute\" \/>\n<script type=\"application\/ld+json\" class=\"yoast-schema-graph\">{\"@context\":\"https:\\\/\\\/schema.org\",\"@graph\":[{\"@type\":\"Article\",\"@id\":\"https:\\\/\\\/paca.lpo.fr\\\/blogs\\\/nice\\\/2011\\\/03\\\/19\\\/oiseau-du-mois-le-hibou-petit-duc\\\/#article\",\"isPartOf\":{\"@id\":\"https:\\\/\\\/paca.lpo.fr\\\/blogs\\\/nice\\\/2011\\\/03\\\/19\\\/oiseau-du-mois-le-hibou-petit-duc\\\/\"},\"author\":{\"name\":\"LPOPACA\",\"@id\":\"https:\\\/\\\/paca.lpo.fr\\\/blogs\\\/nice\\\/#\\\/schema\\\/person\\\/f4701c21e2e412e301d69ea575732a07\"},\"headline\":\"Oiseau du mois: le Hibou Petit Duc\",\"datePublished\":\"2011-03-19T09:11:35+00:00\",\"mainEntityOfPage\":{\"@id\":\"https:\\\/\\\/paca.lpo.fr\\\/blogs\\\/nice\\\/2011\\\/03\\\/19\\\/oiseau-du-mois-le-hibou-petit-duc\\\/\"},\"wordCount\":200,\"commentCount\":0,\"publisher\":{\"@id\":\"https:\\\/\\\/paca.lpo.fr\\\/blogs\\\/nice\\\/#organization\"},\"image\":{\"@id\":\"https:\\\/\\\/paca.lpo.fr\\\/blogs\\\/nice\\\/2011\\\/03\\\/19\\\/oiseau-du-mois-le-hibou-petit-duc\\\/#primaryimage\"},\"thumbnailUrl\":\"http:\\\/\\\/paca.lpo.fr\\\/images\\\/phocagallery\\\/phototheque\\\/oiseaux\\\/Petit_duc_scops\\\/thumbs\\\/phoca_thumb_l_Petit_duc_scops_beka1.jpg\",\"keywords\":[\"hibou\",\"oiseau du mois\",\"petit duc\",\"rapaces nocturnes\"],\"articleSection\":[\"Vie du groupe\"],\"inLanguage\":\"fr-FR\",\"potentialAction\":[{\"@type\":\"CommentAction\",\"name\":\"Comment\",\"target\":[\"https:\\\/\\\/paca.lpo.fr\\\/blogs\\\/nice\\\/2011\\\/03\\\/19\\\/oiseau-du-mois-le-hibou-petit-duc\\\/#respond\"]}]},{\"@type\":\"WebPage\",\"@id\":\"https:\\\/\\\/paca.lpo.fr\\\/blogs\\\/nice\\\/2011\\\/03\\\/19\\\/oiseau-du-mois-le-hibou-petit-duc\\\/\",\"url\":\"https:\\\/\\\/paca.lpo.fr\\\/blogs\\\/nice\\\/2011\\\/03\\\/19\\\/oiseau-du-mois-le-hibou-petit-duc\\\/\",\"name\":\"Oiseau du mois: le Hibou Petit Duc - Groupe local Nice\",\"isPartOf\":{\"@id\":\"https:\\\/\\\/paca.lpo.fr\\\/blogs\\\/nice\\\/#website\"},\"primaryImageOfPage\":{\"@id\":\"https:\\\/\\\/paca.lpo.fr\\\/blogs\\\/nice\\\/2011\\\/03\\\/19\\\/oiseau-du-mois-le-hibou-petit-duc\\\/#primaryimage\"},\"image\":{\"@id\":\"https:\\\/\\\/paca.lpo.fr\\\/blogs\\\/nice\\\/2011\\\/03\\\/19\\\/oiseau-du-mois-le-hibou-petit-duc\\\/#primaryimage\"},\"thumbnailUrl\":\"http:\\\/\\\/paca.lpo.fr\\\/images\\\/phocagallery\\\/phototheque\\\/oiseaux\\\/Petit_duc_scops\\\/thumbs\\\/phoca_thumb_l_Petit_duc_scops_beka1.jpg\",\"datePublished\":\"2011-03-19T09:11:35+00:00\",\"breadcrumb\":{\"@id\":\"https:\\\/\\\/paca.lpo.fr\\\/blogs\\\/nice\\\/2011\\\/03\\\/19\\\/oiseau-du-mois-le-hibou-petit-duc\\\/#breadcrumb\"},\"inLanguage\":\"fr-FR\",\"potentialAction\":[{\"@type\":\"ReadAction\",\"target\":[\"https:\\\/\\\/paca.lpo.fr\\\/blogs\\\/nice\\\/2011\\\/03\\\/19\\\/oiseau-du-mois-le-hibou-petit-duc\\\/\"]}]},{\"@type\":\"ImageObject\",\"inLanguage\":\"fr-FR\",\"@id\":\"https:\\\/\\\/paca.lpo.fr\\\/blogs\\\/nice\\\/2011\\\/03\\\/19\\\/oiseau-du-mois-le-hibou-petit-duc\\\/#primaryimage\",\"url\":\"http:\\\/\\\/paca.lpo.fr\\\/images\\\/phocagallery\\\/phototheque\\\/oiseaux\\\/Petit_duc_scops\\\/thumbs\\\/phoca_thumb_l_Petit_duc_scops_beka1.jpg\",\"contentUrl\":\"http:\\\/\\\/paca.lpo.fr\\\/images\\\/phocagallery\\\/phototheque\\\/oiseaux\\\/Petit_duc_scops\\\/thumbs\\\/phoca_thumb_l_Petit_duc_scops_beka1.jpg\"},{\"@type\":\"BreadcrumbList\",\"@id\":\"https:\\\/\\\/paca.lpo.fr\\\/blogs\\\/nice\\\/2011\\\/03\\\/19\\\/oiseau-du-mois-le-hibou-petit-duc\\\/#breadcrumb\",\"itemListElement\":[{\"@type\":\"ListItem\",\"position\":1,\"name\":\"Accueil\",\"item\":\"https:\\\/\\\/paca.lpo.fr\\\/blogs\\\/nice\\\/\"},{\"@type\":\"ListItem\",\"position\":2,\"name\":\"Oiseau du mois: le Hibou Petit Duc\"}]},{\"@type\":\"WebSite\",\"@id\":\"https:\\\/\\\/paca.lpo.fr\\\/blogs\\\/nice\\\/#website\",\"url\":\"https:\\\/\\\/paca.lpo.fr\\\/blogs\\\/nice\\\/\",\"name\":\"Groupe local Nice\",\"description\":\"Groupe local Nice\",\"publisher\":{\"@id\":\"https:\\\/\\\/paca.lpo.fr\\\/blogs\\\/nice\\\/#organization\"},\"potentialAction\":[{\"@type\":\"SearchAction\",\"target\":{\"@type\":\"EntryPoint\",\"urlTemplate\":\"https:\\\/\\\/paca.lpo.fr\\\/blogs\\\/nice\\\/?s={search_term_string}\"},\"query-input\":{\"@type\":\"PropertyValueSpecification\",\"valueRequired\":true,\"valueName\":\"search_term_string\"}}],\"inLanguage\":\"fr-FR\"},{\"@type\":\"Organization\",\"@id\":\"https:\\\/\\\/paca.lpo.fr\\\/blogs\\\/nice\\\/#organization\",\"name\":\"Groupe local Nice\",\"url\":\"https:\\\/\\\/paca.lpo.fr\\\/blogs\\\/nice\\\/\",\"logo\":{\"@type\":\"ImageObject\",\"inLanguage\":\"fr-FR\",\"@id\":\"https:\\\/\\\/paca.lpo.fr\\\/blogs\\\/nice\\\/#\\\/schema\\\/logo\\\/image\\\/\",\"url\":\"https:\\\/\\\/paca.lpo.fr\\\/blogs\\\/nice\\\/files\\\/2024\\\/01\\\/cropped-rvb-lpo-paca-logotype-signature-droite-mini-500.jpg\",\"contentUrl\":\"https:\\\/\\\/paca.lpo.fr\\\/blogs\\\/nice\\\/files\\\/2024\\\/01\\\/cropped-rvb-lpo-paca-logotype-signature-droite-mini-500.jpg\",\"width\":500,\"height\":210,\"caption\":\"Groupe local Nice\"},\"image\":{\"@id\":\"https:\\\/\\\/paca.lpo.fr\\\/blogs\\\/nice\\\/#\\\/schema\\\/logo\\\/image\\\/\"}},{\"@type\":\"Person\",\"@id\":\"https:\\\/\\\/paca.lpo.fr\\\/blogs\\\/nice\\\/#\\\/schema\\\/person\\\/f4701c21e2e412e301d69ea575732a07\",\"name\":\"LPOPACA\",\"image\":{\"@type\":\"ImageObject\",\"inLanguage\":\"fr-FR\",\"@id\":\"https:\\\/\\\/secure.gravatar.com\\\/avatar\\\/61b4fe4aeb906264475360b018582a8a825394c21df85ee757345c68c15ddd14?s=96&d=mm&r=g\",\"url\":\"https:\\\/\\\/secure.gravatar.com\\\/avatar\\\/61b4fe4aeb906264475360b018582a8a825394c21df85ee757345c68c15ddd14?s=96&d=mm&r=g\",\"contentUrl\":\"https:\\\/\\\/secure.gravatar.com\\\/avatar\\\/61b4fe4aeb906264475360b018582a8a825394c21df85ee757345c68c15ddd14?s=96&d=mm&r=g\",\"caption\":\"LPOPACA\"},\"url\":\"https:\\\/\\\/paca.lpo.fr\\\/blogs\\\/nice\\\/author\\\/lpopaca\\\/\"}]}<\/script>\n<!-- \/ Yoast SEO plugin. -->","yoast_head_json":{"title":"Oiseau du mois: le Hibou Petit Duc  - Groupe local Nice","robots":{"index":"index","follow":"follow","max-snippet":"max-snippet:-1","max-image-preview":"max-image-preview:large","max-video-preview":"max-video-preview:-1"},"canonical":"https:\/\/paca.lpo.fr\/blogs\/nice\/2011\/03\/19\/oiseau-du-mois-le-hibou-petit-duc\/","og_locale":"fr_FR","og_type":"article","og_title":"Oiseau du mois: le Hibou Petit Duc  - Groupe local Nice","og_description":"Pour terminer cette s\u00e9rie des rapaces nocturnes des Alpes-Maritimes, voici celui qui arrive en dernier dans notre r\u00e9gion: le Hibou Petit Duc. En effet, le Petit Duc, migrateur, arrive en avril. Il passa l&rsquo;hiver en Afrique tropicale, au sud du Sahara dans des zones de savanes. Dans notre r\u00e9gion, il appr\u00e9cie les petits bois, les [&hellip;]","og_url":"https:\/\/paca.lpo.fr\/blogs\/nice\/2011\/03\/19\/oiseau-du-mois-le-hibou-petit-duc\/","og_site_name":"Groupe local Nice","article_published_time":"2011-03-19T09:11:35+00:00","og_image":[{"url":"http:\/\/paca.lpo.fr\/images\/phocagallery\/phototheque\/oiseaux\/Petit_duc_scops\/thumbs\/phoca_thumb_l_Petit_duc_scops_beka1.jpg","type":"","width":"","height":""}],"author":"LPOPACA","twitter_card":"summary_large_image","twitter_misc":{"\u00c9crit par":"LPOPACA","Dur\u00e9e de lecture estim\u00e9e":"1 minute"},"schema":{"@context":"https:\/\/schema.org","@graph":[{"@type":"Article","@id":"https:\/\/paca.lpo.fr\/blogs\/nice\/2011\/03\/19\/oiseau-du-mois-le-hibou-petit-duc\/#article","isPartOf":{"@id":"https:\/\/paca.lpo.fr\/blogs\/nice\/2011\/03\/19\/oiseau-du-mois-le-hibou-petit-duc\/"},"author":{"name":"LPOPACA","@id":"https:\/\/paca.lpo.fr\/blogs\/nice\/#\/schema\/person\/f4701c21e2e412e301d69ea575732a07"},"headline":"Oiseau du mois: le Hibou Petit Duc","datePublished":"2011-03-19T09:11:35+00:00","mainEntityOfPage":{"@id":"https:\/\/paca.lpo.fr\/blogs\/nice\/2011\/03\/19\/oiseau-du-mois-le-hibou-petit-duc\/"},"wordCount":200,"commentCount":0,"publisher":{"@id":"https:\/\/paca.lpo.fr\/blogs\/nice\/#organization"},"image":{"@id":"https:\/\/paca.lpo.fr\/blogs\/nice\/2011\/03\/19\/oiseau-du-mois-le-hibou-petit-duc\/#primaryimage"},"thumbnailUrl":"http:\/\/paca.lpo.fr\/images\/phocagallery\/phototheque\/oiseaux\/Petit_duc_scops\/thumbs\/phoca_thumb_l_Petit_duc_scops_beka1.jpg","keywords":["hibou","oiseau du mois","petit duc","rapaces nocturnes"],"articleSection":["Vie du groupe"],"inLanguage":"fr-FR","potentialAction":[{"@type":"CommentAction","name":"Comment","target":["https:\/\/paca.lpo.fr\/blogs\/nice\/2011\/03\/19\/oiseau-du-mois-le-hibou-petit-duc\/#respond"]}]},{"@type":"WebPage","@id":"https:\/\/paca.lpo.fr\/blogs\/nice\/2011\/03\/19\/oiseau-du-mois-le-hibou-petit-duc\/","url":"https:\/\/paca.lpo.fr\/blogs\/nice\/2011\/03\/19\/oiseau-du-mois-le-hibou-petit-duc\/","name":"Oiseau du mois: le Hibou Petit Duc - Groupe local Nice","isPartOf":{"@id":"https:\/\/paca.lpo.fr\/blogs\/nice\/#website"},"primaryImageOfPage":{"@id":"https:\/\/paca.lpo.fr\/blogs\/nice\/2011\/03\/19\/oiseau-du-mois-le-hibou-petit-duc\/#primaryimage"},"image":{"@id":"https:\/\/paca.lpo.fr\/blogs\/nice\/2011\/03\/19\/oiseau-du-mois-le-hibou-petit-duc\/#primaryimage"},"thumbnailUrl":"http:\/\/paca.lpo.fr\/images\/phocagallery\/phototheque\/oiseaux\/Petit_duc_scops\/thumbs\/phoca_thumb_l_Petit_duc_scops_beka1.jpg","datePublished":"2011-03-19T09:11:35+00:00","breadcrumb":{"@id":"https:\/\/paca.lpo.fr\/blogs\/nice\/2011\/03\/19\/oiseau-du-mois-le-hibou-petit-duc\/#breadcrumb"},"inLanguage":"fr-FR","potentialAction":[{"@type":"ReadAction","target":["https:\/\/paca.lpo.fr\/blogs\/nice\/2011\/03\/19\/oiseau-du-mois-le-hibou-petit-duc\/"]}]},{"@type":"ImageObject","inLanguage":"fr-FR","@id":"https:\/\/paca.lpo.fr\/blogs\/nice\/2011\/03\/19\/oiseau-du-mois-le-hibou-petit-duc\/#primaryimage","url":"http:\/\/paca.lpo.fr\/images\/phocagallery\/phototheque\/oiseaux\/Petit_duc_scops\/thumbs\/phoca_thumb_l_Petit_duc_scops_beka1.jpg","contentUrl":"http:\/\/paca.lpo.fr\/images\/phocagallery\/phototheque\/oiseaux\/Petit_duc_scops\/thumbs\/phoca_thumb_l_Petit_duc_scops_beka1.jpg"},{"@type":"BreadcrumbList","@id":"https:\/\/paca.lpo.fr\/blogs\/nice\/2011\/03\/19\/oiseau-du-mois-le-hibou-petit-duc\/#breadcrumb","itemListElement":[{"@type":"ListItem","position":1,"name":"Accueil","item":"https:\/\/paca.lpo.fr\/blogs\/nice\/"},{"@type":"ListItem","position":2,"name":"Oiseau du mois: le Hibou Petit Duc"}]},{"@type":"WebSite","@id":"https:\/\/paca.lpo.fr\/blogs\/nice\/#website","url":"https:\/\/paca.lpo.fr\/blogs\/nice\/","name":"Groupe local Nice","description":"Groupe local Nice","publisher":{"@id":"https:\/\/paca.lpo.fr\/blogs\/nice\/#organization"},"potentialAction":[{"@type":"SearchAction","target":{"@type":"EntryPoint","urlTemplate":"https:\/\/paca.lpo.fr\/blogs\/nice\/?s={search_term_string}"},"query-input":{"@type":"PropertyValueSpecification","valueRequired":true,"valueName":"search_term_string"}}],"inLanguage":"fr-FR"},{"@type":"Organization","@id":"https:\/\/paca.lpo.fr\/blogs\/nice\/#organization","name":"Groupe local Nice","url":"https:\/\/paca.lpo.fr\/blogs\/nice\/","logo":{"@type":"ImageObject","inLanguage":"fr-FR","@id":"https:\/\/paca.lpo.fr\/blogs\/nice\/#\/schema\/logo\/image\/","url":"https:\/\/paca.lpo.fr\/blogs\/nice\/files\/2024\/01\/cropped-rvb-lpo-paca-logotype-signature-droite-mini-500.jpg","contentUrl":"https:\/\/paca.lpo.fr\/blogs\/nice\/files\/2024\/01\/cropped-rvb-lpo-paca-logotype-signature-droite-mini-500.jpg","width":500,"height":210,"caption":"Groupe local Nice"},"image":{"@id":"https:\/\/paca.lpo.fr\/blogs\/nice\/#\/schema\/logo\/image\/"}},{"@type":"Person","@id":"https:\/\/paca.lpo.fr\/blogs\/nice\/#\/schema\/person\/f4701c21e2e412e301d69ea575732a07","name":"LPOPACA","image":{"@type":"ImageObject","inLanguage":"fr-FR","@id":"https:\/\/secure.gravatar.com\/avatar\/61b4fe4aeb906264475360b018582a8a825394c21df85ee757345c68c15ddd14?s=96&d=mm&r=g","url":"https:\/\/secure.gravatar.com\/avatar\/61b4fe4aeb906264475360b018582a8a825394c21df85ee757345c68c15ddd14?s=96&d=mm&r=g","contentUrl":"https:\/\/secure.gravatar.com\/avatar\/61b4fe4aeb906264475360b018582a8a825394c21df85ee757345c68c15ddd14?s=96&d=mm&r=g","caption":"LPOPACA"},"url":"https:\/\/paca.lpo.fr\/blogs\/nice\/author\/lpopaca\/"}]}},"jetpack_featured_media_url":"","_links":{"self":[{"href":"https:\/\/paca.lpo.fr\/blogs\/nice\/wp-json\/wp\/v2\/posts\/100","targetHints":{"allow":["GET"]}}],"collection":[{"href":"https:\/\/paca.lpo.fr\/blogs\/nice\/wp-json\/wp\/v2\/posts"}],"about":[{"href":"https:\/\/paca.lpo.fr\/blogs\/nice\/wp-json\/wp\/v2\/types\/post"}],"author":[{"embeddable":true,"href":"https:\/\/paca.lpo.fr\/blogs\/nice\/wp-json\/wp\/v2\/users\/1"}],"replies":[{"embeddable":true,"href":"https:\/\/paca.lpo.fr\/blogs\/nice\/wp-json\/wp\/v2\/comments?post=100"}],"version-history":[{"count":0,"href":"https:\/\/paca.lpo.fr\/blogs\/nice\/wp-json\/wp\/v2\/posts\/100\/revisions"}],"wp:attachment":[{"href":"https:\/\/paca.lpo.fr\/blogs\/nice\/wp-json\/wp\/v2\/media?parent=100"}],"wp:term":[{"taxonomy":"category","embeddable":true,"href":"https:\/\/paca.lpo.fr\/blogs\/nice\/wp-json\/wp\/v2\/categories?post=100"},{"taxonomy":"post_tag","embeddable":true,"href":"https:\/\/paca.lpo.fr\/blogs\/nice\/wp-json\/wp\/v2\/tags?post=100"}],"curies":[{"name":"wp","href":"https:\/\/api.w.org\/{rel}","templated":true}]}}