{"id":1005,"date":"2014-04-21T08:08:46","date_gmt":"2014-04-21T07:08:46","guid":{"rendered":"https:\/\/paca.lpo.fr\/blogs\/nice\/?p=1005"},"modified":"2014-04-21T08:08:46","modified_gmt":"2014-04-21T07:08:46","slug":"sortie-dobservation-a-lembouchure-du-var-le-12-avril-2014","status":"publish","type":"post","link":"https:\/\/paca.lpo.fr\/blogs\/nice\/2014\/04\/21\/sortie-dobservation-a-lembouchure-du-var-le-12-avril-2014\/","title":{"rendered":"Sortie d&rsquo;observation \u00e0 l&#8217;embouchure du Var le 12 avril 2014"},"content":{"rendered":"<p>Une matin\u00e9e d&rsquo;observation \u00e0 l&#8217;embouchure et sur la plage de St Laurent avec notre partenaire l&rsquo;Universit\u00e9 dans la Ville de Beausoleil (UDLVB)<\/p>\n<p><a href=\"https:\/\/paca.lpo.fr\/blogs\/nice\/files\/2014\/04\/14-04-12Embouchure-94-Copie.jpg\"><img loading=\"lazy\" decoding=\"async\" class=\"alignnone size-full wp-image-1006\" alt=\"14-04-12Embouchure (94) - Copie\" src=\"https:\/\/paca.lpo.fr\/blogs\/nice\/files\/2014\/04\/14-04-12Embouchure-94-Copie.jpg\" width=\"600\" height=\"399\" srcset=\"https:\/\/paca.lpo.fr\/blogs\/nice\/files\/2014\/04\/14-04-12Embouchure-94-Copie.jpg 600w, https:\/\/paca.lpo.fr\/blogs\/nice\/files\/2014\/04\/14-04-12Embouchure-94-Copie-480x319.jpg 480w\" sizes=\"auto, (max-width: 600px) 100vw, 600px\" \/><\/a><\/p>\n<p>et un pique-nique convivial au soleil sur la plage<\/p>\n<p><a href=\"https:\/\/paca.lpo.fr\/blogs\/nice\/files\/2014\/04\/14-04-12Embouchure-98-Copie.jpg\"><img loading=\"lazy\" decoding=\"async\" class=\"alignnone size-full wp-image-1007\" alt=\"14-04-12Embouchure (98) - Copie\" src=\"https:\/\/paca.lpo.fr\/blogs\/nice\/files\/2014\/04\/14-04-12Embouchure-98-Copie.jpg\" width=\"600\" height=\"400\" srcset=\"https:\/\/paca.lpo.fr\/blogs\/nice\/files\/2014\/04\/14-04-12Embouchure-98-Copie.jpg 600w, https:\/\/paca.lpo.fr\/blogs\/nice\/files\/2014\/04\/14-04-12Embouchure-98-Copie-480x320.jpg 480w\" sizes=\"auto, (max-width: 600px) 100vw, 600px\" \/><\/a><\/p>\n","protected":false},"excerpt":{"rendered":"<p>Une matin\u00e9e d&rsquo;observation \u00e0 l&#8217;embouchure et sur la plage de St Laurent avec notre partenaire l&rsquo;Universit\u00e9 dans la Ville de Beausoleil (UDLVB) et un pique-nique convivial au soleil sur la plage<\/p>\n","protected":false},"author":15,"featured_media":1008,"comment_status":"open","ping_status":"open","sticky":false,"template":"","format":"standard","meta":{"footnotes":""},"categories":[1],"tags":[],"class_list":["post-1005","post","type-post","status-publish","format-standard","has-post-thumbnail","hentry","category-sorties-nature"],"yoast_head":"<!-- This site is optimized with the Yoast SEO plugin v28.3 - https:\/\/yoast.com\/product\/yoast-seo-wordpress\/ -->\n<title>Sortie d&#039;observation \u00e0 l&#039;embouchure du Var le 12 avril 2014 - Groupe local Nice<\/title>\n<meta name=\"robots\" content=\"index, follow, max-snippet:-1, max-image-preview:large, max-video-preview:-1\" \/>\n<link rel=\"canonical\" href=\"https:\/\/paca.lpo.fr\/blogs\/nice\/2014\/04\/21\/sortie-dobservation-a-lembouchure-du-var-le-12-avril-2014\/\" \/>\n<meta property=\"og:locale\" content=\"fr_FR\" \/>\n<meta property=\"og:type\" content=\"article\" \/>\n<meta property=\"og:title\" content=\"Sortie d&#039;observation \u00e0 l&#039;embouchure du Var le 12 avril 2014 - Groupe local Nice\" \/>\n<meta property=\"og:description\" content=\"Une matin\u00e9e d&rsquo;observation \u00e0 l&#8217;embouchure et sur la plage de St Laurent avec notre partenaire l&rsquo;Universit\u00e9 dans la Ville de Beausoleil (UDLVB) et un pique-nique convivial au soleil sur la plage\" \/>\n<meta property=\"og:url\" content=\"https:\/\/paca.lpo.fr\/blogs\/nice\/2014\/04\/21\/sortie-dobservation-a-lembouchure-du-var-le-12-avril-2014\/\" \/>\n<meta property=\"og:site_name\" content=\"Groupe local Nice\" \/>\n<meta property=\"article:published_time\" content=\"2014-04-21T07:08:46+00:00\" \/>\n<meta property=\"og:image\" content=\"https:\/\/paca.lpo.fr\/blogs\/nice\/files\/2014\/04\/14-04-12Embouchure-63-Copie.jpg\" \/>\n\t<meta property=\"og:image:width\" content=\"599\" \/>\n\t<meta property=\"og:image:height\" content=\"457\" \/>\n\t<meta property=\"og:image:type\" content=\"image\/jpeg\" \/>\n<meta name=\"author\" content=\"Groupe local Paillon-B\u00e9v\u00e9ra\" \/>\n<meta name=\"twitter:card\" content=\"summary_large_image\" \/>\n<meta name=\"twitter:label1\" content=\"\u00c9crit par\" \/>\n\t<meta name=\"twitter:data1\" content=\"Groupe local Paillon-B\u00e9v\u00e9ra\" \/>\n<script type=\"application\/ld+json\" class=\"yoast-schema-graph\">{\"@context\":\"https:\\\/\\\/schema.org\",\"@graph\":[{\"@type\":\"Article\",\"@id\":\"https:\\\/\\\/paca.lpo.fr\\\/blogs\\\/nice\\\/2014\\\/04\\\/21\\\/sortie-dobservation-a-lembouchure-du-var-le-12-avril-2014\\\/#article\",\"isPartOf\":{\"@id\":\"https:\\\/\\\/paca.lpo.fr\\\/blogs\\\/nice\\\/2014\\\/04\\\/21\\\/sortie-dobservation-a-lembouchure-du-var-le-12-avril-2014\\\/\"},\"author\":{\"name\":\"Groupe local Paillon-B\u00e9v\u00e9ra\",\"@id\":\"https:\\\/\\\/paca.lpo.fr\\\/blogs\\\/nice\\\/#\\\/schema\\\/person\\\/1bda33335fb71e0b3552487db26a4c56\"},\"headline\":\"Sortie d&rsquo;observation \u00e0 l&#8217;embouchure du Var le 12 avril 2014\",\"datePublished\":\"2014-04-21T07:08:46+00:00\",\"mainEntityOfPage\":{\"@id\":\"https:\\\/\\\/paca.lpo.fr\\\/blogs\\\/nice\\\/2014\\\/04\\\/21\\\/sortie-dobservation-a-lembouchure-du-var-le-12-avril-2014\\\/\"},\"wordCount\":43,\"commentCount\":0,\"publisher\":{\"@id\":\"https:\\\/\\\/paca.lpo.fr\\\/blogs\\\/nice\\\/#organization\"},\"image\":{\"@id\":\"https:\\\/\\\/paca.lpo.fr\\\/blogs\\\/nice\\\/2014\\\/04\\\/21\\\/sortie-dobservation-a-lembouchure-du-var-le-12-avril-2014\\\/#primaryimage\"},\"thumbnailUrl\":\"https:\\\/\\\/paca.lpo.fr\\\/blogs\\\/nice\\\/files\\\/2014\\\/04\\\/14-04-12Embouchure-63-Copie.jpg\",\"articleSection\":[\"grands \u00e9v\u00e8nements\"],\"inLanguage\":\"fr-FR\",\"potentialAction\":[{\"@type\":\"CommentAction\",\"name\":\"Comment\",\"target\":[\"https:\\\/\\\/paca.lpo.fr\\\/blogs\\\/nice\\\/2014\\\/04\\\/21\\\/sortie-dobservation-a-lembouchure-du-var-le-12-avril-2014\\\/#respond\"]}]},{\"@type\":\"WebPage\",\"@id\":\"https:\\\/\\\/paca.lpo.fr\\\/blogs\\\/nice\\\/2014\\\/04\\\/21\\\/sortie-dobservation-a-lembouchure-du-var-le-12-avril-2014\\\/\",\"url\":\"https:\\\/\\\/paca.lpo.fr\\\/blogs\\\/nice\\\/2014\\\/04\\\/21\\\/sortie-dobservation-a-lembouchure-du-var-le-12-avril-2014\\\/\",\"name\":\"Sortie d'observation \u00e0 l'embouchure du Var le 12 avril 2014 - Groupe local Nice\",\"isPartOf\":{\"@id\":\"https:\\\/\\\/paca.lpo.fr\\\/blogs\\\/nice\\\/#website\"},\"primaryImageOfPage\":{\"@id\":\"https:\\\/\\\/paca.lpo.fr\\\/blogs\\\/nice\\\/2014\\\/04\\\/21\\\/sortie-dobservation-a-lembouchure-du-var-le-12-avril-2014\\\/#primaryimage\"},\"image\":{\"@id\":\"https:\\\/\\\/paca.lpo.fr\\\/blogs\\\/nice\\\/2014\\\/04\\\/21\\\/sortie-dobservation-a-lembouchure-du-var-le-12-avril-2014\\\/#primaryimage\"},\"thumbnailUrl\":\"https:\\\/\\\/paca.lpo.fr\\\/blogs\\\/nice\\\/files\\\/2014\\\/04\\\/14-04-12Embouchure-63-Copie.jpg\",\"datePublished\":\"2014-04-21T07:08:46+00:00\",\"breadcrumb\":{\"@id\":\"https:\\\/\\\/paca.lpo.fr\\\/blogs\\\/nice\\\/2014\\\/04\\\/21\\\/sortie-dobservation-a-lembouchure-du-var-le-12-avril-2014\\\/#breadcrumb\"},\"inLanguage\":\"fr-FR\",\"potentialAction\":[{\"@type\":\"ReadAction\",\"target\":[\"https:\\\/\\\/paca.lpo.fr\\\/blogs\\\/nice\\\/2014\\\/04\\\/21\\\/sortie-dobservation-a-lembouchure-du-var-le-12-avril-2014\\\/\"]}]},{\"@type\":\"ImageObject\",\"inLanguage\":\"fr-FR\",\"@id\":\"https:\\\/\\\/paca.lpo.fr\\\/blogs\\\/nice\\\/2014\\\/04\\\/21\\\/sortie-dobservation-a-lembouchure-du-var-le-12-avril-2014\\\/#primaryimage\",\"url\":\"https:\\\/\\\/paca.lpo.fr\\\/blogs\\\/nice\\\/files\\\/2014\\\/04\\\/14-04-12Embouchure-63-Copie.jpg\",\"contentUrl\":\"https:\\\/\\\/paca.lpo.fr\\\/blogs\\\/nice\\\/files\\\/2014\\\/04\\\/14-04-12Embouchure-63-Copie.jpg\",\"width\":599,\"height\":457},{\"@type\":\"BreadcrumbList\",\"@id\":\"https:\\\/\\\/paca.lpo.fr\\\/blogs\\\/nice\\\/2014\\\/04\\\/21\\\/sortie-dobservation-a-lembouchure-du-var-le-12-avril-2014\\\/#breadcrumb\",\"itemListElement\":[{\"@type\":\"ListItem\",\"position\":1,\"name\":\"Accueil\",\"item\":\"https:\\\/\\\/paca.lpo.fr\\\/blogs\\\/nice\\\/\"},{\"@type\":\"ListItem\",\"position\":2,\"name\":\"Sortie d&rsquo;observation \u00e0 l&#8217;embouchure du Var le 12 avril 2014\"}]},{\"@type\":\"WebSite\",\"@id\":\"https:\\\/\\\/paca.lpo.fr\\\/blogs\\\/nice\\\/#website\",\"url\":\"https:\\\/\\\/paca.lpo.fr\\\/blogs\\\/nice\\\/\",\"name\":\"Groupe local Nice\",\"description\":\"Groupe local Nice\",\"publisher\":{\"@id\":\"https:\\\/\\\/paca.lpo.fr\\\/blogs\\\/nice\\\/#organization\"},\"potentialAction\":[{\"@type\":\"SearchAction\",\"target\":{\"@type\":\"EntryPoint\",\"urlTemplate\":\"https:\\\/\\\/paca.lpo.fr\\\/blogs\\\/nice\\\/?s={search_term_string}\"},\"query-input\":{\"@type\":\"PropertyValueSpecification\",\"valueRequired\":true,\"valueName\":\"search_term_string\"}}],\"inLanguage\":\"fr-FR\"},{\"@type\":\"Organization\",\"@id\":\"https:\\\/\\\/paca.lpo.fr\\\/blogs\\\/nice\\\/#organization\",\"name\":\"Groupe local Nice\",\"url\":\"https:\\\/\\\/paca.lpo.fr\\\/blogs\\\/nice\\\/\",\"logo\":{\"@type\":\"ImageObject\",\"inLanguage\":\"fr-FR\",\"@id\":\"https:\\\/\\\/paca.lpo.fr\\\/blogs\\\/nice\\\/#\\\/schema\\\/logo\\\/image\\\/\",\"url\":\"https:\\\/\\\/paca.lpo.fr\\\/blogs\\\/nice\\\/files\\\/2024\\\/01\\\/cropped-rvb-lpo-paca-logotype-signature-droite-mini-500.jpg\",\"contentUrl\":\"https:\\\/\\\/paca.lpo.fr\\\/blogs\\\/nice\\\/files\\\/2024\\\/01\\\/cropped-rvb-lpo-paca-logotype-signature-droite-mini-500.jpg\",\"width\":500,\"height\":210,\"caption\":\"Groupe local Nice\"},\"image\":{\"@id\":\"https:\\\/\\\/paca.lpo.fr\\\/blogs\\\/nice\\\/#\\\/schema\\\/logo\\\/image\\\/\"}},{\"@type\":\"Person\",\"@id\":\"https:\\\/\\\/paca.lpo.fr\\\/blogs\\\/nice\\\/#\\\/schema\\\/person\\\/1bda33335fb71e0b3552487db26a4c56\",\"name\":\"Groupe local Paillon-B\u00e9v\u00e9ra\",\"image\":{\"@type\":\"ImageObject\",\"inLanguage\":\"fr-FR\",\"@id\":\"https:\\\/\\\/secure.gravatar.com\\\/avatar\\\/b1ee285506e2cb880ec988990d360e255aecb31c77212741dace1023623610c2?s=96&d=mm&r=g\",\"url\":\"https:\\\/\\\/secure.gravatar.com\\\/avatar\\\/b1ee285506e2cb880ec988990d360e255aecb31c77212741dace1023623610c2?s=96&d=mm&r=g\",\"contentUrl\":\"https:\\\/\\\/secure.gravatar.com\\\/avatar\\\/b1ee285506e2cb880ec988990d360e255aecb31c77212741dace1023623610c2?s=96&d=mm&r=g\",\"caption\":\"Groupe local Paillon-B\u00e9v\u00e9ra\"},\"url\":\"https:\\\/\\\/paca.lpo.fr\\\/blogs\\\/nice\\\/author\\\/alpesmaritimesest\\\/\"}]}<\/script>\n<!-- \/ Yoast SEO plugin. -->","yoast_head_json":{"title":"Sortie d'observation \u00e0 l'embouchure du Var le 12 avril 2014 - Groupe local Nice","robots":{"index":"index","follow":"follow","max-snippet":"max-snippet:-1","max-image-preview":"max-image-preview:large","max-video-preview":"max-video-preview:-1"},"canonical":"https:\/\/paca.lpo.fr\/blogs\/nice\/2014\/04\/21\/sortie-dobservation-a-lembouchure-du-var-le-12-avril-2014\/","og_locale":"fr_FR","og_type":"article","og_title":"Sortie d'observation \u00e0 l'embouchure du Var le 12 avril 2014 - Groupe local Nice","og_description":"Une matin\u00e9e d&rsquo;observation \u00e0 l&#8217;embouchure et sur la plage de St Laurent avec notre partenaire l&rsquo;Universit\u00e9 dans la Ville de Beausoleil (UDLVB) et un pique-nique convivial au soleil sur la plage","og_url":"https:\/\/paca.lpo.fr\/blogs\/nice\/2014\/04\/21\/sortie-dobservation-a-lembouchure-du-var-le-12-avril-2014\/","og_site_name":"Groupe local Nice","article_published_time":"2014-04-21T07:08:46+00:00","og_image":[{"width":599,"height":457,"url":"https:\/\/paca.lpo.fr\/blogs\/nice\/files\/2014\/04\/14-04-12Embouchure-63-Copie.jpg","type":"image\/jpeg"}],"author":"Groupe local Paillon-B\u00e9v\u00e9ra","twitter_card":"summary_large_image","twitter_misc":{"\u00c9crit par":"Groupe local Paillon-B\u00e9v\u00e9ra"},"schema":{"@context":"https:\/\/schema.org","@graph":[{"@type":"Article","@id":"https:\/\/paca.lpo.fr\/blogs\/nice\/2014\/04\/21\/sortie-dobservation-a-lembouchure-du-var-le-12-avril-2014\/#article","isPartOf":{"@id":"https:\/\/paca.lpo.fr\/blogs\/nice\/2014\/04\/21\/sortie-dobservation-a-lembouchure-du-var-le-12-avril-2014\/"},"author":{"name":"Groupe local Paillon-B\u00e9v\u00e9ra","@id":"https:\/\/paca.lpo.fr\/blogs\/nice\/#\/schema\/person\/1bda33335fb71e0b3552487db26a4c56"},"headline":"Sortie d&rsquo;observation \u00e0 l&#8217;embouchure du Var le 12 avril 2014","datePublished":"2014-04-21T07:08:46+00:00","mainEntityOfPage":{"@id":"https:\/\/paca.lpo.fr\/blogs\/nice\/2014\/04\/21\/sortie-dobservation-a-lembouchure-du-var-le-12-avril-2014\/"},"wordCount":43,"commentCount":0,"publisher":{"@id":"https:\/\/paca.lpo.fr\/blogs\/nice\/#organization"},"image":{"@id":"https:\/\/paca.lpo.fr\/blogs\/nice\/2014\/04\/21\/sortie-dobservation-a-lembouchure-du-var-le-12-avril-2014\/#primaryimage"},"thumbnailUrl":"https:\/\/paca.lpo.fr\/blogs\/nice\/files\/2014\/04\/14-04-12Embouchure-63-Copie.jpg","articleSection":["grands \u00e9v\u00e8nements"],"inLanguage":"fr-FR","potentialAction":[{"@type":"CommentAction","name":"Comment","target":["https:\/\/paca.lpo.fr\/blogs\/nice\/2014\/04\/21\/sortie-dobservation-a-lembouchure-du-var-le-12-avril-2014\/#respond"]}]},{"@type":"WebPage","@id":"https:\/\/paca.lpo.fr\/blogs\/nice\/2014\/04\/21\/sortie-dobservation-a-lembouchure-du-var-le-12-avril-2014\/","url":"https:\/\/paca.lpo.fr\/blogs\/nice\/2014\/04\/21\/sortie-dobservation-a-lembouchure-du-var-le-12-avril-2014\/","name":"Sortie d'observation \u00e0 l'embouchure du Var le 12 avril 2014 - Groupe local Nice","isPartOf":{"@id":"https:\/\/paca.lpo.fr\/blogs\/nice\/#website"},"primaryImageOfPage":{"@id":"https:\/\/paca.lpo.fr\/blogs\/nice\/2014\/04\/21\/sortie-dobservation-a-lembouchure-du-var-le-12-avril-2014\/#primaryimage"},"image":{"@id":"https:\/\/paca.lpo.fr\/blogs\/nice\/2014\/04\/21\/sortie-dobservation-a-lembouchure-du-var-le-12-avril-2014\/#primaryimage"},"thumbnailUrl":"https:\/\/paca.lpo.fr\/blogs\/nice\/files\/2014\/04\/14-04-12Embouchure-63-Copie.jpg","datePublished":"2014-04-21T07:08:46+00:00","breadcrumb":{"@id":"https:\/\/paca.lpo.fr\/blogs\/nice\/2014\/04\/21\/sortie-dobservation-a-lembouchure-du-var-le-12-avril-2014\/#breadcrumb"},"inLanguage":"fr-FR","potentialAction":[{"@type":"ReadAction","target":["https:\/\/paca.lpo.fr\/blogs\/nice\/2014\/04\/21\/sortie-dobservation-a-lembouchure-du-var-le-12-avril-2014\/"]}]},{"@type":"ImageObject","inLanguage":"fr-FR","@id":"https:\/\/paca.lpo.fr\/blogs\/nice\/2014\/04\/21\/sortie-dobservation-a-lembouchure-du-var-le-12-avril-2014\/#primaryimage","url":"https:\/\/paca.lpo.fr\/blogs\/nice\/files\/2014\/04\/14-04-12Embouchure-63-Copie.jpg","contentUrl":"https:\/\/paca.lpo.fr\/blogs\/nice\/files\/2014\/04\/14-04-12Embouchure-63-Copie.jpg","width":599,"height":457},{"@type":"BreadcrumbList","@id":"https:\/\/paca.lpo.fr\/blogs\/nice\/2014\/04\/21\/sortie-dobservation-a-lembouchure-du-var-le-12-avril-2014\/#breadcrumb","itemListElement":[{"@type":"ListItem","position":1,"name":"Accueil","item":"https:\/\/paca.lpo.fr\/blogs\/nice\/"},{"@type":"ListItem","position":2,"name":"Sortie d&rsquo;observation \u00e0 l&#8217;embouchure du Var le 12 avril 2014"}]},{"@type":"WebSite","@id":"https:\/\/paca.lpo.fr\/blogs\/nice\/#website","url":"https:\/\/paca.lpo.fr\/blogs\/nice\/","name":"Groupe local Nice","description":"Groupe local Nice","publisher":{"@id":"https:\/\/paca.lpo.fr\/blogs\/nice\/#organization"},"potentialAction":[{"@type":"SearchAction","target":{"@type":"EntryPoint","urlTemplate":"https:\/\/paca.lpo.fr\/blogs\/nice\/?s={search_term_string}"},"query-input":{"@type":"PropertyValueSpecification","valueRequired":true,"valueName":"search_term_string"}}],"inLanguage":"fr-FR"},{"@type":"Organization","@id":"https:\/\/paca.lpo.fr\/blogs\/nice\/#organization","name":"Groupe local Nice","url":"https:\/\/paca.lpo.fr\/blogs\/nice\/","logo":{"@type":"ImageObject","inLanguage":"fr-FR","@id":"https:\/\/paca.lpo.fr\/blogs\/nice\/#\/schema\/logo\/image\/","url":"https:\/\/paca.lpo.fr\/blogs\/nice\/files\/2024\/01\/cropped-rvb-lpo-paca-logotype-signature-droite-mini-500.jpg","contentUrl":"https:\/\/paca.lpo.fr\/blogs\/nice\/files\/2024\/01\/cropped-rvb-lpo-paca-logotype-signature-droite-mini-500.jpg","width":500,"height":210,"caption":"Groupe local Nice"},"image":{"@id":"https:\/\/paca.lpo.fr\/blogs\/nice\/#\/schema\/logo\/image\/"}},{"@type":"Person","@id":"https:\/\/paca.lpo.fr\/blogs\/nice\/#\/schema\/person\/1bda33335fb71e0b3552487db26a4c56","name":"Groupe local Paillon-B\u00e9v\u00e9ra","image":{"@type":"ImageObject","inLanguage":"fr-FR","@id":"https:\/\/secure.gravatar.com\/avatar\/b1ee285506e2cb880ec988990d360e255aecb31c77212741dace1023623610c2?s=96&d=mm&r=g","url":"https:\/\/secure.gravatar.com\/avatar\/b1ee285506e2cb880ec988990d360e255aecb31c77212741dace1023623610c2?s=96&d=mm&r=g","contentUrl":"https:\/\/secure.gravatar.com\/avatar\/b1ee285506e2cb880ec988990d360e255aecb31c77212741dace1023623610c2?s=96&d=mm&r=g","caption":"Groupe local Paillon-B\u00e9v\u00e9ra"},"url":"https:\/\/paca.lpo.fr\/blogs\/nice\/author\/alpesmaritimesest\/"}]}},"jetpack_featured_media_url":"https:\/\/paca.lpo.fr\/blogs\/nice\/files\/2014\/04\/14-04-12Embouchure-63-Copie.jpg","_links":{"self":[{"href":"https:\/\/paca.lpo.fr\/blogs\/nice\/wp-json\/wp\/v2\/posts\/1005","targetHints":{"allow":["GET"]}}],"collection":[{"href":"https:\/\/paca.lpo.fr\/blogs\/nice\/wp-json\/wp\/v2\/posts"}],"about":[{"href":"https:\/\/paca.lpo.fr\/blogs\/nice\/wp-json\/wp\/v2\/types\/post"}],"author":[{"embeddable":true,"href":"https:\/\/paca.lpo.fr\/blogs\/nice\/wp-json\/wp\/v2\/users\/15"}],"replies":[{"embeddable":true,"href":"https:\/\/paca.lpo.fr\/blogs\/nice\/wp-json\/wp\/v2\/comments?post=1005"}],"version-history":[{"count":1,"href":"https:\/\/paca.lpo.fr\/blogs\/nice\/wp-json\/wp\/v2\/posts\/1005\/revisions"}],"predecessor-version":[{"id":1009,"href":"https:\/\/paca.lpo.fr\/blogs\/nice\/wp-json\/wp\/v2\/posts\/1005\/revisions\/1009"}],"wp:featuredmedia":[{"embeddable":true,"href":"https:\/\/paca.lpo.fr\/blogs\/nice\/wp-json\/wp\/v2\/media\/1008"}],"wp:attachment":[{"href":"https:\/\/paca.lpo.fr\/blogs\/nice\/wp-json\/wp\/v2\/media?parent=1005"}],"wp:term":[{"taxonomy":"category","embeddable":true,"href":"https:\/\/paca.lpo.fr\/blogs\/nice\/wp-json\/wp\/v2\/categories?post=1005"},{"taxonomy":"post_tag","embeddable":true,"href":"https:\/\/paca.lpo.fr\/blogs\/nice\/wp-json\/wp\/v2\/tags?post=1005"}],"curies":[{"name":"wp","href":"https:\/\/api.w.org\/{rel}","templated":true}]}}