{"id":1028,"date":"2014-05-15T09:03:42","date_gmt":"2014-05-15T08:03:42","guid":{"rendered":"https:\/\/paca.lpo.fr\/blogs\/nice\/?p=1028"},"modified":"2014-05-19T11:18:35","modified_gmt":"2014-05-19T10:18:35","slug":"operation-rive-propre-a-lembouchure-du-var","status":"publish","type":"post","link":"https:\/\/paca.lpo.fr\/blogs\/nice\/2014\/05\/15\/operation-rive-propre-a-lembouchure-du-var\/","title":{"rendered":"Op\u00e9ration rive propre \u00e0 l&#8217;embouchure du Var, le 4 mai 2014"},"content":{"rendered":"<p>La LPO PACA a particip\u00e9 \u00e0 cette op\u00e9ration organis\u00e9e par l&rsquo;association GREEN, en partenariat avec R\u00e9gion Verte et le soutien de la municipalit\u00e9 de St Laurent du Var, repr\u00e9sent\u00e9e par Albert Besson et Patrick Villardry.<\/p>\n<p>L&#8217;embouchure est une zone naturelle prot\u00e9g\u00e9e, class\u00e9e Natura 2000, d&rsquo;une grande importance pour les oiseaux migrateurs et nicheurs, mais tous les jours les p\u00eacheurs, squatteurs, pique-niqueurs se baladent dans les roseaux, laissant derri\u00e8re eux cannettes, bouteilles, sacs plastiques, pneus, et pire. Les participants \u00e0 cette journ\u00e9e de nettoyage ont \u00e9t\u00e9 \u00e9quip\u00e9s de sacs poubelles et de gants pour ramasser les ordures et des panneaux en bois ont \u00e9t\u00e9 install\u00e9s pour rappeler que l&rsquo;acc\u00e8s\u00a0\u00e0 l&#8217;embouchure est interdite.<\/p>\n<p><a href=\"https:\/\/paca.lpo.fr\/blogs\/nice\/files\/2014\/05\/14-05-04-001-Copie.jpg\"><img loading=\"lazy\" decoding=\"async\" class=\"alignnone size-full wp-image-1029\" src=\"https:\/\/paca.lpo.fr\/blogs\/nice\/files\/2014\/05\/14-05-04-001-Copie.jpg\" alt=\"14-05-04 001 - Copie\" width=\"600\" height=\"399\" srcset=\"https:\/\/paca.lpo.fr\/blogs\/nice\/files\/2014\/05\/14-05-04-001-Copie.jpg 600w, https:\/\/paca.lpo.fr\/blogs\/nice\/files\/2014\/05\/14-05-04-001-Copie-480x319.jpg 480w\" sizes=\"auto, (max-width: 600px) 100vw, 600px\" \/><\/a><\/p>\n","protected":false},"excerpt":{"rendered":"<p>La LPO PACA a particip\u00e9 \u00e0 cette op\u00e9ration organis\u00e9e par l&rsquo;association GREEN, en partenariat avec R\u00e9gion Verte et le soutien de la municipalit\u00e9 de St Laurent du Var, repr\u00e9sent\u00e9e par Albert Besson et Patrick Villardry. L&#8217;embouchure est une zone naturelle prot\u00e9g\u00e9e, class\u00e9e Natura 2000, d&rsquo;une grande importance pour les oiseaux migrateurs et nicheurs, mais tous [&hellip;]<\/p>\n","protected":false},"author":15,"featured_media":1032,"comment_status":"open","ping_status":"open","sticky":false,"template":"","format":"standard","meta":{"footnotes":""},"categories":[1],"tags":[],"class_list":["post-1028","post","type-post","status-publish","format-standard","has-post-thumbnail","hentry","category-sorties-nature"],"yoast_head":"<!-- This site is optimized with the Yoast SEO plugin v28.3 - https:\/\/yoast.com\/product\/yoast-seo-wordpress\/ -->\n<title>Op\u00e9ration rive propre \u00e0 l&#039;embouchure du Var, le 4 mai 2014 - Groupe local Nice<\/title>\n<meta name=\"robots\" content=\"index, follow, max-snippet:-1, max-image-preview:large, max-video-preview:-1\" \/>\n<link rel=\"canonical\" href=\"https:\/\/paca.lpo.fr\/blogs\/nice\/2014\/05\/15\/operation-rive-propre-a-lembouchure-du-var\/\" \/>\n<meta property=\"og:locale\" content=\"fr_FR\" \/>\n<meta property=\"og:type\" content=\"article\" \/>\n<meta property=\"og:title\" content=\"Op\u00e9ration rive propre \u00e0 l&#039;embouchure du Var, le 4 mai 2014 - Groupe local Nice\" \/>\n<meta property=\"og:description\" content=\"La LPO PACA a particip\u00e9 \u00e0 cette op\u00e9ration organis\u00e9e par l&rsquo;association GREEN, en partenariat avec R\u00e9gion Verte et le soutien de la municipalit\u00e9 de St Laurent du Var, repr\u00e9sent\u00e9e par Albert Besson et Patrick Villardry. L&#8217;embouchure est une zone naturelle prot\u00e9g\u00e9e, class\u00e9e Natura 2000, d&rsquo;une grande importance pour les oiseaux migrateurs et nicheurs, mais tous [&hellip;]\" \/>\n<meta property=\"og:url\" content=\"https:\/\/paca.lpo.fr\/blogs\/nice\/2014\/05\/15\/operation-rive-propre-a-lembouchure-du-var\/\" \/>\n<meta property=\"og:site_name\" content=\"Groupe local Nice\" \/>\n<meta property=\"article:published_time\" content=\"2014-05-15T08:03:42+00:00\" \/>\n<meta property=\"article:modified_time\" content=\"2014-05-19T10:18:35+00:00\" \/>\n<meta property=\"og:image\" content=\"https:\/\/paca.lpo.fr\/blogs\/nice\/files\/2014\/05\/14-05-04-016-Copie.jpg\" \/>\n\t<meta property=\"og:image:width\" content=\"600\" \/>\n\t<meta property=\"og:image:height\" content=\"600\" \/>\n\t<meta property=\"og:image:type\" content=\"image\/jpeg\" \/>\n<meta name=\"author\" content=\"Groupe local Paillon-B\u00e9v\u00e9ra\" \/>\n<meta name=\"twitter:card\" content=\"summary_large_image\" \/>\n<meta name=\"twitter:label1\" content=\"\u00c9crit par\" \/>\n\t<meta name=\"twitter:data1\" content=\"Groupe local Paillon-B\u00e9v\u00e9ra\" \/>\n\t<meta name=\"twitter:label2\" content=\"Dur\u00e9e de lecture estim\u00e9e\" \/>\n\t<meta name=\"twitter:data2\" content=\"1 minute\" \/>\n<script type=\"application\/ld+json\" class=\"yoast-schema-graph\">{\"@context\":\"https:\\\/\\\/schema.org\",\"@graph\":[{\"@type\":\"Article\",\"@id\":\"https:\\\/\\\/paca.lpo.fr\\\/blogs\\\/nice\\\/2014\\\/05\\\/15\\\/operation-rive-propre-a-lembouchure-du-var\\\/#article\",\"isPartOf\":{\"@id\":\"https:\\\/\\\/paca.lpo.fr\\\/blogs\\\/nice\\\/2014\\\/05\\\/15\\\/operation-rive-propre-a-lembouchure-du-var\\\/\"},\"author\":{\"name\":\"Groupe local Paillon-B\u00e9v\u00e9ra\",\"@id\":\"https:\\\/\\\/paca.lpo.fr\\\/blogs\\\/nice\\\/#\\\/schema\\\/person\\\/1bda33335fb71e0b3552487db26a4c56\"},\"headline\":\"Op\u00e9ration rive propre \u00e0 l&#8217;embouchure du Var, le 4 mai 2014\",\"datePublished\":\"2014-05-15T08:03:42+00:00\",\"dateModified\":\"2014-05-19T10:18:35+00:00\",\"mainEntityOfPage\":{\"@id\":\"https:\\\/\\\/paca.lpo.fr\\\/blogs\\\/nice\\\/2014\\\/05\\\/15\\\/operation-rive-propre-a-lembouchure-du-var\\\/\"},\"wordCount\":137,\"commentCount\":0,\"publisher\":{\"@id\":\"https:\\\/\\\/paca.lpo.fr\\\/blogs\\\/nice\\\/#organization\"},\"image\":{\"@id\":\"https:\\\/\\\/paca.lpo.fr\\\/blogs\\\/nice\\\/2014\\\/05\\\/15\\\/operation-rive-propre-a-lembouchure-du-var\\\/#primaryimage\"},\"thumbnailUrl\":\"https:\\\/\\\/paca.lpo.fr\\\/blogs\\\/nice\\\/files\\\/2014\\\/05\\\/14-05-04-016-Copie.jpg\",\"articleSection\":[\"grands \u00e9v\u00e8nements\"],\"inLanguage\":\"fr-FR\",\"potentialAction\":[{\"@type\":\"CommentAction\",\"name\":\"Comment\",\"target\":[\"https:\\\/\\\/paca.lpo.fr\\\/blogs\\\/nice\\\/2014\\\/05\\\/15\\\/operation-rive-propre-a-lembouchure-du-var\\\/#respond\"]}]},{\"@type\":\"WebPage\",\"@id\":\"https:\\\/\\\/paca.lpo.fr\\\/blogs\\\/nice\\\/2014\\\/05\\\/15\\\/operation-rive-propre-a-lembouchure-du-var\\\/\",\"url\":\"https:\\\/\\\/paca.lpo.fr\\\/blogs\\\/nice\\\/2014\\\/05\\\/15\\\/operation-rive-propre-a-lembouchure-du-var\\\/\",\"name\":\"Op\u00e9ration rive propre \u00e0 l'embouchure du Var, le 4 mai 2014 - Groupe local Nice\",\"isPartOf\":{\"@id\":\"https:\\\/\\\/paca.lpo.fr\\\/blogs\\\/nice\\\/#website\"},\"primaryImageOfPage\":{\"@id\":\"https:\\\/\\\/paca.lpo.fr\\\/blogs\\\/nice\\\/2014\\\/05\\\/15\\\/operation-rive-propre-a-lembouchure-du-var\\\/#primaryimage\"},\"image\":{\"@id\":\"https:\\\/\\\/paca.lpo.fr\\\/blogs\\\/nice\\\/2014\\\/05\\\/15\\\/operation-rive-propre-a-lembouchure-du-var\\\/#primaryimage\"},\"thumbnailUrl\":\"https:\\\/\\\/paca.lpo.fr\\\/blogs\\\/nice\\\/files\\\/2014\\\/05\\\/14-05-04-016-Copie.jpg\",\"datePublished\":\"2014-05-15T08:03:42+00:00\",\"dateModified\":\"2014-05-19T10:18:35+00:00\",\"breadcrumb\":{\"@id\":\"https:\\\/\\\/paca.lpo.fr\\\/blogs\\\/nice\\\/2014\\\/05\\\/15\\\/operation-rive-propre-a-lembouchure-du-var\\\/#breadcrumb\"},\"inLanguage\":\"fr-FR\",\"potentialAction\":[{\"@type\":\"ReadAction\",\"target\":[\"https:\\\/\\\/paca.lpo.fr\\\/blogs\\\/nice\\\/2014\\\/05\\\/15\\\/operation-rive-propre-a-lembouchure-du-var\\\/\"]}]},{\"@type\":\"ImageObject\",\"inLanguage\":\"fr-FR\",\"@id\":\"https:\\\/\\\/paca.lpo.fr\\\/blogs\\\/nice\\\/2014\\\/05\\\/15\\\/operation-rive-propre-a-lembouchure-du-var\\\/#primaryimage\",\"url\":\"https:\\\/\\\/paca.lpo.fr\\\/blogs\\\/nice\\\/files\\\/2014\\\/05\\\/14-05-04-016-Copie.jpg\",\"contentUrl\":\"https:\\\/\\\/paca.lpo.fr\\\/blogs\\\/nice\\\/files\\\/2014\\\/05\\\/14-05-04-016-Copie.jpg\",\"width\":600,\"height\":600},{\"@type\":\"BreadcrumbList\",\"@id\":\"https:\\\/\\\/paca.lpo.fr\\\/blogs\\\/nice\\\/2014\\\/05\\\/15\\\/operation-rive-propre-a-lembouchure-du-var\\\/#breadcrumb\",\"itemListElement\":[{\"@type\":\"ListItem\",\"position\":1,\"name\":\"Accueil\",\"item\":\"https:\\\/\\\/paca.lpo.fr\\\/blogs\\\/nice\\\/\"},{\"@type\":\"ListItem\",\"position\":2,\"name\":\"Op\u00e9ration rive propre \u00e0 l&#8217;embouchure du Var, le 4 mai 2014\"}]},{\"@type\":\"WebSite\",\"@id\":\"https:\\\/\\\/paca.lpo.fr\\\/blogs\\\/nice\\\/#website\",\"url\":\"https:\\\/\\\/paca.lpo.fr\\\/blogs\\\/nice\\\/\",\"name\":\"Groupe local Nice\",\"description\":\"Groupe local Nice\",\"publisher\":{\"@id\":\"https:\\\/\\\/paca.lpo.fr\\\/blogs\\\/nice\\\/#organization\"},\"potentialAction\":[{\"@type\":\"SearchAction\",\"target\":{\"@type\":\"EntryPoint\",\"urlTemplate\":\"https:\\\/\\\/paca.lpo.fr\\\/blogs\\\/nice\\\/?s={search_term_string}\"},\"query-input\":{\"@type\":\"PropertyValueSpecification\",\"valueRequired\":true,\"valueName\":\"search_term_string\"}}],\"inLanguage\":\"fr-FR\"},{\"@type\":\"Organization\",\"@id\":\"https:\\\/\\\/paca.lpo.fr\\\/blogs\\\/nice\\\/#organization\",\"name\":\"Groupe local Nice\",\"url\":\"https:\\\/\\\/paca.lpo.fr\\\/blogs\\\/nice\\\/\",\"logo\":{\"@type\":\"ImageObject\",\"inLanguage\":\"fr-FR\",\"@id\":\"https:\\\/\\\/paca.lpo.fr\\\/blogs\\\/nice\\\/#\\\/schema\\\/logo\\\/image\\\/\",\"url\":\"https:\\\/\\\/paca.lpo.fr\\\/blogs\\\/nice\\\/files\\\/2024\\\/01\\\/cropped-rvb-lpo-paca-logotype-signature-droite-mini-500.jpg\",\"contentUrl\":\"https:\\\/\\\/paca.lpo.fr\\\/blogs\\\/nice\\\/files\\\/2024\\\/01\\\/cropped-rvb-lpo-paca-logotype-signature-droite-mini-500.jpg\",\"width\":500,\"height\":210,\"caption\":\"Groupe local Nice\"},\"image\":{\"@id\":\"https:\\\/\\\/paca.lpo.fr\\\/blogs\\\/nice\\\/#\\\/schema\\\/logo\\\/image\\\/\"}},{\"@type\":\"Person\",\"@id\":\"https:\\\/\\\/paca.lpo.fr\\\/blogs\\\/nice\\\/#\\\/schema\\\/person\\\/1bda33335fb71e0b3552487db26a4c56\",\"name\":\"Groupe local Paillon-B\u00e9v\u00e9ra\",\"image\":{\"@type\":\"ImageObject\",\"inLanguage\":\"fr-FR\",\"@id\":\"https:\\\/\\\/secure.gravatar.com\\\/avatar\\\/b1ee285506e2cb880ec988990d360e255aecb31c77212741dace1023623610c2?s=96&d=mm&r=g\",\"url\":\"https:\\\/\\\/secure.gravatar.com\\\/avatar\\\/b1ee285506e2cb880ec988990d360e255aecb31c77212741dace1023623610c2?s=96&d=mm&r=g\",\"contentUrl\":\"https:\\\/\\\/secure.gravatar.com\\\/avatar\\\/b1ee285506e2cb880ec988990d360e255aecb31c77212741dace1023623610c2?s=96&d=mm&r=g\",\"caption\":\"Groupe local Paillon-B\u00e9v\u00e9ra\"},\"url\":\"https:\\\/\\\/paca.lpo.fr\\\/blogs\\\/nice\\\/author\\\/alpesmaritimesest\\\/\"}]}<\/script>\n<!-- \/ Yoast SEO plugin. -->","yoast_head_json":{"title":"Op\u00e9ration rive propre \u00e0 l'embouchure du Var, le 4 mai 2014 - Groupe local Nice","robots":{"index":"index","follow":"follow","max-snippet":"max-snippet:-1","max-image-preview":"max-image-preview:large","max-video-preview":"max-video-preview:-1"},"canonical":"https:\/\/paca.lpo.fr\/blogs\/nice\/2014\/05\/15\/operation-rive-propre-a-lembouchure-du-var\/","og_locale":"fr_FR","og_type":"article","og_title":"Op\u00e9ration rive propre \u00e0 l'embouchure du Var, le 4 mai 2014 - Groupe local Nice","og_description":"La LPO PACA a particip\u00e9 \u00e0 cette op\u00e9ration organis\u00e9e par l&rsquo;association GREEN, en partenariat avec R\u00e9gion Verte et le soutien de la municipalit\u00e9 de St Laurent du Var, repr\u00e9sent\u00e9e par Albert Besson et Patrick Villardry. L&#8217;embouchure est une zone naturelle prot\u00e9g\u00e9e, class\u00e9e Natura 2000, d&rsquo;une grande importance pour les oiseaux migrateurs et nicheurs, mais tous [&hellip;]","og_url":"https:\/\/paca.lpo.fr\/blogs\/nice\/2014\/05\/15\/operation-rive-propre-a-lembouchure-du-var\/","og_site_name":"Groupe local Nice","article_published_time":"2014-05-15T08:03:42+00:00","article_modified_time":"2014-05-19T10:18:35+00:00","og_image":[{"width":600,"height":600,"url":"https:\/\/paca.lpo.fr\/blogs\/nice\/files\/2014\/05\/14-05-04-016-Copie.jpg","type":"image\/jpeg"}],"author":"Groupe local Paillon-B\u00e9v\u00e9ra","twitter_card":"summary_large_image","twitter_misc":{"\u00c9crit par":"Groupe local Paillon-B\u00e9v\u00e9ra","Dur\u00e9e de lecture estim\u00e9e":"1 minute"},"schema":{"@context":"https:\/\/schema.org","@graph":[{"@type":"Article","@id":"https:\/\/paca.lpo.fr\/blogs\/nice\/2014\/05\/15\/operation-rive-propre-a-lembouchure-du-var\/#article","isPartOf":{"@id":"https:\/\/paca.lpo.fr\/blogs\/nice\/2014\/05\/15\/operation-rive-propre-a-lembouchure-du-var\/"},"author":{"name":"Groupe local Paillon-B\u00e9v\u00e9ra","@id":"https:\/\/paca.lpo.fr\/blogs\/nice\/#\/schema\/person\/1bda33335fb71e0b3552487db26a4c56"},"headline":"Op\u00e9ration rive propre \u00e0 l&#8217;embouchure du Var, le 4 mai 2014","datePublished":"2014-05-15T08:03:42+00:00","dateModified":"2014-05-19T10:18:35+00:00","mainEntityOfPage":{"@id":"https:\/\/paca.lpo.fr\/blogs\/nice\/2014\/05\/15\/operation-rive-propre-a-lembouchure-du-var\/"},"wordCount":137,"commentCount":0,"publisher":{"@id":"https:\/\/paca.lpo.fr\/blogs\/nice\/#organization"},"image":{"@id":"https:\/\/paca.lpo.fr\/blogs\/nice\/2014\/05\/15\/operation-rive-propre-a-lembouchure-du-var\/#primaryimage"},"thumbnailUrl":"https:\/\/paca.lpo.fr\/blogs\/nice\/files\/2014\/05\/14-05-04-016-Copie.jpg","articleSection":["grands \u00e9v\u00e8nements"],"inLanguage":"fr-FR","potentialAction":[{"@type":"CommentAction","name":"Comment","target":["https:\/\/paca.lpo.fr\/blogs\/nice\/2014\/05\/15\/operation-rive-propre-a-lembouchure-du-var\/#respond"]}]},{"@type":"WebPage","@id":"https:\/\/paca.lpo.fr\/blogs\/nice\/2014\/05\/15\/operation-rive-propre-a-lembouchure-du-var\/","url":"https:\/\/paca.lpo.fr\/blogs\/nice\/2014\/05\/15\/operation-rive-propre-a-lembouchure-du-var\/","name":"Op\u00e9ration rive propre \u00e0 l'embouchure du Var, le 4 mai 2014 - Groupe local Nice","isPartOf":{"@id":"https:\/\/paca.lpo.fr\/blogs\/nice\/#website"},"primaryImageOfPage":{"@id":"https:\/\/paca.lpo.fr\/blogs\/nice\/2014\/05\/15\/operation-rive-propre-a-lembouchure-du-var\/#primaryimage"},"image":{"@id":"https:\/\/paca.lpo.fr\/blogs\/nice\/2014\/05\/15\/operation-rive-propre-a-lembouchure-du-var\/#primaryimage"},"thumbnailUrl":"https:\/\/paca.lpo.fr\/blogs\/nice\/files\/2014\/05\/14-05-04-016-Copie.jpg","datePublished":"2014-05-15T08:03:42+00:00","dateModified":"2014-05-19T10:18:35+00:00","breadcrumb":{"@id":"https:\/\/paca.lpo.fr\/blogs\/nice\/2014\/05\/15\/operation-rive-propre-a-lembouchure-du-var\/#breadcrumb"},"inLanguage":"fr-FR","potentialAction":[{"@type":"ReadAction","target":["https:\/\/paca.lpo.fr\/blogs\/nice\/2014\/05\/15\/operation-rive-propre-a-lembouchure-du-var\/"]}]},{"@type":"ImageObject","inLanguage":"fr-FR","@id":"https:\/\/paca.lpo.fr\/blogs\/nice\/2014\/05\/15\/operation-rive-propre-a-lembouchure-du-var\/#primaryimage","url":"https:\/\/paca.lpo.fr\/blogs\/nice\/files\/2014\/05\/14-05-04-016-Copie.jpg","contentUrl":"https:\/\/paca.lpo.fr\/blogs\/nice\/files\/2014\/05\/14-05-04-016-Copie.jpg","width":600,"height":600},{"@type":"BreadcrumbList","@id":"https:\/\/paca.lpo.fr\/blogs\/nice\/2014\/05\/15\/operation-rive-propre-a-lembouchure-du-var\/#breadcrumb","itemListElement":[{"@type":"ListItem","position":1,"name":"Accueil","item":"https:\/\/paca.lpo.fr\/blogs\/nice\/"},{"@type":"ListItem","position":2,"name":"Op\u00e9ration rive propre \u00e0 l&#8217;embouchure du Var, le 4 mai 2014"}]},{"@type":"WebSite","@id":"https:\/\/paca.lpo.fr\/blogs\/nice\/#website","url":"https:\/\/paca.lpo.fr\/blogs\/nice\/","name":"Groupe local Nice","description":"Groupe local Nice","publisher":{"@id":"https:\/\/paca.lpo.fr\/blogs\/nice\/#organization"},"potentialAction":[{"@type":"SearchAction","target":{"@type":"EntryPoint","urlTemplate":"https:\/\/paca.lpo.fr\/blogs\/nice\/?s={search_term_string}"},"query-input":{"@type":"PropertyValueSpecification","valueRequired":true,"valueName":"search_term_string"}}],"inLanguage":"fr-FR"},{"@type":"Organization","@id":"https:\/\/paca.lpo.fr\/blogs\/nice\/#organization","name":"Groupe local Nice","url":"https:\/\/paca.lpo.fr\/blogs\/nice\/","logo":{"@type":"ImageObject","inLanguage":"fr-FR","@id":"https:\/\/paca.lpo.fr\/blogs\/nice\/#\/schema\/logo\/image\/","url":"https:\/\/paca.lpo.fr\/blogs\/nice\/files\/2024\/01\/cropped-rvb-lpo-paca-logotype-signature-droite-mini-500.jpg","contentUrl":"https:\/\/paca.lpo.fr\/blogs\/nice\/files\/2024\/01\/cropped-rvb-lpo-paca-logotype-signature-droite-mini-500.jpg","width":500,"height":210,"caption":"Groupe local Nice"},"image":{"@id":"https:\/\/paca.lpo.fr\/blogs\/nice\/#\/schema\/logo\/image\/"}},{"@type":"Person","@id":"https:\/\/paca.lpo.fr\/blogs\/nice\/#\/schema\/person\/1bda33335fb71e0b3552487db26a4c56","name":"Groupe local Paillon-B\u00e9v\u00e9ra","image":{"@type":"ImageObject","inLanguage":"fr-FR","@id":"https:\/\/secure.gravatar.com\/avatar\/b1ee285506e2cb880ec988990d360e255aecb31c77212741dace1023623610c2?s=96&d=mm&r=g","url":"https:\/\/secure.gravatar.com\/avatar\/b1ee285506e2cb880ec988990d360e255aecb31c77212741dace1023623610c2?s=96&d=mm&r=g","contentUrl":"https:\/\/secure.gravatar.com\/avatar\/b1ee285506e2cb880ec988990d360e255aecb31c77212741dace1023623610c2?s=96&d=mm&r=g","caption":"Groupe local Paillon-B\u00e9v\u00e9ra"},"url":"https:\/\/paca.lpo.fr\/blogs\/nice\/author\/alpesmaritimesest\/"}]}},"jetpack_featured_media_url":"https:\/\/paca.lpo.fr\/blogs\/nice\/files\/2014\/05\/14-05-04-016-Copie.jpg","_links":{"self":[{"href":"https:\/\/paca.lpo.fr\/blogs\/nice\/wp-json\/wp\/v2\/posts\/1028","targetHints":{"allow":["GET"]}}],"collection":[{"href":"https:\/\/paca.lpo.fr\/blogs\/nice\/wp-json\/wp\/v2\/posts"}],"about":[{"href":"https:\/\/paca.lpo.fr\/blogs\/nice\/wp-json\/wp\/v2\/types\/post"}],"author":[{"embeddable":true,"href":"https:\/\/paca.lpo.fr\/blogs\/nice\/wp-json\/wp\/v2\/users\/15"}],"replies":[{"embeddable":true,"href":"https:\/\/paca.lpo.fr\/blogs\/nice\/wp-json\/wp\/v2\/comments?post=1028"}],"version-history":[{"count":2,"href":"https:\/\/paca.lpo.fr\/blogs\/nice\/wp-json\/wp\/v2\/posts\/1028\/revisions"}],"predecessor-version":[{"id":1031,"href":"https:\/\/paca.lpo.fr\/blogs\/nice\/wp-json\/wp\/v2\/posts\/1028\/revisions\/1031"}],"wp:featuredmedia":[{"embeddable":true,"href":"https:\/\/paca.lpo.fr\/blogs\/nice\/wp-json\/wp\/v2\/media\/1032"}],"wp:attachment":[{"href":"https:\/\/paca.lpo.fr\/blogs\/nice\/wp-json\/wp\/v2\/media?parent=1028"}],"wp:term":[{"taxonomy":"category","embeddable":true,"href":"https:\/\/paca.lpo.fr\/blogs\/nice\/wp-json\/wp\/v2\/categories?post=1028"},{"taxonomy":"post_tag","embeddable":true,"href":"https:\/\/paca.lpo.fr\/blogs\/nice\/wp-json\/wp\/v2\/tags?post=1028"}],"curies":[{"name":"wp","href":"https:\/\/api.w.org\/{rel}","templated":true}]}}