{"id":103,"date":"2011-04-27T13:45:04","date_gmt":"2011-04-27T13:45:04","guid":{"rendered":"https:\/\/paca.lpo.fr\/blogs\/nice\/?p=103"},"modified":"2011-04-27T13:45:04","modified_gmt":"2011-04-27T13:45:04","slug":"loiseau-du-mois-lhirondelle-de-fenetre","status":"publish","type":"post","link":"https:\/\/paca.lpo.fr\/blogs\/nice\/2011\/04\/27\/loiseau-du-mois-lhirondelle-de-fenetre\/","title":{"rendered":"L&rsquo;oiseau du mois: l&rsquo;Hirondelle de Fen\u00eatre"},"content":{"rendered":"<div>\n<p>Ce mois-ci, d\u00e9bute une s\u00e9rie \u00ab\u00a0L&rsquo;Oiseau du mois\u00a0\u00bb sur les hirondelles et les martinets.<\/p>\n<p>Pour d\u00e9buter cette s\u00e9rie, l&rsquo;heureuse gagnante est l&rsquo;hirondelle de fen\u00eatre.<\/p>\n<p><img loading=\"lazy\" decoding=\"async\" src=\"http:\/\/paca.lpo.fr\/images\/phocagallery\/phototheque\/oiseaux\/Hirondelle_de_fenetre\/thumbs\/phoca_thumb_l_Hirondelle_de_fenetre_givi3.jpg\" alt=\"\" width=\"500\" height=\"375\" border=\"0\" \/><\/p>\n<h1>Quelques \u00e9l\u00e9ments d&rsquo;identification:<\/h1>\n<h4>Quand on la voit &#8230;<\/h4>\n<p>L&rsquo;hirondelle de fen\u00eatre a la t\u00eate, le dos, les ailes et la queue de couleur noir-bleu.<\/p>\n<p>Le dessous est essentiellement blanc.<\/p>\n<p>Afin de la distinguer de l&rsquo;hirondelle rustique (ou de chemin\u00e9e), l&rsquo;hirondelle de fen\u00eatre poss\u00e8de un croupion blanc pur et une queue en forme de queue de poisson.<\/p>\n<p><img decoding=\"async\" src=\"http:\/\/paca.lpo.fr\/images\/stories\/hirondelle%20de%20fentre.jpg\" alt=\"\" border=\"0\" \/><\/p>\n<p>Pour conserver ses capacit\u00e9s optimum de vol et d&rsquo;isolation, l&rsquo;hirondelle change de plumage tous les ans, en commen\u00e7ant par les plumes du corps \u00e0 la fin de l&rsquo;\u00e9t\u00e9.<\/p>\n<p>L&rsquo;hirondelle de fen\u00eatre plane et s&rsquo;\u00e9l\u00e8ve \u00e0 une tr\u00e8s grande hauteur, et virevolte de tous c\u00f4t\u00e9s.<\/p>\n<h4>Quand on l&rsquo;entend &#8230;<\/h4>\n<p>L&rsquo;hirondelle de fen\u00eatre gazouille. Elle a un chant calme \u00ab\u00a0tchirp tshirrip\u00a0\u00bb.<\/p>\n<h1>Son comportement:<\/h1>\n<p>L&rsquo;hirondelle de fen\u00eatre se nourrit d&rsquo;insectes captur\u00e9s en vol, souvent \u00e0 une grande hauteur.<\/p>\n<p>En p\u00e9riode de nourrissage des jeunes, l&rsquo;hirondelle de fen\u00eatre peut apporter au nid jusqu&rsquo;\u00e0 7000 insectes par jours.<\/p>\n<p><img loading=\"lazy\" decoding=\"async\" src=\"http:\/\/paca.lpo.fr\/images\/phocagallery\/phototheque\/oiseaux\/Hirondelle_de_fenetre\/thumbs\/phoca_thumb_l_Hirondelle_de_fenetre_olpu2.jpg\" alt=\"\" width=\"389\" height=\"520\" border=\"0\" \/><\/p>\n<p>L&rsquo;hirondelle de fen\u00eatre est migratrice. Elle est pr\u00e9sente dans notre r\u00e9gion de mars \u00e0 septembre.<\/p>\n<p>Lorsqu&rsquo;elles ne sont pas en p\u00e9riode de reproduction, les hirondelles de fen\u00eatre se rassemblent en dortoir dans les arbres.<\/p>\n<p>L&rsquo;hirondelle de fen\u00eatre niche en colonies dans les villes et les villages, mais aussi dans les parois rocheuses.<\/p>\n<h1>\u00a0Nidification et jeunes:<\/h1>\n<p>L&rsquo;hirondelle de fen\u00eatre a deux, voire trois, port\u00e9es par an.<\/p>\n<p>Le nid est construit \u00e0 base de petites boules de boue m\u00e9lang\u00e9es avec de la salive.<\/p>\n<p>La m\u00e8re, en frottant ses plumes, polit la terre. L&rsquo;int\u00e9rieur est garni de nombreuses plumes.<\/p>\n<p>Ce nid est de forme h\u00e9misph\u00e9rique avec une ouverture exig\u00fce et circulaire sur la partie sup\u00e9rieure. Il est souvent plac\u00e9 sous un toit, sous une corniche ou contre une poutre.<\/p>\n<p>Les parents restent aupr\u00e8s des jeunes jusu&rsquo;\u00e0 ce que leur \u00e9mancipation soir compl\u00e8te. Ainsi, chaque soir, toute la famille se retrouve au nid.<\/p>\n<p><img loading=\"lazy\" decoding=\"async\" src=\"http:\/\/paca.lpo.fr\/images\/phocagallery\/phototheque\/oiseaux\/Hirondelle_de_fenetre\/thumbs\/phoca_thumb_l_Hirondelle_de_fenetre_olpu1.jpg\" alt=\"\" width=\"388\" height=\"520\" border=\"0\" \/><\/p>\n<h1>Risques:<\/h1>\n<p>Les hirondelles de fen\u00eatre (ainsi que les autres hirondelles et les martinets) sont expos\u00e9es \u00e0 deux risques principaux:<\/p>\n<p>-la destruction de leur nid (interdite par la Loi: article R.211-1 de la Loi n\u00b076-629 du 10 juillet 1976 sur la protection de la nature),<\/p>\n<p>-l&rsquo;utilisation des insecticides (de par leur r\u00e9gime alimentaire).<\/p>\n<p>&nbsp;<\/p>\n<p>Le mois prochain: le martinet noir.<\/p>\n<\/div>\n","protected":false},"excerpt":{"rendered":"<p>Ce mois-ci, d\u00e9bute une s\u00e9rie \u00ab\u00a0L&rsquo;Oiseau du mois\u00a0\u00bb sur les hirondelles et les martinets. Pour d\u00e9buter cette s\u00e9rie, l&rsquo;heureuse gagnante est l&rsquo;hirondelle de fen\u00eatre. Quelques \u00e9l\u00e9ments d&rsquo;identification: Quand on la voit &#8230; L&rsquo;hirondelle de fen\u00eatre a la t\u00eate, le dos, les ailes et la queue de couleur noir-bleu. Le dessous est essentiellement blanc. Afin de [&hellip;]<\/p>\n","protected":false},"author":1,"featured_media":0,"comment_status":"open","ping_status":"open","sticky":false,"template":"","format":"standard","meta":{"footnotes":""},"categories":[3],"tags":[8,27,28,52],"class_list":["post-103","post","type-post","status-publish","format-standard","hentry","category-vie-groupe","tag-avril","tag-hirondelle","tag-hirondelles-et-martinets","tag-oiseau-du-mois"],"yoast_head":"<!-- This site is optimized with the Yoast SEO plugin v28.3 - https:\/\/yoast.com\/product\/yoast-seo-wordpress\/ -->\n<title>L&#039;oiseau du mois: l&#039;Hirondelle de Fen\u00eatre  - Groupe local Nice<\/title>\n<meta name=\"robots\" content=\"index, follow, max-snippet:-1, max-image-preview:large, max-video-preview:-1\" \/>\n<link rel=\"canonical\" href=\"https:\/\/paca.lpo.fr\/blogs\/nice\/2011\/04\/27\/loiseau-du-mois-lhirondelle-de-fenetre\/\" \/>\n<meta property=\"og:locale\" content=\"fr_FR\" \/>\n<meta property=\"og:type\" content=\"article\" \/>\n<meta property=\"og:title\" content=\"L&#039;oiseau du mois: l&#039;Hirondelle de Fen\u00eatre  - Groupe local Nice\" \/>\n<meta property=\"og:description\" content=\"Ce mois-ci, d\u00e9bute une s\u00e9rie \u00ab\u00a0L&rsquo;Oiseau du mois\u00a0\u00bb sur les hirondelles et les martinets. Pour d\u00e9buter cette s\u00e9rie, l&rsquo;heureuse gagnante est l&rsquo;hirondelle de fen\u00eatre. Quelques \u00e9l\u00e9ments d&rsquo;identification: Quand on la voit &#8230; L&rsquo;hirondelle de fen\u00eatre a la t\u00eate, le dos, les ailes et la queue de couleur noir-bleu. Le dessous est essentiellement blanc. Afin de [&hellip;]\" \/>\n<meta property=\"og:url\" content=\"https:\/\/paca.lpo.fr\/blogs\/nice\/2011\/04\/27\/loiseau-du-mois-lhirondelle-de-fenetre\/\" \/>\n<meta property=\"og:site_name\" content=\"Groupe local Nice\" \/>\n<meta property=\"article:published_time\" content=\"2011-04-27T13:45:04+00:00\" \/>\n<meta property=\"og:image\" content=\"http:\/\/paca.lpo.fr\/images\/phocagallery\/phototheque\/oiseaux\/Hirondelle_de_fenetre\/thumbs\/phoca_thumb_l_Hirondelle_de_fenetre_givi3.jpg\" \/>\n<meta name=\"author\" content=\"LPOPACA\" \/>\n<meta name=\"twitter:card\" content=\"summary_large_image\" \/>\n<meta name=\"twitter:label1\" content=\"\u00c9crit par\" \/>\n\t<meta name=\"twitter:data1\" content=\"LPOPACA\" \/>\n\t<meta name=\"twitter:label2\" content=\"Dur\u00e9e de lecture estim\u00e9e\" \/>\n\t<meta name=\"twitter:data2\" content=\"2 minutes\" \/>\n<script type=\"application\/ld+json\" class=\"yoast-schema-graph\">{\"@context\":\"https:\\\/\\\/schema.org\",\"@graph\":[{\"@type\":\"Article\",\"@id\":\"https:\\\/\\\/paca.lpo.fr\\\/blogs\\\/nice\\\/2011\\\/04\\\/27\\\/loiseau-du-mois-lhirondelle-de-fenetre\\\/#article\",\"isPartOf\":{\"@id\":\"https:\\\/\\\/paca.lpo.fr\\\/blogs\\\/nice\\\/2011\\\/04\\\/27\\\/loiseau-du-mois-lhirondelle-de-fenetre\\\/\"},\"author\":{\"name\":\"LPOPACA\",\"@id\":\"https:\\\/\\\/paca.lpo.fr\\\/blogs\\\/nice\\\/#\\\/schema\\\/person\\\/f4701c21e2e412e301d69ea575732a07\"},\"headline\":\"L&rsquo;oiseau du mois: l&rsquo;Hirondelle de Fen\u00eatre\",\"datePublished\":\"2011-04-27T13:45:04+00:00\",\"mainEntityOfPage\":{\"@id\":\"https:\\\/\\\/paca.lpo.fr\\\/blogs\\\/nice\\\/2011\\\/04\\\/27\\\/loiseau-du-mois-lhirondelle-de-fenetre\\\/\"},\"wordCount\":448,\"commentCount\":0,\"publisher\":{\"@id\":\"https:\\\/\\\/paca.lpo.fr\\\/blogs\\\/nice\\\/#organization\"},\"image\":{\"@id\":\"https:\\\/\\\/paca.lpo.fr\\\/blogs\\\/nice\\\/2011\\\/04\\\/27\\\/loiseau-du-mois-lhirondelle-de-fenetre\\\/#primaryimage\"},\"thumbnailUrl\":\"http:\\\/\\\/paca.lpo.fr\\\/images\\\/phocagallery\\\/phototheque\\\/oiseaux\\\/Hirondelle_de_fenetre\\\/thumbs\\\/phoca_thumb_l_Hirondelle_de_fenetre_givi3.jpg\",\"keywords\":[\"avril\",\"hirondelle\",\"hirondelles et martinets\",\"oiseau du mois\"],\"articleSection\":[\"Vie du groupe\"],\"inLanguage\":\"fr-FR\",\"potentialAction\":[{\"@type\":\"CommentAction\",\"name\":\"Comment\",\"target\":[\"https:\\\/\\\/paca.lpo.fr\\\/blogs\\\/nice\\\/2011\\\/04\\\/27\\\/loiseau-du-mois-lhirondelle-de-fenetre\\\/#respond\"]}]},{\"@type\":\"WebPage\",\"@id\":\"https:\\\/\\\/paca.lpo.fr\\\/blogs\\\/nice\\\/2011\\\/04\\\/27\\\/loiseau-du-mois-lhirondelle-de-fenetre\\\/\",\"url\":\"https:\\\/\\\/paca.lpo.fr\\\/blogs\\\/nice\\\/2011\\\/04\\\/27\\\/loiseau-du-mois-lhirondelle-de-fenetre\\\/\",\"name\":\"L'oiseau du mois: l'Hirondelle de Fen\u00eatre - Groupe local Nice\",\"isPartOf\":{\"@id\":\"https:\\\/\\\/paca.lpo.fr\\\/blogs\\\/nice\\\/#website\"},\"primaryImageOfPage\":{\"@id\":\"https:\\\/\\\/paca.lpo.fr\\\/blogs\\\/nice\\\/2011\\\/04\\\/27\\\/loiseau-du-mois-lhirondelle-de-fenetre\\\/#primaryimage\"},\"image\":{\"@id\":\"https:\\\/\\\/paca.lpo.fr\\\/blogs\\\/nice\\\/2011\\\/04\\\/27\\\/loiseau-du-mois-lhirondelle-de-fenetre\\\/#primaryimage\"},\"thumbnailUrl\":\"http:\\\/\\\/paca.lpo.fr\\\/images\\\/phocagallery\\\/phototheque\\\/oiseaux\\\/Hirondelle_de_fenetre\\\/thumbs\\\/phoca_thumb_l_Hirondelle_de_fenetre_givi3.jpg\",\"datePublished\":\"2011-04-27T13:45:04+00:00\",\"breadcrumb\":{\"@id\":\"https:\\\/\\\/paca.lpo.fr\\\/blogs\\\/nice\\\/2011\\\/04\\\/27\\\/loiseau-du-mois-lhirondelle-de-fenetre\\\/#breadcrumb\"},\"inLanguage\":\"fr-FR\",\"potentialAction\":[{\"@type\":\"ReadAction\",\"target\":[\"https:\\\/\\\/paca.lpo.fr\\\/blogs\\\/nice\\\/2011\\\/04\\\/27\\\/loiseau-du-mois-lhirondelle-de-fenetre\\\/\"]}]},{\"@type\":\"ImageObject\",\"inLanguage\":\"fr-FR\",\"@id\":\"https:\\\/\\\/paca.lpo.fr\\\/blogs\\\/nice\\\/2011\\\/04\\\/27\\\/loiseau-du-mois-lhirondelle-de-fenetre\\\/#primaryimage\",\"url\":\"http:\\\/\\\/paca.lpo.fr\\\/images\\\/phocagallery\\\/phototheque\\\/oiseaux\\\/Hirondelle_de_fenetre\\\/thumbs\\\/phoca_thumb_l_Hirondelle_de_fenetre_givi3.jpg\",\"contentUrl\":\"http:\\\/\\\/paca.lpo.fr\\\/images\\\/phocagallery\\\/phototheque\\\/oiseaux\\\/Hirondelle_de_fenetre\\\/thumbs\\\/phoca_thumb_l_Hirondelle_de_fenetre_givi3.jpg\"},{\"@type\":\"BreadcrumbList\",\"@id\":\"https:\\\/\\\/paca.lpo.fr\\\/blogs\\\/nice\\\/2011\\\/04\\\/27\\\/loiseau-du-mois-lhirondelle-de-fenetre\\\/#breadcrumb\",\"itemListElement\":[{\"@type\":\"ListItem\",\"position\":1,\"name\":\"Accueil\",\"item\":\"https:\\\/\\\/paca.lpo.fr\\\/blogs\\\/nice\\\/\"},{\"@type\":\"ListItem\",\"position\":2,\"name\":\"L&rsquo;oiseau du mois: l&rsquo;Hirondelle de Fen\u00eatre\"}]},{\"@type\":\"WebSite\",\"@id\":\"https:\\\/\\\/paca.lpo.fr\\\/blogs\\\/nice\\\/#website\",\"url\":\"https:\\\/\\\/paca.lpo.fr\\\/blogs\\\/nice\\\/\",\"name\":\"Groupe local Nice\",\"description\":\"Groupe local Nice\",\"publisher\":{\"@id\":\"https:\\\/\\\/paca.lpo.fr\\\/blogs\\\/nice\\\/#organization\"},\"potentialAction\":[{\"@type\":\"SearchAction\",\"target\":{\"@type\":\"EntryPoint\",\"urlTemplate\":\"https:\\\/\\\/paca.lpo.fr\\\/blogs\\\/nice\\\/?s={search_term_string}\"},\"query-input\":{\"@type\":\"PropertyValueSpecification\",\"valueRequired\":true,\"valueName\":\"search_term_string\"}}],\"inLanguage\":\"fr-FR\"},{\"@type\":\"Organization\",\"@id\":\"https:\\\/\\\/paca.lpo.fr\\\/blogs\\\/nice\\\/#organization\",\"name\":\"Groupe local Nice\",\"url\":\"https:\\\/\\\/paca.lpo.fr\\\/blogs\\\/nice\\\/\",\"logo\":{\"@type\":\"ImageObject\",\"inLanguage\":\"fr-FR\",\"@id\":\"https:\\\/\\\/paca.lpo.fr\\\/blogs\\\/nice\\\/#\\\/schema\\\/logo\\\/image\\\/\",\"url\":\"https:\\\/\\\/paca.lpo.fr\\\/blogs\\\/nice\\\/files\\\/2024\\\/01\\\/cropped-rvb-lpo-paca-logotype-signature-droite-mini-500.jpg\",\"contentUrl\":\"https:\\\/\\\/paca.lpo.fr\\\/blogs\\\/nice\\\/files\\\/2024\\\/01\\\/cropped-rvb-lpo-paca-logotype-signature-droite-mini-500.jpg\",\"width\":500,\"height\":210,\"caption\":\"Groupe local Nice\"},\"image\":{\"@id\":\"https:\\\/\\\/paca.lpo.fr\\\/blogs\\\/nice\\\/#\\\/schema\\\/logo\\\/image\\\/\"}},{\"@type\":\"Person\",\"@id\":\"https:\\\/\\\/paca.lpo.fr\\\/blogs\\\/nice\\\/#\\\/schema\\\/person\\\/f4701c21e2e412e301d69ea575732a07\",\"name\":\"LPOPACA\",\"image\":{\"@type\":\"ImageObject\",\"inLanguage\":\"fr-FR\",\"@id\":\"https:\\\/\\\/secure.gravatar.com\\\/avatar\\\/61b4fe4aeb906264475360b018582a8a825394c21df85ee757345c68c15ddd14?s=96&d=mm&r=g\",\"url\":\"https:\\\/\\\/secure.gravatar.com\\\/avatar\\\/61b4fe4aeb906264475360b018582a8a825394c21df85ee757345c68c15ddd14?s=96&d=mm&r=g\",\"contentUrl\":\"https:\\\/\\\/secure.gravatar.com\\\/avatar\\\/61b4fe4aeb906264475360b018582a8a825394c21df85ee757345c68c15ddd14?s=96&d=mm&r=g\",\"caption\":\"LPOPACA\"},\"url\":\"https:\\\/\\\/paca.lpo.fr\\\/blogs\\\/nice\\\/author\\\/lpopaca\\\/\"}]}<\/script>\n<!-- \/ Yoast SEO plugin. -->","yoast_head_json":{"title":"L'oiseau du mois: l'Hirondelle de Fen\u00eatre  - Groupe local Nice","robots":{"index":"index","follow":"follow","max-snippet":"max-snippet:-1","max-image-preview":"max-image-preview:large","max-video-preview":"max-video-preview:-1"},"canonical":"https:\/\/paca.lpo.fr\/blogs\/nice\/2011\/04\/27\/loiseau-du-mois-lhirondelle-de-fenetre\/","og_locale":"fr_FR","og_type":"article","og_title":"L'oiseau du mois: l'Hirondelle de Fen\u00eatre  - Groupe local Nice","og_description":"Ce mois-ci, d\u00e9bute une s\u00e9rie \u00ab\u00a0L&rsquo;Oiseau du mois\u00a0\u00bb sur les hirondelles et les martinets. Pour d\u00e9buter cette s\u00e9rie, l&rsquo;heureuse gagnante est l&rsquo;hirondelle de fen\u00eatre. Quelques \u00e9l\u00e9ments d&rsquo;identification: Quand on la voit &#8230; L&rsquo;hirondelle de fen\u00eatre a la t\u00eate, le dos, les ailes et la queue de couleur noir-bleu. Le dessous est essentiellement blanc. Afin de [&hellip;]","og_url":"https:\/\/paca.lpo.fr\/blogs\/nice\/2011\/04\/27\/loiseau-du-mois-lhirondelle-de-fenetre\/","og_site_name":"Groupe local Nice","article_published_time":"2011-04-27T13:45:04+00:00","og_image":[{"url":"http:\/\/paca.lpo.fr\/images\/phocagallery\/phototheque\/oiseaux\/Hirondelle_de_fenetre\/thumbs\/phoca_thumb_l_Hirondelle_de_fenetre_givi3.jpg","type":"","width":"","height":""}],"author":"LPOPACA","twitter_card":"summary_large_image","twitter_misc":{"\u00c9crit par":"LPOPACA","Dur\u00e9e de lecture estim\u00e9e":"2 minutes"},"schema":{"@context":"https:\/\/schema.org","@graph":[{"@type":"Article","@id":"https:\/\/paca.lpo.fr\/blogs\/nice\/2011\/04\/27\/loiseau-du-mois-lhirondelle-de-fenetre\/#article","isPartOf":{"@id":"https:\/\/paca.lpo.fr\/blogs\/nice\/2011\/04\/27\/loiseau-du-mois-lhirondelle-de-fenetre\/"},"author":{"name":"LPOPACA","@id":"https:\/\/paca.lpo.fr\/blogs\/nice\/#\/schema\/person\/f4701c21e2e412e301d69ea575732a07"},"headline":"L&rsquo;oiseau du mois: l&rsquo;Hirondelle de Fen\u00eatre","datePublished":"2011-04-27T13:45:04+00:00","mainEntityOfPage":{"@id":"https:\/\/paca.lpo.fr\/blogs\/nice\/2011\/04\/27\/loiseau-du-mois-lhirondelle-de-fenetre\/"},"wordCount":448,"commentCount":0,"publisher":{"@id":"https:\/\/paca.lpo.fr\/blogs\/nice\/#organization"},"image":{"@id":"https:\/\/paca.lpo.fr\/blogs\/nice\/2011\/04\/27\/loiseau-du-mois-lhirondelle-de-fenetre\/#primaryimage"},"thumbnailUrl":"http:\/\/paca.lpo.fr\/images\/phocagallery\/phototheque\/oiseaux\/Hirondelle_de_fenetre\/thumbs\/phoca_thumb_l_Hirondelle_de_fenetre_givi3.jpg","keywords":["avril","hirondelle","hirondelles et martinets","oiseau du mois"],"articleSection":["Vie du groupe"],"inLanguage":"fr-FR","potentialAction":[{"@type":"CommentAction","name":"Comment","target":["https:\/\/paca.lpo.fr\/blogs\/nice\/2011\/04\/27\/loiseau-du-mois-lhirondelle-de-fenetre\/#respond"]}]},{"@type":"WebPage","@id":"https:\/\/paca.lpo.fr\/blogs\/nice\/2011\/04\/27\/loiseau-du-mois-lhirondelle-de-fenetre\/","url":"https:\/\/paca.lpo.fr\/blogs\/nice\/2011\/04\/27\/loiseau-du-mois-lhirondelle-de-fenetre\/","name":"L'oiseau du mois: l'Hirondelle de Fen\u00eatre - Groupe local Nice","isPartOf":{"@id":"https:\/\/paca.lpo.fr\/blogs\/nice\/#website"},"primaryImageOfPage":{"@id":"https:\/\/paca.lpo.fr\/blogs\/nice\/2011\/04\/27\/loiseau-du-mois-lhirondelle-de-fenetre\/#primaryimage"},"image":{"@id":"https:\/\/paca.lpo.fr\/blogs\/nice\/2011\/04\/27\/loiseau-du-mois-lhirondelle-de-fenetre\/#primaryimage"},"thumbnailUrl":"http:\/\/paca.lpo.fr\/images\/phocagallery\/phototheque\/oiseaux\/Hirondelle_de_fenetre\/thumbs\/phoca_thumb_l_Hirondelle_de_fenetre_givi3.jpg","datePublished":"2011-04-27T13:45:04+00:00","breadcrumb":{"@id":"https:\/\/paca.lpo.fr\/blogs\/nice\/2011\/04\/27\/loiseau-du-mois-lhirondelle-de-fenetre\/#breadcrumb"},"inLanguage":"fr-FR","potentialAction":[{"@type":"ReadAction","target":["https:\/\/paca.lpo.fr\/blogs\/nice\/2011\/04\/27\/loiseau-du-mois-lhirondelle-de-fenetre\/"]}]},{"@type":"ImageObject","inLanguage":"fr-FR","@id":"https:\/\/paca.lpo.fr\/blogs\/nice\/2011\/04\/27\/loiseau-du-mois-lhirondelle-de-fenetre\/#primaryimage","url":"http:\/\/paca.lpo.fr\/images\/phocagallery\/phototheque\/oiseaux\/Hirondelle_de_fenetre\/thumbs\/phoca_thumb_l_Hirondelle_de_fenetre_givi3.jpg","contentUrl":"http:\/\/paca.lpo.fr\/images\/phocagallery\/phototheque\/oiseaux\/Hirondelle_de_fenetre\/thumbs\/phoca_thumb_l_Hirondelle_de_fenetre_givi3.jpg"},{"@type":"BreadcrumbList","@id":"https:\/\/paca.lpo.fr\/blogs\/nice\/2011\/04\/27\/loiseau-du-mois-lhirondelle-de-fenetre\/#breadcrumb","itemListElement":[{"@type":"ListItem","position":1,"name":"Accueil","item":"https:\/\/paca.lpo.fr\/blogs\/nice\/"},{"@type":"ListItem","position":2,"name":"L&rsquo;oiseau du mois: l&rsquo;Hirondelle de Fen\u00eatre"}]},{"@type":"WebSite","@id":"https:\/\/paca.lpo.fr\/blogs\/nice\/#website","url":"https:\/\/paca.lpo.fr\/blogs\/nice\/","name":"Groupe local Nice","description":"Groupe local Nice","publisher":{"@id":"https:\/\/paca.lpo.fr\/blogs\/nice\/#organization"},"potentialAction":[{"@type":"SearchAction","target":{"@type":"EntryPoint","urlTemplate":"https:\/\/paca.lpo.fr\/blogs\/nice\/?s={search_term_string}"},"query-input":{"@type":"PropertyValueSpecification","valueRequired":true,"valueName":"search_term_string"}}],"inLanguage":"fr-FR"},{"@type":"Organization","@id":"https:\/\/paca.lpo.fr\/blogs\/nice\/#organization","name":"Groupe local Nice","url":"https:\/\/paca.lpo.fr\/blogs\/nice\/","logo":{"@type":"ImageObject","inLanguage":"fr-FR","@id":"https:\/\/paca.lpo.fr\/blogs\/nice\/#\/schema\/logo\/image\/","url":"https:\/\/paca.lpo.fr\/blogs\/nice\/files\/2024\/01\/cropped-rvb-lpo-paca-logotype-signature-droite-mini-500.jpg","contentUrl":"https:\/\/paca.lpo.fr\/blogs\/nice\/files\/2024\/01\/cropped-rvb-lpo-paca-logotype-signature-droite-mini-500.jpg","width":500,"height":210,"caption":"Groupe local Nice"},"image":{"@id":"https:\/\/paca.lpo.fr\/blogs\/nice\/#\/schema\/logo\/image\/"}},{"@type":"Person","@id":"https:\/\/paca.lpo.fr\/blogs\/nice\/#\/schema\/person\/f4701c21e2e412e301d69ea575732a07","name":"LPOPACA","image":{"@type":"ImageObject","inLanguage":"fr-FR","@id":"https:\/\/secure.gravatar.com\/avatar\/61b4fe4aeb906264475360b018582a8a825394c21df85ee757345c68c15ddd14?s=96&d=mm&r=g","url":"https:\/\/secure.gravatar.com\/avatar\/61b4fe4aeb906264475360b018582a8a825394c21df85ee757345c68c15ddd14?s=96&d=mm&r=g","contentUrl":"https:\/\/secure.gravatar.com\/avatar\/61b4fe4aeb906264475360b018582a8a825394c21df85ee757345c68c15ddd14?s=96&d=mm&r=g","caption":"LPOPACA"},"url":"https:\/\/paca.lpo.fr\/blogs\/nice\/author\/lpopaca\/"}]}},"jetpack_featured_media_url":"","_links":{"self":[{"href":"https:\/\/paca.lpo.fr\/blogs\/nice\/wp-json\/wp\/v2\/posts\/103","targetHints":{"allow":["GET"]}}],"collection":[{"href":"https:\/\/paca.lpo.fr\/blogs\/nice\/wp-json\/wp\/v2\/posts"}],"about":[{"href":"https:\/\/paca.lpo.fr\/blogs\/nice\/wp-json\/wp\/v2\/types\/post"}],"author":[{"embeddable":true,"href":"https:\/\/paca.lpo.fr\/blogs\/nice\/wp-json\/wp\/v2\/users\/1"}],"replies":[{"embeddable":true,"href":"https:\/\/paca.lpo.fr\/blogs\/nice\/wp-json\/wp\/v2\/comments?post=103"}],"version-history":[{"count":0,"href":"https:\/\/paca.lpo.fr\/blogs\/nice\/wp-json\/wp\/v2\/posts\/103\/revisions"}],"wp:attachment":[{"href":"https:\/\/paca.lpo.fr\/blogs\/nice\/wp-json\/wp\/v2\/media?parent=103"}],"wp:term":[{"taxonomy":"category","embeddable":true,"href":"https:\/\/paca.lpo.fr\/blogs\/nice\/wp-json\/wp\/v2\/categories?post=103"},{"taxonomy":"post_tag","embeddable":true,"href":"https:\/\/paca.lpo.fr\/blogs\/nice\/wp-json\/wp\/v2\/tags?post=103"}],"curies":[{"name":"wp","href":"https:\/\/api.w.org\/{rel}","templated":true}]}}