{"id":1042,"date":"2014-05-26T14:14:17","date_gmt":"2014-05-26T13:14:17","guid":{"rendered":"https:\/\/paca.lpo.fr\/blogs\/nice\/?p=1042"},"modified":"2014-05-29T19:15:20","modified_gmt":"2014-05-29T18:15:20","slug":"sortie-au-vallon-obscur-donareo","status":"publish","type":"post","link":"https:\/\/paca.lpo.fr\/blogs\/nice\/2014\/05\/26\/sortie-au-vallon-obscur-donareo\/","title":{"rendered":"Sortie au Vallon Obscur Donar\u00e9o"},"content":{"rendered":"<p>Une sortie le dimanche 25 mai en partenariat avec l&rsquo;association GREEN et Nature&amp;D\u00e9couverte, guid\u00e9e par Jean-F\u00e9lix Gandioli, Pr\u00e9sident de l&rsquo;association Les Amis du Mus\u00e9um d&rsquo;Histoire Naturelle de Nice.<\/p>\n<p>Ces vallons sont le si\u00e8ge d&rsquo;une v\u00e9g\u00e9tation \u00e0 affinit\u00e9 subtropicale et montagnarde, notamment des esp\u00e8ces montagnardes en situation abyssale qui se d\u00e9veloppent pratiquement au niveau de la mer. Peu d&rsquo;oiseaux observ\u00e9s, mais une multitude de plantes, certaines rares et prot\u00e9g\u00e9es, quelques\u00a0libellules, des papillons,\u00a0et une belle grenouille rieuse.<\/p>\n<p><a href=\"https:\/\/paca.lpo.fr\/blogs\/nice\/files\/2014\/05\/14-05-25VallonDonareo-011-Copie.jpg\"><img loading=\"lazy\" decoding=\"async\" class=\"alignnone size-medium wp-image-1044\" src=\"https:\/\/paca.lpo.fr\/blogs\/nice\/files\/2014\/05\/14-05-25VallonDonareo-011-Copie-480x320.jpg\" alt=\"14-05-25VallonDonareo 011 - Copie\" width=\"480\" height=\"320\" srcset=\"https:\/\/paca.lpo.fr\/blogs\/nice\/files\/2014\/05\/14-05-25VallonDonareo-011-Copie-480x320.jpg 480w, https:\/\/paca.lpo.fr\/blogs\/nice\/files\/2014\/05\/14-05-25VallonDonareo-011-Copie.jpg 599w\" sizes=\"auto, (max-width: 480px) 100vw, 480px\" \/><\/a><\/p>\n<p>La rel\u00e8ve naturaliste est assur\u00e9e.<\/p>\n<p>Etude scientifique d\u00e9taill\u00e9e et s\u00e9rieuse des mousses :<\/p>\n<p><a href=\"https:\/\/paca.lpo.fr\/blogs\/nice\/files\/2014\/05\/20140525_111346-Copie.jpg\"><img loading=\"lazy\" decoding=\"async\" class=\"alignnone size-medium wp-image-1045\" src=\"https:\/\/paca.lpo.fr\/blogs\/nice\/files\/2014\/05\/20140525_111346-Copie-395x480.jpg\" alt=\"20140525_111346 - Copie\" width=\"395\" height=\"480\" srcset=\"https:\/\/paca.lpo.fr\/blogs\/nice\/files\/2014\/05\/20140525_111346-Copie-395x480.jpg 395w, https:\/\/paca.lpo.fr\/blogs\/nice\/files\/2014\/05\/20140525_111346-Copie.jpg 606w\" sizes=\"auto, (max-width: 395px) 100vw, 395px\" \/><\/a><\/p>\n<p><span style=\"font-size: 12pt\">Compte rendu complet de la sortie par l&rsquo;Association Green :\u00a0\u00a0<a href=\"http:\/\/hzm.r.mailjet.com\/link\/0tx4\/498ww1t\/1\/6QWuyYMHRCQw2_m_cB-g1A\/aHR0cDovL2h6bS5yLm1haWxqZXQuY29tL25sLzB0eDQveDg5aWguaHRtbD9bW1VOU1VCX1BBUkFNU11d\">Voir la version en ligne<\/a><\/span><\/p>\n<p>&nbsp;<\/p>\n","protected":false},"excerpt":{"rendered":"<p>Une sortie le dimanche 25 mai en partenariat avec l&rsquo;association GREEN et Nature&amp;D\u00e9couverte, guid\u00e9e par Jean-F\u00e9lix Gandioli, Pr\u00e9sident de l&rsquo;association Les Amis du Mus\u00e9um d&rsquo;Histoire Naturelle de Nice. Ces vallons sont le si\u00e8ge d&rsquo;une v\u00e9g\u00e9tation \u00e0 affinit\u00e9 subtropicale et montagnarde, notamment des esp\u00e8ces montagnardes en situation abyssale qui se d\u00e9veloppent pratiquement au niveau de la [&hellip;]<\/p>\n","protected":false},"author":15,"featured_media":1054,"comment_status":"open","ping_status":"open","sticky":false,"template":"","format":"standard","meta":{"footnotes":""},"categories":[1],"tags":[],"class_list":["post-1042","post","type-post","status-publish","format-standard","has-post-thumbnail","hentry","category-sorties-nature"],"yoast_head":"<!-- This site is optimized with the Yoast SEO plugin v28.3 - https:\/\/yoast.com\/product\/yoast-seo-wordpress\/ -->\n<title>Sortie au Vallon Obscur Donar\u00e9o - Groupe local Nice<\/title>\n<meta name=\"robots\" content=\"index, follow, max-snippet:-1, max-image-preview:large, max-video-preview:-1\" \/>\n<link rel=\"canonical\" href=\"https:\/\/paca.lpo.fr\/blogs\/nice\/2014\/05\/26\/sortie-au-vallon-obscur-donareo\/\" \/>\n<meta property=\"og:locale\" content=\"fr_FR\" \/>\n<meta property=\"og:type\" content=\"article\" \/>\n<meta property=\"og:title\" content=\"Sortie au Vallon Obscur Donar\u00e9o - Groupe local Nice\" \/>\n<meta property=\"og:description\" content=\"Une sortie le dimanche 25 mai en partenariat avec l&rsquo;association GREEN et Nature&amp;D\u00e9couverte, guid\u00e9e par Jean-F\u00e9lix Gandioli, Pr\u00e9sident de l&rsquo;association Les Amis du Mus\u00e9um d&rsquo;Histoire Naturelle de Nice. Ces vallons sont le si\u00e8ge d&rsquo;une v\u00e9g\u00e9tation \u00e0 affinit\u00e9 subtropicale et montagnarde, notamment des esp\u00e8ces montagnardes en situation abyssale qui se d\u00e9veloppent pratiquement au niveau de la [&hellip;]\" \/>\n<meta property=\"og:url\" content=\"https:\/\/paca.lpo.fr\/blogs\/nice\/2014\/05\/26\/sortie-au-vallon-obscur-donareo\/\" \/>\n<meta property=\"og:site_name\" content=\"Groupe local Nice\" \/>\n<meta property=\"article:published_time\" content=\"2014-05-26T13:14:17+00:00\" \/>\n<meta property=\"article:modified_time\" content=\"2014-05-29T18:15:20+00:00\" \/>\n<meta property=\"og:image\" content=\"https:\/\/paca.lpo.fr\/blogs\/nice\/files\/2014\/05\/fetenatr.jpg\" \/>\n\t<meta property=\"og:image:width\" content=\"200\" \/>\n\t<meta property=\"og:image:height\" content=\"283\" \/>\n\t<meta property=\"og:image:type\" content=\"image\/jpeg\" \/>\n<meta name=\"author\" content=\"Groupe local Paillon-B\u00e9v\u00e9ra\" \/>\n<meta name=\"twitter:card\" content=\"summary_large_image\" \/>\n<meta name=\"twitter:label1\" content=\"\u00c9crit par\" \/>\n\t<meta name=\"twitter:data1\" content=\"Groupe local Paillon-B\u00e9v\u00e9ra\" \/>\n\t<meta name=\"twitter:label2\" content=\"Dur\u00e9e de lecture estim\u00e9e\" \/>\n\t<meta name=\"twitter:data2\" content=\"1 minute\" \/>\n<script type=\"application\/ld+json\" class=\"yoast-schema-graph\">{\"@context\":\"https:\\\/\\\/schema.org\",\"@graph\":[{\"@type\":\"Article\",\"@id\":\"https:\\\/\\\/paca.lpo.fr\\\/blogs\\\/nice\\\/2014\\\/05\\\/26\\\/sortie-au-vallon-obscur-donareo\\\/#article\",\"isPartOf\":{\"@id\":\"https:\\\/\\\/paca.lpo.fr\\\/blogs\\\/nice\\\/2014\\\/05\\\/26\\\/sortie-au-vallon-obscur-donareo\\\/\"},\"author\":{\"name\":\"Groupe local Paillon-B\u00e9v\u00e9ra\",\"@id\":\"https:\\\/\\\/paca.lpo.fr\\\/blogs\\\/nice\\\/#\\\/schema\\\/person\\\/1bda33335fb71e0b3552487db26a4c56\"},\"headline\":\"Sortie au Vallon Obscur Donar\u00e9o\",\"datePublished\":\"2014-05-26T13:14:17+00:00\",\"dateModified\":\"2014-05-29T18:15:20+00:00\",\"mainEntityOfPage\":{\"@id\":\"https:\\\/\\\/paca.lpo.fr\\\/blogs\\\/nice\\\/2014\\\/05\\\/26\\\/sortie-au-vallon-obscur-donareo\\\/\"},\"wordCount\":134,\"commentCount\":0,\"publisher\":{\"@id\":\"https:\\\/\\\/paca.lpo.fr\\\/blogs\\\/nice\\\/#organization\"},\"image\":{\"@id\":\"https:\\\/\\\/paca.lpo.fr\\\/blogs\\\/nice\\\/2014\\\/05\\\/26\\\/sortie-au-vallon-obscur-donareo\\\/#primaryimage\"},\"thumbnailUrl\":\"https:\\\/\\\/paca.lpo.fr\\\/blogs\\\/nice\\\/files\\\/2014\\\/05\\\/fetenatr.jpg\",\"articleSection\":[\"grands \u00e9v\u00e8nements\"],\"inLanguage\":\"fr-FR\",\"potentialAction\":[{\"@type\":\"CommentAction\",\"name\":\"Comment\",\"target\":[\"https:\\\/\\\/paca.lpo.fr\\\/blogs\\\/nice\\\/2014\\\/05\\\/26\\\/sortie-au-vallon-obscur-donareo\\\/#respond\"]}]},{\"@type\":\"WebPage\",\"@id\":\"https:\\\/\\\/paca.lpo.fr\\\/blogs\\\/nice\\\/2014\\\/05\\\/26\\\/sortie-au-vallon-obscur-donareo\\\/\",\"url\":\"https:\\\/\\\/paca.lpo.fr\\\/blogs\\\/nice\\\/2014\\\/05\\\/26\\\/sortie-au-vallon-obscur-donareo\\\/\",\"name\":\"Sortie au Vallon Obscur Donar\u00e9o - Groupe local Nice\",\"isPartOf\":{\"@id\":\"https:\\\/\\\/paca.lpo.fr\\\/blogs\\\/nice\\\/#website\"},\"primaryImageOfPage\":{\"@id\":\"https:\\\/\\\/paca.lpo.fr\\\/blogs\\\/nice\\\/2014\\\/05\\\/26\\\/sortie-au-vallon-obscur-donareo\\\/#primaryimage\"},\"image\":{\"@id\":\"https:\\\/\\\/paca.lpo.fr\\\/blogs\\\/nice\\\/2014\\\/05\\\/26\\\/sortie-au-vallon-obscur-donareo\\\/#primaryimage\"},\"thumbnailUrl\":\"https:\\\/\\\/paca.lpo.fr\\\/blogs\\\/nice\\\/files\\\/2014\\\/05\\\/fetenatr.jpg\",\"datePublished\":\"2014-05-26T13:14:17+00:00\",\"dateModified\":\"2014-05-29T18:15:20+00:00\",\"breadcrumb\":{\"@id\":\"https:\\\/\\\/paca.lpo.fr\\\/blogs\\\/nice\\\/2014\\\/05\\\/26\\\/sortie-au-vallon-obscur-donareo\\\/#breadcrumb\"},\"inLanguage\":\"fr-FR\",\"potentialAction\":[{\"@type\":\"ReadAction\",\"target\":[\"https:\\\/\\\/paca.lpo.fr\\\/blogs\\\/nice\\\/2014\\\/05\\\/26\\\/sortie-au-vallon-obscur-donareo\\\/\"]}]},{\"@type\":\"ImageObject\",\"inLanguage\":\"fr-FR\",\"@id\":\"https:\\\/\\\/paca.lpo.fr\\\/blogs\\\/nice\\\/2014\\\/05\\\/26\\\/sortie-au-vallon-obscur-donareo\\\/#primaryimage\",\"url\":\"https:\\\/\\\/paca.lpo.fr\\\/blogs\\\/nice\\\/files\\\/2014\\\/05\\\/fetenatr.jpg\",\"contentUrl\":\"https:\\\/\\\/paca.lpo.fr\\\/blogs\\\/nice\\\/files\\\/2014\\\/05\\\/fetenatr.jpg\",\"width\":200,\"height\":283},{\"@type\":\"BreadcrumbList\",\"@id\":\"https:\\\/\\\/paca.lpo.fr\\\/blogs\\\/nice\\\/2014\\\/05\\\/26\\\/sortie-au-vallon-obscur-donareo\\\/#breadcrumb\",\"itemListElement\":[{\"@type\":\"ListItem\",\"position\":1,\"name\":\"Accueil\",\"item\":\"https:\\\/\\\/paca.lpo.fr\\\/blogs\\\/nice\\\/\"},{\"@type\":\"ListItem\",\"position\":2,\"name\":\"Sortie au Vallon Obscur Donar\u00e9o\"}]},{\"@type\":\"WebSite\",\"@id\":\"https:\\\/\\\/paca.lpo.fr\\\/blogs\\\/nice\\\/#website\",\"url\":\"https:\\\/\\\/paca.lpo.fr\\\/blogs\\\/nice\\\/\",\"name\":\"Groupe local Nice\",\"description\":\"Groupe local Nice\",\"publisher\":{\"@id\":\"https:\\\/\\\/paca.lpo.fr\\\/blogs\\\/nice\\\/#organization\"},\"potentialAction\":[{\"@type\":\"SearchAction\",\"target\":{\"@type\":\"EntryPoint\",\"urlTemplate\":\"https:\\\/\\\/paca.lpo.fr\\\/blogs\\\/nice\\\/?s={search_term_string}\"},\"query-input\":{\"@type\":\"PropertyValueSpecification\",\"valueRequired\":true,\"valueName\":\"search_term_string\"}}],\"inLanguage\":\"fr-FR\"},{\"@type\":\"Organization\",\"@id\":\"https:\\\/\\\/paca.lpo.fr\\\/blogs\\\/nice\\\/#organization\",\"name\":\"Groupe local Nice\",\"url\":\"https:\\\/\\\/paca.lpo.fr\\\/blogs\\\/nice\\\/\",\"logo\":{\"@type\":\"ImageObject\",\"inLanguage\":\"fr-FR\",\"@id\":\"https:\\\/\\\/paca.lpo.fr\\\/blogs\\\/nice\\\/#\\\/schema\\\/logo\\\/image\\\/\",\"url\":\"https:\\\/\\\/paca.lpo.fr\\\/blogs\\\/nice\\\/files\\\/2024\\\/01\\\/cropped-rvb-lpo-paca-logotype-signature-droite-mini-500.jpg\",\"contentUrl\":\"https:\\\/\\\/paca.lpo.fr\\\/blogs\\\/nice\\\/files\\\/2024\\\/01\\\/cropped-rvb-lpo-paca-logotype-signature-droite-mini-500.jpg\",\"width\":500,\"height\":210,\"caption\":\"Groupe local Nice\"},\"image\":{\"@id\":\"https:\\\/\\\/paca.lpo.fr\\\/blogs\\\/nice\\\/#\\\/schema\\\/logo\\\/image\\\/\"}},{\"@type\":\"Person\",\"@id\":\"https:\\\/\\\/paca.lpo.fr\\\/blogs\\\/nice\\\/#\\\/schema\\\/person\\\/1bda33335fb71e0b3552487db26a4c56\",\"name\":\"Groupe local Paillon-B\u00e9v\u00e9ra\",\"image\":{\"@type\":\"ImageObject\",\"inLanguage\":\"fr-FR\",\"@id\":\"https:\\\/\\\/secure.gravatar.com\\\/avatar\\\/b1ee285506e2cb880ec988990d360e255aecb31c77212741dace1023623610c2?s=96&d=mm&r=g\",\"url\":\"https:\\\/\\\/secure.gravatar.com\\\/avatar\\\/b1ee285506e2cb880ec988990d360e255aecb31c77212741dace1023623610c2?s=96&d=mm&r=g\",\"contentUrl\":\"https:\\\/\\\/secure.gravatar.com\\\/avatar\\\/b1ee285506e2cb880ec988990d360e255aecb31c77212741dace1023623610c2?s=96&d=mm&r=g\",\"caption\":\"Groupe local Paillon-B\u00e9v\u00e9ra\"},\"url\":\"https:\\\/\\\/paca.lpo.fr\\\/blogs\\\/nice\\\/author\\\/alpesmaritimesest\\\/\"}]}<\/script>\n<!-- \/ Yoast SEO plugin. -->","yoast_head_json":{"title":"Sortie au Vallon Obscur Donar\u00e9o - Groupe local Nice","robots":{"index":"index","follow":"follow","max-snippet":"max-snippet:-1","max-image-preview":"max-image-preview:large","max-video-preview":"max-video-preview:-1"},"canonical":"https:\/\/paca.lpo.fr\/blogs\/nice\/2014\/05\/26\/sortie-au-vallon-obscur-donareo\/","og_locale":"fr_FR","og_type":"article","og_title":"Sortie au Vallon Obscur Donar\u00e9o - Groupe local Nice","og_description":"Une sortie le dimanche 25 mai en partenariat avec l&rsquo;association GREEN et Nature&amp;D\u00e9couverte, guid\u00e9e par Jean-F\u00e9lix Gandioli, Pr\u00e9sident de l&rsquo;association Les Amis du Mus\u00e9um d&rsquo;Histoire Naturelle de Nice. Ces vallons sont le si\u00e8ge d&rsquo;une v\u00e9g\u00e9tation \u00e0 affinit\u00e9 subtropicale et montagnarde, notamment des esp\u00e8ces montagnardes en situation abyssale qui se d\u00e9veloppent pratiquement au niveau de la [&hellip;]","og_url":"https:\/\/paca.lpo.fr\/blogs\/nice\/2014\/05\/26\/sortie-au-vallon-obscur-donareo\/","og_site_name":"Groupe local Nice","article_published_time":"2014-05-26T13:14:17+00:00","article_modified_time":"2014-05-29T18:15:20+00:00","og_image":[{"width":200,"height":283,"url":"https:\/\/paca.lpo.fr\/blogs\/nice\/files\/2014\/05\/fetenatr.jpg","type":"image\/jpeg"}],"author":"Groupe local Paillon-B\u00e9v\u00e9ra","twitter_card":"summary_large_image","twitter_misc":{"\u00c9crit par":"Groupe local Paillon-B\u00e9v\u00e9ra","Dur\u00e9e de lecture estim\u00e9e":"1 minute"},"schema":{"@context":"https:\/\/schema.org","@graph":[{"@type":"Article","@id":"https:\/\/paca.lpo.fr\/blogs\/nice\/2014\/05\/26\/sortie-au-vallon-obscur-donareo\/#article","isPartOf":{"@id":"https:\/\/paca.lpo.fr\/blogs\/nice\/2014\/05\/26\/sortie-au-vallon-obscur-donareo\/"},"author":{"name":"Groupe local Paillon-B\u00e9v\u00e9ra","@id":"https:\/\/paca.lpo.fr\/blogs\/nice\/#\/schema\/person\/1bda33335fb71e0b3552487db26a4c56"},"headline":"Sortie au Vallon Obscur Donar\u00e9o","datePublished":"2014-05-26T13:14:17+00:00","dateModified":"2014-05-29T18:15:20+00:00","mainEntityOfPage":{"@id":"https:\/\/paca.lpo.fr\/blogs\/nice\/2014\/05\/26\/sortie-au-vallon-obscur-donareo\/"},"wordCount":134,"commentCount":0,"publisher":{"@id":"https:\/\/paca.lpo.fr\/blogs\/nice\/#organization"},"image":{"@id":"https:\/\/paca.lpo.fr\/blogs\/nice\/2014\/05\/26\/sortie-au-vallon-obscur-donareo\/#primaryimage"},"thumbnailUrl":"https:\/\/paca.lpo.fr\/blogs\/nice\/files\/2014\/05\/fetenatr.jpg","articleSection":["grands \u00e9v\u00e8nements"],"inLanguage":"fr-FR","potentialAction":[{"@type":"CommentAction","name":"Comment","target":["https:\/\/paca.lpo.fr\/blogs\/nice\/2014\/05\/26\/sortie-au-vallon-obscur-donareo\/#respond"]}]},{"@type":"WebPage","@id":"https:\/\/paca.lpo.fr\/blogs\/nice\/2014\/05\/26\/sortie-au-vallon-obscur-donareo\/","url":"https:\/\/paca.lpo.fr\/blogs\/nice\/2014\/05\/26\/sortie-au-vallon-obscur-donareo\/","name":"Sortie au Vallon Obscur Donar\u00e9o - Groupe local Nice","isPartOf":{"@id":"https:\/\/paca.lpo.fr\/blogs\/nice\/#website"},"primaryImageOfPage":{"@id":"https:\/\/paca.lpo.fr\/blogs\/nice\/2014\/05\/26\/sortie-au-vallon-obscur-donareo\/#primaryimage"},"image":{"@id":"https:\/\/paca.lpo.fr\/blogs\/nice\/2014\/05\/26\/sortie-au-vallon-obscur-donareo\/#primaryimage"},"thumbnailUrl":"https:\/\/paca.lpo.fr\/blogs\/nice\/files\/2014\/05\/fetenatr.jpg","datePublished":"2014-05-26T13:14:17+00:00","dateModified":"2014-05-29T18:15:20+00:00","breadcrumb":{"@id":"https:\/\/paca.lpo.fr\/blogs\/nice\/2014\/05\/26\/sortie-au-vallon-obscur-donareo\/#breadcrumb"},"inLanguage":"fr-FR","potentialAction":[{"@type":"ReadAction","target":["https:\/\/paca.lpo.fr\/blogs\/nice\/2014\/05\/26\/sortie-au-vallon-obscur-donareo\/"]}]},{"@type":"ImageObject","inLanguage":"fr-FR","@id":"https:\/\/paca.lpo.fr\/blogs\/nice\/2014\/05\/26\/sortie-au-vallon-obscur-donareo\/#primaryimage","url":"https:\/\/paca.lpo.fr\/blogs\/nice\/files\/2014\/05\/fetenatr.jpg","contentUrl":"https:\/\/paca.lpo.fr\/blogs\/nice\/files\/2014\/05\/fetenatr.jpg","width":200,"height":283},{"@type":"BreadcrumbList","@id":"https:\/\/paca.lpo.fr\/blogs\/nice\/2014\/05\/26\/sortie-au-vallon-obscur-donareo\/#breadcrumb","itemListElement":[{"@type":"ListItem","position":1,"name":"Accueil","item":"https:\/\/paca.lpo.fr\/blogs\/nice\/"},{"@type":"ListItem","position":2,"name":"Sortie au Vallon Obscur Donar\u00e9o"}]},{"@type":"WebSite","@id":"https:\/\/paca.lpo.fr\/blogs\/nice\/#website","url":"https:\/\/paca.lpo.fr\/blogs\/nice\/","name":"Groupe local Nice","description":"Groupe local Nice","publisher":{"@id":"https:\/\/paca.lpo.fr\/blogs\/nice\/#organization"},"potentialAction":[{"@type":"SearchAction","target":{"@type":"EntryPoint","urlTemplate":"https:\/\/paca.lpo.fr\/blogs\/nice\/?s={search_term_string}"},"query-input":{"@type":"PropertyValueSpecification","valueRequired":true,"valueName":"search_term_string"}}],"inLanguage":"fr-FR"},{"@type":"Organization","@id":"https:\/\/paca.lpo.fr\/blogs\/nice\/#organization","name":"Groupe local Nice","url":"https:\/\/paca.lpo.fr\/blogs\/nice\/","logo":{"@type":"ImageObject","inLanguage":"fr-FR","@id":"https:\/\/paca.lpo.fr\/blogs\/nice\/#\/schema\/logo\/image\/","url":"https:\/\/paca.lpo.fr\/blogs\/nice\/files\/2024\/01\/cropped-rvb-lpo-paca-logotype-signature-droite-mini-500.jpg","contentUrl":"https:\/\/paca.lpo.fr\/blogs\/nice\/files\/2024\/01\/cropped-rvb-lpo-paca-logotype-signature-droite-mini-500.jpg","width":500,"height":210,"caption":"Groupe local Nice"},"image":{"@id":"https:\/\/paca.lpo.fr\/blogs\/nice\/#\/schema\/logo\/image\/"}},{"@type":"Person","@id":"https:\/\/paca.lpo.fr\/blogs\/nice\/#\/schema\/person\/1bda33335fb71e0b3552487db26a4c56","name":"Groupe local Paillon-B\u00e9v\u00e9ra","image":{"@type":"ImageObject","inLanguage":"fr-FR","@id":"https:\/\/secure.gravatar.com\/avatar\/b1ee285506e2cb880ec988990d360e255aecb31c77212741dace1023623610c2?s=96&d=mm&r=g","url":"https:\/\/secure.gravatar.com\/avatar\/b1ee285506e2cb880ec988990d360e255aecb31c77212741dace1023623610c2?s=96&d=mm&r=g","contentUrl":"https:\/\/secure.gravatar.com\/avatar\/b1ee285506e2cb880ec988990d360e255aecb31c77212741dace1023623610c2?s=96&d=mm&r=g","caption":"Groupe local Paillon-B\u00e9v\u00e9ra"},"url":"https:\/\/paca.lpo.fr\/blogs\/nice\/author\/alpesmaritimesest\/"}]}},"jetpack_featured_media_url":"https:\/\/paca.lpo.fr\/blogs\/nice\/files\/2014\/05\/fetenatr.jpg","_links":{"self":[{"href":"https:\/\/paca.lpo.fr\/blogs\/nice\/wp-json\/wp\/v2\/posts\/1042","targetHints":{"allow":["GET"]}}],"collection":[{"href":"https:\/\/paca.lpo.fr\/blogs\/nice\/wp-json\/wp\/v2\/posts"}],"about":[{"href":"https:\/\/paca.lpo.fr\/blogs\/nice\/wp-json\/wp\/v2\/types\/post"}],"author":[{"embeddable":true,"href":"https:\/\/paca.lpo.fr\/blogs\/nice\/wp-json\/wp\/v2\/users\/15"}],"replies":[{"embeddable":true,"href":"https:\/\/paca.lpo.fr\/blogs\/nice\/wp-json\/wp\/v2\/comments?post=1042"}],"version-history":[{"count":3,"href":"https:\/\/paca.lpo.fr\/blogs\/nice\/wp-json\/wp\/v2\/posts\/1042\/revisions"}],"predecessor-version":[{"id":1053,"href":"https:\/\/paca.lpo.fr\/blogs\/nice\/wp-json\/wp\/v2\/posts\/1042\/revisions\/1053"}],"wp:featuredmedia":[{"embeddable":true,"href":"https:\/\/paca.lpo.fr\/blogs\/nice\/wp-json\/wp\/v2\/media\/1054"}],"wp:attachment":[{"href":"https:\/\/paca.lpo.fr\/blogs\/nice\/wp-json\/wp\/v2\/media?parent=1042"}],"wp:term":[{"taxonomy":"category","embeddable":true,"href":"https:\/\/paca.lpo.fr\/blogs\/nice\/wp-json\/wp\/v2\/categories?post=1042"},{"taxonomy":"post_tag","embeddable":true,"href":"https:\/\/paca.lpo.fr\/blogs\/nice\/wp-json\/wp\/v2\/tags?post=1042"}],"curies":[{"name":"wp","href":"https:\/\/api.w.org\/{rel}","templated":true}]}}