{"id":1056,"date":"2014-06-09T14:58:54","date_gmt":"2014-06-09T13:58:54","guid":{"rendered":"https:\/\/paca.lpo.fr\/blogs\/nice\/?p=1056"},"modified":"2014-10-07T14:48:28","modified_gmt":"2014-10-07T13:48:28","slug":"ceremonie-de-remise-des-prix-trophees-de-lenvironnement-de-la-ville-de-nice-le-5-juin-2014","status":"publish","type":"post","link":"https:\/\/paca.lpo.fr\/blogs\/nice\/2014\/06\/09\/ceremonie-de-remise-des-prix-trophees-de-lenvironnement-de-la-ville-de-nice-le-5-juin-2014\/","title":{"rendered":"C\u00e9r\u00e9monie de remise des prix Troph\u00e9es de l\u2019Environnement de la ville de Nice le 5 juin 2014"},"content":{"rendered":"<p>La c\u00e9r\u00e9monie de remise des prix pour les Troph\u00e9es de l\u2019Environnement s&rsquo;est tenue cette ann\u00e9e avec les pr\u00e9sences exceptionnelles du Cacique Raoni Metuktire, Grand Chef du peuple Kayapo (Br\u00e9sil) et de son Gardien de la Flamme, le Cacique Megaron Txucarramae, c\u00e9l\u00e8bres pour leur combat en faveur des indig\u00e8nes et contre la d\u00e9forestation en Amazonie. Ils ont \u00e9t\u00e9 heureux d\u2019apprendre que notre association luttait pour la protection des oiseaux et de leurs habitats, les rivi\u00e8res, les for\u00eats, les zones humides. La visite \u00e0 Nice des grands chefs Kayapo est une \u00e9tape forte dans la tourn\u00e9e \u00ab SOS Amazonia tour \u00bb soutenue par l&rsquo;association Plan\u00e8te Amazone. \u00c0 quelques jours de la coupe du monde de football au Br\u00e9sil, cette campagne cherche \u00e0 attirer les projecteurs sur la for\u00eat amazonienne.<\/p>\n<p><img loading=\"lazy\" decoding=\"async\" class=\"alignnone size-medium wp-image-1066\" src=\"https:\/\/paca.lpo.fr\/blogs\/nice\/files\/2014\/06\/DSC_0580-Copie-480x320.jpg\" alt=\"DSC_0580 - Copie\" width=\"480\" height=\"320\" srcset=\"https:\/\/paca.lpo.fr\/blogs\/nice\/files\/2014\/06\/DSC_0580-Copie-480x320.jpg 480w, https:\/\/paca.lpo.fr\/blogs\/nice\/files\/2014\/06\/DSC_0580-Copie.jpg 600w\" sizes=\"auto, (max-width: 480px) 100vw, 480px\" \/><\/p>\n<p><a href=\"https:\/\/paca.lpo.fr\/blogs\/nice\/files\/2014\/06\/2014-06-06-008-Copie.jpg\"><img loading=\"lazy\" decoding=\"async\" class=\"alignnone size-medium wp-image-1057\" src=\"https:\/\/paca.lpo.fr\/blogs\/nice\/files\/2014\/06\/2014-06-06-008-Copie-480x332.jpg\" alt=\"2014-06-06 008 - Copie\" width=\"480\" height=\"332\" srcset=\"https:\/\/paca.lpo.fr\/blogs\/nice\/files\/2014\/06\/2014-06-06-008-Copie-480x332.jpg 480w, https:\/\/paca.lpo.fr\/blogs\/nice\/files\/2014\/06\/2014-06-06-008-Copie.jpg 600w\" sizes=\"auto, (max-width: 480px) 100vw, 480px\" \/><\/a><\/p>\n","protected":false},"excerpt":{"rendered":"<p>La c\u00e9r\u00e9monie de remise des prix pour les Troph\u00e9es de l\u2019Environnement s&rsquo;est tenue cette ann\u00e9e avec les pr\u00e9sences exceptionnelles du Cacique Raoni Metuktire, Grand Chef du peuple Kayapo (Br\u00e9sil) et de son Gardien de la Flamme, le Cacique Megaron Txucarramae, c\u00e9l\u00e8bres pour leur combat en faveur des indig\u00e8nes et contre la d\u00e9forestation en Amazonie. Ils [&hellip;]<\/p>\n","protected":false},"author":15,"featured_media":1066,"comment_status":"open","ping_status":"open","sticky":false,"template":"","format":"standard","meta":{"footnotes":""},"categories":[1],"tags":[],"class_list":["post-1056","post","type-post","status-publish","format-standard","has-post-thumbnail","hentry","category-sorties-nature"],"yoast_head":"<!-- This site is optimized with the Yoast SEO plugin v28.3 - https:\/\/yoast.com\/product\/yoast-seo-wordpress\/ -->\n<title>C\u00e9r\u00e9monie de remise des prix Troph\u00e9es de l\u2019Environnement de la ville de Nice le 5 juin 2014 - Groupe local Nice<\/title>\n<meta name=\"robots\" content=\"index, follow, max-snippet:-1, max-image-preview:large, max-video-preview:-1\" \/>\n<link rel=\"canonical\" href=\"https:\/\/paca.lpo.fr\/blogs\/nice\/2014\/06\/09\/ceremonie-de-remise-des-prix-trophees-de-lenvironnement-de-la-ville-de-nice-le-5-juin-2014\/\" \/>\n<meta property=\"og:locale\" content=\"fr_FR\" \/>\n<meta property=\"og:type\" content=\"article\" \/>\n<meta property=\"og:title\" content=\"C\u00e9r\u00e9monie de remise des prix Troph\u00e9es de l\u2019Environnement de la ville de Nice le 5 juin 2014 - Groupe local Nice\" \/>\n<meta property=\"og:description\" content=\"La c\u00e9r\u00e9monie de remise des prix pour les Troph\u00e9es de l\u2019Environnement s&rsquo;est tenue cette ann\u00e9e avec les pr\u00e9sences exceptionnelles du Cacique Raoni Metuktire, Grand Chef du peuple Kayapo (Br\u00e9sil) et de son Gardien de la Flamme, le Cacique Megaron Txucarramae, c\u00e9l\u00e8bres pour leur combat en faveur des indig\u00e8nes et contre la d\u00e9forestation en Amazonie. Ils [&hellip;]\" \/>\n<meta property=\"og:url\" content=\"https:\/\/paca.lpo.fr\/blogs\/nice\/2014\/06\/09\/ceremonie-de-remise-des-prix-trophees-de-lenvironnement-de-la-ville-de-nice-le-5-juin-2014\/\" \/>\n<meta property=\"og:site_name\" content=\"Groupe local Nice\" \/>\n<meta property=\"article:published_time\" content=\"2014-06-09T13:58:54+00:00\" \/>\n<meta property=\"article:modified_time\" content=\"2014-10-07T13:48:28+00:00\" \/>\n<meta property=\"og:image\" content=\"https:\/\/paca.lpo.fr\/blogs\/nice\/files\/2014\/06\/DSC_0580-Copie.jpg\" \/>\n\t<meta property=\"og:image:width\" content=\"600\" \/>\n\t<meta property=\"og:image:height\" content=\"400\" \/>\n\t<meta property=\"og:image:type\" content=\"image\/jpeg\" \/>\n<meta name=\"author\" content=\"Groupe local Paillon-B\u00e9v\u00e9ra\" \/>\n<meta name=\"twitter:card\" content=\"summary_large_image\" \/>\n<meta name=\"twitter:label1\" content=\"\u00c9crit par\" \/>\n\t<meta name=\"twitter:data1\" content=\"Groupe local Paillon-B\u00e9v\u00e9ra\" \/>\n\t<meta name=\"twitter:label2\" content=\"Dur\u00e9e de lecture estim\u00e9e\" \/>\n\t<meta name=\"twitter:data2\" content=\"1 minute\" \/>\n<script type=\"application\/ld+json\" class=\"yoast-schema-graph\">{\"@context\":\"https:\\\/\\\/schema.org\",\"@graph\":[{\"@type\":\"Article\",\"@id\":\"https:\\\/\\\/paca.lpo.fr\\\/blogs\\\/nice\\\/2014\\\/06\\\/09\\\/ceremonie-de-remise-des-prix-trophees-de-lenvironnement-de-la-ville-de-nice-le-5-juin-2014\\\/#article\",\"isPartOf\":{\"@id\":\"https:\\\/\\\/paca.lpo.fr\\\/blogs\\\/nice\\\/2014\\\/06\\\/09\\\/ceremonie-de-remise-des-prix-trophees-de-lenvironnement-de-la-ville-de-nice-le-5-juin-2014\\\/\"},\"author\":{\"name\":\"Groupe local Paillon-B\u00e9v\u00e9ra\",\"@id\":\"https:\\\/\\\/paca.lpo.fr\\\/blogs\\\/nice\\\/#\\\/schema\\\/person\\\/1bda33335fb71e0b3552487db26a4c56\"},\"headline\":\"C\u00e9r\u00e9monie de remise des prix Troph\u00e9es de l\u2019Environnement de la ville de Nice le 5 juin 2014\",\"datePublished\":\"2014-06-09T13:58:54+00:00\",\"dateModified\":\"2014-10-07T13:48:28+00:00\",\"mainEntityOfPage\":{\"@id\":\"https:\\\/\\\/paca.lpo.fr\\\/blogs\\\/nice\\\/2014\\\/06\\\/09\\\/ceremonie-de-remise-des-prix-trophees-de-lenvironnement-de-la-ville-de-nice-le-5-juin-2014\\\/\"},\"wordCount\":161,\"commentCount\":0,\"publisher\":{\"@id\":\"https:\\\/\\\/paca.lpo.fr\\\/blogs\\\/nice\\\/#organization\"},\"image\":{\"@id\":\"https:\\\/\\\/paca.lpo.fr\\\/blogs\\\/nice\\\/2014\\\/06\\\/09\\\/ceremonie-de-remise-des-prix-trophees-de-lenvironnement-de-la-ville-de-nice-le-5-juin-2014\\\/#primaryimage\"},\"thumbnailUrl\":\"https:\\\/\\\/paca.lpo.fr\\\/blogs\\\/nice\\\/files\\\/2014\\\/06\\\/DSC_0580-Copie.jpg\",\"articleSection\":[\"grands \u00e9v\u00e8nements\"],\"inLanguage\":\"fr-FR\",\"potentialAction\":[{\"@type\":\"CommentAction\",\"name\":\"Comment\",\"target\":[\"https:\\\/\\\/paca.lpo.fr\\\/blogs\\\/nice\\\/2014\\\/06\\\/09\\\/ceremonie-de-remise-des-prix-trophees-de-lenvironnement-de-la-ville-de-nice-le-5-juin-2014\\\/#respond\"]}]},{\"@type\":\"WebPage\",\"@id\":\"https:\\\/\\\/paca.lpo.fr\\\/blogs\\\/nice\\\/2014\\\/06\\\/09\\\/ceremonie-de-remise-des-prix-trophees-de-lenvironnement-de-la-ville-de-nice-le-5-juin-2014\\\/\",\"url\":\"https:\\\/\\\/paca.lpo.fr\\\/blogs\\\/nice\\\/2014\\\/06\\\/09\\\/ceremonie-de-remise-des-prix-trophees-de-lenvironnement-de-la-ville-de-nice-le-5-juin-2014\\\/\",\"name\":\"C\u00e9r\u00e9monie de remise des prix Troph\u00e9es de l\u2019Environnement de la ville de Nice le 5 juin 2014 - Groupe local Nice\",\"isPartOf\":{\"@id\":\"https:\\\/\\\/paca.lpo.fr\\\/blogs\\\/nice\\\/#website\"},\"primaryImageOfPage\":{\"@id\":\"https:\\\/\\\/paca.lpo.fr\\\/blogs\\\/nice\\\/2014\\\/06\\\/09\\\/ceremonie-de-remise-des-prix-trophees-de-lenvironnement-de-la-ville-de-nice-le-5-juin-2014\\\/#primaryimage\"},\"image\":{\"@id\":\"https:\\\/\\\/paca.lpo.fr\\\/blogs\\\/nice\\\/2014\\\/06\\\/09\\\/ceremonie-de-remise-des-prix-trophees-de-lenvironnement-de-la-ville-de-nice-le-5-juin-2014\\\/#primaryimage\"},\"thumbnailUrl\":\"https:\\\/\\\/paca.lpo.fr\\\/blogs\\\/nice\\\/files\\\/2014\\\/06\\\/DSC_0580-Copie.jpg\",\"datePublished\":\"2014-06-09T13:58:54+00:00\",\"dateModified\":\"2014-10-07T13:48:28+00:00\",\"breadcrumb\":{\"@id\":\"https:\\\/\\\/paca.lpo.fr\\\/blogs\\\/nice\\\/2014\\\/06\\\/09\\\/ceremonie-de-remise-des-prix-trophees-de-lenvironnement-de-la-ville-de-nice-le-5-juin-2014\\\/#breadcrumb\"},\"inLanguage\":\"fr-FR\",\"potentialAction\":[{\"@type\":\"ReadAction\",\"target\":[\"https:\\\/\\\/paca.lpo.fr\\\/blogs\\\/nice\\\/2014\\\/06\\\/09\\\/ceremonie-de-remise-des-prix-trophees-de-lenvironnement-de-la-ville-de-nice-le-5-juin-2014\\\/\"]}]},{\"@type\":\"ImageObject\",\"inLanguage\":\"fr-FR\",\"@id\":\"https:\\\/\\\/paca.lpo.fr\\\/blogs\\\/nice\\\/2014\\\/06\\\/09\\\/ceremonie-de-remise-des-prix-trophees-de-lenvironnement-de-la-ville-de-nice-le-5-juin-2014\\\/#primaryimage\",\"url\":\"https:\\\/\\\/paca.lpo.fr\\\/blogs\\\/nice\\\/files\\\/2014\\\/06\\\/DSC_0580-Copie.jpg\",\"contentUrl\":\"https:\\\/\\\/paca.lpo.fr\\\/blogs\\\/nice\\\/files\\\/2014\\\/06\\\/DSC_0580-Copie.jpg\",\"width\":600,\"height\":400},{\"@type\":\"BreadcrumbList\",\"@id\":\"https:\\\/\\\/paca.lpo.fr\\\/blogs\\\/nice\\\/2014\\\/06\\\/09\\\/ceremonie-de-remise-des-prix-trophees-de-lenvironnement-de-la-ville-de-nice-le-5-juin-2014\\\/#breadcrumb\",\"itemListElement\":[{\"@type\":\"ListItem\",\"position\":1,\"name\":\"Accueil\",\"item\":\"https:\\\/\\\/paca.lpo.fr\\\/blogs\\\/nice\\\/\"},{\"@type\":\"ListItem\",\"position\":2,\"name\":\"C\u00e9r\u00e9monie de remise des prix Troph\u00e9es de l\u2019Environnement de la ville de Nice le 5 juin 2014\"}]},{\"@type\":\"WebSite\",\"@id\":\"https:\\\/\\\/paca.lpo.fr\\\/blogs\\\/nice\\\/#website\",\"url\":\"https:\\\/\\\/paca.lpo.fr\\\/blogs\\\/nice\\\/\",\"name\":\"Groupe local Nice\",\"description\":\"Groupe local Nice\",\"publisher\":{\"@id\":\"https:\\\/\\\/paca.lpo.fr\\\/blogs\\\/nice\\\/#organization\"},\"potentialAction\":[{\"@type\":\"SearchAction\",\"target\":{\"@type\":\"EntryPoint\",\"urlTemplate\":\"https:\\\/\\\/paca.lpo.fr\\\/blogs\\\/nice\\\/?s={search_term_string}\"},\"query-input\":{\"@type\":\"PropertyValueSpecification\",\"valueRequired\":true,\"valueName\":\"search_term_string\"}}],\"inLanguage\":\"fr-FR\"},{\"@type\":\"Organization\",\"@id\":\"https:\\\/\\\/paca.lpo.fr\\\/blogs\\\/nice\\\/#organization\",\"name\":\"Groupe local Nice\",\"url\":\"https:\\\/\\\/paca.lpo.fr\\\/blogs\\\/nice\\\/\",\"logo\":{\"@type\":\"ImageObject\",\"inLanguage\":\"fr-FR\",\"@id\":\"https:\\\/\\\/paca.lpo.fr\\\/blogs\\\/nice\\\/#\\\/schema\\\/logo\\\/image\\\/\",\"url\":\"https:\\\/\\\/paca.lpo.fr\\\/blogs\\\/nice\\\/files\\\/2024\\\/01\\\/cropped-rvb-lpo-paca-logotype-signature-droite-mini-500.jpg\",\"contentUrl\":\"https:\\\/\\\/paca.lpo.fr\\\/blogs\\\/nice\\\/files\\\/2024\\\/01\\\/cropped-rvb-lpo-paca-logotype-signature-droite-mini-500.jpg\",\"width\":500,\"height\":210,\"caption\":\"Groupe local Nice\"},\"image\":{\"@id\":\"https:\\\/\\\/paca.lpo.fr\\\/blogs\\\/nice\\\/#\\\/schema\\\/logo\\\/image\\\/\"}},{\"@type\":\"Person\",\"@id\":\"https:\\\/\\\/paca.lpo.fr\\\/blogs\\\/nice\\\/#\\\/schema\\\/person\\\/1bda33335fb71e0b3552487db26a4c56\",\"name\":\"Groupe local Paillon-B\u00e9v\u00e9ra\",\"image\":{\"@type\":\"ImageObject\",\"inLanguage\":\"fr-FR\",\"@id\":\"https:\\\/\\\/secure.gravatar.com\\\/avatar\\\/b1ee285506e2cb880ec988990d360e255aecb31c77212741dace1023623610c2?s=96&d=mm&r=g\",\"url\":\"https:\\\/\\\/secure.gravatar.com\\\/avatar\\\/b1ee285506e2cb880ec988990d360e255aecb31c77212741dace1023623610c2?s=96&d=mm&r=g\",\"contentUrl\":\"https:\\\/\\\/secure.gravatar.com\\\/avatar\\\/b1ee285506e2cb880ec988990d360e255aecb31c77212741dace1023623610c2?s=96&d=mm&r=g\",\"caption\":\"Groupe local Paillon-B\u00e9v\u00e9ra\"},\"url\":\"https:\\\/\\\/paca.lpo.fr\\\/blogs\\\/nice\\\/author\\\/alpesmaritimesest\\\/\"}]}<\/script>\n<!-- \/ Yoast SEO plugin. -->","yoast_head_json":{"title":"C\u00e9r\u00e9monie de remise des prix Troph\u00e9es de l\u2019Environnement de la ville de Nice le 5 juin 2014 - Groupe local Nice","robots":{"index":"index","follow":"follow","max-snippet":"max-snippet:-1","max-image-preview":"max-image-preview:large","max-video-preview":"max-video-preview:-1"},"canonical":"https:\/\/paca.lpo.fr\/blogs\/nice\/2014\/06\/09\/ceremonie-de-remise-des-prix-trophees-de-lenvironnement-de-la-ville-de-nice-le-5-juin-2014\/","og_locale":"fr_FR","og_type":"article","og_title":"C\u00e9r\u00e9monie de remise des prix Troph\u00e9es de l\u2019Environnement de la ville de Nice le 5 juin 2014 - Groupe local Nice","og_description":"La c\u00e9r\u00e9monie de remise des prix pour les Troph\u00e9es de l\u2019Environnement s&rsquo;est tenue cette ann\u00e9e avec les pr\u00e9sences exceptionnelles du Cacique Raoni Metuktire, Grand Chef du peuple Kayapo (Br\u00e9sil) et de son Gardien de la Flamme, le Cacique Megaron Txucarramae, c\u00e9l\u00e8bres pour leur combat en faveur des indig\u00e8nes et contre la d\u00e9forestation en Amazonie. Ils [&hellip;]","og_url":"https:\/\/paca.lpo.fr\/blogs\/nice\/2014\/06\/09\/ceremonie-de-remise-des-prix-trophees-de-lenvironnement-de-la-ville-de-nice-le-5-juin-2014\/","og_site_name":"Groupe local Nice","article_published_time":"2014-06-09T13:58:54+00:00","article_modified_time":"2014-10-07T13:48:28+00:00","og_image":[{"width":600,"height":400,"url":"https:\/\/paca.lpo.fr\/blogs\/nice\/files\/2014\/06\/DSC_0580-Copie.jpg","type":"image\/jpeg"}],"author":"Groupe local Paillon-B\u00e9v\u00e9ra","twitter_card":"summary_large_image","twitter_misc":{"\u00c9crit par":"Groupe local Paillon-B\u00e9v\u00e9ra","Dur\u00e9e de lecture estim\u00e9e":"1 minute"},"schema":{"@context":"https:\/\/schema.org","@graph":[{"@type":"Article","@id":"https:\/\/paca.lpo.fr\/blogs\/nice\/2014\/06\/09\/ceremonie-de-remise-des-prix-trophees-de-lenvironnement-de-la-ville-de-nice-le-5-juin-2014\/#article","isPartOf":{"@id":"https:\/\/paca.lpo.fr\/blogs\/nice\/2014\/06\/09\/ceremonie-de-remise-des-prix-trophees-de-lenvironnement-de-la-ville-de-nice-le-5-juin-2014\/"},"author":{"name":"Groupe local Paillon-B\u00e9v\u00e9ra","@id":"https:\/\/paca.lpo.fr\/blogs\/nice\/#\/schema\/person\/1bda33335fb71e0b3552487db26a4c56"},"headline":"C\u00e9r\u00e9monie de remise des prix Troph\u00e9es de l\u2019Environnement de la ville de Nice le 5 juin 2014","datePublished":"2014-06-09T13:58:54+00:00","dateModified":"2014-10-07T13:48:28+00:00","mainEntityOfPage":{"@id":"https:\/\/paca.lpo.fr\/blogs\/nice\/2014\/06\/09\/ceremonie-de-remise-des-prix-trophees-de-lenvironnement-de-la-ville-de-nice-le-5-juin-2014\/"},"wordCount":161,"commentCount":0,"publisher":{"@id":"https:\/\/paca.lpo.fr\/blogs\/nice\/#organization"},"image":{"@id":"https:\/\/paca.lpo.fr\/blogs\/nice\/2014\/06\/09\/ceremonie-de-remise-des-prix-trophees-de-lenvironnement-de-la-ville-de-nice-le-5-juin-2014\/#primaryimage"},"thumbnailUrl":"https:\/\/paca.lpo.fr\/blogs\/nice\/files\/2014\/06\/DSC_0580-Copie.jpg","articleSection":["grands \u00e9v\u00e8nements"],"inLanguage":"fr-FR","potentialAction":[{"@type":"CommentAction","name":"Comment","target":["https:\/\/paca.lpo.fr\/blogs\/nice\/2014\/06\/09\/ceremonie-de-remise-des-prix-trophees-de-lenvironnement-de-la-ville-de-nice-le-5-juin-2014\/#respond"]}]},{"@type":"WebPage","@id":"https:\/\/paca.lpo.fr\/blogs\/nice\/2014\/06\/09\/ceremonie-de-remise-des-prix-trophees-de-lenvironnement-de-la-ville-de-nice-le-5-juin-2014\/","url":"https:\/\/paca.lpo.fr\/blogs\/nice\/2014\/06\/09\/ceremonie-de-remise-des-prix-trophees-de-lenvironnement-de-la-ville-de-nice-le-5-juin-2014\/","name":"C\u00e9r\u00e9monie de remise des prix Troph\u00e9es de l\u2019Environnement de la ville de Nice le 5 juin 2014 - Groupe local Nice","isPartOf":{"@id":"https:\/\/paca.lpo.fr\/blogs\/nice\/#website"},"primaryImageOfPage":{"@id":"https:\/\/paca.lpo.fr\/blogs\/nice\/2014\/06\/09\/ceremonie-de-remise-des-prix-trophees-de-lenvironnement-de-la-ville-de-nice-le-5-juin-2014\/#primaryimage"},"image":{"@id":"https:\/\/paca.lpo.fr\/blogs\/nice\/2014\/06\/09\/ceremonie-de-remise-des-prix-trophees-de-lenvironnement-de-la-ville-de-nice-le-5-juin-2014\/#primaryimage"},"thumbnailUrl":"https:\/\/paca.lpo.fr\/blogs\/nice\/files\/2014\/06\/DSC_0580-Copie.jpg","datePublished":"2014-06-09T13:58:54+00:00","dateModified":"2014-10-07T13:48:28+00:00","breadcrumb":{"@id":"https:\/\/paca.lpo.fr\/blogs\/nice\/2014\/06\/09\/ceremonie-de-remise-des-prix-trophees-de-lenvironnement-de-la-ville-de-nice-le-5-juin-2014\/#breadcrumb"},"inLanguage":"fr-FR","potentialAction":[{"@type":"ReadAction","target":["https:\/\/paca.lpo.fr\/blogs\/nice\/2014\/06\/09\/ceremonie-de-remise-des-prix-trophees-de-lenvironnement-de-la-ville-de-nice-le-5-juin-2014\/"]}]},{"@type":"ImageObject","inLanguage":"fr-FR","@id":"https:\/\/paca.lpo.fr\/blogs\/nice\/2014\/06\/09\/ceremonie-de-remise-des-prix-trophees-de-lenvironnement-de-la-ville-de-nice-le-5-juin-2014\/#primaryimage","url":"https:\/\/paca.lpo.fr\/blogs\/nice\/files\/2014\/06\/DSC_0580-Copie.jpg","contentUrl":"https:\/\/paca.lpo.fr\/blogs\/nice\/files\/2014\/06\/DSC_0580-Copie.jpg","width":600,"height":400},{"@type":"BreadcrumbList","@id":"https:\/\/paca.lpo.fr\/blogs\/nice\/2014\/06\/09\/ceremonie-de-remise-des-prix-trophees-de-lenvironnement-de-la-ville-de-nice-le-5-juin-2014\/#breadcrumb","itemListElement":[{"@type":"ListItem","position":1,"name":"Accueil","item":"https:\/\/paca.lpo.fr\/blogs\/nice\/"},{"@type":"ListItem","position":2,"name":"C\u00e9r\u00e9monie de remise des prix Troph\u00e9es de l\u2019Environnement de la ville de Nice le 5 juin 2014"}]},{"@type":"WebSite","@id":"https:\/\/paca.lpo.fr\/blogs\/nice\/#website","url":"https:\/\/paca.lpo.fr\/blogs\/nice\/","name":"Groupe local Nice","description":"Groupe local Nice","publisher":{"@id":"https:\/\/paca.lpo.fr\/blogs\/nice\/#organization"},"potentialAction":[{"@type":"SearchAction","target":{"@type":"EntryPoint","urlTemplate":"https:\/\/paca.lpo.fr\/blogs\/nice\/?s={search_term_string}"},"query-input":{"@type":"PropertyValueSpecification","valueRequired":true,"valueName":"search_term_string"}}],"inLanguage":"fr-FR"},{"@type":"Organization","@id":"https:\/\/paca.lpo.fr\/blogs\/nice\/#organization","name":"Groupe local Nice","url":"https:\/\/paca.lpo.fr\/blogs\/nice\/","logo":{"@type":"ImageObject","inLanguage":"fr-FR","@id":"https:\/\/paca.lpo.fr\/blogs\/nice\/#\/schema\/logo\/image\/","url":"https:\/\/paca.lpo.fr\/blogs\/nice\/files\/2024\/01\/cropped-rvb-lpo-paca-logotype-signature-droite-mini-500.jpg","contentUrl":"https:\/\/paca.lpo.fr\/blogs\/nice\/files\/2024\/01\/cropped-rvb-lpo-paca-logotype-signature-droite-mini-500.jpg","width":500,"height":210,"caption":"Groupe local Nice"},"image":{"@id":"https:\/\/paca.lpo.fr\/blogs\/nice\/#\/schema\/logo\/image\/"}},{"@type":"Person","@id":"https:\/\/paca.lpo.fr\/blogs\/nice\/#\/schema\/person\/1bda33335fb71e0b3552487db26a4c56","name":"Groupe local Paillon-B\u00e9v\u00e9ra","image":{"@type":"ImageObject","inLanguage":"fr-FR","@id":"https:\/\/secure.gravatar.com\/avatar\/b1ee285506e2cb880ec988990d360e255aecb31c77212741dace1023623610c2?s=96&d=mm&r=g","url":"https:\/\/secure.gravatar.com\/avatar\/b1ee285506e2cb880ec988990d360e255aecb31c77212741dace1023623610c2?s=96&d=mm&r=g","contentUrl":"https:\/\/secure.gravatar.com\/avatar\/b1ee285506e2cb880ec988990d360e255aecb31c77212741dace1023623610c2?s=96&d=mm&r=g","caption":"Groupe local Paillon-B\u00e9v\u00e9ra"},"url":"https:\/\/paca.lpo.fr\/blogs\/nice\/author\/alpesmaritimesest\/"}]}},"jetpack_featured_media_url":"https:\/\/paca.lpo.fr\/blogs\/nice\/files\/2014\/06\/DSC_0580-Copie.jpg","_links":{"self":[{"href":"https:\/\/paca.lpo.fr\/blogs\/nice\/wp-json\/wp\/v2\/posts\/1056","targetHints":{"allow":["GET"]}}],"collection":[{"href":"https:\/\/paca.lpo.fr\/blogs\/nice\/wp-json\/wp\/v2\/posts"}],"about":[{"href":"https:\/\/paca.lpo.fr\/blogs\/nice\/wp-json\/wp\/v2\/types\/post"}],"author":[{"embeddable":true,"href":"https:\/\/paca.lpo.fr\/blogs\/nice\/wp-json\/wp\/v2\/users\/15"}],"replies":[{"embeddable":true,"href":"https:\/\/paca.lpo.fr\/blogs\/nice\/wp-json\/wp\/v2\/comments?post=1056"}],"version-history":[{"count":5,"href":"https:\/\/paca.lpo.fr\/blogs\/nice\/wp-json\/wp\/v2\/posts\/1056\/revisions"}],"predecessor-version":[{"id":1103,"href":"https:\/\/paca.lpo.fr\/blogs\/nice\/wp-json\/wp\/v2\/posts\/1056\/revisions\/1103"}],"wp:featuredmedia":[{"embeddable":true,"href":"https:\/\/paca.lpo.fr\/blogs\/nice\/wp-json\/wp\/v2\/media\/1066"}],"wp:attachment":[{"href":"https:\/\/paca.lpo.fr\/blogs\/nice\/wp-json\/wp\/v2\/media?parent=1056"}],"wp:term":[{"taxonomy":"category","embeddable":true,"href":"https:\/\/paca.lpo.fr\/blogs\/nice\/wp-json\/wp\/v2\/categories?post=1056"},{"taxonomy":"post_tag","embeddable":true,"href":"https:\/\/paca.lpo.fr\/blogs\/nice\/wp-json\/wp\/v2\/tags?post=1056"}],"curies":[{"name":"wp","href":"https:\/\/api.w.org\/{rel}","templated":true}]}}