{"id":1060,"date":"2014-06-23T11:05:01","date_gmt":"2014-06-23T10:05:01","guid":{"rendered":"https:\/\/paca.lpo.fr\/blogs\/nice\/?p=1060"},"modified":"2014-11-24T12:03:10","modified_gmt":"2014-11-24T11:03:10","slug":"sortie-a-notre-dame-de-fenestre-le-22-juin-2014","status":"publish","type":"post","link":"https:\/\/paca.lpo.fr\/blogs\/nice\/2014\/06\/23\/sortie-a-notre-dame-de-fenestre-le-22-juin-2014\/","title":{"rendered":"Sortie \u00e0 Notre Dame de Fenestre le 22 juin 2014"},"content":{"rendered":"<p>Une belle journ\u00e9e pour notre sortie, du soleil (jusqu&rsquo;au milieu de l&rsquo;apr\u00e8s-midi au moins) et une temp\u00e9rature agr\u00e9able.<\/p>\n<p>Mais nous avons observ\u00e9 beaucoup moins d&rsquo;oiseaux que les autres ann\u00e9es. Les plus pr\u00e9sents \u00e9taient les traquet motteux, il y en avait \u00e0 tous les \u00e9tages, m\u00eame au sol sur le parking\u00a0! Tout le monde a appr\u00e9ci\u00e9 le spectacle attendrissant des nourrissages des petites hirondelles de rocher, quelques bergeronnettes grises \u00e9taient bien visible, des chocards \u00e0 bec jaune, un pipit des arbres.<\/p>\n<p>Les grands absents \u00e9taient les rapaces, aucune observation, et les grands corbeaux. Je crois qu\u2019on n\u2019a jamais fait une sortie montagne dans le d\u00e9partement sans en voir. Ils devaient savoir que Bernard n\u2019\u00e9tait pas avec nous\u00a0!<\/p>\n<p>Heureusement\u00a0que les marmottes et les chamois ont pos\u00e9 pour la photo, et les bouquetins \u00e9taient visibles vers le Col de Fenestre.<\/p>\n<p><a href=\"https:\/\/paca.lpo.fr\/blogs\/nice\/files\/2014\/06\/14-06-22NDFenestre-024-Copie.jpg\"><img loading=\"lazy\" decoding=\"async\" class=\"alignnone size-medium wp-image-1061\" src=\"https:\/\/paca.lpo.fr\/blogs\/nice\/files\/2014\/06\/14-06-22NDFenestre-024-Copie-480x320.jpg\" alt=\"14-06-22NDFenestre 024 - Copie\" width=\"480\" height=\"320\" srcset=\"https:\/\/paca.lpo.fr\/blogs\/nice\/files\/2014\/06\/14-06-22NDFenestre-024-Copie-480x320.jpg 480w, https:\/\/paca.lpo.fr\/blogs\/nice\/files\/2014\/06\/14-06-22NDFenestre-024-Copie.jpg 600w\" sizes=\"auto, (max-width: 480px) 100vw, 480px\" \/><\/a><a href=\"https:\/\/paca.lpo.fr\/blogs\/nice\/files\/2014\/06\/14-06-22NDFenestre-176-Copie.jpg\"><img loading=\"lazy\" decoding=\"async\" class=\"alignnone size-medium wp-image-1062\" src=\"https:\/\/paca.lpo.fr\/blogs\/nice\/files\/2014\/06\/14-06-22NDFenestre-176-Copie-480x350.jpg\" alt=\"14-06-22NDFenestre 176 - Copie\" width=\"480\" height=\"350\" srcset=\"https:\/\/paca.lpo.fr\/blogs\/nice\/files\/2014\/06\/14-06-22NDFenestre-176-Copie-480x350.jpg 480w, https:\/\/paca.lpo.fr\/blogs\/nice\/files\/2014\/06\/14-06-22NDFenestre-176-Copie.jpg 598w\" sizes=\"auto, (max-width: 480px) 100vw, 480px\" \/><\/a> <a href=\"https:\/\/paca.lpo.fr\/blogs\/nice\/files\/2014\/06\/2014-06-22-019-Copie.jpg\"><img loading=\"lazy\" decoding=\"async\" class=\"alignnone size-medium wp-image-1064\" src=\"https:\/\/paca.lpo.fr\/blogs\/nice\/files\/2014\/06\/2014-06-22-019-Copie-480x320.jpg\" alt=\"2014-06-22 019 - Copie\" width=\"480\" height=\"320\" srcset=\"https:\/\/paca.lpo.fr\/blogs\/nice\/files\/2014\/06\/2014-06-22-019-Copie-480x320.jpg 480w, https:\/\/paca.lpo.fr\/blogs\/nice\/files\/2014\/06\/2014-06-22-019-Copie.jpg 600w\" sizes=\"auto, (max-width: 480px) 100vw, 480px\" \/><\/a><\/p>\n","protected":false},"excerpt":{"rendered":"<p>Une belle journ\u00e9e pour notre sortie, du soleil (jusqu&rsquo;au milieu de l&rsquo;apr\u00e8s-midi au moins) et une temp\u00e9rature agr\u00e9able. Mais nous avons observ\u00e9 beaucoup moins d&rsquo;oiseaux que les autres ann\u00e9es. Les plus pr\u00e9sents \u00e9taient les traquet motteux, il y en avait \u00e0 tous les \u00e9tages, m\u00eame au sol sur le parking\u00a0! Tout le monde a appr\u00e9ci\u00e9 [&hellip;]<\/p>\n","protected":false},"author":15,"featured_media":1063,"comment_status":"open","ping_status":"open","sticky":false,"template":"","format":"standard","meta":{"footnotes":""},"categories":[1],"tags":[],"class_list":["post-1060","post","type-post","status-publish","format-standard","has-post-thumbnail","hentry","category-sorties-nature"],"yoast_head":"<!-- This site is optimized with the Yoast SEO plugin v28.3 - https:\/\/yoast.com\/product\/yoast-seo-wordpress\/ -->\n<title>Sortie \u00e0 Notre Dame de Fenestre le 22 juin 2014 - Groupe local Nice<\/title>\n<meta name=\"robots\" content=\"index, follow, max-snippet:-1, max-image-preview:large, max-video-preview:-1\" \/>\n<link rel=\"canonical\" href=\"https:\/\/paca.lpo.fr\/blogs\/nice\/2014\/06\/23\/sortie-a-notre-dame-de-fenestre-le-22-juin-2014\/\" \/>\n<meta property=\"og:locale\" content=\"fr_FR\" \/>\n<meta property=\"og:type\" content=\"article\" \/>\n<meta property=\"og:title\" content=\"Sortie \u00e0 Notre Dame de Fenestre le 22 juin 2014 - Groupe local Nice\" \/>\n<meta property=\"og:description\" content=\"Une belle journ\u00e9e pour notre sortie, du soleil (jusqu&rsquo;au milieu de l&rsquo;apr\u00e8s-midi au moins) et une temp\u00e9rature agr\u00e9able. Mais nous avons observ\u00e9 beaucoup moins d&rsquo;oiseaux que les autres ann\u00e9es. Les plus pr\u00e9sents \u00e9taient les traquet motteux, il y en avait \u00e0 tous les \u00e9tages, m\u00eame au sol sur le parking\u00a0! Tout le monde a appr\u00e9ci\u00e9 [&hellip;]\" \/>\n<meta property=\"og:url\" content=\"https:\/\/paca.lpo.fr\/blogs\/nice\/2014\/06\/23\/sortie-a-notre-dame-de-fenestre-le-22-juin-2014\/\" \/>\n<meta property=\"og:site_name\" content=\"Groupe local Nice\" \/>\n<meta property=\"article:published_time\" content=\"2014-06-23T10:05:01+00:00\" \/>\n<meta property=\"article:modified_time\" content=\"2014-11-24T11:03:10+00:00\" \/>\n<meta property=\"og:image\" content=\"https:\/\/paca.lpo.fr\/blogs\/nice\/files\/2014\/06\/14-06-22NDFenestre-025-Copie.jpg\" \/>\n\t<meta property=\"og:image:width\" content=\"600\" \/>\n\t<meta property=\"og:image:height\" content=\"400\" \/>\n\t<meta property=\"og:image:type\" content=\"image\/jpeg\" \/>\n<meta name=\"author\" content=\"Groupe local Paillon-B\u00e9v\u00e9ra\" \/>\n<meta name=\"twitter:card\" content=\"summary_large_image\" \/>\n<meta name=\"twitter:label1\" content=\"\u00c9crit par\" \/>\n\t<meta name=\"twitter:data1\" content=\"Groupe local Paillon-B\u00e9v\u00e9ra\" \/>\n\t<meta name=\"twitter:label2\" content=\"Dur\u00e9e de lecture estim\u00e9e\" \/>\n\t<meta name=\"twitter:data2\" content=\"1 minute\" \/>\n<script type=\"application\/ld+json\" class=\"yoast-schema-graph\">{\"@context\":\"https:\\\/\\\/schema.org\",\"@graph\":[{\"@type\":\"Article\",\"@id\":\"https:\\\/\\\/paca.lpo.fr\\\/blogs\\\/nice\\\/2014\\\/06\\\/23\\\/sortie-a-notre-dame-de-fenestre-le-22-juin-2014\\\/#article\",\"isPartOf\":{\"@id\":\"https:\\\/\\\/paca.lpo.fr\\\/blogs\\\/nice\\\/2014\\\/06\\\/23\\\/sortie-a-notre-dame-de-fenestre-le-22-juin-2014\\\/\"},\"author\":{\"name\":\"Groupe local Paillon-B\u00e9v\u00e9ra\",\"@id\":\"https:\\\/\\\/paca.lpo.fr\\\/blogs\\\/nice\\\/#\\\/schema\\\/person\\\/1bda33335fb71e0b3552487db26a4c56\"},\"headline\":\"Sortie \u00e0 Notre Dame de Fenestre le 22 juin 2014\",\"datePublished\":\"2014-06-23T10:05:01+00:00\",\"dateModified\":\"2014-11-24T11:03:10+00:00\",\"mainEntityOfPage\":{\"@id\":\"https:\\\/\\\/paca.lpo.fr\\\/blogs\\\/nice\\\/2014\\\/06\\\/23\\\/sortie-a-notre-dame-de-fenestre-le-22-juin-2014\\\/\"},\"wordCount\":158,\"commentCount\":0,\"publisher\":{\"@id\":\"https:\\\/\\\/paca.lpo.fr\\\/blogs\\\/nice\\\/#organization\"},\"image\":{\"@id\":\"https:\\\/\\\/paca.lpo.fr\\\/blogs\\\/nice\\\/2014\\\/06\\\/23\\\/sortie-a-notre-dame-de-fenestre-le-22-juin-2014\\\/#primaryimage\"},\"thumbnailUrl\":\"https:\\\/\\\/paca.lpo.fr\\\/blogs\\\/nice\\\/files\\\/2014\\\/06\\\/14-06-22NDFenestre-025-Copie.jpg\",\"articleSection\":[\"grands \u00e9v\u00e8nements\"],\"inLanguage\":\"fr-FR\",\"potentialAction\":[{\"@type\":\"CommentAction\",\"name\":\"Comment\",\"target\":[\"https:\\\/\\\/paca.lpo.fr\\\/blogs\\\/nice\\\/2014\\\/06\\\/23\\\/sortie-a-notre-dame-de-fenestre-le-22-juin-2014\\\/#respond\"]}]},{\"@type\":\"WebPage\",\"@id\":\"https:\\\/\\\/paca.lpo.fr\\\/blogs\\\/nice\\\/2014\\\/06\\\/23\\\/sortie-a-notre-dame-de-fenestre-le-22-juin-2014\\\/\",\"url\":\"https:\\\/\\\/paca.lpo.fr\\\/blogs\\\/nice\\\/2014\\\/06\\\/23\\\/sortie-a-notre-dame-de-fenestre-le-22-juin-2014\\\/\",\"name\":\"Sortie \u00e0 Notre Dame de Fenestre le 22 juin 2014 - Groupe local Nice\",\"isPartOf\":{\"@id\":\"https:\\\/\\\/paca.lpo.fr\\\/blogs\\\/nice\\\/#website\"},\"primaryImageOfPage\":{\"@id\":\"https:\\\/\\\/paca.lpo.fr\\\/blogs\\\/nice\\\/2014\\\/06\\\/23\\\/sortie-a-notre-dame-de-fenestre-le-22-juin-2014\\\/#primaryimage\"},\"image\":{\"@id\":\"https:\\\/\\\/paca.lpo.fr\\\/blogs\\\/nice\\\/2014\\\/06\\\/23\\\/sortie-a-notre-dame-de-fenestre-le-22-juin-2014\\\/#primaryimage\"},\"thumbnailUrl\":\"https:\\\/\\\/paca.lpo.fr\\\/blogs\\\/nice\\\/files\\\/2014\\\/06\\\/14-06-22NDFenestre-025-Copie.jpg\",\"datePublished\":\"2014-06-23T10:05:01+00:00\",\"dateModified\":\"2014-11-24T11:03:10+00:00\",\"breadcrumb\":{\"@id\":\"https:\\\/\\\/paca.lpo.fr\\\/blogs\\\/nice\\\/2014\\\/06\\\/23\\\/sortie-a-notre-dame-de-fenestre-le-22-juin-2014\\\/#breadcrumb\"},\"inLanguage\":\"fr-FR\",\"potentialAction\":[{\"@type\":\"ReadAction\",\"target\":[\"https:\\\/\\\/paca.lpo.fr\\\/blogs\\\/nice\\\/2014\\\/06\\\/23\\\/sortie-a-notre-dame-de-fenestre-le-22-juin-2014\\\/\"]}]},{\"@type\":\"ImageObject\",\"inLanguage\":\"fr-FR\",\"@id\":\"https:\\\/\\\/paca.lpo.fr\\\/blogs\\\/nice\\\/2014\\\/06\\\/23\\\/sortie-a-notre-dame-de-fenestre-le-22-juin-2014\\\/#primaryimage\",\"url\":\"https:\\\/\\\/paca.lpo.fr\\\/blogs\\\/nice\\\/files\\\/2014\\\/06\\\/14-06-22NDFenestre-025-Copie.jpg\",\"contentUrl\":\"https:\\\/\\\/paca.lpo.fr\\\/blogs\\\/nice\\\/files\\\/2014\\\/06\\\/14-06-22NDFenestre-025-Copie.jpg\",\"width\":600,\"height\":400},{\"@type\":\"BreadcrumbList\",\"@id\":\"https:\\\/\\\/paca.lpo.fr\\\/blogs\\\/nice\\\/2014\\\/06\\\/23\\\/sortie-a-notre-dame-de-fenestre-le-22-juin-2014\\\/#breadcrumb\",\"itemListElement\":[{\"@type\":\"ListItem\",\"position\":1,\"name\":\"Accueil\",\"item\":\"https:\\\/\\\/paca.lpo.fr\\\/blogs\\\/nice\\\/\"},{\"@type\":\"ListItem\",\"position\":2,\"name\":\"Sortie \u00e0 Notre Dame de Fenestre le 22 juin 2014\"}]},{\"@type\":\"WebSite\",\"@id\":\"https:\\\/\\\/paca.lpo.fr\\\/blogs\\\/nice\\\/#website\",\"url\":\"https:\\\/\\\/paca.lpo.fr\\\/blogs\\\/nice\\\/\",\"name\":\"Groupe local Nice\",\"description\":\"Groupe local Nice\",\"publisher\":{\"@id\":\"https:\\\/\\\/paca.lpo.fr\\\/blogs\\\/nice\\\/#organization\"},\"potentialAction\":[{\"@type\":\"SearchAction\",\"target\":{\"@type\":\"EntryPoint\",\"urlTemplate\":\"https:\\\/\\\/paca.lpo.fr\\\/blogs\\\/nice\\\/?s={search_term_string}\"},\"query-input\":{\"@type\":\"PropertyValueSpecification\",\"valueRequired\":true,\"valueName\":\"search_term_string\"}}],\"inLanguage\":\"fr-FR\"},{\"@type\":\"Organization\",\"@id\":\"https:\\\/\\\/paca.lpo.fr\\\/blogs\\\/nice\\\/#organization\",\"name\":\"Groupe local Nice\",\"url\":\"https:\\\/\\\/paca.lpo.fr\\\/blogs\\\/nice\\\/\",\"logo\":{\"@type\":\"ImageObject\",\"inLanguage\":\"fr-FR\",\"@id\":\"https:\\\/\\\/paca.lpo.fr\\\/blogs\\\/nice\\\/#\\\/schema\\\/logo\\\/image\\\/\",\"url\":\"https:\\\/\\\/paca.lpo.fr\\\/blogs\\\/nice\\\/files\\\/2024\\\/01\\\/cropped-rvb-lpo-paca-logotype-signature-droite-mini-500.jpg\",\"contentUrl\":\"https:\\\/\\\/paca.lpo.fr\\\/blogs\\\/nice\\\/files\\\/2024\\\/01\\\/cropped-rvb-lpo-paca-logotype-signature-droite-mini-500.jpg\",\"width\":500,\"height\":210,\"caption\":\"Groupe local Nice\"},\"image\":{\"@id\":\"https:\\\/\\\/paca.lpo.fr\\\/blogs\\\/nice\\\/#\\\/schema\\\/logo\\\/image\\\/\"}},{\"@type\":\"Person\",\"@id\":\"https:\\\/\\\/paca.lpo.fr\\\/blogs\\\/nice\\\/#\\\/schema\\\/person\\\/1bda33335fb71e0b3552487db26a4c56\",\"name\":\"Groupe local Paillon-B\u00e9v\u00e9ra\",\"image\":{\"@type\":\"ImageObject\",\"inLanguage\":\"fr-FR\",\"@id\":\"https:\\\/\\\/secure.gravatar.com\\\/avatar\\\/b1ee285506e2cb880ec988990d360e255aecb31c77212741dace1023623610c2?s=96&d=mm&r=g\",\"url\":\"https:\\\/\\\/secure.gravatar.com\\\/avatar\\\/b1ee285506e2cb880ec988990d360e255aecb31c77212741dace1023623610c2?s=96&d=mm&r=g\",\"contentUrl\":\"https:\\\/\\\/secure.gravatar.com\\\/avatar\\\/b1ee285506e2cb880ec988990d360e255aecb31c77212741dace1023623610c2?s=96&d=mm&r=g\",\"caption\":\"Groupe local Paillon-B\u00e9v\u00e9ra\"},\"url\":\"https:\\\/\\\/paca.lpo.fr\\\/blogs\\\/nice\\\/author\\\/alpesmaritimesest\\\/\"}]}<\/script>\n<!-- \/ Yoast SEO plugin. -->","yoast_head_json":{"title":"Sortie \u00e0 Notre Dame de Fenestre le 22 juin 2014 - Groupe local Nice","robots":{"index":"index","follow":"follow","max-snippet":"max-snippet:-1","max-image-preview":"max-image-preview:large","max-video-preview":"max-video-preview:-1"},"canonical":"https:\/\/paca.lpo.fr\/blogs\/nice\/2014\/06\/23\/sortie-a-notre-dame-de-fenestre-le-22-juin-2014\/","og_locale":"fr_FR","og_type":"article","og_title":"Sortie \u00e0 Notre Dame de Fenestre le 22 juin 2014 - Groupe local Nice","og_description":"Une belle journ\u00e9e pour notre sortie, du soleil (jusqu&rsquo;au milieu de l&rsquo;apr\u00e8s-midi au moins) et une temp\u00e9rature agr\u00e9able. Mais nous avons observ\u00e9 beaucoup moins d&rsquo;oiseaux que les autres ann\u00e9es. Les plus pr\u00e9sents \u00e9taient les traquet motteux, il y en avait \u00e0 tous les \u00e9tages, m\u00eame au sol sur le parking\u00a0! Tout le monde a appr\u00e9ci\u00e9 [&hellip;]","og_url":"https:\/\/paca.lpo.fr\/blogs\/nice\/2014\/06\/23\/sortie-a-notre-dame-de-fenestre-le-22-juin-2014\/","og_site_name":"Groupe local Nice","article_published_time":"2014-06-23T10:05:01+00:00","article_modified_time":"2014-11-24T11:03:10+00:00","og_image":[{"width":600,"height":400,"url":"https:\/\/paca.lpo.fr\/blogs\/nice\/files\/2014\/06\/14-06-22NDFenestre-025-Copie.jpg","type":"image\/jpeg"}],"author":"Groupe local Paillon-B\u00e9v\u00e9ra","twitter_card":"summary_large_image","twitter_misc":{"\u00c9crit par":"Groupe local Paillon-B\u00e9v\u00e9ra","Dur\u00e9e de lecture estim\u00e9e":"1 minute"},"schema":{"@context":"https:\/\/schema.org","@graph":[{"@type":"Article","@id":"https:\/\/paca.lpo.fr\/blogs\/nice\/2014\/06\/23\/sortie-a-notre-dame-de-fenestre-le-22-juin-2014\/#article","isPartOf":{"@id":"https:\/\/paca.lpo.fr\/blogs\/nice\/2014\/06\/23\/sortie-a-notre-dame-de-fenestre-le-22-juin-2014\/"},"author":{"name":"Groupe local Paillon-B\u00e9v\u00e9ra","@id":"https:\/\/paca.lpo.fr\/blogs\/nice\/#\/schema\/person\/1bda33335fb71e0b3552487db26a4c56"},"headline":"Sortie \u00e0 Notre Dame de Fenestre le 22 juin 2014","datePublished":"2014-06-23T10:05:01+00:00","dateModified":"2014-11-24T11:03:10+00:00","mainEntityOfPage":{"@id":"https:\/\/paca.lpo.fr\/blogs\/nice\/2014\/06\/23\/sortie-a-notre-dame-de-fenestre-le-22-juin-2014\/"},"wordCount":158,"commentCount":0,"publisher":{"@id":"https:\/\/paca.lpo.fr\/blogs\/nice\/#organization"},"image":{"@id":"https:\/\/paca.lpo.fr\/blogs\/nice\/2014\/06\/23\/sortie-a-notre-dame-de-fenestre-le-22-juin-2014\/#primaryimage"},"thumbnailUrl":"https:\/\/paca.lpo.fr\/blogs\/nice\/files\/2014\/06\/14-06-22NDFenestre-025-Copie.jpg","articleSection":["grands \u00e9v\u00e8nements"],"inLanguage":"fr-FR","potentialAction":[{"@type":"CommentAction","name":"Comment","target":["https:\/\/paca.lpo.fr\/blogs\/nice\/2014\/06\/23\/sortie-a-notre-dame-de-fenestre-le-22-juin-2014\/#respond"]}]},{"@type":"WebPage","@id":"https:\/\/paca.lpo.fr\/blogs\/nice\/2014\/06\/23\/sortie-a-notre-dame-de-fenestre-le-22-juin-2014\/","url":"https:\/\/paca.lpo.fr\/blogs\/nice\/2014\/06\/23\/sortie-a-notre-dame-de-fenestre-le-22-juin-2014\/","name":"Sortie \u00e0 Notre Dame de Fenestre le 22 juin 2014 - Groupe local Nice","isPartOf":{"@id":"https:\/\/paca.lpo.fr\/blogs\/nice\/#website"},"primaryImageOfPage":{"@id":"https:\/\/paca.lpo.fr\/blogs\/nice\/2014\/06\/23\/sortie-a-notre-dame-de-fenestre-le-22-juin-2014\/#primaryimage"},"image":{"@id":"https:\/\/paca.lpo.fr\/blogs\/nice\/2014\/06\/23\/sortie-a-notre-dame-de-fenestre-le-22-juin-2014\/#primaryimage"},"thumbnailUrl":"https:\/\/paca.lpo.fr\/blogs\/nice\/files\/2014\/06\/14-06-22NDFenestre-025-Copie.jpg","datePublished":"2014-06-23T10:05:01+00:00","dateModified":"2014-11-24T11:03:10+00:00","breadcrumb":{"@id":"https:\/\/paca.lpo.fr\/blogs\/nice\/2014\/06\/23\/sortie-a-notre-dame-de-fenestre-le-22-juin-2014\/#breadcrumb"},"inLanguage":"fr-FR","potentialAction":[{"@type":"ReadAction","target":["https:\/\/paca.lpo.fr\/blogs\/nice\/2014\/06\/23\/sortie-a-notre-dame-de-fenestre-le-22-juin-2014\/"]}]},{"@type":"ImageObject","inLanguage":"fr-FR","@id":"https:\/\/paca.lpo.fr\/blogs\/nice\/2014\/06\/23\/sortie-a-notre-dame-de-fenestre-le-22-juin-2014\/#primaryimage","url":"https:\/\/paca.lpo.fr\/blogs\/nice\/files\/2014\/06\/14-06-22NDFenestre-025-Copie.jpg","contentUrl":"https:\/\/paca.lpo.fr\/blogs\/nice\/files\/2014\/06\/14-06-22NDFenestre-025-Copie.jpg","width":600,"height":400},{"@type":"BreadcrumbList","@id":"https:\/\/paca.lpo.fr\/blogs\/nice\/2014\/06\/23\/sortie-a-notre-dame-de-fenestre-le-22-juin-2014\/#breadcrumb","itemListElement":[{"@type":"ListItem","position":1,"name":"Accueil","item":"https:\/\/paca.lpo.fr\/blogs\/nice\/"},{"@type":"ListItem","position":2,"name":"Sortie \u00e0 Notre Dame de Fenestre le 22 juin 2014"}]},{"@type":"WebSite","@id":"https:\/\/paca.lpo.fr\/blogs\/nice\/#website","url":"https:\/\/paca.lpo.fr\/blogs\/nice\/","name":"Groupe local Nice","description":"Groupe local Nice","publisher":{"@id":"https:\/\/paca.lpo.fr\/blogs\/nice\/#organization"},"potentialAction":[{"@type":"SearchAction","target":{"@type":"EntryPoint","urlTemplate":"https:\/\/paca.lpo.fr\/blogs\/nice\/?s={search_term_string}"},"query-input":{"@type":"PropertyValueSpecification","valueRequired":true,"valueName":"search_term_string"}}],"inLanguage":"fr-FR"},{"@type":"Organization","@id":"https:\/\/paca.lpo.fr\/blogs\/nice\/#organization","name":"Groupe local Nice","url":"https:\/\/paca.lpo.fr\/blogs\/nice\/","logo":{"@type":"ImageObject","inLanguage":"fr-FR","@id":"https:\/\/paca.lpo.fr\/blogs\/nice\/#\/schema\/logo\/image\/","url":"https:\/\/paca.lpo.fr\/blogs\/nice\/files\/2024\/01\/cropped-rvb-lpo-paca-logotype-signature-droite-mini-500.jpg","contentUrl":"https:\/\/paca.lpo.fr\/blogs\/nice\/files\/2024\/01\/cropped-rvb-lpo-paca-logotype-signature-droite-mini-500.jpg","width":500,"height":210,"caption":"Groupe local Nice"},"image":{"@id":"https:\/\/paca.lpo.fr\/blogs\/nice\/#\/schema\/logo\/image\/"}},{"@type":"Person","@id":"https:\/\/paca.lpo.fr\/blogs\/nice\/#\/schema\/person\/1bda33335fb71e0b3552487db26a4c56","name":"Groupe local Paillon-B\u00e9v\u00e9ra","image":{"@type":"ImageObject","inLanguage":"fr-FR","@id":"https:\/\/secure.gravatar.com\/avatar\/b1ee285506e2cb880ec988990d360e255aecb31c77212741dace1023623610c2?s=96&d=mm&r=g","url":"https:\/\/secure.gravatar.com\/avatar\/b1ee285506e2cb880ec988990d360e255aecb31c77212741dace1023623610c2?s=96&d=mm&r=g","contentUrl":"https:\/\/secure.gravatar.com\/avatar\/b1ee285506e2cb880ec988990d360e255aecb31c77212741dace1023623610c2?s=96&d=mm&r=g","caption":"Groupe local Paillon-B\u00e9v\u00e9ra"},"url":"https:\/\/paca.lpo.fr\/blogs\/nice\/author\/alpesmaritimesest\/"}]}},"jetpack_featured_media_url":"https:\/\/paca.lpo.fr\/blogs\/nice\/files\/2014\/06\/14-06-22NDFenestre-025-Copie.jpg","_links":{"self":[{"href":"https:\/\/paca.lpo.fr\/blogs\/nice\/wp-json\/wp\/v2\/posts\/1060","targetHints":{"allow":["GET"]}}],"collection":[{"href":"https:\/\/paca.lpo.fr\/blogs\/nice\/wp-json\/wp\/v2\/posts"}],"about":[{"href":"https:\/\/paca.lpo.fr\/blogs\/nice\/wp-json\/wp\/v2\/types\/post"}],"author":[{"embeddable":true,"href":"https:\/\/paca.lpo.fr\/blogs\/nice\/wp-json\/wp\/v2\/users\/15"}],"replies":[{"embeddable":true,"href":"https:\/\/paca.lpo.fr\/blogs\/nice\/wp-json\/wp\/v2\/comments?post=1060"}],"version-history":[{"count":3,"href":"https:\/\/paca.lpo.fr\/blogs\/nice\/wp-json\/wp\/v2\/posts\/1060\/revisions"}],"predecessor-version":[{"id":1177,"href":"https:\/\/paca.lpo.fr\/blogs\/nice\/wp-json\/wp\/v2\/posts\/1060\/revisions\/1177"}],"wp:featuredmedia":[{"embeddable":true,"href":"https:\/\/paca.lpo.fr\/blogs\/nice\/wp-json\/wp\/v2\/media\/1063"}],"wp:attachment":[{"href":"https:\/\/paca.lpo.fr\/blogs\/nice\/wp-json\/wp\/v2\/media?parent=1060"}],"wp:term":[{"taxonomy":"category","embeddable":true,"href":"https:\/\/paca.lpo.fr\/blogs\/nice\/wp-json\/wp\/v2\/categories?post=1060"},{"taxonomy":"post_tag","embeddable":true,"href":"https:\/\/paca.lpo.fr\/blogs\/nice\/wp-json\/wp\/v2\/tags?post=1060"}],"curies":[{"name":"wp","href":"https:\/\/api.w.org\/{rel}","templated":true}]}}