{"id":1089,"date":"2014-09-30T15:13:11","date_gmt":"2014-09-30T14:13:11","guid":{"rendered":"https:\/\/paca.lpo.fr\/blogs\/nice\/?p=1089"},"modified":"2014-09-30T15:14:20","modified_gmt":"2014-09-30T14:14:20","slug":"bio-et-local-cest-ideal","status":"publish","type":"post","link":"https:\/\/paca.lpo.fr\/blogs\/nice\/2014\/09\/30\/bio-et-local-cest-ideal\/","title":{"rendered":"Bio et local c&rsquo;est id\u00e9al"},"content":{"rendered":"<p>Dimanche 21 septembre au Lyc\u00e9e Horticole d&rsquo;Antibes. Un march\u00e9 bio en plein air et une journ\u00e9e sympathique pleine de rencontres int\u00e9ressantes. Des personnes toutes proches de la nature, avec des jardins sans pesticides ou balcons \u00e9galement, toutes inqui\u00e8tes dans l&rsquo;ensemble par le manque d&rsquo;oiseaux cette ann\u00e9e, chacun y est all\u00e9 de sa remarque sur l&rsquo;\u00e9cureuil du cap \u00e0 ventre roux, les pies, les h\u00e9rissons, le frelon asiatique ou les perruches etc&#8230;. la liste est longue. Elisabeth, Jocelyne, Alain et Franck ont accueilli environ 250 visiteurs.<\/p>\n<p><a href=\"https:\/\/paca.lpo.fr\/blogs\/nice\/files\/2014\/09\/DSCF1488-Copie.jpg\"><img loading=\"lazy\" decoding=\"async\" class=\"alignnone size-medium wp-image-1092\" src=\"https:\/\/paca.lpo.fr\/blogs\/nice\/files\/2014\/09\/DSCF1488-Copie-480x369.jpg\" alt=\"DSCF1488 - Copie\" width=\"480\" height=\"369\" srcset=\"https:\/\/paca.lpo.fr\/blogs\/nice\/files\/2014\/09\/DSCF1488-Copie-480x369.jpg 480w, https:\/\/paca.lpo.fr\/blogs\/nice\/files\/2014\/09\/DSCF1488-Copie.jpg 581w\" sizes=\"auto, (max-width: 480px) 100vw, 480px\" \/><\/a><a href=\"https:\/\/paca.lpo.fr\/blogs\/nice\/files\/2014\/09\/DSCF1478-Copie.jpg\"><img loading=\"lazy\" decoding=\"async\" class=\"alignnone  wp-image-1090\" src=\"https:\/\/paca.lpo.fr\/blogs\/nice\/files\/2014\/09\/DSCF1478-Copie-480x390.jpg\" alt=\"DSCF1478 - Copie\" width=\"453\" height=\"368\" srcset=\"https:\/\/paca.lpo.fr\/blogs\/nice\/files\/2014\/09\/DSCF1478-Copie-480x390.jpg 480w, https:\/\/paca.lpo.fr\/blogs\/nice\/files\/2014\/09\/DSCF1478-Copie.jpg 542w\" sizes=\"auto, (max-width: 453px) 100vw, 453px\" \/><\/a><\/p>\n","protected":false},"excerpt":{"rendered":"<p>Dimanche 21 septembre au Lyc\u00e9e Horticole d&rsquo;Antibes. Un march\u00e9 bio en plein air et une journ\u00e9e sympathique pleine de rencontres int\u00e9ressantes. Des personnes toutes proches de la nature, avec des jardins sans pesticides ou balcons \u00e9galement, toutes inqui\u00e8tes dans l&rsquo;ensemble par le manque d&rsquo;oiseaux cette ann\u00e9e, chacun y est all\u00e9 de sa remarque sur l&rsquo;\u00e9cureuil [&hellip;]<\/p>\n","protected":false},"author":15,"featured_media":1091,"comment_status":"open","ping_status":"open","sticky":false,"template":"","format":"standard","meta":{"footnotes":""},"categories":[1],"tags":[],"class_list":["post-1089","post","type-post","status-publish","format-standard","has-post-thumbnail","hentry","category-sorties-nature"],"yoast_head":"<!-- This site is optimized with the Yoast SEO plugin v28.3 - https:\/\/yoast.com\/product\/yoast-seo-wordpress\/ -->\n<title>Bio et local c&#039;est id\u00e9al - Groupe local Nice<\/title>\n<meta name=\"robots\" content=\"index, follow, max-snippet:-1, max-image-preview:large, max-video-preview:-1\" \/>\n<link rel=\"canonical\" href=\"https:\/\/paca.lpo.fr\/blogs\/nice\/2014\/09\/30\/bio-et-local-cest-ideal\/\" \/>\n<meta property=\"og:locale\" content=\"fr_FR\" \/>\n<meta property=\"og:type\" content=\"article\" \/>\n<meta property=\"og:title\" content=\"Bio et local c&#039;est id\u00e9al - Groupe local Nice\" \/>\n<meta property=\"og:description\" content=\"Dimanche 21 septembre au Lyc\u00e9e Horticole d&rsquo;Antibes. Un march\u00e9 bio en plein air et une journ\u00e9e sympathique pleine de rencontres int\u00e9ressantes. Des personnes toutes proches de la nature, avec des jardins sans pesticides ou balcons \u00e9galement, toutes inqui\u00e8tes dans l&rsquo;ensemble par le manque d&rsquo;oiseaux cette ann\u00e9e, chacun y est all\u00e9 de sa remarque sur l&rsquo;\u00e9cureuil [&hellip;]\" \/>\n<meta property=\"og:url\" content=\"https:\/\/paca.lpo.fr\/blogs\/nice\/2014\/09\/30\/bio-et-local-cest-ideal\/\" \/>\n<meta property=\"og:site_name\" content=\"Groupe local Nice\" \/>\n<meta property=\"article:published_time\" content=\"2014-09-30T14:13:11+00:00\" \/>\n<meta property=\"article:modified_time\" content=\"2014-09-30T14:14:20+00:00\" \/>\n<meta property=\"og:image\" content=\"https:\/\/paca.lpo.fr\/blogs\/nice\/files\/2014\/09\/Agribio.jpg\" \/>\n\t<meta property=\"og:image:width\" content=\"511\" \/>\n\t<meta property=\"og:image:height\" content=\"379\" \/>\n\t<meta property=\"og:image:type\" content=\"image\/jpeg\" \/>\n<meta name=\"author\" content=\"Groupe local Paillon-B\u00e9v\u00e9ra\" \/>\n<meta name=\"twitter:card\" content=\"summary_large_image\" \/>\n<meta name=\"twitter:label1\" content=\"\u00c9crit par\" \/>\n\t<meta name=\"twitter:data1\" content=\"Groupe local Paillon-B\u00e9v\u00e9ra\" \/>\n<script type=\"application\/ld+json\" class=\"yoast-schema-graph\">{\"@context\":\"https:\\\/\\\/schema.org\",\"@graph\":[{\"@type\":\"Article\",\"@id\":\"https:\\\/\\\/paca.lpo.fr\\\/blogs\\\/nice\\\/2014\\\/09\\\/30\\\/bio-et-local-cest-ideal\\\/#article\",\"isPartOf\":{\"@id\":\"https:\\\/\\\/paca.lpo.fr\\\/blogs\\\/nice\\\/2014\\\/09\\\/30\\\/bio-et-local-cest-ideal\\\/\"},\"author\":{\"name\":\"Groupe local Paillon-B\u00e9v\u00e9ra\",\"@id\":\"https:\\\/\\\/paca.lpo.fr\\\/blogs\\\/nice\\\/#\\\/schema\\\/person\\\/1bda33335fb71e0b3552487db26a4c56\"},\"headline\":\"Bio et local c&rsquo;est id\u00e9al\",\"datePublished\":\"2014-09-30T14:13:11+00:00\",\"dateModified\":\"2014-09-30T14:14:20+00:00\",\"mainEntityOfPage\":{\"@id\":\"https:\\\/\\\/paca.lpo.fr\\\/blogs\\\/nice\\\/2014\\\/09\\\/30\\\/bio-et-local-cest-ideal\\\/\"},\"wordCount\":99,\"commentCount\":0,\"publisher\":{\"@id\":\"https:\\\/\\\/paca.lpo.fr\\\/blogs\\\/nice\\\/#organization\"},\"image\":{\"@id\":\"https:\\\/\\\/paca.lpo.fr\\\/blogs\\\/nice\\\/2014\\\/09\\\/30\\\/bio-et-local-cest-ideal\\\/#primaryimage\"},\"thumbnailUrl\":\"https:\\\/\\\/paca.lpo.fr\\\/blogs\\\/nice\\\/files\\\/2014\\\/09\\\/Agribio.jpg\",\"articleSection\":[\"grands \u00e9v\u00e8nements\"],\"inLanguage\":\"fr-FR\",\"potentialAction\":[{\"@type\":\"CommentAction\",\"name\":\"Comment\",\"target\":[\"https:\\\/\\\/paca.lpo.fr\\\/blogs\\\/nice\\\/2014\\\/09\\\/30\\\/bio-et-local-cest-ideal\\\/#respond\"]}]},{\"@type\":\"WebPage\",\"@id\":\"https:\\\/\\\/paca.lpo.fr\\\/blogs\\\/nice\\\/2014\\\/09\\\/30\\\/bio-et-local-cest-ideal\\\/\",\"url\":\"https:\\\/\\\/paca.lpo.fr\\\/blogs\\\/nice\\\/2014\\\/09\\\/30\\\/bio-et-local-cest-ideal\\\/\",\"name\":\"Bio et local c'est id\u00e9al - Groupe local Nice\",\"isPartOf\":{\"@id\":\"https:\\\/\\\/paca.lpo.fr\\\/blogs\\\/nice\\\/#website\"},\"primaryImageOfPage\":{\"@id\":\"https:\\\/\\\/paca.lpo.fr\\\/blogs\\\/nice\\\/2014\\\/09\\\/30\\\/bio-et-local-cest-ideal\\\/#primaryimage\"},\"image\":{\"@id\":\"https:\\\/\\\/paca.lpo.fr\\\/blogs\\\/nice\\\/2014\\\/09\\\/30\\\/bio-et-local-cest-ideal\\\/#primaryimage\"},\"thumbnailUrl\":\"https:\\\/\\\/paca.lpo.fr\\\/blogs\\\/nice\\\/files\\\/2014\\\/09\\\/Agribio.jpg\",\"datePublished\":\"2014-09-30T14:13:11+00:00\",\"dateModified\":\"2014-09-30T14:14:20+00:00\",\"breadcrumb\":{\"@id\":\"https:\\\/\\\/paca.lpo.fr\\\/blogs\\\/nice\\\/2014\\\/09\\\/30\\\/bio-et-local-cest-ideal\\\/#breadcrumb\"},\"inLanguage\":\"fr-FR\",\"potentialAction\":[{\"@type\":\"ReadAction\",\"target\":[\"https:\\\/\\\/paca.lpo.fr\\\/blogs\\\/nice\\\/2014\\\/09\\\/30\\\/bio-et-local-cest-ideal\\\/\"]}]},{\"@type\":\"ImageObject\",\"inLanguage\":\"fr-FR\",\"@id\":\"https:\\\/\\\/paca.lpo.fr\\\/blogs\\\/nice\\\/2014\\\/09\\\/30\\\/bio-et-local-cest-ideal\\\/#primaryimage\",\"url\":\"https:\\\/\\\/paca.lpo.fr\\\/blogs\\\/nice\\\/files\\\/2014\\\/09\\\/Agribio.jpg\",\"contentUrl\":\"https:\\\/\\\/paca.lpo.fr\\\/blogs\\\/nice\\\/files\\\/2014\\\/09\\\/Agribio.jpg\",\"width\":511,\"height\":379},{\"@type\":\"BreadcrumbList\",\"@id\":\"https:\\\/\\\/paca.lpo.fr\\\/blogs\\\/nice\\\/2014\\\/09\\\/30\\\/bio-et-local-cest-ideal\\\/#breadcrumb\",\"itemListElement\":[{\"@type\":\"ListItem\",\"position\":1,\"name\":\"Accueil\",\"item\":\"https:\\\/\\\/paca.lpo.fr\\\/blogs\\\/nice\\\/\"},{\"@type\":\"ListItem\",\"position\":2,\"name\":\"Bio et local c&rsquo;est id\u00e9al\"}]},{\"@type\":\"WebSite\",\"@id\":\"https:\\\/\\\/paca.lpo.fr\\\/blogs\\\/nice\\\/#website\",\"url\":\"https:\\\/\\\/paca.lpo.fr\\\/blogs\\\/nice\\\/\",\"name\":\"Groupe local Nice\",\"description\":\"Groupe local Nice\",\"publisher\":{\"@id\":\"https:\\\/\\\/paca.lpo.fr\\\/blogs\\\/nice\\\/#organization\"},\"potentialAction\":[{\"@type\":\"SearchAction\",\"target\":{\"@type\":\"EntryPoint\",\"urlTemplate\":\"https:\\\/\\\/paca.lpo.fr\\\/blogs\\\/nice\\\/?s={search_term_string}\"},\"query-input\":{\"@type\":\"PropertyValueSpecification\",\"valueRequired\":true,\"valueName\":\"search_term_string\"}}],\"inLanguage\":\"fr-FR\"},{\"@type\":\"Organization\",\"@id\":\"https:\\\/\\\/paca.lpo.fr\\\/blogs\\\/nice\\\/#organization\",\"name\":\"Groupe local Nice\",\"url\":\"https:\\\/\\\/paca.lpo.fr\\\/blogs\\\/nice\\\/\",\"logo\":{\"@type\":\"ImageObject\",\"inLanguage\":\"fr-FR\",\"@id\":\"https:\\\/\\\/paca.lpo.fr\\\/blogs\\\/nice\\\/#\\\/schema\\\/logo\\\/image\\\/\",\"url\":\"https:\\\/\\\/paca.lpo.fr\\\/blogs\\\/nice\\\/files\\\/2024\\\/01\\\/cropped-rvb-lpo-paca-logotype-signature-droite-mini-500.jpg\",\"contentUrl\":\"https:\\\/\\\/paca.lpo.fr\\\/blogs\\\/nice\\\/files\\\/2024\\\/01\\\/cropped-rvb-lpo-paca-logotype-signature-droite-mini-500.jpg\",\"width\":500,\"height\":210,\"caption\":\"Groupe local Nice\"},\"image\":{\"@id\":\"https:\\\/\\\/paca.lpo.fr\\\/blogs\\\/nice\\\/#\\\/schema\\\/logo\\\/image\\\/\"}},{\"@type\":\"Person\",\"@id\":\"https:\\\/\\\/paca.lpo.fr\\\/blogs\\\/nice\\\/#\\\/schema\\\/person\\\/1bda33335fb71e0b3552487db26a4c56\",\"name\":\"Groupe local Paillon-B\u00e9v\u00e9ra\",\"image\":{\"@type\":\"ImageObject\",\"inLanguage\":\"fr-FR\",\"@id\":\"https:\\\/\\\/secure.gravatar.com\\\/avatar\\\/b1ee285506e2cb880ec988990d360e255aecb31c77212741dace1023623610c2?s=96&d=mm&r=g\",\"url\":\"https:\\\/\\\/secure.gravatar.com\\\/avatar\\\/b1ee285506e2cb880ec988990d360e255aecb31c77212741dace1023623610c2?s=96&d=mm&r=g\",\"contentUrl\":\"https:\\\/\\\/secure.gravatar.com\\\/avatar\\\/b1ee285506e2cb880ec988990d360e255aecb31c77212741dace1023623610c2?s=96&d=mm&r=g\",\"caption\":\"Groupe local Paillon-B\u00e9v\u00e9ra\"},\"url\":\"https:\\\/\\\/paca.lpo.fr\\\/blogs\\\/nice\\\/author\\\/alpesmaritimesest\\\/\"}]}<\/script>\n<!-- \/ Yoast SEO plugin. -->","yoast_head_json":{"title":"Bio et local c'est id\u00e9al - Groupe local Nice","robots":{"index":"index","follow":"follow","max-snippet":"max-snippet:-1","max-image-preview":"max-image-preview:large","max-video-preview":"max-video-preview:-1"},"canonical":"https:\/\/paca.lpo.fr\/blogs\/nice\/2014\/09\/30\/bio-et-local-cest-ideal\/","og_locale":"fr_FR","og_type":"article","og_title":"Bio et local c'est id\u00e9al - Groupe local Nice","og_description":"Dimanche 21 septembre au Lyc\u00e9e Horticole d&rsquo;Antibes. Un march\u00e9 bio en plein air et une journ\u00e9e sympathique pleine de rencontres int\u00e9ressantes. Des personnes toutes proches de la nature, avec des jardins sans pesticides ou balcons \u00e9galement, toutes inqui\u00e8tes dans l&rsquo;ensemble par le manque d&rsquo;oiseaux cette ann\u00e9e, chacun y est all\u00e9 de sa remarque sur l&rsquo;\u00e9cureuil [&hellip;]","og_url":"https:\/\/paca.lpo.fr\/blogs\/nice\/2014\/09\/30\/bio-et-local-cest-ideal\/","og_site_name":"Groupe local Nice","article_published_time":"2014-09-30T14:13:11+00:00","article_modified_time":"2014-09-30T14:14:20+00:00","og_image":[{"width":511,"height":379,"url":"https:\/\/paca.lpo.fr\/blogs\/nice\/files\/2014\/09\/Agribio.jpg","type":"image\/jpeg"}],"author":"Groupe local Paillon-B\u00e9v\u00e9ra","twitter_card":"summary_large_image","twitter_misc":{"\u00c9crit par":"Groupe local Paillon-B\u00e9v\u00e9ra"},"schema":{"@context":"https:\/\/schema.org","@graph":[{"@type":"Article","@id":"https:\/\/paca.lpo.fr\/blogs\/nice\/2014\/09\/30\/bio-et-local-cest-ideal\/#article","isPartOf":{"@id":"https:\/\/paca.lpo.fr\/blogs\/nice\/2014\/09\/30\/bio-et-local-cest-ideal\/"},"author":{"name":"Groupe local Paillon-B\u00e9v\u00e9ra","@id":"https:\/\/paca.lpo.fr\/blogs\/nice\/#\/schema\/person\/1bda33335fb71e0b3552487db26a4c56"},"headline":"Bio et local c&rsquo;est id\u00e9al","datePublished":"2014-09-30T14:13:11+00:00","dateModified":"2014-09-30T14:14:20+00:00","mainEntityOfPage":{"@id":"https:\/\/paca.lpo.fr\/blogs\/nice\/2014\/09\/30\/bio-et-local-cest-ideal\/"},"wordCount":99,"commentCount":0,"publisher":{"@id":"https:\/\/paca.lpo.fr\/blogs\/nice\/#organization"},"image":{"@id":"https:\/\/paca.lpo.fr\/blogs\/nice\/2014\/09\/30\/bio-et-local-cest-ideal\/#primaryimage"},"thumbnailUrl":"https:\/\/paca.lpo.fr\/blogs\/nice\/files\/2014\/09\/Agribio.jpg","articleSection":["grands \u00e9v\u00e8nements"],"inLanguage":"fr-FR","potentialAction":[{"@type":"CommentAction","name":"Comment","target":["https:\/\/paca.lpo.fr\/blogs\/nice\/2014\/09\/30\/bio-et-local-cest-ideal\/#respond"]}]},{"@type":"WebPage","@id":"https:\/\/paca.lpo.fr\/blogs\/nice\/2014\/09\/30\/bio-et-local-cest-ideal\/","url":"https:\/\/paca.lpo.fr\/blogs\/nice\/2014\/09\/30\/bio-et-local-cest-ideal\/","name":"Bio et local c'est id\u00e9al - Groupe local Nice","isPartOf":{"@id":"https:\/\/paca.lpo.fr\/blogs\/nice\/#website"},"primaryImageOfPage":{"@id":"https:\/\/paca.lpo.fr\/blogs\/nice\/2014\/09\/30\/bio-et-local-cest-ideal\/#primaryimage"},"image":{"@id":"https:\/\/paca.lpo.fr\/blogs\/nice\/2014\/09\/30\/bio-et-local-cest-ideal\/#primaryimage"},"thumbnailUrl":"https:\/\/paca.lpo.fr\/blogs\/nice\/files\/2014\/09\/Agribio.jpg","datePublished":"2014-09-30T14:13:11+00:00","dateModified":"2014-09-30T14:14:20+00:00","breadcrumb":{"@id":"https:\/\/paca.lpo.fr\/blogs\/nice\/2014\/09\/30\/bio-et-local-cest-ideal\/#breadcrumb"},"inLanguage":"fr-FR","potentialAction":[{"@type":"ReadAction","target":["https:\/\/paca.lpo.fr\/blogs\/nice\/2014\/09\/30\/bio-et-local-cest-ideal\/"]}]},{"@type":"ImageObject","inLanguage":"fr-FR","@id":"https:\/\/paca.lpo.fr\/blogs\/nice\/2014\/09\/30\/bio-et-local-cest-ideal\/#primaryimage","url":"https:\/\/paca.lpo.fr\/blogs\/nice\/files\/2014\/09\/Agribio.jpg","contentUrl":"https:\/\/paca.lpo.fr\/blogs\/nice\/files\/2014\/09\/Agribio.jpg","width":511,"height":379},{"@type":"BreadcrumbList","@id":"https:\/\/paca.lpo.fr\/blogs\/nice\/2014\/09\/30\/bio-et-local-cest-ideal\/#breadcrumb","itemListElement":[{"@type":"ListItem","position":1,"name":"Accueil","item":"https:\/\/paca.lpo.fr\/blogs\/nice\/"},{"@type":"ListItem","position":2,"name":"Bio et local c&rsquo;est id\u00e9al"}]},{"@type":"WebSite","@id":"https:\/\/paca.lpo.fr\/blogs\/nice\/#website","url":"https:\/\/paca.lpo.fr\/blogs\/nice\/","name":"Groupe local Nice","description":"Groupe local Nice","publisher":{"@id":"https:\/\/paca.lpo.fr\/blogs\/nice\/#organization"},"potentialAction":[{"@type":"SearchAction","target":{"@type":"EntryPoint","urlTemplate":"https:\/\/paca.lpo.fr\/blogs\/nice\/?s={search_term_string}"},"query-input":{"@type":"PropertyValueSpecification","valueRequired":true,"valueName":"search_term_string"}}],"inLanguage":"fr-FR"},{"@type":"Organization","@id":"https:\/\/paca.lpo.fr\/blogs\/nice\/#organization","name":"Groupe local Nice","url":"https:\/\/paca.lpo.fr\/blogs\/nice\/","logo":{"@type":"ImageObject","inLanguage":"fr-FR","@id":"https:\/\/paca.lpo.fr\/blogs\/nice\/#\/schema\/logo\/image\/","url":"https:\/\/paca.lpo.fr\/blogs\/nice\/files\/2024\/01\/cropped-rvb-lpo-paca-logotype-signature-droite-mini-500.jpg","contentUrl":"https:\/\/paca.lpo.fr\/blogs\/nice\/files\/2024\/01\/cropped-rvb-lpo-paca-logotype-signature-droite-mini-500.jpg","width":500,"height":210,"caption":"Groupe local Nice"},"image":{"@id":"https:\/\/paca.lpo.fr\/blogs\/nice\/#\/schema\/logo\/image\/"}},{"@type":"Person","@id":"https:\/\/paca.lpo.fr\/blogs\/nice\/#\/schema\/person\/1bda33335fb71e0b3552487db26a4c56","name":"Groupe local Paillon-B\u00e9v\u00e9ra","image":{"@type":"ImageObject","inLanguage":"fr-FR","@id":"https:\/\/secure.gravatar.com\/avatar\/b1ee285506e2cb880ec988990d360e255aecb31c77212741dace1023623610c2?s=96&d=mm&r=g","url":"https:\/\/secure.gravatar.com\/avatar\/b1ee285506e2cb880ec988990d360e255aecb31c77212741dace1023623610c2?s=96&d=mm&r=g","contentUrl":"https:\/\/secure.gravatar.com\/avatar\/b1ee285506e2cb880ec988990d360e255aecb31c77212741dace1023623610c2?s=96&d=mm&r=g","caption":"Groupe local Paillon-B\u00e9v\u00e9ra"},"url":"https:\/\/paca.lpo.fr\/blogs\/nice\/author\/alpesmaritimesest\/"}]}},"jetpack_featured_media_url":"https:\/\/paca.lpo.fr\/blogs\/nice\/files\/2014\/09\/Agribio.jpg","_links":{"self":[{"href":"https:\/\/paca.lpo.fr\/blogs\/nice\/wp-json\/wp\/v2\/posts\/1089","targetHints":{"allow":["GET"]}}],"collection":[{"href":"https:\/\/paca.lpo.fr\/blogs\/nice\/wp-json\/wp\/v2\/posts"}],"about":[{"href":"https:\/\/paca.lpo.fr\/blogs\/nice\/wp-json\/wp\/v2\/types\/post"}],"author":[{"embeddable":true,"href":"https:\/\/paca.lpo.fr\/blogs\/nice\/wp-json\/wp\/v2\/users\/15"}],"replies":[{"embeddable":true,"href":"https:\/\/paca.lpo.fr\/blogs\/nice\/wp-json\/wp\/v2\/comments?post=1089"}],"version-history":[{"count":2,"href":"https:\/\/paca.lpo.fr\/blogs\/nice\/wp-json\/wp\/v2\/posts\/1089\/revisions"}],"predecessor-version":[{"id":1096,"href":"https:\/\/paca.lpo.fr\/blogs\/nice\/wp-json\/wp\/v2\/posts\/1089\/revisions\/1096"}],"wp:featuredmedia":[{"embeddable":true,"href":"https:\/\/paca.lpo.fr\/blogs\/nice\/wp-json\/wp\/v2\/media\/1091"}],"wp:attachment":[{"href":"https:\/\/paca.lpo.fr\/blogs\/nice\/wp-json\/wp\/v2\/media?parent=1089"}],"wp:term":[{"taxonomy":"category","embeddable":true,"href":"https:\/\/paca.lpo.fr\/blogs\/nice\/wp-json\/wp\/v2\/categories?post=1089"},{"taxonomy":"post_tag","embeddable":true,"href":"https:\/\/paca.lpo.fr\/blogs\/nice\/wp-json\/wp\/v2\/tags?post=1089"}],"curies":[{"name":"wp","href":"https:\/\/api.w.org\/{rel}","templated":true}]}}