{"id":1170,"date":"2014-11-24T11:06:25","date_gmt":"2014-11-24T10:06:25","guid":{"rendered":"https:\/\/paca.lpo.fr\/blogs\/nice\/?p=1170"},"modified":"2014-11-24T12:04:32","modified_gmt":"2014-11-24T11:04:32","slug":"rencontres-naturalistes-2014","status":"publish","type":"post","link":"https:\/\/paca.lpo.fr\/blogs\/nice\/2014\/11\/24\/rencontres-naturalistes-2014\/","title":{"rendered":"Rencontres Naturalistes 2014"},"content":{"rendered":"<p>Les secondes rencontres naturalistes PACA ont eu lieu dans notre d\u00e9partement \u00e0 Puget-Th\u00e9niers, sur le parcours du fleuve Var,\u00a0\u00a0les 14 et 15 novembre 2014.<\/p>\n<p>Lors de ces rencontres divers intervenants ont pr\u00e9sent\u00e9 l\u2019\u00e9tat des lieux des connaissances et des programmes de gestion int\u00e9gr\u00e9e de la biodiversit\u00e9. Les conf\u00e9rences et d\u00e9bats ont eu pour but de valoriser des exemples de projets de territoire fond\u00e9s sur une vision partag\u00e9e, dynamique et fonctionnelle du patrimoine (naturel, culturel et paysager), des ressources naturelles, des usages et pratiques associ\u00e9s.<\/p>\n<p><a href=\"https:\/\/paca.lpo.fr\/blogs\/nice\/files\/2014\/11\/20141114_152439-Copie.jpg\"><img loading=\"lazy\" decoding=\"async\" class=\"alignnone size-full wp-image-1171\" src=\"https:\/\/paca.lpo.fr\/blogs\/nice\/files\/2014\/11\/20141114_152439-Copie.jpg\" alt=\"20141114_152439 - Copie\" width=\"601\" height=\"369\" srcset=\"https:\/\/paca.lpo.fr\/blogs\/nice\/files\/2014\/11\/20141114_152439-Copie.jpg 601w, https:\/\/paca.lpo.fr\/blogs\/nice\/files\/2014\/11\/20141114_152439-Copie-480x294.jpg 480w, https:\/\/paca.lpo.fr\/blogs\/nice\/files\/2014\/11\/20141114_152439-Copie-332x205.jpg 332w, https:\/\/paca.lpo.fr\/blogs\/nice\/files\/2014\/11\/20141114_152439-Copie-268x164.jpg 268w\" sizes=\"auto, (max-width: 601px) 100vw, 601px\" \/><\/a><\/p>\n<p>Les b\u00e9n\u00e9voles du GL 06 Est continuent les d\u00e9bats autour de la table de d\u00e9jeuner.<\/p>\n<p><a href=\"https:\/\/paca.lpo.fr\/blogs\/nice\/files\/2014\/11\/20141115_120849-Copie.jpg\"><img loading=\"lazy\" decoding=\"async\" class=\"alignnone size-medium wp-image-1172\" src=\"https:\/\/paca.lpo.fr\/blogs\/nice\/files\/2014\/11\/20141115_120849-Copie-480x272.jpg\" alt=\"20141115_120849 - Copie\" width=\"480\" height=\"272\" srcset=\"https:\/\/paca.lpo.fr\/blogs\/nice\/files\/2014\/11\/20141115_120849-Copie-480x272.jpg 480w, https:\/\/paca.lpo.fr\/blogs\/nice\/files\/2014\/11\/20141115_120849-Copie.jpg 600w\" sizes=\"auto, (max-width: 480px) 100vw, 480px\" \/><\/a><\/p>\n","protected":false},"excerpt":{"rendered":"<p>Les secondes rencontres naturalistes PACA ont eu lieu dans notre d\u00e9partement \u00e0 Puget-Th\u00e9niers, sur le parcours du fleuve Var,\u00a0\u00a0les 14 et 15 novembre 2014. Lors de ces rencontres divers intervenants ont pr\u00e9sent\u00e9 l\u2019\u00e9tat des lieux des connaissances et des programmes de gestion int\u00e9gr\u00e9e de la biodiversit\u00e9. Les conf\u00e9rences et d\u00e9bats ont eu pour but de [&hellip;]<\/p>\n","protected":false},"author":15,"featured_media":1173,"comment_status":"open","ping_status":"open","sticky":false,"template":"","format":"standard","meta":{"footnotes":""},"categories":[1],"tags":[],"class_list":["post-1170","post","type-post","status-publish","format-standard","has-post-thumbnail","hentry","category-sorties-nature"],"yoast_head":"<!-- This site is optimized with the Yoast SEO plugin v28.3 - https:\/\/yoast.com\/product\/yoast-seo-wordpress\/ -->\n<title>Rencontres Naturalistes 2014 - Groupe local Nice<\/title>\n<meta name=\"robots\" content=\"index, follow, max-snippet:-1, max-image-preview:large, max-video-preview:-1\" \/>\n<link rel=\"canonical\" href=\"https:\/\/paca.lpo.fr\/blogs\/nice\/2014\/11\/24\/rencontres-naturalistes-2014\/\" \/>\n<meta property=\"og:locale\" content=\"fr_FR\" \/>\n<meta property=\"og:type\" content=\"article\" \/>\n<meta property=\"og:title\" content=\"Rencontres Naturalistes 2014 - Groupe local Nice\" \/>\n<meta property=\"og:description\" content=\"Les secondes rencontres naturalistes PACA ont eu lieu dans notre d\u00e9partement \u00e0 Puget-Th\u00e9niers, sur le parcours du fleuve Var,\u00a0\u00a0les 14 et 15 novembre 2014. Lors de ces rencontres divers intervenants ont pr\u00e9sent\u00e9 l\u2019\u00e9tat des lieux des connaissances et des programmes de gestion int\u00e9gr\u00e9e de la biodiversit\u00e9. Les conf\u00e9rences et d\u00e9bats ont eu pour but de [&hellip;]\" \/>\n<meta property=\"og:url\" content=\"https:\/\/paca.lpo.fr\/blogs\/nice\/2014\/11\/24\/rencontres-naturalistes-2014\/\" \/>\n<meta property=\"og:site_name\" content=\"Groupe local Nice\" \/>\n<meta property=\"article:published_time\" content=\"2014-11-24T10:06:25+00:00\" \/>\n<meta property=\"article:modified_time\" content=\"2014-11-24T11:04:32+00:00\" \/>\n<meta property=\"og:image\" content=\"https:\/\/paca.lpo.fr\/blogs\/nice\/files\/2014\/11\/RencNataffiche-e1416826934668.jpg\" \/>\n\t<meta property=\"og:image:width\" content=\"107\" \/>\n\t<meta property=\"og:image:height\" content=\"150\" \/>\n\t<meta property=\"og:image:type\" content=\"image\/jpeg\" \/>\n<meta name=\"author\" content=\"Groupe local Paillon-B\u00e9v\u00e9ra\" \/>\n<meta name=\"twitter:card\" content=\"summary_large_image\" \/>\n<meta name=\"twitter:label1\" content=\"\u00c9crit par\" \/>\n\t<meta name=\"twitter:data1\" content=\"Groupe local Paillon-B\u00e9v\u00e9ra\" \/>\n\t<meta name=\"twitter:label2\" content=\"Dur\u00e9e de lecture estim\u00e9e\" \/>\n\t<meta name=\"twitter:data2\" content=\"1 minute\" \/>\n<script type=\"application\/ld+json\" class=\"yoast-schema-graph\">{\"@context\":\"https:\\\/\\\/schema.org\",\"@graph\":[{\"@type\":\"Article\",\"@id\":\"https:\\\/\\\/paca.lpo.fr\\\/blogs\\\/nice\\\/2014\\\/11\\\/24\\\/rencontres-naturalistes-2014\\\/#article\",\"isPartOf\":{\"@id\":\"https:\\\/\\\/paca.lpo.fr\\\/blogs\\\/nice\\\/2014\\\/11\\\/24\\\/rencontres-naturalistes-2014\\\/\"},\"author\":{\"name\":\"Groupe local Paillon-B\u00e9v\u00e9ra\",\"@id\":\"https:\\\/\\\/paca.lpo.fr\\\/blogs\\\/nice\\\/#\\\/schema\\\/person\\\/1bda33335fb71e0b3552487db26a4c56\"},\"headline\":\"Rencontres Naturalistes 2014\",\"datePublished\":\"2014-11-24T10:06:25+00:00\",\"dateModified\":\"2014-11-24T11:04:32+00:00\",\"mainEntityOfPage\":{\"@id\":\"https:\\\/\\\/paca.lpo.fr\\\/blogs\\\/nice\\\/2014\\\/11\\\/24\\\/rencontres-naturalistes-2014\\\/\"},\"wordCount\":112,\"commentCount\":0,\"publisher\":{\"@id\":\"https:\\\/\\\/paca.lpo.fr\\\/blogs\\\/nice\\\/#organization\"},\"image\":{\"@id\":\"https:\\\/\\\/paca.lpo.fr\\\/blogs\\\/nice\\\/2014\\\/11\\\/24\\\/rencontres-naturalistes-2014\\\/#primaryimage\"},\"thumbnailUrl\":\"https:\\\/\\\/paca.lpo.fr\\\/blogs\\\/nice\\\/files\\\/2014\\\/11\\\/RencNataffiche-e1416826934668.jpg\",\"articleSection\":[\"grands \u00e9v\u00e8nements\"],\"inLanguage\":\"fr-FR\",\"potentialAction\":[{\"@type\":\"CommentAction\",\"name\":\"Comment\",\"target\":[\"https:\\\/\\\/paca.lpo.fr\\\/blogs\\\/nice\\\/2014\\\/11\\\/24\\\/rencontres-naturalistes-2014\\\/#respond\"]}]},{\"@type\":\"WebPage\",\"@id\":\"https:\\\/\\\/paca.lpo.fr\\\/blogs\\\/nice\\\/2014\\\/11\\\/24\\\/rencontres-naturalistes-2014\\\/\",\"url\":\"https:\\\/\\\/paca.lpo.fr\\\/blogs\\\/nice\\\/2014\\\/11\\\/24\\\/rencontres-naturalistes-2014\\\/\",\"name\":\"Rencontres Naturalistes 2014 - Groupe local Nice\",\"isPartOf\":{\"@id\":\"https:\\\/\\\/paca.lpo.fr\\\/blogs\\\/nice\\\/#website\"},\"primaryImageOfPage\":{\"@id\":\"https:\\\/\\\/paca.lpo.fr\\\/blogs\\\/nice\\\/2014\\\/11\\\/24\\\/rencontres-naturalistes-2014\\\/#primaryimage\"},\"image\":{\"@id\":\"https:\\\/\\\/paca.lpo.fr\\\/blogs\\\/nice\\\/2014\\\/11\\\/24\\\/rencontres-naturalistes-2014\\\/#primaryimage\"},\"thumbnailUrl\":\"https:\\\/\\\/paca.lpo.fr\\\/blogs\\\/nice\\\/files\\\/2014\\\/11\\\/RencNataffiche-e1416826934668.jpg\",\"datePublished\":\"2014-11-24T10:06:25+00:00\",\"dateModified\":\"2014-11-24T11:04:32+00:00\",\"breadcrumb\":{\"@id\":\"https:\\\/\\\/paca.lpo.fr\\\/blogs\\\/nice\\\/2014\\\/11\\\/24\\\/rencontres-naturalistes-2014\\\/#breadcrumb\"},\"inLanguage\":\"fr-FR\",\"potentialAction\":[{\"@type\":\"ReadAction\",\"target\":[\"https:\\\/\\\/paca.lpo.fr\\\/blogs\\\/nice\\\/2014\\\/11\\\/24\\\/rencontres-naturalistes-2014\\\/\"]}]},{\"@type\":\"ImageObject\",\"inLanguage\":\"fr-FR\",\"@id\":\"https:\\\/\\\/paca.lpo.fr\\\/blogs\\\/nice\\\/2014\\\/11\\\/24\\\/rencontres-naturalistes-2014\\\/#primaryimage\",\"url\":\"https:\\\/\\\/paca.lpo.fr\\\/blogs\\\/nice\\\/files\\\/2014\\\/11\\\/RencNataffiche-e1416826934668.jpg\",\"contentUrl\":\"https:\\\/\\\/paca.lpo.fr\\\/blogs\\\/nice\\\/files\\\/2014\\\/11\\\/RencNataffiche-e1416826934668.jpg\",\"width\":107,\"height\":150},{\"@type\":\"BreadcrumbList\",\"@id\":\"https:\\\/\\\/paca.lpo.fr\\\/blogs\\\/nice\\\/2014\\\/11\\\/24\\\/rencontres-naturalistes-2014\\\/#breadcrumb\",\"itemListElement\":[{\"@type\":\"ListItem\",\"position\":1,\"name\":\"Accueil\",\"item\":\"https:\\\/\\\/paca.lpo.fr\\\/blogs\\\/nice\\\/\"},{\"@type\":\"ListItem\",\"position\":2,\"name\":\"Rencontres Naturalistes 2014\"}]},{\"@type\":\"WebSite\",\"@id\":\"https:\\\/\\\/paca.lpo.fr\\\/blogs\\\/nice\\\/#website\",\"url\":\"https:\\\/\\\/paca.lpo.fr\\\/blogs\\\/nice\\\/\",\"name\":\"Groupe local Nice\",\"description\":\"Groupe local Nice\",\"publisher\":{\"@id\":\"https:\\\/\\\/paca.lpo.fr\\\/blogs\\\/nice\\\/#organization\"},\"potentialAction\":[{\"@type\":\"SearchAction\",\"target\":{\"@type\":\"EntryPoint\",\"urlTemplate\":\"https:\\\/\\\/paca.lpo.fr\\\/blogs\\\/nice\\\/?s={search_term_string}\"},\"query-input\":{\"@type\":\"PropertyValueSpecification\",\"valueRequired\":true,\"valueName\":\"search_term_string\"}}],\"inLanguage\":\"fr-FR\"},{\"@type\":\"Organization\",\"@id\":\"https:\\\/\\\/paca.lpo.fr\\\/blogs\\\/nice\\\/#organization\",\"name\":\"Groupe local Nice\",\"url\":\"https:\\\/\\\/paca.lpo.fr\\\/blogs\\\/nice\\\/\",\"logo\":{\"@type\":\"ImageObject\",\"inLanguage\":\"fr-FR\",\"@id\":\"https:\\\/\\\/paca.lpo.fr\\\/blogs\\\/nice\\\/#\\\/schema\\\/logo\\\/image\\\/\",\"url\":\"https:\\\/\\\/paca.lpo.fr\\\/blogs\\\/nice\\\/files\\\/2024\\\/01\\\/cropped-rvb-lpo-paca-logotype-signature-droite-mini-500.jpg\",\"contentUrl\":\"https:\\\/\\\/paca.lpo.fr\\\/blogs\\\/nice\\\/files\\\/2024\\\/01\\\/cropped-rvb-lpo-paca-logotype-signature-droite-mini-500.jpg\",\"width\":500,\"height\":210,\"caption\":\"Groupe local Nice\"},\"image\":{\"@id\":\"https:\\\/\\\/paca.lpo.fr\\\/blogs\\\/nice\\\/#\\\/schema\\\/logo\\\/image\\\/\"}},{\"@type\":\"Person\",\"@id\":\"https:\\\/\\\/paca.lpo.fr\\\/blogs\\\/nice\\\/#\\\/schema\\\/person\\\/1bda33335fb71e0b3552487db26a4c56\",\"name\":\"Groupe local Paillon-B\u00e9v\u00e9ra\",\"image\":{\"@type\":\"ImageObject\",\"inLanguage\":\"fr-FR\",\"@id\":\"https:\\\/\\\/secure.gravatar.com\\\/avatar\\\/b1ee285506e2cb880ec988990d360e255aecb31c77212741dace1023623610c2?s=96&d=mm&r=g\",\"url\":\"https:\\\/\\\/secure.gravatar.com\\\/avatar\\\/b1ee285506e2cb880ec988990d360e255aecb31c77212741dace1023623610c2?s=96&d=mm&r=g\",\"contentUrl\":\"https:\\\/\\\/secure.gravatar.com\\\/avatar\\\/b1ee285506e2cb880ec988990d360e255aecb31c77212741dace1023623610c2?s=96&d=mm&r=g\",\"caption\":\"Groupe local Paillon-B\u00e9v\u00e9ra\"},\"url\":\"https:\\\/\\\/paca.lpo.fr\\\/blogs\\\/nice\\\/author\\\/alpesmaritimesest\\\/\"}]}<\/script>\n<!-- \/ Yoast SEO plugin. -->","yoast_head_json":{"title":"Rencontres Naturalistes 2014 - Groupe local Nice","robots":{"index":"index","follow":"follow","max-snippet":"max-snippet:-1","max-image-preview":"max-image-preview:large","max-video-preview":"max-video-preview:-1"},"canonical":"https:\/\/paca.lpo.fr\/blogs\/nice\/2014\/11\/24\/rencontres-naturalistes-2014\/","og_locale":"fr_FR","og_type":"article","og_title":"Rencontres Naturalistes 2014 - Groupe local Nice","og_description":"Les secondes rencontres naturalistes PACA ont eu lieu dans notre d\u00e9partement \u00e0 Puget-Th\u00e9niers, sur le parcours du fleuve Var,\u00a0\u00a0les 14 et 15 novembre 2014. Lors de ces rencontres divers intervenants ont pr\u00e9sent\u00e9 l\u2019\u00e9tat des lieux des connaissances et des programmes de gestion int\u00e9gr\u00e9e de la biodiversit\u00e9. Les conf\u00e9rences et d\u00e9bats ont eu pour but de [&hellip;]","og_url":"https:\/\/paca.lpo.fr\/blogs\/nice\/2014\/11\/24\/rencontres-naturalistes-2014\/","og_site_name":"Groupe local Nice","article_published_time":"2014-11-24T10:06:25+00:00","article_modified_time":"2014-11-24T11:04:32+00:00","og_image":[{"width":107,"height":150,"url":"https:\/\/paca.lpo.fr\/blogs\/nice\/files\/2014\/11\/RencNataffiche-e1416826934668.jpg","type":"image\/jpeg"}],"author":"Groupe local Paillon-B\u00e9v\u00e9ra","twitter_card":"summary_large_image","twitter_misc":{"\u00c9crit par":"Groupe local Paillon-B\u00e9v\u00e9ra","Dur\u00e9e de lecture estim\u00e9e":"1 minute"},"schema":{"@context":"https:\/\/schema.org","@graph":[{"@type":"Article","@id":"https:\/\/paca.lpo.fr\/blogs\/nice\/2014\/11\/24\/rencontres-naturalistes-2014\/#article","isPartOf":{"@id":"https:\/\/paca.lpo.fr\/blogs\/nice\/2014\/11\/24\/rencontres-naturalistes-2014\/"},"author":{"name":"Groupe local Paillon-B\u00e9v\u00e9ra","@id":"https:\/\/paca.lpo.fr\/blogs\/nice\/#\/schema\/person\/1bda33335fb71e0b3552487db26a4c56"},"headline":"Rencontres Naturalistes 2014","datePublished":"2014-11-24T10:06:25+00:00","dateModified":"2014-11-24T11:04:32+00:00","mainEntityOfPage":{"@id":"https:\/\/paca.lpo.fr\/blogs\/nice\/2014\/11\/24\/rencontres-naturalistes-2014\/"},"wordCount":112,"commentCount":0,"publisher":{"@id":"https:\/\/paca.lpo.fr\/blogs\/nice\/#organization"},"image":{"@id":"https:\/\/paca.lpo.fr\/blogs\/nice\/2014\/11\/24\/rencontres-naturalistes-2014\/#primaryimage"},"thumbnailUrl":"https:\/\/paca.lpo.fr\/blogs\/nice\/files\/2014\/11\/RencNataffiche-e1416826934668.jpg","articleSection":["grands \u00e9v\u00e8nements"],"inLanguage":"fr-FR","potentialAction":[{"@type":"CommentAction","name":"Comment","target":["https:\/\/paca.lpo.fr\/blogs\/nice\/2014\/11\/24\/rencontres-naturalistes-2014\/#respond"]}]},{"@type":"WebPage","@id":"https:\/\/paca.lpo.fr\/blogs\/nice\/2014\/11\/24\/rencontres-naturalistes-2014\/","url":"https:\/\/paca.lpo.fr\/blogs\/nice\/2014\/11\/24\/rencontres-naturalistes-2014\/","name":"Rencontres Naturalistes 2014 - Groupe local Nice","isPartOf":{"@id":"https:\/\/paca.lpo.fr\/blogs\/nice\/#website"},"primaryImageOfPage":{"@id":"https:\/\/paca.lpo.fr\/blogs\/nice\/2014\/11\/24\/rencontres-naturalistes-2014\/#primaryimage"},"image":{"@id":"https:\/\/paca.lpo.fr\/blogs\/nice\/2014\/11\/24\/rencontres-naturalistes-2014\/#primaryimage"},"thumbnailUrl":"https:\/\/paca.lpo.fr\/blogs\/nice\/files\/2014\/11\/RencNataffiche-e1416826934668.jpg","datePublished":"2014-11-24T10:06:25+00:00","dateModified":"2014-11-24T11:04:32+00:00","breadcrumb":{"@id":"https:\/\/paca.lpo.fr\/blogs\/nice\/2014\/11\/24\/rencontres-naturalistes-2014\/#breadcrumb"},"inLanguage":"fr-FR","potentialAction":[{"@type":"ReadAction","target":["https:\/\/paca.lpo.fr\/blogs\/nice\/2014\/11\/24\/rencontres-naturalistes-2014\/"]}]},{"@type":"ImageObject","inLanguage":"fr-FR","@id":"https:\/\/paca.lpo.fr\/blogs\/nice\/2014\/11\/24\/rencontres-naturalistes-2014\/#primaryimage","url":"https:\/\/paca.lpo.fr\/blogs\/nice\/files\/2014\/11\/RencNataffiche-e1416826934668.jpg","contentUrl":"https:\/\/paca.lpo.fr\/blogs\/nice\/files\/2014\/11\/RencNataffiche-e1416826934668.jpg","width":107,"height":150},{"@type":"BreadcrumbList","@id":"https:\/\/paca.lpo.fr\/blogs\/nice\/2014\/11\/24\/rencontres-naturalistes-2014\/#breadcrumb","itemListElement":[{"@type":"ListItem","position":1,"name":"Accueil","item":"https:\/\/paca.lpo.fr\/blogs\/nice\/"},{"@type":"ListItem","position":2,"name":"Rencontres Naturalistes 2014"}]},{"@type":"WebSite","@id":"https:\/\/paca.lpo.fr\/blogs\/nice\/#website","url":"https:\/\/paca.lpo.fr\/blogs\/nice\/","name":"Groupe local Nice","description":"Groupe local Nice","publisher":{"@id":"https:\/\/paca.lpo.fr\/blogs\/nice\/#organization"},"potentialAction":[{"@type":"SearchAction","target":{"@type":"EntryPoint","urlTemplate":"https:\/\/paca.lpo.fr\/blogs\/nice\/?s={search_term_string}"},"query-input":{"@type":"PropertyValueSpecification","valueRequired":true,"valueName":"search_term_string"}}],"inLanguage":"fr-FR"},{"@type":"Organization","@id":"https:\/\/paca.lpo.fr\/blogs\/nice\/#organization","name":"Groupe local Nice","url":"https:\/\/paca.lpo.fr\/blogs\/nice\/","logo":{"@type":"ImageObject","inLanguage":"fr-FR","@id":"https:\/\/paca.lpo.fr\/blogs\/nice\/#\/schema\/logo\/image\/","url":"https:\/\/paca.lpo.fr\/blogs\/nice\/files\/2024\/01\/cropped-rvb-lpo-paca-logotype-signature-droite-mini-500.jpg","contentUrl":"https:\/\/paca.lpo.fr\/blogs\/nice\/files\/2024\/01\/cropped-rvb-lpo-paca-logotype-signature-droite-mini-500.jpg","width":500,"height":210,"caption":"Groupe local Nice"},"image":{"@id":"https:\/\/paca.lpo.fr\/blogs\/nice\/#\/schema\/logo\/image\/"}},{"@type":"Person","@id":"https:\/\/paca.lpo.fr\/blogs\/nice\/#\/schema\/person\/1bda33335fb71e0b3552487db26a4c56","name":"Groupe local Paillon-B\u00e9v\u00e9ra","image":{"@type":"ImageObject","inLanguage":"fr-FR","@id":"https:\/\/secure.gravatar.com\/avatar\/b1ee285506e2cb880ec988990d360e255aecb31c77212741dace1023623610c2?s=96&d=mm&r=g","url":"https:\/\/secure.gravatar.com\/avatar\/b1ee285506e2cb880ec988990d360e255aecb31c77212741dace1023623610c2?s=96&d=mm&r=g","contentUrl":"https:\/\/secure.gravatar.com\/avatar\/b1ee285506e2cb880ec988990d360e255aecb31c77212741dace1023623610c2?s=96&d=mm&r=g","caption":"Groupe local Paillon-B\u00e9v\u00e9ra"},"url":"https:\/\/paca.lpo.fr\/blogs\/nice\/author\/alpesmaritimesest\/"}]}},"jetpack_featured_media_url":"https:\/\/paca.lpo.fr\/blogs\/nice\/files\/2014\/11\/RencNataffiche-e1416826934668.jpg","_links":{"self":[{"href":"https:\/\/paca.lpo.fr\/blogs\/nice\/wp-json\/wp\/v2\/posts\/1170","targetHints":{"allow":["GET"]}}],"collection":[{"href":"https:\/\/paca.lpo.fr\/blogs\/nice\/wp-json\/wp\/v2\/posts"}],"about":[{"href":"https:\/\/paca.lpo.fr\/blogs\/nice\/wp-json\/wp\/v2\/types\/post"}],"author":[{"embeddable":true,"href":"https:\/\/paca.lpo.fr\/blogs\/nice\/wp-json\/wp\/v2\/users\/15"}],"replies":[{"embeddable":true,"href":"https:\/\/paca.lpo.fr\/blogs\/nice\/wp-json\/wp\/v2\/comments?post=1170"}],"version-history":[{"count":4,"href":"https:\/\/paca.lpo.fr\/blogs\/nice\/wp-json\/wp\/v2\/posts\/1170\/revisions"}],"predecessor-version":[{"id":1178,"href":"https:\/\/paca.lpo.fr\/blogs\/nice\/wp-json\/wp\/v2\/posts\/1170\/revisions\/1178"}],"wp:featuredmedia":[{"embeddable":true,"href":"https:\/\/paca.lpo.fr\/blogs\/nice\/wp-json\/wp\/v2\/media\/1173"}],"wp:attachment":[{"href":"https:\/\/paca.lpo.fr\/blogs\/nice\/wp-json\/wp\/v2\/media?parent=1170"}],"wp:term":[{"taxonomy":"category","embeddable":true,"href":"https:\/\/paca.lpo.fr\/blogs\/nice\/wp-json\/wp\/v2\/categories?post=1170"},{"taxonomy":"post_tag","embeddable":true,"href":"https:\/\/paca.lpo.fr\/blogs\/nice\/wp-json\/wp\/v2\/tags?post=1170"}],"curies":[{"name":"wp","href":"https:\/\/api.w.org\/{rel}","templated":true}]}}