{"id":1214,"date":"2015-02-16T10:05:19","date_gmt":"2015-02-16T09:05:19","guid":{"rendered":"https:\/\/paca.lpo.fr\/blogs\/nice\/?p=1214"},"modified":"2015-02-16T10:06:11","modified_gmt":"2015-02-16T09:06:11","slug":"sortie-journees-mondiales-des-zones-humides-le-8-fevrier-2015","status":"publish","type":"post","link":"https:\/\/paca.lpo.fr\/blogs\/nice\/2015\/02\/16\/sortie-journees-mondiales-des-zones-humides-le-8-fevrier-2015\/","title":{"rendered":"Sortie Journ\u00e9es Mondiales des Zones Humides le 8 f\u00e9vrier 2015"},"content":{"rendered":"<p>Etangs, lagunes, marais salants, mares, marais, ruisseaux, tourbi\u00e8res, vall\u00e9es alluviales, prairies inondables, \u2026 Les zones humides ont leur journ\u00e9e mondiale. Elle a lieu le 2 f\u00e9vrier, jour de l\u2019anniversaire de la convention sur les zones humides, connue sous le nom de \u00ab<a href=\"http:\/\/www.ramsar.org\/cda\/fr\/ramsar-ramsar-movie\/main\/ramsar\/1%5E24724_4000_1__\"><span style=\"text-decoration: underline\">Convention de Ramsar<\/span><\/a> \u00bb, du nom de la ville d\u2019Iran o\u00f9 elle a \u00e9t\u00e9 sign\u00e9e le 2 f\u00e9vrier 1971. Cette journ\u00e9e est l\u2019occasion pour les acteurs de l\u2019eau et des espaces naturels de partager avec le plus grand nombre leur passion pour ces milieux entre terre et eau.<\/p>\n<p>Une sortie organis\u00e9e par Elisabeth a r\u00e9uni 27 personnes, dont 4 enfants, pour une visite de l\u2019Ile Ste Marguerite. Apr\u00e8s une travers\u00e9e en bateau depuis le Port de Cannes le groupe a observ\u00e9 les oiseaux de l\u2019\u00e9tang du Bat\u00e9guier. Un pique-nique convivial sur la plage au soleil et une balade sous les arbres \u00e0 la recherche des passereaux ont compl\u00e9t\u00e9 la journ\u00e9e.<\/p>\n<p><a href=\"https:\/\/paca.lpo.fr\/blogs\/nice\/files\/2015\/02\/IM6CA_-0607-cormoran-ailes-deployees-Copie.jpg\"><img loading=\"lazy\" decoding=\"async\" class=\"alignnone size-medium wp-image-1217\" src=\"https:\/\/paca.lpo.fr\/blogs\/nice\/files\/2015\/02\/IM6CA_-0607-cormoran-ailes-deployees-Copie-480x360.jpg\" alt=\"IM6CA_-0607-cormoran-ailes-deployees - Copie\" width=\"480\" height=\"360\" srcset=\"https:\/\/paca.lpo.fr\/blogs\/nice\/files\/2015\/02\/IM6CA_-0607-cormoran-ailes-deployees-Copie-480x360.jpg 480w, https:\/\/paca.lpo.fr\/blogs\/nice\/files\/2015\/02\/IM6CA_-0607-cormoran-ailes-deployees-Copie.jpg 599w\" sizes=\"auto, (max-width: 480px) 100vw, 480px\" \/><\/a><\/p>\n<p>Ce rouge-gorge, peu farouche, \u00e9tait la star de la journ\u00e9e.<\/p>\n<p><a href=\"https:\/\/paca.lpo.fr\/blogs\/nice\/files\/2015\/02\/IM6CA_-0676-rouge-gorge.jpg\"><img loading=\"lazy\" decoding=\"async\" class=\"alignnone size-medium wp-image-1218\" src=\"https:\/\/paca.lpo.fr\/blogs\/nice\/files\/2015\/02\/IM6CA_-0676-rouge-gorge-340x480.jpg\" alt=\"IM6CA_-0676-rouge-gorge\" width=\"340\" height=\"480\" srcset=\"https:\/\/paca.lpo.fr\/blogs\/nice\/files\/2015\/02\/IM6CA_-0676-rouge-gorge-340x480.jpg 340w, https:\/\/paca.lpo.fr\/blogs\/nice\/files\/2015\/02\/IM6CA_-0676-rouge-gorge.jpg 521w\" sizes=\"auto, (max-width: 340px) 100vw, 340px\" \/><\/a><\/p>\n<p><a href=\"https:\/\/paca.lpo.fr\/blogs\/nice\/files\/2015\/02\/IM6CA_-0678-photographes-oiseau-sortie-lpo-Copie.jpg\"><img loading=\"lazy\" decoding=\"async\" class=\"alignnone size-medium wp-image-1215\" src=\"https:\/\/paca.lpo.fr\/blogs\/nice\/files\/2015\/02\/IM6CA_-0678-photographes-oiseau-sortie-lpo-Copie-480x271.jpg\" alt=\"IM6CA_-0678-photographes-oiseau-sortie-lpo - Copie\" width=\"480\" height=\"271\" srcset=\"https:\/\/paca.lpo.fr\/blogs\/nice\/files\/2015\/02\/IM6CA_-0678-photographes-oiseau-sortie-lpo-Copie-480x271.jpg 480w, https:\/\/paca.lpo.fr\/blogs\/nice\/files\/2015\/02\/IM6CA_-0678-photographes-oiseau-sortie-lpo-Copie.jpg 598w\" sizes=\"auto, (max-width: 480px) 100vw, 480px\" \/><\/a><\/p>\n<p>&nbsp;<\/p>\n<p>Nos remerciements \u00e0 Cyril Almeras, photographe, qui a fait partie du groupe et nous offre ces tr\u00e8s belles images.<\/p>\n","protected":false},"excerpt":{"rendered":"<p>Etangs, lagunes, marais salants, mares, marais, ruisseaux, tourbi\u00e8res, vall\u00e9es alluviales, prairies inondables, \u2026 Les zones humides ont leur journ\u00e9e mondiale. Elle a lieu le 2 f\u00e9vrier, jour de l\u2019anniversaire de la convention sur les zones humides, connue sous le nom de \u00abConvention de Ramsar \u00bb, du nom de la ville d\u2019Iran o\u00f9 elle a \u00e9t\u00e9 [&hellip;]<\/p>\n","protected":false},"author":15,"featured_media":1216,"comment_status":"open","ping_status":"open","sticky":false,"template":"","format":"standard","meta":{"footnotes":""},"categories":[1],"tags":[],"class_list":["post-1214","post","type-post","status-publish","format-standard","has-post-thumbnail","hentry","category-sorties-nature"],"yoast_head":"<!-- This site is optimized with the Yoast SEO plugin v28.3 - https:\/\/yoast.com\/product\/yoast-seo-wordpress\/ -->\n<title>Sortie Journ\u00e9es Mondiales des Zones Humides le 8 f\u00e9vrier 2015 - Groupe local Nice<\/title>\n<meta name=\"robots\" content=\"index, follow, max-snippet:-1, max-image-preview:large, max-video-preview:-1\" \/>\n<link rel=\"canonical\" href=\"https:\/\/paca.lpo.fr\/blogs\/nice\/2015\/02\/16\/sortie-journees-mondiales-des-zones-humides-le-8-fevrier-2015\/\" \/>\n<meta property=\"og:locale\" content=\"fr_FR\" \/>\n<meta property=\"og:type\" content=\"article\" \/>\n<meta property=\"og:title\" content=\"Sortie Journ\u00e9es Mondiales des Zones Humides le 8 f\u00e9vrier 2015 - Groupe local Nice\" \/>\n<meta property=\"og:description\" content=\"Etangs, lagunes, marais salants, mares, marais, ruisseaux, tourbi\u00e8res, vall\u00e9es alluviales, prairies inondables, \u2026 Les zones humides ont leur journ\u00e9e mondiale. Elle a lieu le 2 f\u00e9vrier, jour de l\u2019anniversaire de la convention sur les zones humides, connue sous le nom de \u00abConvention de Ramsar \u00bb, du nom de la ville d\u2019Iran o\u00f9 elle a \u00e9t\u00e9 [&hellip;]\" \/>\n<meta property=\"og:url\" content=\"https:\/\/paca.lpo.fr\/blogs\/nice\/2015\/02\/16\/sortie-journees-mondiales-des-zones-humides-le-8-fevrier-2015\/\" \/>\n<meta property=\"og:site_name\" content=\"Groupe local Nice\" \/>\n<meta property=\"article:published_time\" content=\"2015-02-16T09:05:19+00:00\" \/>\n<meta property=\"article:modified_time\" content=\"2015-02-16T09:06:11+00:00\" \/>\n<meta property=\"og:image\" content=\"https:\/\/paca.lpo.fr\/blogs\/nice\/files\/2015\/02\/IM6CA_-0613-oiseaux-etang-beteguier-Copie.jpg\" \/>\n\t<meta property=\"og:image:width\" content=\"600\" \/>\n\t<meta property=\"og:image:height\" content=\"400\" \/>\n\t<meta property=\"og:image:type\" content=\"image\/jpeg\" \/>\n<meta name=\"author\" content=\"Groupe local Paillon-B\u00e9v\u00e9ra\" \/>\n<meta name=\"twitter:card\" content=\"summary_large_image\" \/>\n<meta name=\"twitter:label1\" content=\"\u00c9crit par\" \/>\n\t<meta name=\"twitter:data1\" content=\"Groupe local Paillon-B\u00e9v\u00e9ra\" \/>\n\t<meta name=\"twitter:label2\" content=\"Dur\u00e9e de lecture estim\u00e9e\" \/>\n\t<meta name=\"twitter:data2\" content=\"1 minute\" \/>\n<script type=\"application\/ld+json\" class=\"yoast-schema-graph\">{\"@context\":\"https:\\\/\\\/schema.org\",\"@graph\":[{\"@type\":\"Article\",\"@id\":\"https:\\\/\\\/paca.lpo.fr\\\/blogs\\\/nice\\\/2015\\\/02\\\/16\\\/sortie-journees-mondiales-des-zones-humides-le-8-fevrier-2015\\\/#article\",\"isPartOf\":{\"@id\":\"https:\\\/\\\/paca.lpo.fr\\\/blogs\\\/nice\\\/2015\\\/02\\\/16\\\/sortie-journees-mondiales-des-zones-humides-le-8-fevrier-2015\\\/\"},\"author\":{\"name\":\"Groupe local Paillon-B\u00e9v\u00e9ra\",\"@id\":\"https:\\\/\\\/paca.lpo.fr\\\/blogs\\\/nice\\\/#\\\/schema\\\/person\\\/1bda33335fb71e0b3552487db26a4c56\"},\"headline\":\"Sortie Journ\u00e9es Mondiales des Zones Humides le 8 f\u00e9vrier 2015\",\"datePublished\":\"2015-02-16T09:05:19+00:00\",\"dateModified\":\"2015-02-16T09:06:11+00:00\",\"mainEntityOfPage\":{\"@id\":\"https:\\\/\\\/paca.lpo.fr\\\/blogs\\\/nice\\\/2015\\\/02\\\/16\\\/sortie-journees-mondiales-des-zones-humides-le-8-fevrier-2015\\\/\"},\"wordCount\":204,\"commentCount\":0,\"publisher\":{\"@id\":\"https:\\\/\\\/paca.lpo.fr\\\/blogs\\\/nice\\\/#organization\"},\"image\":{\"@id\":\"https:\\\/\\\/paca.lpo.fr\\\/blogs\\\/nice\\\/2015\\\/02\\\/16\\\/sortie-journees-mondiales-des-zones-humides-le-8-fevrier-2015\\\/#primaryimage\"},\"thumbnailUrl\":\"https:\\\/\\\/paca.lpo.fr\\\/blogs\\\/nice\\\/files\\\/2015\\\/02\\\/IM6CA_-0613-oiseaux-etang-beteguier-Copie.jpg\",\"articleSection\":[\"grands \u00e9v\u00e8nements\"],\"inLanguage\":\"fr-FR\",\"potentialAction\":[{\"@type\":\"CommentAction\",\"name\":\"Comment\",\"target\":[\"https:\\\/\\\/paca.lpo.fr\\\/blogs\\\/nice\\\/2015\\\/02\\\/16\\\/sortie-journees-mondiales-des-zones-humides-le-8-fevrier-2015\\\/#respond\"]}]},{\"@type\":\"WebPage\",\"@id\":\"https:\\\/\\\/paca.lpo.fr\\\/blogs\\\/nice\\\/2015\\\/02\\\/16\\\/sortie-journees-mondiales-des-zones-humides-le-8-fevrier-2015\\\/\",\"url\":\"https:\\\/\\\/paca.lpo.fr\\\/blogs\\\/nice\\\/2015\\\/02\\\/16\\\/sortie-journees-mondiales-des-zones-humides-le-8-fevrier-2015\\\/\",\"name\":\"Sortie Journ\u00e9es Mondiales des Zones Humides le 8 f\u00e9vrier 2015 - Groupe local Nice\",\"isPartOf\":{\"@id\":\"https:\\\/\\\/paca.lpo.fr\\\/blogs\\\/nice\\\/#website\"},\"primaryImageOfPage\":{\"@id\":\"https:\\\/\\\/paca.lpo.fr\\\/blogs\\\/nice\\\/2015\\\/02\\\/16\\\/sortie-journees-mondiales-des-zones-humides-le-8-fevrier-2015\\\/#primaryimage\"},\"image\":{\"@id\":\"https:\\\/\\\/paca.lpo.fr\\\/blogs\\\/nice\\\/2015\\\/02\\\/16\\\/sortie-journees-mondiales-des-zones-humides-le-8-fevrier-2015\\\/#primaryimage\"},\"thumbnailUrl\":\"https:\\\/\\\/paca.lpo.fr\\\/blogs\\\/nice\\\/files\\\/2015\\\/02\\\/IM6CA_-0613-oiseaux-etang-beteguier-Copie.jpg\",\"datePublished\":\"2015-02-16T09:05:19+00:00\",\"dateModified\":\"2015-02-16T09:06:11+00:00\",\"breadcrumb\":{\"@id\":\"https:\\\/\\\/paca.lpo.fr\\\/blogs\\\/nice\\\/2015\\\/02\\\/16\\\/sortie-journees-mondiales-des-zones-humides-le-8-fevrier-2015\\\/#breadcrumb\"},\"inLanguage\":\"fr-FR\",\"potentialAction\":[{\"@type\":\"ReadAction\",\"target\":[\"https:\\\/\\\/paca.lpo.fr\\\/blogs\\\/nice\\\/2015\\\/02\\\/16\\\/sortie-journees-mondiales-des-zones-humides-le-8-fevrier-2015\\\/\"]}]},{\"@type\":\"ImageObject\",\"inLanguage\":\"fr-FR\",\"@id\":\"https:\\\/\\\/paca.lpo.fr\\\/blogs\\\/nice\\\/2015\\\/02\\\/16\\\/sortie-journees-mondiales-des-zones-humides-le-8-fevrier-2015\\\/#primaryimage\",\"url\":\"https:\\\/\\\/paca.lpo.fr\\\/blogs\\\/nice\\\/files\\\/2015\\\/02\\\/IM6CA_-0613-oiseaux-etang-beteguier-Copie.jpg\",\"contentUrl\":\"https:\\\/\\\/paca.lpo.fr\\\/blogs\\\/nice\\\/files\\\/2015\\\/02\\\/IM6CA_-0613-oiseaux-etang-beteguier-Copie.jpg\",\"width\":600,\"height\":400},{\"@type\":\"BreadcrumbList\",\"@id\":\"https:\\\/\\\/paca.lpo.fr\\\/blogs\\\/nice\\\/2015\\\/02\\\/16\\\/sortie-journees-mondiales-des-zones-humides-le-8-fevrier-2015\\\/#breadcrumb\",\"itemListElement\":[{\"@type\":\"ListItem\",\"position\":1,\"name\":\"Accueil\",\"item\":\"https:\\\/\\\/paca.lpo.fr\\\/blogs\\\/nice\\\/\"},{\"@type\":\"ListItem\",\"position\":2,\"name\":\"Sortie Journ\u00e9es Mondiales des Zones Humides le 8 f\u00e9vrier 2015\"}]},{\"@type\":\"WebSite\",\"@id\":\"https:\\\/\\\/paca.lpo.fr\\\/blogs\\\/nice\\\/#website\",\"url\":\"https:\\\/\\\/paca.lpo.fr\\\/blogs\\\/nice\\\/\",\"name\":\"Groupe local Nice\",\"description\":\"Groupe local Nice\",\"publisher\":{\"@id\":\"https:\\\/\\\/paca.lpo.fr\\\/blogs\\\/nice\\\/#organization\"},\"potentialAction\":[{\"@type\":\"SearchAction\",\"target\":{\"@type\":\"EntryPoint\",\"urlTemplate\":\"https:\\\/\\\/paca.lpo.fr\\\/blogs\\\/nice\\\/?s={search_term_string}\"},\"query-input\":{\"@type\":\"PropertyValueSpecification\",\"valueRequired\":true,\"valueName\":\"search_term_string\"}}],\"inLanguage\":\"fr-FR\"},{\"@type\":\"Organization\",\"@id\":\"https:\\\/\\\/paca.lpo.fr\\\/blogs\\\/nice\\\/#organization\",\"name\":\"Groupe local Nice\",\"url\":\"https:\\\/\\\/paca.lpo.fr\\\/blogs\\\/nice\\\/\",\"logo\":{\"@type\":\"ImageObject\",\"inLanguage\":\"fr-FR\",\"@id\":\"https:\\\/\\\/paca.lpo.fr\\\/blogs\\\/nice\\\/#\\\/schema\\\/logo\\\/image\\\/\",\"url\":\"https:\\\/\\\/paca.lpo.fr\\\/blogs\\\/nice\\\/files\\\/2024\\\/01\\\/cropped-rvb-lpo-paca-logotype-signature-droite-mini-500.jpg\",\"contentUrl\":\"https:\\\/\\\/paca.lpo.fr\\\/blogs\\\/nice\\\/files\\\/2024\\\/01\\\/cropped-rvb-lpo-paca-logotype-signature-droite-mini-500.jpg\",\"width\":500,\"height\":210,\"caption\":\"Groupe local Nice\"},\"image\":{\"@id\":\"https:\\\/\\\/paca.lpo.fr\\\/blogs\\\/nice\\\/#\\\/schema\\\/logo\\\/image\\\/\"}},{\"@type\":\"Person\",\"@id\":\"https:\\\/\\\/paca.lpo.fr\\\/blogs\\\/nice\\\/#\\\/schema\\\/person\\\/1bda33335fb71e0b3552487db26a4c56\",\"name\":\"Groupe local Paillon-B\u00e9v\u00e9ra\",\"image\":{\"@type\":\"ImageObject\",\"inLanguage\":\"fr-FR\",\"@id\":\"https:\\\/\\\/secure.gravatar.com\\\/avatar\\\/b1ee285506e2cb880ec988990d360e255aecb31c77212741dace1023623610c2?s=96&d=mm&r=g\",\"url\":\"https:\\\/\\\/secure.gravatar.com\\\/avatar\\\/b1ee285506e2cb880ec988990d360e255aecb31c77212741dace1023623610c2?s=96&d=mm&r=g\",\"contentUrl\":\"https:\\\/\\\/secure.gravatar.com\\\/avatar\\\/b1ee285506e2cb880ec988990d360e255aecb31c77212741dace1023623610c2?s=96&d=mm&r=g\",\"caption\":\"Groupe local Paillon-B\u00e9v\u00e9ra\"},\"url\":\"https:\\\/\\\/paca.lpo.fr\\\/blogs\\\/nice\\\/author\\\/alpesmaritimesest\\\/\"}]}<\/script>\n<!-- \/ Yoast SEO plugin. -->","yoast_head_json":{"title":"Sortie Journ\u00e9es Mondiales des Zones Humides le 8 f\u00e9vrier 2015 - Groupe local Nice","robots":{"index":"index","follow":"follow","max-snippet":"max-snippet:-1","max-image-preview":"max-image-preview:large","max-video-preview":"max-video-preview:-1"},"canonical":"https:\/\/paca.lpo.fr\/blogs\/nice\/2015\/02\/16\/sortie-journees-mondiales-des-zones-humides-le-8-fevrier-2015\/","og_locale":"fr_FR","og_type":"article","og_title":"Sortie Journ\u00e9es Mondiales des Zones Humides le 8 f\u00e9vrier 2015 - Groupe local Nice","og_description":"Etangs, lagunes, marais salants, mares, marais, ruisseaux, tourbi\u00e8res, vall\u00e9es alluviales, prairies inondables, \u2026 Les zones humides ont leur journ\u00e9e mondiale. Elle a lieu le 2 f\u00e9vrier, jour de l\u2019anniversaire de la convention sur les zones humides, connue sous le nom de \u00abConvention de Ramsar \u00bb, du nom de la ville d\u2019Iran o\u00f9 elle a \u00e9t\u00e9 [&hellip;]","og_url":"https:\/\/paca.lpo.fr\/blogs\/nice\/2015\/02\/16\/sortie-journees-mondiales-des-zones-humides-le-8-fevrier-2015\/","og_site_name":"Groupe local Nice","article_published_time":"2015-02-16T09:05:19+00:00","article_modified_time":"2015-02-16T09:06:11+00:00","og_image":[{"width":600,"height":400,"url":"https:\/\/paca.lpo.fr\/blogs\/nice\/files\/2015\/02\/IM6CA_-0613-oiseaux-etang-beteguier-Copie.jpg","type":"image\/jpeg"}],"author":"Groupe local Paillon-B\u00e9v\u00e9ra","twitter_card":"summary_large_image","twitter_misc":{"\u00c9crit par":"Groupe local Paillon-B\u00e9v\u00e9ra","Dur\u00e9e de lecture estim\u00e9e":"1 minute"},"schema":{"@context":"https:\/\/schema.org","@graph":[{"@type":"Article","@id":"https:\/\/paca.lpo.fr\/blogs\/nice\/2015\/02\/16\/sortie-journees-mondiales-des-zones-humides-le-8-fevrier-2015\/#article","isPartOf":{"@id":"https:\/\/paca.lpo.fr\/blogs\/nice\/2015\/02\/16\/sortie-journees-mondiales-des-zones-humides-le-8-fevrier-2015\/"},"author":{"name":"Groupe local Paillon-B\u00e9v\u00e9ra","@id":"https:\/\/paca.lpo.fr\/blogs\/nice\/#\/schema\/person\/1bda33335fb71e0b3552487db26a4c56"},"headline":"Sortie Journ\u00e9es Mondiales des Zones Humides le 8 f\u00e9vrier 2015","datePublished":"2015-02-16T09:05:19+00:00","dateModified":"2015-02-16T09:06:11+00:00","mainEntityOfPage":{"@id":"https:\/\/paca.lpo.fr\/blogs\/nice\/2015\/02\/16\/sortie-journees-mondiales-des-zones-humides-le-8-fevrier-2015\/"},"wordCount":204,"commentCount":0,"publisher":{"@id":"https:\/\/paca.lpo.fr\/blogs\/nice\/#organization"},"image":{"@id":"https:\/\/paca.lpo.fr\/blogs\/nice\/2015\/02\/16\/sortie-journees-mondiales-des-zones-humides-le-8-fevrier-2015\/#primaryimage"},"thumbnailUrl":"https:\/\/paca.lpo.fr\/blogs\/nice\/files\/2015\/02\/IM6CA_-0613-oiseaux-etang-beteguier-Copie.jpg","articleSection":["grands \u00e9v\u00e8nements"],"inLanguage":"fr-FR","potentialAction":[{"@type":"CommentAction","name":"Comment","target":["https:\/\/paca.lpo.fr\/blogs\/nice\/2015\/02\/16\/sortie-journees-mondiales-des-zones-humides-le-8-fevrier-2015\/#respond"]}]},{"@type":"WebPage","@id":"https:\/\/paca.lpo.fr\/blogs\/nice\/2015\/02\/16\/sortie-journees-mondiales-des-zones-humides-le-8-fevrier-2015\/","url":"https:\/\/paca.lpo.fr\/blogs\/nice\/2015\/02\/16\/sortie-journees-mondiales-des-zones-humides-le-8-fevrier-2015\/","name":"Sortie Journ\u00e9es Mondiales des Zones Humides le 8 f\u00e9vrier 2015 - Groupe local Nice","isPartOf":{"@id":"https:\/\/paca.lpo.fr\/blogs\/nice\/#website"},"primaryImageOfPage":{"@id":"https:\/\/paca.lpo.fr\/blogs\/nice\/2015\/02\/16\/sortie-journees-mondiales-des-zones-humides-le-8-fevrier-2015\/#primaryimage"},"image":{"@id":"https:\/\/paca.lpo.fr\/blogs\/nice\/2015\/02\/16\/sortie-journees-mondiales-des-zones-humides-le-8-fevrier-2015\/#primaryimage"},"thumbnailUrl":"https:\/\/paca.lpo.fr\/blogs\/nice\/files\/2015\/02\/IM6CA_-0613-oiseaux-etang-beteguier-Copie.jpg","datePublished":"2015-02-16T09:05:19+00:00","dateModified":"2015-02-16T09:06:11+00:00","breadcrumb":{"@id":"https:\/\/paca.lpo.fr\/blogs\/nice\/2015\/02\/16\/sortie-journees-mondiales-des-zones-humides-le-8-fevrier-2015\/#breadcrumb"},"inLanguage":"fr-FR","potentialAction":[{"@type":"ReadAction","target":["https:\/\/paca.lpo.fr\/blogs\/nice\/2015\/02\/16\/sortie-journees-mondiales-des-zones-humides-le-8-fevrier-2015\/"]}]},{"@type":"ImageObject","inLanguage":"fr-FR","@id":"https:\/\/paca.lpo.fr\/blogs\/nice\/2015\/02\/16\/sortie-journees-mondiales-des-zones-humides-le-8-fevrier-2015\/#primaryimage","url":"https:\/\/paca.lpo.fr\/blogs\/nice\/files\/2015\/02\/IM6CA_-0613-oiseaux-etang-beteguier-Copie.jpg","contentUrl":"https:\/\/paca.lpo.fr\/blogs\/nice\/files\/2015\/02\/IM6CA_-0613-oiseaux-etang-beteguier-Copie.jpg","width":600,"height":400},{"@type":"BreadcrumbList","@id":"https:\/\/paca.lpo.fr\/blogs\/nice\/2015\/02\/16\/sortie-journees-mondiales-des-zones-humides-le-8-fevrier-2015\/#breadcrumb","itemListElement":[{"@type":"ListItem","position":1,"name":"Accueil","item":"https:\/\/paca.lpo.fr\/blogs\/nice\/"},{"@type":"ListItem","position":2,"name":"Sortie Journ\u00e9es Mondiales des Zones Humides le 8 f\u00e9vrier 2015"}]},{"@type":"WebSite","@id":"https:\/\/paca.lpo.fr\/blogs\/nice\/#website","url":"https:\/\/paca.lpo.fr\/blogs\/nice\/","name":"Groupe local Nice","description":"Groupe local Nice","publisher":{"@id":"https:\/\/paca.lpo.fr\/blogs\/nice\/#organization"},"potentialAction":[{"@type":"SearchAction","target":{"@type":"EntryPoint","urlTemplate":"https:\/\/paca.lpo.fr\/blogs\/nice\/?s={search_term_string}"},"query-input":{"@type":"PropertyValueSpecification","valueRequired":true,"valueName":"search_term_string"}}],"inLanguage":"fr-FR"},{"@type":"Organization","@id":"https:\/\/paca.lpo.fr\/blogs\/nice\/#organization","name":"Groupe local Nice","url":"https:\/\/paca.lpo.fr\/blogs\/nice\/","logo":{"@type":"ImageObject","inLanguage":"fr-FR","@id":"https:\/\/paca.lpo.fr\/blogs\/nice\/#\/schema\/logo\/image\/","url":"https:\/\/paca.lpo.fr\/blogs\/nice\/files\/2024\/01\/cropped-rvb-lpo-paca-logotype-signature-droite-mini-500.jpg","contentUrl":"https:\/\/paca.lpo.fr\/blogs\/nice\/files\/2024\/01\/cropped-rvb-lpo-paca-logotype-signature-droite-mini-500.jpg","width":500,"height":210,"caption":"Groupe local Nice"},"image":{"@id":"https:\/\/paca.lpo.fr\/blogs\/nice\/#\/schema\/logo\/image\/"}},{"@type":"Person","@id":"https:\/\/paca.lpo.fr\/blogs\/nice\/#\/schema\/person\/1bda33335fb71e0b3552487db26a4c56","name":"Groupe local Paillon-B\u00e9v\u00e9ra","image":{"@type":"ImageObject","inLanguage":"fr-FR","@id":"https:\/\/secure.gravatar.com\/avatar\/b1ee285506e2cb880ec988990d360e255aecb31c77212741dace1023623610c2?s=96&d=mm&r=g","url":"https:\/\/secure.gravatar.com\/avatar\/b1ee285506e2cb880ec988990d360e255aecb31c77212741dace1023623610c2?s=96&d=mm&r=g","contentUrl":"https:\/\/secure.gravatar.com\/avatar\/b1ee285506e2cb880ec988990d360e255aecb31c77212741dace1023623610c2?s=96&d=mm&r=g","caption":"Groupe local Paillon-B\u00e9v\u00e9ra"},"url":"https:\/\/paca.lpo.fr\/blogs\/nice\/author\/alpesmaritimesest\/"}]}},"jetpack_featured_media_url":"https:\/\/paca.lpo.fr\/blogs\/nice\/files\/2015\/02\/IM6CA_-0613-oiseaux-etang-beteguier-Copie.jpg","_links":{"self":[{"href":"https:\/\/paca.lpo.fr\/blogs\/nice\/wp-json\/wp\/v2\/posts\/1214","targetHints":{"allow":["GET"]}}],"collection":[{"href":"https:\/\/paca.lpo.fr\/blogs\/nice\/wp-json\/wp\/v2\/posts"}],"about":[{"href":"https:\/\/paca.lpo.fr\/blogs\/nice\/wp-json\/wp\/v2\/types\/post"}],"author":[{"embeddable":true,"href":"https:\/\/paca.lpo.fr\/blogs\/nice\/wp-json\/wp\/v2\/users\/15"}],"replies":[{"embeddable":true,"href":"https:\/\/paca.lpo.fr\/blogs\/nice\/wp-json\/wp\/v2\/comments?post=1214"}],"version-history":[{"count":1,"href":"https:\/\/paca.lpo.fr\/blogs\/nice\/wp-json\/wp\/v2\/posts\/1214\/revisions"}],"predecessor-version":[{"id":1219,"href":"https:\/\/paca.lpo.fr\/blogs\/nice\/wp-json\/wp\/v2\/posts\/1214\/revisions\/1219"}],"wp:featuredmedia":[{"embeddable":true,"href":"https:\/\/paca.lpo.fr\/blogs\/nice\/wp-json\/wp\/v2\/media\/1216"}],"wp:attachment":[{"href":"https:\/\/paca.lpo.fr\/blogs\/nice\/wp-json\/wp\/v2\/media?parent=1214"}],"wp:term":[{"taxonomy":"category","embeddable":true,"href":"https:\/\/paca.lpo.fr\/blogs\/nice\/wp-json\/wp\/v2\/categories?post=1214"},{"taxonomy":"post_tag","embeddable":true,"href":"https:\/\/paca.lpo.fr\/blogs\/nice\/wp-json\/wp\/v2\/tags?post=1214"}],"curies":[{"name":"wp","href":"https:\/\/api.w.org\/{rel}","templated":true}]}}