{"id":1228,"date":"2015-04-08T08:46:17","date_gmt":"2015-04-08T07:46:17","guid":{"rendered":"https:\/\/paca.lpo.fr\/blogs\/nice\/?p=1228"},"modified":"2015-04-08T08:46:17","modified_gmt":"2015-04-08T07:46:17","slug":"nuit-de-la-chouette-a-lastrorama-de-la-trinite","status":"publish","type":"post","link":"https:\/\/paca.lpo.fr\/blogs\/nice\/2015\/04\/08\/nuit-de-la-chouette-a-lastrorama-de-la-trinite\/","title":{"rendered":"Nuit de la Chouette \u00e0 l&rsquo;Astrorama de La Trinit\u00e9"},"content":{"rendered":"<p>Samedi 4 avril 2015 50 personnes ont particip\u00e9 \u00e0 la\u00a0Nuit de la Chouette\u00a0dans le\u00a0Parc D\u00e9partemental de la Grande Corniche. La soir\u00e9e\u00a0a commenc\u00e9 avec la d\u00e9couverte de l&rsquo;expo \u00ab\u00a0Plumes de Nuit\u00a0\u00bb puis un diaporama.<\/p>\n<p><a href=\"https:\/\/paca.lpo.fr\/blogs\/nice\/files\/2015\/04\/2015-04-04NDCblog-4.jpg\"><img loading=\"lazy\" decoding=\"async\" class=\"alignnone size-medium wp-image-1229\" src=\"https:\/\/paca.lpo.fr\/blogs\/nice\/files\/2015\/04\/2015-04-04NDCblog-4-480x317.jpg\" alt=\"2015-04-04NDCblog (4)\" width=\"480\" height=\"317\" srcset=\"https:\/\/paca.lpo.fr\/blogs\/nice\/files\/2015\/04\/2015-04-04NDCblog-4-480x317.jpg 480w, https:\/\/paca.lpo.fr\/blogs\/nice\/files\/2015\/04\/2015-04-04NDCblog-4.jpg 585w\" sizes=\"auto, (max-width: 480px) 100vw, 480px\" \/><\/a><\/p>\n<p>La pluie s&rsquo;est arr\u00eat\u00e9e le temps d&rsquo;une balade dans le parc, tr\u00e8s agr\u00e9able m\u00eame si les rapaces nocturnes ne se sont pas faits entendre.<\/p>\n<p><a href=\"https:\/\/paca.lpo.fr\/blogs\/nice\/files\/2015\/04\/2015-04-04NDCblog-13.jpg\"><img loading=\"lazy\" decoding=\"async\" class=\"alignnone size-medium wp-image-1230\" src=\"https:\/\/paca.lpo.fr\/blogs\/nice\/files\/2015\/04\/2015-04-04NDCblog-13-434x480.jpg\" alt=\"2015-04-04NDCblog (13)\" width=\"434\" height=\"480\" srcset=\"https:\/\/paca.lpo.fr\/blogs\/nice\/files\/2015\/04\/2015-04-04NDCblog-13-434x480.jpg 434w, https:\/\/paca.lpo.fr\/blogs\/nice\/files\/2015\/04\/2015-04-04NDCblog-13.jpg 593w\" sizes=\"auto, (max-width: 434px) 100vw, 434px\" \/><\/a><\/p>\n<p>Nos naturalistes, Fred et St\u00e9phanie ont int\u00e9ress\u00e9 le public avec des informations sur la\u00a0faune nocturne, les insectes, la flore du parc et l&rsquo;histoire du Fort de la Rev\u00e8re.<\/p>\n<p><a href=\"https:\/\/paca.lpo.fr\/blogs\/nice\/files\/2015\/04\/2015-04-04NDCblog-20.jpg\"><img loading=\"lazy\" decoding=\"async\" class=\"alignnone size-medium wp-image-1231\" src=\"https:\/\/paca.lpo.fr\/blogs\/nice\/files\/2015\/04\/2015-04-04NDCblog-20-480x353.jpg\" alt=\"2015-04-04NDCblog (20)\" width=\"480\" height=\"353\" srcset=\"https:\/\/paca.lpo.fr\/blogs\/nice\/files\/2015\/04\/2015-04-04NDCblog-20-480x353.jpg 480w, https:\/\/paca.lpo.fr\/blogs\/nice\/files\/2015\/04\/2015-04-04NDCblog-20.jpg 599w\" sizes=\"auto, (max-width: 480px) 100vw, 480px\" \/><\/a><\/p>\n<p><a href=\"https:\/\/paca.lpo.fr\/blogs\/nice\/files\/2015\/04\/2015-04-04NDCblog-27.jpg\"><img loading=\"lazy\" decoding=\"async\" class=\"alignnone size-medium wp-image-1234\" src=\"https:\/\/paca.lpo.fr\/blogs\/nice\/files\/2015\/04\/2015-04-04NDCblog-27-480x358.jpg\" alt=\"2015-04-04NDCblog (27)\" width=\"480\" height=\"358\" srcset=\"https:\/\/paca.lpo.fr\/blogs\/nice\/files\/2015\/04\/2015-04-04NDCblog-27-480x358.jpg 480w, https:\/\/paca.lpo.fr\/blogs\/nice\/files\/2015\/04\/2015-04-04NDCblog-27.jpg 592w\" sizes=\"auto, (max-width: 480px) 100vw, 480px\" \/><\/a><\/p>\n<p>Le pique-nique sous les \u00e9toiles s&rsquo;est transform\u00e9 en repas \u00e0 l&rsquo;int\u00e9rieur<\/p>\n<p><a href=\"https:\/\/paca.lpo.fr\/blogs\/nice\/files\/2015\/04\/2015-04-04NDCblog-36.jpg\"><img loading=\"lazy\" decoding=\"async\" class=\"alignnone size-medium wp-image-1235\" src=\"https:\/\/paca.lpo.fr\/blogs\/nice\/files\/2015\/04\/2015-04-04NDCblog-36-480x357.jpg\" alt=\"2015-04-04NDCblog (36)\" width=\"480\" height=\"357\" srcset=\"https:\/\/paca.lpo.fr\/blogs\/nice\/files\/2015\/04\/2015-04-04NDCblog-36-480x357.jpg 480w, https:\/\/paca.lpo.fr\/blogs\/nice\/files\/2015\/04\/2015-04-04NDCblog-36.jpg 589w\" sizes=\"auto, (max-width: 480px) 100vw, 480px\" \/><\/a><\/p>\n<p>Atelier pelotes de r\u00e9jection pour les enfants et les adultes, coloriages d&rsquo;images de hiboux et\u00a0jeux pour les plus petits.<\/p>\n<p><a href=\"https:\/\/paca.lpo.fr\/blogs\/nice\/files\/2015\/04\/2015-04-04NDCblog-39.jpg\"><img loading=\"lazy\" decoding=\"async\" class=\"alignnone size-medium wp-image-1236\" src=\"https:\/\/paca.lpo.fr\/blogs\/nice\/files\/2015\/04\/2015-04-04NDCblog-39-480x361.jpg\" alt=\"2015-04-04NDCblog (39)\" width=\"480\" height=\"361\" srcset=\"https:\/\/paca.lpo.fr\/blogs\/nice\/files\/2015\/04\/2015-04-04NDCblog-39-480x361.jpg 480w, https:\/\/paca.lpo.fr\/blogs\/nice\/files\/2015\/04\/2015-04-04NDCblog-39.jpg 590w\" sizes=\"auto, (max-width: 480px) 100vw, 480px\" \/><\/a>  <a href=\"https:\/\/paca.lpo.fr\/blogs\/nice\/files\/2015\/04\/2015-04-04NDCblog33.jpg\"><img loading=\"lazy\" decoding=\"async\" class=\"alignnone size-medium wp-image-1238\" src=\"https:\/\/paca.lpo.fr\/blogs\/nice\/files\/2015\/04\/2015-04-04NDCblog33-480x360.jpg\" alt=\"2015-04-04NDCblog(33)\" width=\"480\" height=\"360\" srcset=\"https:\/\/paca.lpo.fr\/blogs\/nice\/files\/2015\/04\/2015-04-04NDCblog33-480x360.jpg 480w, https:\/\/paca.lpo.fr\/blogs\/nice\/files\/2015\/04\/2015-04-04NDCblog33.jpg 580w\" sizes=\"auto, (max-width: 480px) 100vw, 480px\" \/><\/a><\/p>\n<p>Florent Bailleul de l&rsquo;Association Nationale pour la Protection du Ciel et de l&rsquo;Environnement Nocturnes (ANPCEN) et\u00a0Vice Pr\u00e9sident de PARSEC-Astrorama\u00a0nous a fait le plaisir de participer \u00e0 la soir\u00e9e. Il a sensibilis\u00e9 un public tr\u00e8s attentif sur la pollution nocturne \u00e0 l&rsquo;aide de 6 roll up avec vue panoramique de la ville de Nice pour illustrer le probl\u00e8me.<\/p>\n<p><a href=\"https:\/\/paca.lpo.fr\/blogs\/nice\/files\/2015\/04\/2015-04-04NDCblog-48.jpg\"><img loading=\"lazy\" decoding=\"async\" class=\"alignnone size-medium wp-image-1237\" src=\"https:\/\/paca.lpo.fr\/blogs\/nice\/files\/2015\/04\/2015-04-04NDCblog-48-480x357.jpg\" alt=\"2015-04-04NDCblog (48)\" width=\"480\" height=\"357\" srcset=\"https:\/\/paca.lpo.fr\/blogs\/nice\/files\/2015\/04\/2015-04-04NDCblog-48-480x357.jpg 480w, https:\/\/paca.lpo.fr\/blogs\/nice\/files\/2015\/04\/2015-04-04NDCblog-48.jpg 586w\" sizes=\"auto, (max-width: 480px) 100vw, 480px\" \/><\/a><\/p>\n","protected":false},"excerpt":{"rendered":"<p>Samedi 4 avril 2015 50 personnes ont particip\u00e9 \u00e0 la\u00a0Nuit de la Chouette\u00a0dans le\u00a0Parc D\u00e9partemental de la Grande Corniche. La soir\u00e9e\u00a0a commenc\u00e9 avec la d\u00e9couverte de l&rsquo;expo \u00ab\u00a0Plumes de Nuit\u00a0\u00bb puis un diaporama. La pluie s&rsquo;est arr\u00eat\u00e9e le temps d&rsquo;une balade dans le parc, tr\u00e8s agr\u00e9able m\u00eame si les rapaces nocturnes ne se sont pas [&hellip;]<\/p>\n","protected":false},"author":15,"featured_media":0,"comment_status":"open","ping_status":"open","sticky":false,"template":"","format":"standard","meta":{"footnotes":""},"categories":[1],"tags":[],"class_list":["post-1228","post","type-post","status-publish","format-standard","hentry","category-sorties-nature"],"yoast_head":"<!-- This site is optimized with the Yoast SEO plugin v28.3 - https:\/\/yoast.com\/product\/yoast-seo-wordpress\/ -->\n<title>Nuit de la Chouette \u00e0 l&#039;Astrorama de La Trinit\u00e9 - Groupe local Nice<\/title>\n<meta name=\"robots\" content=\"index, follow, max-snippet:-1, max-image-preview:large, max-video-preview:-1\" \/>\n<link rel=\"canonical\" href=\"https:\/\/paca.lpo.fr\/blogs\/nice\/2015\/04\/08\/nuit-de-la-chouette-a-lastrorama-de-la-trinite\/\" \/>\n<meta property=\"og:locale\" content=\"fr_FR\" \/>\n<meta property=\"og:type\" content=\"article\" \/>\n<meta property=\"og:title\" content=\"Nuit de la Chouette \u00e0 l&#039;Astrorama de La Trinit\u00e9 - Groupe local Nice\" \/>\n<meta property=\"og:description\" content=\"Samedi 4 avril 2015 50 personnes ont particip\u00e9 \u00e0 la\u00a0Nuit de la Chouette\u00a0dans le\u00a0Parc D\u00e9partemental de la Grande Corniche. La soir\u00e9e\u00a0a commenc\u00e9 avec la d\u00e9couverte de l&rsquo;expo \u00ab\u00a0Plumes de Nuit\u00a0\u00bb puis un diaporama. La pluie s&rsquo;est arr\u00eat\u00e9e le temps d&rsquo;une balade dans le parc, tr\u00e8s agr\u00e9able m\u00eame si les rapaces nocturnes ne se sont pas [&hellip;]\" \/>\n<meta property=\"og:url\" content=\"https:\/\/paca.lpo.fr\/blogs\/nice\/2015\/04\/08\/nuit-de-la-chouette-a-lastrorama-de-la-trinite\/\" \/>\n<meta property=\"og:site_name\" content=\"Groupe local Nice\" \/>\n<meta property=\"article:published_time\" content=\"2015-04-08T07:46:17+00:00\" \/>\n<meta property=\"og:image\" content=\"https:\/\/paca.lpo.fr\/blogs\/nice\/files\/2015\/04\/2015-04-04NDCblog-4-480x317.jpg\" \/>\n<meta name=\"author\" content=\"Groupe local Paillon-B\u00e9v\u00e9ra\" \/>\n<meta name=\"twitter:card\" content=\"summary_large_image\" \/>\n<meta name=\"twitter:label1\" content=\"\u00c9crit par\" \/>\n\t<meta name=\"twitter:data1\" content=\"Groupe local Paillon-B\u00e9v\u00e9ra\" \/>\n\t<meta name=\"twitter:label2\" content=\"Dur\u00e9e de lecture estim\u00e9e\" \/>\n\t<meta name=\"twitter:data2\" content=\"1 minute\" \/>\n<script type=\"application\/ld+json\" class=\"yoast-schema-graph\">{\"@context\":\"https:\\\/\\\/schema.org\",\"@graph\":[{\"@type\":\"Article\",\"@id\":\"https:\\\/\\\/paca.lpo.fr\\\/blogs\\\/nice\\\/2015\\\/04\\\/08\\\/nuit-de-la-chouette-a-lastrorama-de-la-trinite\\\/#article\",\"isPartOf\":{\"@id\":\"https:\\\/\\\/paca.lpo.fr\\\/blogs\\\/nice\\\/2015\\\/04\\\/08\\\/nuit-de-la-chouette-a-lastrorama-de-la-trinite\\\/\"},\"author\":{\"name\":\"Groupe local Paillon-B\u00e9v\u00e9ra\",\"@id\":\"https:\\\/\\\/paca.lpo.fr\\\/blogs\\\/nice\\\/#\\\/schema\\\/person\\\/1bda33335fb71e0b3552487db26a4c56\"},\"headline\":\"Nuit de la Chouette \u00e0 l&rsquo;Astrorama de La Trinit\u00e9\",\"datePublished\":\"2015-04-08T07:46:17+00:00\",\"mainEntityOfPage\":{\"@id\":\"https:\\\/\\\/paca.lpo.fr\\\/blogs\\\/nice\\\/2015\\\/04\\\/08\\\/nuit-de-la-chouette-a-lastrorama-de-la-trinite\\\/\"},\"wordCount\":208,\"commentCount\":0,\"publisher\":{\"@id\":\"https:\\\/\\\/paca.lpo.fr\\\/blogs\\\/nice\\\/#organization\"},\"image\":{\"@id\":\"https:\\\/\\\/paca.lpo.fr\\\/blogs\\\/nice\\\/2015\\\/04\\\/08\\\/nuit-de-la-chouette-a-lastrorama-de-la-trinite\\\/#primaryimage\"},\"thumbnailUrl\":\"https:\\\/\\\/paca.lpo.fr\\\/blogs\\\/nice\\\/files\\\/2015\\\/04\\\/2015-04-04NDCblog-4-480x317.jpg\",\"articleSection\":[\"grands \u00e9v\u00e8nements\"],\"inLanguage\":\"fr-FR\",\"potentialAction\":[{\"@type\":\"CommentAction\",\"name\":\"Comment\",\"target\":[\"https:\\\/\\\/paca.lpo.fr\\\/blogs\\\/nice\\\/2015\\\/04\\\/08\\\/nuit-de-la-chouette-a-lastrorama-de-la-trinite\\\/#respond\"]}]},{\"@type\":\"WebPage\",\"@id\":\"https:\\\/\\\/paca.lpo.fr\\\/blogs\\\/nice\\\/2015\\\/04\\\/08\\\/nuit-de-la-chouette-a-lastrorama-de-la-trinite\\\/\",\"url\":\"https:\\\/\\\/paca.lpo.fr\\\/blogs\\\/nice\\\/2015\\\/04\\\/08\\\/nuit-de-la-chouette-a-lastrorama-de-la-trinite\\\/\",\"name\":\"Nuit de la Chouette \u00e0 l'Astrorama de La Trinit\u00e9 - Groupe local Nice\",\"isPartOf\":{\"@id\":\"https:\\\/\\\/paca.lpo.fr\\\/blogs\\\/nice\\\/#website\"},\"primaryImageOfPage\":{\"@id\":\"https:\\\/\\\/paca.lpo.fr\\\/blogs\\\/nice\\\/2015\\\/04\\\/08\\\/nuit-de-la-chouette-a-lastrorama-de-la-trinite\\\/#primaryimage\"},\"image\":{\"@id\":\"https:\\\/\\\/paca.lpo.fr\\\/blogs\\\/nice\\\/2015\\\/04\\\/08\\\/nuit-de-la-chouette-a-lastrorama-de-la-trinite\\\/#primaryimage\"},\"thumbnailUrl\":\"https:\\\/\\\/paca.lpo.fr\\\/blogs\\\/nice\\\/files\\\/2015\\\/04\\\/2015-04-04NDCblog-4-480x317.jpg\",\"datePublished\":\"2015-04-08T07:46:17+00:00\",\"breadcrumb\":{\"@id\":\"https:\\\/\\\/paca.lpo.fr\\\/blogs\\\/nice\\\/2015\\\/04\\\/08\\\/nuit-de-la-chouette-a-lastrorama-de-la-trinite\\\/#breadcrumb\"},\"inLanguage\":\"fr-FR\",\"potentialAction\":[{\"@type\":\"ReadAction\",\"target\":[\"https:\\\/\\\/paca.lpo.fr\\\/blogs\\\/nice\\\/2015\\\/04\\\/08\\\/nuit-de-la-chouette-a-lastrorama-de-la-trinite\\\/\"]}]},{\"@type\":\"ImageObject\",\"inLanguage\":\"fr-FR\",\"@id\":\"https:\\\/\\\/paca.lpo.fr\\\/blogs\\\/nice\\\/2015\\\/04\\\/08\\\/nuit-de-la-chouette-a-lastrorama-de-la-trinite\\\/#primaryimage\",\"url\":\"https:\\\/\\\/paca.lpo.fr\\\/blogs\\\/nice\\\/files\\\/2015\\\/04\\\/2015-04-04NDCblog-4.jpg\",\"contentUrl\":\"https:\\\/\\\/paca.lpo.fr\\\/blogs\\\/nice\\\/files\\\/2015\\\/04\\\/2015-04-04NDCblog-4.jpg\",\"width\":585,\"height\":386},{\"@type\":\"BreadcrumbList\",\"@id\":\"https:\\\/\\\/paca.lpo.fr\\\/blogs\\\/nice\\\/2015\\\/04\\\/08\\\/nuit-de-la-chouette-a-lastrorama-de-la-trinite\\\/#breadcrumb\",\"itemListElement\":[{\"@type\":\"ListItem\",\"position\":1,\"name\":\"Accueil\",\"item\":\"https:\\\/\\\/paca.lpo.fr\\\/blogs\\\/nice\\\/\"},{\"@type\":\"ListItem\",\"position\":2,\"name\":\"Nuit de la Chouette \u00e0 l&rsquo;Astrorama de La Trinit\u00e9\"}]},{\"@type\":\"WebSite\",\"@id\":\"https:\\\/\\\/paca.lpo.fr\\\/blogs\\\/nice\\\/#website\",\"url\":\"https:\\\/\\\/paca.lpo.fr\\\/blogs\\\/nice\\\/\",\"name\":\"Groupe local Nice\",\"description\":\"Groupe local Nice\",\"publisher\":{\"@id\":\"https:\\\/\\\/paca.lpo.fr\\\/blogs\\\/nice\\\/#organization\"},\"potentialAction\":[{\"@type\":\"SearchAction\",\"target\":{\"@type\":\"EntryPoint\",\"urlTemplate\":\"https:\\\/\\\/paca.lpo.fr\\\/blogs\\\/nice\\\/?s={search_term_string}\"},\"query-input\":{\"@type\":\"PropertyValueSpecification\",\"valueRequired\":true,\"valueName\":\"search_term_string\"}}],\"inLanguage\":\"fr-FR\"},{\"@type\":\"Organization\",\"@id\":\"https:\\\/\\\/paca.lpo.fr\\\/blogs\\\/nice\\\/#organization\",\"name\":\"Groupe local Nice\",\"url\":\"https:\\\/\\\/paca.lpo.fr\\\/blogs\\\/nice\\\/\",\"logo\":{\"@type\":\"ImageObject\",\"inLanguage\":\"fr-FR\",\"@id\":\"https:\\\/\\\/paca.lpo.fr\\\/blogs\\\/nice\\\/#\\\/schema\\\/logo\\\/image\\\/\",\"url\":\"https:\\\/\\\/paca.lpo.fr\\\/blogs\\\/nice\\\/files\\\/2024\\\/01\\\/cropped-rvb-lpo-paca-logotype-signature-droite-mini-500.jpg\",\"contentUrl\":\"https:\\\/\\\/paca.lpo.fr\\\/blogs\\\/nice\\\/files\\\/2024\\\/01\\\/cropped-rvb-lpo-paca-logotype-signature-droite-mini-500.jpg\",\"width\":500,\"height\":210,\"caption\":\"Groupe local Nice\"},\"image\":{\"@id\":\"https:\\\/\\\/paca.lpo.fr\\\/blogs\\\/nice\\\/#\\\/schema\\\/logo\\\/image\\\/\"}},{\"@type\":\"Person\",\"@id\":\"https:\\\/\\\/paca.lpo.fr\\\/blogs\\\/nice\\\/#\\\/schema\\\/person\\\/1bda33335fb71e0b3552487db26a4c56\",\"name\":\"Groupe local Paillon-B\u00e9v\u00e9ra\",\"image\":{\"@type\":\"ImageObject\",\"inLanguage\":\"fr-FR\",\"@id\":\"https:\\\/\\\/secure.gravatar.com\\\/avatar\\\/b1ee285506e2cb880ec988990d360e255aecb31c77212741dace1023623610c2?s=96&d=mm&r=g\",\"url\":\"https:\\\/\\\/secure.gravatar.com\\\/avatar\\\/b1ee285506e2cb880ec988990d360e255aecb31c77212741dace1023623610c2?s=96&d=mm&r=g\",\"contentUrl\":\"https:\\\/\\\/secure.gravatar.com\\\/avatar\\\/b1ee285506e2cb880ec988990d360e255aecb31c77212741dace1023623610c2?s=96&d=mm&r=g\",\"caption\":\"Groupe local Paillon-B\u00e9v\u00e9ra\"},\"url\":\"https:\\\/\\\/paca.lpo.fr\\\/blogs\\\/nice\\\/author\\\/alpesmaritimesest\\\/\"}]}<\/script>\n<!-- \/ Yoast SEO plugin. -->","yoast_head_json":{"title":"Nuit de la Chouette \u00e0 l'Astrorama de La Trinit\u00e9 - Groupe local Nice","robots":{"index":"index","follow":"follow","max-snippet":"max-snippet:-1","max-image-preview":"max-image-preview:large","max-video-preview":"max-video-preview:-1"},"canonical":"https:\/\/paca.lpo.fr\/blogs\/nice\/2015\/04\/08\/nuit-de-la-chouette-a-lastrorama-de-la-trinite\/","og_locale":"fr_FR","og_type":"article","og_title":"Nuit de la Chouette \u00e0 l'Astrorama de La Trinit\u00e9 - Groupe local Nice","og_description":"Samedi 4 avril 2015 50 personnes ont particip\u00e9 \u00e0 la\u00a0Nuit de la Chouette\u00a0dans le\u00a0Parc D\u00e9partemental de la Grande Corniche. La soir\u00e9e\u00a0a commenc\u00e9 avec la d\u00e9couverte de l&rsquo;expo \u00ab\u00a0Plumes de Nuit\u00a0\u00bb puis un diaporama. La pluie s&rsquo;est arr\u00eat\u00e9e le temps d&rsquo;une balade dans le parc, tr\u00e8s agr\u00e9able m\u00eame si les rapaces nocturnes ne se sont pas [&hellip;]","og_url":"https:\/\/paca.lpo.fr\/blogs\/nice\/2015\/04\/08\/nuit-de-la-chouette-a-lastrorama-de-la-trinite\/","og_site_name":"Groupe local Nice","article_published_time":"2015-04-08T07:46:17+00:00","og_image":[{"url":"https:\/\/paca.lpo.fr\/blogs\/nice\/files\/2015\/04\/2015-04-04NDCblog-4-480x317.jpg","type":"","width":"","height":""}],"author":"Groupe local Paillon-B\u00e9v\u00e9ra","twitter_card":"summary_large_image","twitter_misc":{"\u00c9crit par":"Groupe local Paillon-B\u00e9v\u00e9ra","Dur\u00e9e de lecture estim\u00e9e":"1 minute"},"schema":{"@context":"https:\/\/schema.org","@graph":[{"@type":"Article","@id":"https:\/\/paca.lpo.fr\/blogs\/nice\/2015\/04\/08\/nuit-de-la-chouette-a-lastrorama-de-la-trinite\/#article","isPartOf":{"@id":"https:\/\/paca.lpo.fr\/blogs\/nice\/2015\/04\/08\/nuit-de-la-chouette-a-lastrorama-de-la-trinite\/"},"author":{"name":"Groupe local Paillon-B\u00e9v\u00e9ra","@id":"https:\/\/paca.lpo.fr\/blogs\/nice\/#\/schema\/person\/1bda33335fb71e0b3552487db26a4c56"},"headline":"Nuit de la Chouette \u00e0 l&rsquo;Astrorama de La Trinit\u00e9","datePublished":"2015-04-08T07:46:17+00:00","mainEntityOfPage":{"@id":"https:\/\/paca.lpo.fr\/blogs\/nice\/2015\/04\/08\/nuit-de-la-chouette-a-lastrorama-de-la-trinite\/"},"wordCount":208,"commentCount":0,"publisher":{"@id":"https:\/\/paca.lpo.fr\/blogs\/nice\/#organization"},"image":{"@id":"https:\/\/paca.lpo.fr\/blogs\/nice\/2015\/04\/08\/nuit-de-la-chouette-a-lastrorama-de-la-trinite\/#primaryimage"},"thumbnailUrl":"https:\/\/paca.lpo.fr\/blogs\/nice\/files\/2015\/04\/2015-04-04NDCblog-4-480x317.jpg","articleSection":["grands \u00e9v\u00e8nements"],"inLanguage":"fr-FR","potentialAction":[{"@type":"CommentAction","name":"Comment","target":["https:\/\/paca.lpo.fr\/blogs\/nice\/2015\/04\/08\/nuit-de-la-chouette-a-lastrorama-de-la-trinite\/#respond"]}]},{"@type":"WebPage","@id":"https:\/\/paca.lpo.fr\/blogs\/nice\/2015\/04\/08\/nuit-de-la-chouette-a-lastrorama-de-la-trinite\/","url":"https:\/\/paca.lpo.fr\/blogs\/nice\/2015\/04\/08\/nuit-de-la-chouette-a-lastrorama-de-la-trinite\/","name":"Nuit de la Chouette \u00e0 l'Astrorama de La Trinit\u00e9 - Groupe local Nice","isPartOf":{"@id":"https:\/\/paca.lpo.fr\/blogs\/nice\/#website"},"primaryImageOfPage":{"@id":"https:\/\/paca.lpo.fr\/blogs\/nice\/2015\/04\/08\/nuit-de-la-chouette-a-lastrorama-de-la-trinite\/#primaryimage"},"image":{"@id":"https:\/\/paca.lpo.fr\/blogs\/nice\/2015\/04\/08\/nuit-de-la-chouette-a-lastrorama-de-la-trinite\/#primaryimage"},"thumbnailUrl":"https:\/\/paca.lpo.fr\/blogs\/nice\/files\/2015\/04\/2015-04-04NDCblog-4-480x317.jpg","datePublished":"2015-04-08T07:46:17+00:00","breadcrumb":{"@id":"https:\/\/paca.lpo.fr\/blogs\/nice\/2015\/04\/08\/nuit-de-la-chouette-a-lastrorama-de-la-trinite\/#breadcrumb"},"inLanguage":"fr-FR","potentialAction":[{"@type":"ReadAction","target":["https:\/\/paca.lpo.fr\/blogs\/nice\/2015\/04\/08\/nuit-de-la-chouette-a-lastrorama-de-la-trinite\/"]}]},{"@type":"ImageObject","inLanguage":"fr-FR","@id":"https:\/\/paca.lpo.fr\/blogs\/nice\/2015\/04\/08\/nuit-de-la-chouette-a-lastrorama-de-la-trinite\/#primaryimage","url":"https:\/\/paca.lpo.fr\/blogs\/nice\/files\/2015\/04\/2015-04-04NDCblog-4.jpg","contentUrl":"https:\/\/paca.lpo.fr\/blogs\/nice\/files\/2015\/04\/2015-04-04NDCblog-4.jpg","width":585,"height":386},{"@type":"BreadcrumbList","@id":"https:\/\/paca.lpo.fr\/blogs\/nice\/2015\/04\/08\/nuit-de-la-chouette-a-lastrorama-de-la-trinite\/#breadcrumb","itemListElement":[{"@type":"ListItem","position":1,"name":"Accueil","item":"https:\/\/paca.lpo.fr\/blogs\/nice\/"},{"@type":"ListItem","position":2,"name":"Nuit de la Chouette \u00e0 l&rsquo;Astrorama de La Trinit\u00e9"}]},{"@type":"WebSite","@id":"https:\/\/paca.lpo.fr\/blogs\/nice\/#website","url":"https:\/\/paca.lpo.fr\/blogs\/nice\/","name":"Groupe local Nice","description":"Groupe local Nice","publisher":{"@id":"https:\/\/paca.lpo.fr\/blogs\/nice\/#organization"},"potentialAction":[{"@type":"SearchAction","target":{"@type":"EntryPoint","urlTemplate":"https:\/\/paca.lpo.fr\/blogs\/nice\/?s={search_term_string}"},"query-input":{"@type":"PropertyValueSpecification","valueRequired":true,"valueName":"search_term_string"}}],"inLanguage":"fr-FR"},{"@type":"Organization","@id":"https:\/\/paca.lpo.fr\/blogs\/nice\/#organization","name":"Groupe local Nice","url":"https:\/\/paca.lpo.fr\/blogs\/nice\/","logo":{"@type":"ImageObject","inLanguage":"fr-FR","@id":"https:\/\/paca.lpo.fr\/blogs\/nice\/#\/schema\/logo\/image\/","url":"https:\/\/paca.lpo.fr\/blogs\/nice\/files\/2024\/01\/cropped-rvb-lpo-paca-logotype-signature-droite-mini-500.jpg","contentUrl":"https:\/\/paca.lpo.fr\/blogs\/nice\/files\/2024\/01\/cropped-rvb-lpo-paca-logotype-signature-droite-mini-500.jpg","width":500,"height":210,"caption":"Groupe local Nice"},"image":{"@id":"https:\/\/paca.lpo.fr\/blogs\/nice\/#\/schema\/logo\/image\/"}},{"@type":"Person","@id":"https:\/\/paca.lpo.fr\/blogs\/nice\/#\/schema\/person\/1bda33335fb71e0b3552487db26a4c56","name":"Groupe local Paillon-B\u00e9v\u00e9ra","image":{"@type":"ImageObject","inLanguage":"fr-FR","@id":"https:\/\/secure.gravatar.com\/avatar\/b1ee285506e2cb880ec988990d360e255aecb31c77212741dace1023623610c2?s=96&d=mm&r=g","url":"https:\/\/secure.gravatar.com\/avatar\/b1ee285506e2cb880ec988990d360e255aecb31c77212741dace1023623610c2?s=96&d=mm&r=g","contentUrl":"https:\/\/secure.gravatar.com\/avatar\/b1ee285506e2cb880ec988990d360e255aecb31c77212741dace1023623610c2?s=96&d=mm&r=g","caption":"Groupe local Paillon-B\u00e9v\u00e9ra"},"url":"https:\/\/paca.lpo.fr\/blogs\/nice\/author\/alpesmaritimesest\/"}]}},"jetpack_featured_media_url":"","_links":{"self":[{"href":"https:\/\/paca.lpo.fr\/blogs\/nice\/wp-json\/wp\/v2\/posts\/1228","targetHints":{"allow":["GET"]}}],"collection":[{"href":"https:\/\/paca.lpo.fr\/blogs\/nice\/wp-json\/wp\/v2\/posts"}],"about":[{"href":"https:\/\/paca.lpo.fr\/blogs\/nice\/wp-json\/wp\/v2\/types\/post"}],"author":[{"embeddable":true,"href":"https:\/\/paca.lpo.fr\/blogs\/nice\/wp-json\/wp\/v2\/users\/15"}],"replies":[{"embeddable":true,"href":"https:\/\/paca.lpo.fr\/blogs\/nice\/wp-json\/wp\/v2\/comments?post=1228"}],"version-history":[{"count":1,"href":"https:\/\/paca.lpo.fr\/blogs\/nice\/wp-json\/wp\/v2\/posts\/1228\/revisions"}],"predecessor-version":[{"id":1240,"href":"https:\/\/paca.lpo.fr\/blogs\/nice\/wp-json\/wp\/v2\/posts\/1228\/revisions\/1240"}],"wp:attachment":[{"href":"https:\/\/paca.lpo.fr\/blogs\/nice\/wp-json\/wp\/v2\/media?parent=1228"}],"wp:term":[{"taxonomy":"category","embeddable":true,"href":"https:\/\/paca.lpo.fr\/blogs\/nice\/wp-json\/wp\/v2\/categories?post=1228"},{"taxonomy":"post_tag","embeddable":true,"href":"https:\/\/paca.lpo.fr\/blogs\/nice\/wp-json\/wp\/v2\/tags?post=1228"}],"curies":[{"name":"wp","href":"https:\/\/api.w.org\/{rel}","templated":true}]}}