{"id":1245,"date":"2015-04-20T08:32:18","date_gmt":"2015-04-20T07:32:18","guid":{"rendered":"https:\/\/paca.lpo.fr\/blogs\/nice\/?p=1245"},"modified":"2015-04-20T08:45:36","modified_gmt":"2015-04-20T07:45:36","slug":"conference-biodiversite-de-la-nouvelle-zelande","status":"publish","type":"post","link":"https:\/\/paca.lpo.fr\/blogs\/nice\/2015\/04\/20\/conference-biodiversite-de-la-nouvelle-zelande\/","title":{"rendered":"Conf\u00e9rence biodiversit\u00e9 de la Nouvelle Z\u00e9lande"},"content":{"rendered":"<p><span style=\"color: #000000;font-family: Calibri;font-size: medium\">Un public tr\u00e8s int\u00e9ress\u00e9 \u00e0 la Maison de l&rsquo;Environnement de Nice le 5 d\u00e9cembre 2014 et le 10 avril 2015 pour cette conf\u00e9rence et deux parties.<\/span><span style=\"color: #000000;font-family: Calibri;font-size: medium\">Un grand merci \u00e0 Jean-Fran\u00e7ois Normand pour son diaporama sur la faune et la flore du \u00ab\u00a0pays au long nuage blanc\u00a0\u00bb. <\/span><\/p>\n<p><a href=\"https:\/\/paca.lpo.fr\/blogs\/nice\/files\/2015\/04\/2015-04-10conf\u00e9renceNZ.jpg\"><img loading=\"lazy\" decoding=\"async\" class=\"alignnone size-medium wp-image-1246\" src=\"https:\/\/paca.lpo.fr\/blogs\/nice\/files\/2015\/04\/2015-04-10conf\u00e9renceNZ-480x356.jpg\" alt=\"2015-04-10conf\u00e9renceNZ\" width=\"480\" height=\"356\" srcset=\"https:\/\/paca.lpo.fr\/blogs\/nice\/files\/2015\/04\/2015-04-10conf\u00e9renceNZ-480x356.jpg 480w, https:\/\/paca.lpo.fr\/blogs\/nice\/files\/2015\/04\/2015-04-10conf\u00e9renceNZ.jpg 603w\" sizes=\"auto, (max-width: 480px) 100vw, 480px\" \/><\/a><\/p>\n","protected":false},"excerpt":{"rendered":"<p>Un public tr\u00e8s int\u00e9ress\u00e9 \u00e0 la Maison de l&rsquo;Environnement de Nice le 5 d\u00e9cembre 2014 et le 10 avril 2015 pour cette conf\u00e9rence et deux parties.Un grand merci \u00e0 Jean-Fran\u00e7ois Normand pour son diaporama sur la faune et la flore du \u00ab\u00a0pays au long nuage blanc\u00a0\u00bb.<\/p>\n","protected":false},"author":15,"featured_media":0,"comment_status":"open","ping_status":"open","sticky":false,"template":"","format":"standard","meta":{"footnotes":""},"categories":[1],"tags":[],"class_list":["post-1245","post","type-post","status-publish","format-standard","hentry","category-sorties-nature"],"yoast_head":"<!-- This site is optimized with the Yoast SEO plugin v28.3 - https:\/\/yoast.com\/product\/yoast-seo-wordpress\/ -->\n<title>Conf\u00e9rence biodiversit\u00e9 de la Nouvelle Z\u00e9lande - Groupe local Nice<\/title>\n<meta name=\"robots\" content=\"index, follow, max-snippet:-1, max-image-preview:large, max-video-preview:-1\" \/>\n<link rel=\"canonical\" href=\"https:\/\/paca.lpo.fr\/blogs\/nice\/2015\/04\/20\/conference-biodiversite-de-la-nouvelle-zelande\/\" \/>\n<meta property=\"og:locale\" content=\"fr_FR\" \/>\n<meta property=\"og:type\" content=\"article\" \/>\n<meta property=\"og:title\" content=\"Conf\u00e9rence biodiversit\u00e9 de la Nouvelle Z\u00e9lande - Groupe local Nice\" \/>\n<meta property=\"og:description\" content=\"Un public tr\u00e8s int\u00e9ress\u00e9 \u00e0 la Maison de l&rsquo;Environnement de Nice le 5 d\u00e9cembre 2014 et le 10 avril 2015 pour cette conf\u00e9rence et deux parties.Un grand merci \u00e0 Jean-Fran\u00e7ois Normand pour son diaporama sur la faune et la flore du \u00ab\u00a0pays au long nuage blanc\u00a0\u00bb.\" \/>\n<meta property=\"og:url\" content=\"https:\/\/paca.lpo.fr\/blogs\/nice\/2015\/04\/20\/conference-biodiversite-de-la-nouvelle-zelande\/\" \/>\n<meta property=\"og:site_name\" content=\"Groupe local Nice\" \/>\n<meta property=\"article:published_time\" content=\"2015-04-20T07:32:18+00:00\" \/>\n<meta property=\"article:modified_time\" content=\"2015-04-20T07:45:36+00:00\" \/>\n<meta name=\"author\" content=\"Groupe local Paillon-B\u00e9v\u00e9ra\" \/>\n<meta name=\"twitter:card\" content=\"summary_large_image\" \/>\n<meta name=\"twitter:label1\" content=\"\u00c9crit par\" \/>\n\t<meta name=\"twitter:data1\" content=\"Groupe local Paillon-B\u00e9v\u00e9ra\" \/>\n<script type=\"application\/ld+json\" class=\"yoast-schema-graph\">{\"@context\":\"https:\\\/\\\/schema.org\",\"@graph\":[{\"@type\":\"Article\",\"@id\":\"https:\\\/\\\/paca.lpo.fr\\\/blogs\\\/nice\\\/2015\\\/04\\\/20\\\/conference-biodiversite-de-la-nouvelle-zelande\\\/#article\",\"isPartOf\":{\"@id\":\"https:\\\/\\\/paca.lpo.fr\\\/blogs\\\/nice\\\/2015\\\/04\\\/20\\\/conference-biodiversite-de-la-nouvelle-zelande\\\/\"},\"author\":{\"name\":\"Groupe local Paillon-B\u00e9v\u00e9ra\",\"@id\":\"https:\\\/\\\/paca.lpo.fr\\\/blogs\\\/nice\\\/#\\\/schema\\\/person\\\/1bda33335fb71e0b3552487db26a4c56\"},\"headline\":\"Conf\u00e9rence biodiversit\u00e9 de la Nouvelle Z\u00e9lande\",\"datePublished\":\"2015-04-20T07:32:18+00:00\",\"dateModified\":\"2015-04-20T07:45:36+00:00\",\"mainEntityOfPage\":{\"@id\":\"https:\\\/\\\/paca.lpo.fr\\\/blogs\\\/nice\\\/2015\\\/04\\\/20\\\/conference-biodiversite-de-la-nouvelle-zelande\\\/\"},\"wordCount\":55,\"commentCount\":0,\"publisher\":{\"@id\":\"https:\\\/\\\/paca.lpo.fr\\\/blogs\\\/nice\\\/#organization\"},\"articleSection\":[\"grands \u00e9v\u00e8nements\"],\"inLanguage\":\"fr-FR\",\"potentialAction\":[{\"@type\":\"CommentAction\",\"name\":\"Comment\",\"target\":[\"https:\\\/\\\/paca.lpo.fr\\\/blogs\\\/nice\\\/2015\\\/04\\\/20\\\/conference-biodiversite-de-la-nouvelle-zelande\\\/#respond\"]}]},{\"@type\":\"WebPage\",\"@id\":\"https:\\\/\\\/paca.lpo.fr\\\/blogs\\\/nice\\\/2015\\\/04\\\/20\\\/conference-biodiversite-de-la-nouvelle-zelande\\\/\",\"url\":\"https:\\\/\\\/paca.lpo.fr\\\/blogs\\\/nice\\\/2015\\\/04\\\/20\\\/conference-biodiversite-de-la-nouvelle-zelande\\\/\",\"name\":\"Conf\u00e9rence biodiversit\u00e9 de la Nouvelle Z\u00e9lande - Groupe local Nice\",\"isPartOf\":{\"@id\":\"https:\\\/\\\/paca.lpo.fr\\\/blogs\\\/nice\\\/#website\"},\"datePublished\":\"2015-04-20T07:32:18+00:00\",\"dateModified\":\"2015-04-20T07:45:36+00:00\",\"breadcrumb\":{\"@id\":\"https:\\\/\\\/paca.lpo.fr\\\/blogs\\\/nice\\\/2015\\\/04\\\/20\\\/conference-biodiversite-de-la-nouvelle-zelande\\\/#breadcrumb\"},\"inLanguage\":\"fr-FR\",\"potentialAction\":[{\"@type\":\"ReadAction\",\"target\":[\"https:\\\/\\\/paca.lpo.fr\\\/blogs\\\/nice\\\/2015\\\/04\\\/20\\\/conference-biodiversite-de-la-nouvelle-zelande\\\/\"]}]},{\"@type\":\"BreadcrumbList\",\"@id\":\"https:\\\/\\\/paca.lpo.fr\\\/blogs\\\/nice\\\/2015\\\/04\\\/20\\\/conference-biodiversite-de-la-nouvelle-zelande\\\/#breadcrumb\",\"itemListElement\":[{\"@type\":\"ListItem\",\"position\":1,\"name\":\"Accueil\",\"item\":\"https:\\\/\\\/paca.lpo.fr\\\/blogs\\\/nice\\\/\"},{\"@type\":\"ListItem\",\"position\":2,\"name\":\"Conf\u00e9rence biodiversit\u00e9 de la Nouvelle Z\u00e9lande\"}]},{\"@type\":\"WebSite\",\"@id\":\"https:\\\/\\\/paca.lpo.fr\\\/blogs\\\/nice\\\/#website\",\"url\":\"https:\\\/\\\/paca.lpo.fr\\\/blogs\\\/nice\\\/\",\"name\":\"Groupe local Nice\",\"description\":\"Groupe local Nice\",\"publisher\":{\"@id\":\"https:\\\/\\\/paca.lpo.fr\\\/blogs\\\/nice\\\/#organization\"},\"potentialAction\":[{\"@type\":\"SearchAction\",\"target\":{\"@type\":\"EntryPoint\",\"urlTemplate\":\"https:\\\/\\\/paca.lpo.fr\\\/blogs\\\/nice\\\/?s={search_term_string}\"},\"query-input\":{\"@type\":\"PropertyValueSpecification\",\"valueRequired\":true,\"valueName\":\"search_term_string\"}}],\"inLanguage\":\"fr-FR\"},{\"@type\":\"Organization\",\"@id\":\"https:\\\/\\\/paca.lpo.fr\\\/blogs\\\/nice\\\/#organization\",\"name\":\"Groupe local Nice\",\"url\":\"https:\\\/\\\/paca.lpo.fr\\\/blogs\\\/nice\\\/\",\"logo\":{\"@type\":\"ImageObject\",\"inLanguage\":\"fr-FR\",\"@id\":\"https:\\\/\\\/paca.lpo.fr\\\/blogs\\\/nice\\\/#\\\/schema\\\/logo\\\/image\\\/\",\"url\":\"https:\\\/\\\/paca.lpo.fr\\\/blogs\\\/nice\\\/files\\\/2024\\\/01\\\/cropped-rvb-lpo-paca-logotype-signature-droite-mini-500.jpg\",\"contentUrl\":\"https:\\\/\\\/paca.lpo.fr\\\/blogs\\\/nice\\\/files\\\/2024\\\/01\\\/cropped-rvb-lpo-paca-logotype-signature-droite-mini-500.jpg\",\"width\":500,\"height\":210,\"caption\":\"Groupe local Nice\"},\"image\":{\"@id\":\"https:\\\/\\\/paca.lpo.fr\\\/blogs\\\/nice\\\/#\\\/schema\\\/logo\\\/image\\\/\"}},{\"@type\":\"Person\",\"@id\":\"https:\\\/\\\/paca.lpo.fr\\\/blogs\\\/nice\\\/#\\\/schema\\\/person\\\/1bda33335fb71e0b3552487db26a4c56\",\"name\":\"Groupe local Paillon-B\u00e9v\u00e9ra\",\"image\":{\"@type\":\"ImageObject\",\"inLanguage\":\"fr-FR\",\"@id\":\"https:\\\/\\\/secure.gravatar.com\\\/avatar\\\/b1ee285506e2cb880ec988990d360e255aecb31c77212741dace1023623610c2?s=96&d=mm&r=g\",\"url\":\"https:\\\/\\\/secure.gravatar.com\\\/avatar\\\/b1ee285506e2cb880ec988990d360e255aecb31c77212741dace1023623610c2?s=96&d=mm&r=g\",\"contentUrl\":\"https:\\\/\\\/secure.gravatar.com\\\/avatar\\\/b1ee285506e2cb880ec988990d360e255aecb31c77212741dace1023623610c2?s=96&d=mm&r=g\",\"caption\":\"Groupe local Paillon-B\u00e9v\u00e9ra\"},\"url\":\"https:\\\/\\\/paca.lpo.fr\\\/blogs\\\/nice\\\/author\\\/alpesmaritimesest\\\/\"}]}<\/script>\n<!-- \/ Yoast SEO plugin. -->","yoast_head_json":{"title":"Conf\u00e9rence biodiversit\u00e9 de la Nouvelle Z\u00e9lande - Groupe local Nice","robots":{"index":"index","follow":"follow","max-snippet":"max-snippet:-1","max-image-preview":"max-image-preview:large","max-video-preview":"max-video-preview:-1"},"canonical":"https:\/\/paca.lpo.fr\/blogs\/nice\/2015\/04\/20\/conference-biodiversite-de-la-nouvelle-zelande\/","og_locale":"fr_FR","og_type":"article","og_title":"Conf\u00e9rence biodiversit\u00e9 de la Nouvelle Z\u00e9lande - Groupe local Nice","og_description":"Un public tr\u00e8s int\u00e9ress\u00e9 \u00e0 la Maison de l&rsquo;Environnement de Nice le 5 d\u00e9cembre 2014 et le 10 avril 2015 pour cette conf\u00e9rence et deux parties.Un grand merci \u00e0 Jean-Fran\u00e7ois Normand pour son diaporama sur la faune et la flore du \u00ab\u00a0pays au long nuage blanc\u00a0\u00bb.","og_url":"https:\/\/paca.lpo.fr\/blogs\/nice\/2015\/04\/20\/conference-biodiversite-de-la-nouvelle-zelande\/","og_site_name":"Groupe local Nice","article_published_time":"2015-04-20T07:32:18+00:00","article_modified_time":"2015-04-20T07:45:36+00:00","author":"Groupe local Paillon-B\u00e9v\u00e9ra","twitter_card":"summary_large_image","twitter_misc":{"\u00c9crit par":"Groupe local Paillon-B\u00e9v\u00e9ra"},"schema":{"@context":"https:\/\/schema.org","@graph":[{"@type":"Article","@id":"https:\/\/paca.lpo.fr\/blogs\/nice\/2015\/04\/20\/conference-biodiversite-de-la-nouvelle-zelande\/#article","isPartOf":{"@id":"https:\/\/paca.lpo.fr\/blogs\/nice\/2015\/04\/20\/conference-biodiversite-de-la-nouvelle-zelande\/"},"author":{"name":"Groupe local Paillon-B\u00e9v\u00e9ra","@id":"https:\/\/paca.lpo.fr\/blogs\/nice\/#\/schema\/person\/1bda33335fb71e0b3552487db26a4c56"},"headline":"Conf\u00e9rence biodiversit\u00e9 de la Nouvelle Z\u00e9lande","datePublished":"2015-04-20T07:32:18+00:00","dateModified":"2015-04-20T07:45:36+00:00","mainEntityOfPage":{"@id":"https:\/\/paca.lpo.fr\/blogs\/nice\/2015\/04\/20\/conference-biodiversite-de-la-nouvelle-zelande\/"},"wordCount":55,"commentCount":0,"publisher":{"@id":"https:\/\/paca.lpo.fr\/blogs\/nice\/#organization"},"articleSection":["grands \u00e9v\u00e8nements"],"inLanguage":"fr-FR","potentialAction":[{"@type":"CommentAction","name":"Comment","target":["https:\/\/paca.lpo.fr\/blogs\/nice\/2015\/04\/20\/conference-biodiversite-de-la-nouvelle-zelande\/#respond"]}]},{"@type":"WebPage","@id":"https:\/\/paca.lpo.fr\/blogs\/nice\/2015\/04\/20\/conference-biodiversite-de-la-nouvelle-zelande\/","url":"https:\/\/paca.lpo.fr\/blogs\/nice\/2015\/04\/20\/conference-biodiversite-de-la-nouvelle-zelande\/","name":"Conf\u00e9rence biodiversit\u00e9 de la Nouvelle Z\u00e9lande - Groupe local Nice","isPartOf":{"@id":"https:\/\/paca.lpo.fr\/blogs\/nice\/#website"},"datePublished":"2015-04-20T07:32:18+00:00","dateModified":"2015-04-20T07:45:36+00:00","breadcrumb":{"@id":"https:\/\/paca.lpo.fr\/blogs\/nice\/2015\/04\/20\/conference-biodiversite-de-la-nouvelle-zelande\/#breadcrumb"},"inLanguage":"fr-FR","potentialAction":[{"@type":"ReadAction","target":["https:\/\/paca.lpo.fr\/blogs\/nice\/2015\/04\/20\/conference-biodiversite-de-la-nouvelle-zelande\/"]}]},{"@type":"BreadcrumbList","@id":"https:\/\/paca.lpo.fr\/blogs\/nice\/2015\/04\/20\/conference-biodiversite-de-la-nouvelle-zelande\/#breadcrumb","itemListElement":[{"@type":"ListItem","position":1,"name":"Accueil","item":"https:\/\/paca.lpo.fr\/blogs\/nice\/"},{"@type":"ListItem","position":2,"name":"Conf\u00e9rence biodiversit\u00e9 de la Nouvelle Z\u00e9lande"}]},{"@type":"WebSite","@id":"https:\/\/paca.lpo.fr\/blogs\/nice\/#website","url":"https:\/\/paca.lpo.fr\/blogs\/nice\/","name":"Groupe local Nice","description":"Groupe local Nice","publisher":{"@id":"https:\/\/paca.lpo.fr\/blogs\/nice\/#organization"},"potentialAction":[{"@type":"SearchAction","target":{"@type":"EntryPoint","urlTemplate":"https:\/\/paca.lpo.fr\/blogs\/nice\/?s={search_term_string}"},"query-input":{"@type":"PropertyValueSpecification","valueRequired":true,"valueName":"search_term_string"}}],"inLanguage":"fr-FR"},{"@type":"Organization","@id":"https:\/\/paca.lpo.fr\/blogs\/nice\/#organization","name":"Groupe local Nice","url":"https:\/\/paca.lpo.fr\/blogs\/nice\/","logo":{"@type":"ImageObject","inLanguage":"fr-FR","@id":"https:\/\/paca.lpo.fr\/blogs\/nice\/#\/schema\/logo\/image\/","url":"https:\/\/paca.lpo.fr\/blogs\/nice\/files\/2024\/01\/cropped-rvb-lpo-paca-logotype-signature-droite-mini-500.jpg","contentUrl":"https:\/\/paca.lpo.fr\/blogs\/nice\/files\/2024\/01\/cropped-rvb-lpo-paca-logotype-signature-droite-mini-500.jpg","width":500,"height":210,"caption":"Groupe local Nice"},"image":{"@id":"https:\/\/paca.lpo.fr\/blogs\/nice\/#\/schema\/logo\/image\/"}},{"@type":"Person","@id":"https:\/\/paca.lpo.fr\/blogs\/nice\/#\/schema\/person\/1bda33335fb71e0b3552487db26a4c56","name":"Groupe local Paillon-B\u00e9v\u00e9ra","image":{"@type":"ImageObject","inLanguage":"fr-FR","@id":"https:\/\/secure.gravatar.com\/avatar\/b1ee285506e2cb880ec988990d360e255aecb31c77212741dace1023623610c2?s=96&d=mm&r=g","url":"https:\/\/secure.gravatar.com\/avatar\/b1ee285506e2cb880ec988990d360e255aecb31c77212741dace1023623610c2?s=96&d=mm&r=g","contentUrl":"https:\/\/secure.gravatar.com\/avatar\/b1ee285506e2cb880ec988990d360e255aecb31c77212741dace1023623610c2?s=96&d=mm&r=g","caption":"Groupe local Paillon-B\u00e9v\u00e9ra"},"url":"https:\/\/paca.lpo.fr\/blogs\/nice\/author\/alpesmaritimesest\/"}]}},"jetpack_featured_media_url":"","_links":{"self":[{"href":"https:\/\/paca.lpo.fr\/blogs\/nice\/wp-json\/wp\/v2\/posts\/1245","targetHints":{"allow":["GET"]}}],"collection":[{"href":"https:\/\/paca.lpo.fr\/blogs\/nice\/wp-json\/wp\/v2\/posts"}],"about":[{"href":"https:\/\/paca.lpo.fr\/blogs\/nice\/wp-json\/wp\/v2\/types\/post"}],"author":[{"embeddable":true,"href":"https:\/\/paca.lpo.fr\/blogs\/nice\/wp-json\/wp\/v2\/users\/15"}],"replies":[{"embeddable":true,"href":"https:\/\/paca.lpo.fr\/blogs\/nice\/wp-json\/wp\/v2\/comments?post=1245"}],"version-history":[{"count":4,"href":"https:\/\/paca.lpo.fr\/blogs\/nice\/wp-json\/wp\/v2\/posts\/1245\/revisions"}],"predecessor-version":[{"id":1258,"href":"https:\/\/paca.lpo.fr\/blogs\/nice\/wp-json\/wp\/v2\/posts\/1245\/revisions\/1258"}],"wp:attachment":[{"href":"https:\/\/paca.lpo.fr\/blogs\/nice\/wp-json\/wp\/v2\/media?parent=1245"}],"wp:term":[{"taxonomy":"category","embeddable":true,"href":"https:\/\/paca.lpo.fr\/blogs\/nice\/wp-json\/wp\/v2\/categories?post=1245"},{"taxonomy":"post_tag","embeddable":true,"href":"https:\/\/paca.lpo.fr\/blogs\/nice\/wp-json\/wp\/v2\/tags?post=1245"}],"curies":[{"name":"wp","href":"https:\/\/api.w.org\/{rel}","templated":true}]}}