{"id":1260,"date":"2015-04-22T17:59:40","date_gmt":"2015-04-22T16:59:40","guid":{"rendered":"https:\/\/paca.lpo.fr\/blogs\/nice\/?p=1260"},"modified":"2015-04-27T09:34:49","modified_gmt":"2015-04-27T08:34:49","slug":"journee-de-formation-pour-les-benevoles-transporteurs-du-18-avril-2015","status":"publish","type":"post","link":"https:\/\/paca.lpo.fr\/blogs\/nice\/2015\/04\/22\/journee-de-formation-pour-les-benevoles-transporteurs-du-18-avril-2015\/","title":{"rendered":"Journ\u00e9e de formation pour les b\u00e9n\u00e9voles transporteurs du 18 Avril 2015"},"content":{"rendered":"<p>Chlo\u00e9 et Aur\u00e9lie ont fait le d\u00e9placement depuis Buoux pour former un groupe de volontaires\u00a0souhaitant int\u00e9grer le r\u00e9seau d\u2019acheminement de la faune sauvage en d\u00e9tresse. La journ\u00e9e de formation, tr\u00e8s appr\u00e9ci\u00e9e et conviviale, s&rsquo;est tenue \u00e0 la cin\u00e9math\u00e8que de Saint Jean Cap Ferrat. Une dizaine de nouveaux b\u00e9n\u00e9voles pour le r\u00e9seau de collecte dans le d\u00e9partement.<\/p>\n<p><a href=\"https:\/\/paca.lpo.fr\/blogs\/nice\/files\/2015\/04\/DSCN3663-Copie.jpg\"><img loading=\"lazy\" decoding=\"async\" class=\"alignnone size-medium wp-image-1261\" src=\"https:\/\/paca.lpo.fr\/blogs\/nice\/files\/2015\/04\/DSCN3663-Copie-480x360.jpg\" alt=\"DSCN3663 - Copie\" width=\"480\" height=\"360\" srcset=\"https:\/\/paca.lpo.fr\/blogs\/nice\/files\/2015\/04\/DSCN3663-Copie-480x360.jpg 480w, https:\/\/paca.lpo.fr\/blogs\/nice\/files\/2015\/04\/DSCN3663-Copie.jpg 562w\" sizes=\"auto, (max-width: 480px) 100vw, 480px\" \/><\/a><\/p>\n","protected":false},"excerpt":{"rendered":"<p>Chlo\u00e9 et Aur\u00e9lie ont fait le d\u00e9placement depuis Buoux pour former un groupe de volontaires\u00a0souhaitant int\u00e9grer le r\u00e9seau d\u2019acheminement de la faune sauvage en d\u00e9tresse. La journ\u00e9e de formation, tr\u00e8s appr\u00e9ci\u00e9e et conviviale, s&rsquo;est tenue \u00e0 la cin\u00e9math\u00e8que de Saint Jean Cap Ferrat. Une dizaine de nouveaux b\u00e9n\u00e9voles pour le r\u00e9seau de collecte dans le [&hellip;]<\/p>\n","protected":false},"author":15,"featured_media":0,"comment_status":"open","ping_status":"open","sticky":false,"template":"","format":"standard","meta":{"footnotes":""},"categories":[3],"tags":[],"class_list":["post-1260","post","type-post","status-publish","format-standard","hentry","category-vie-groupe"],"yoast_head":"<!-- This site is optimized with the Yoast SEO plugin v28.3 - https:\/\/yoast.com\/product\/yoast-seo-wordpress\/ -->\n<title>Journ\u00e9e de formation pour les b\u00e9n\u00e9voles transporteurs du 18 Avril 2015 - Groupe local Nice<\/title>\n<meta name=\"robots\" content=\"index, follow, max-snippet:-1, max-image-preview:large, max-video-preview:-1\" \/>\n<link rel=\"canonical\" href=\"https:\/\/paca.lpo.fr\/blogs\/nice\/2015\/04\/22\/journee-de-formation-pour-les-benevoles-transporteurs-du-18-avril-2015\/\" \/>\n<meta property=\"og:locale\" content=\"fr_FR\" \/>\n<meta property=\"og:type\" content=\"article\" \/>\n<meta property=\"og:title\" content=\"Journ\u00e9e de formation pour les b\u00e9n\u00e9voles transporteurs du 18 Avril 2015 - Groupe local Nice\" \/>\n<meta property=\"og:description\" content=\"Chlo\u00e9 et Aur\u00e9lie ont fait le d\u00e9placement depuis Buoux pour former un groupe de volontaires\u00a0souhaitant int\u00e9grer le r\u00e9seau d\u2019acheminement de la faune sauvage en d\u00e9tresse. La journ\u00e9e de formation, tr\u00e8s appr\u00e9ci\u00e9e et conviviale, s&rsquo;est tenue \u00e0 la cin\u00e9math\u00e8que de Saint Jean Cap Ferrat. Une dizaine de nouveaux b\u00e9n\u00e9voles pour le r\u00e9seau de collecte dans le [&hellip;]\" \/>\n<meta property=\"og:url\" content=\"https:\/\/paca.lpo.fr\/blogs\/nice\/2015\/04\/22\/journee-de-formation-pour-les-benevoles-transporteurs-du-18-avril-2015\/\" \/>\n<meta property=\"og:site_name\" content=\"Groupe local Nice\" \/>\n<meta property=\"article:published_time\" content=\"2015-04-22T16:59:40+00:00\" \/>\n<meta property=\"article:modified_time\" content=\"2015-04-27T08:34:49+00:00\" \/>\n<meta property=\"og:image\" content=\"https:\/\/paca.lpo.fr\/blogs\/nice\/files\/2015\/04\/DSCN3663-Copie-480x360.jpg\" \/>\n<meta name=\"author\" content=\"Groupe local Paillon-B\u00e9v\u00e9ra\" \/>\n<meta name=\"twitter:card\" content=\"summary_large_image\" \/>\n<meta name=\"twitter:label1\" content=\"\u00c9crit par\" \/>\n\t<meta name=\"twitter:data1\" content=\"Groupe local Paillon-B\u00e9v\u00e9ra\" \/>\n<script type=\"application\/ld+json\" class=\"yoast-schema-graph\">{\"@context\":\"https:\\\/\\\/schema.org\",\"@graph\":[{\"@type\":\"Article\",\"@id\":\"https:\\\/\\\/paca.lpo.fr\\\/blogs\\\/nice\\\/2015\\\/04\\\/22\\\/journee-de-formation-pour-les-benevoles-transporteurs-du-18-avril-2015\\\/#article\",\"isPartOf\":{\"@id\":\"https:\\\/\\\/paca.lpo.fr\\\/blogs\\\/nice\\\/2015\\\/04\\\/22\\\/journee-de-formation-pour-les-benevoles-transporteurs-du-18-avril-2015\\\/\"},\"author\":{\"name\":\"Groupe local Paillon-B\u00e9v\u00e9ra\",\"@id\":\"https:\\\/\\\/paca.lpo.fr\\\/blogs\\\/nice\\\/#\\\/schema\\\/person\\\/1bda33335fb71e0b3552487db26a4c56\"},\"headline\":\"Journ\u00e9e de formation pour les b\u00e9n\u00e9voles transporteurs du 18 Avril 2015\",\"datePublished\":\"2015-04-22T16:59:40+00:00\",\"dateModified\":\"2015-04-27T08:34:49+00:00\",\"mainEntityOfPage\":{\"@id\":\"https:\\\/\\\/paca.lpo.fr\\\/blogs\\\/nice\\\/2015\\\/04\\\/22\\\/journee-de-formation-pour-les-benevoles-transporteurs-du-18-avril-2015\\\/\"},\"wordCount\":85,\"commentCount\":1,\"publisher\":{\"@id\":\"https:\\\/\\\/paca.lpo.fr\\\/blogs\\\/nice\\\/#organization\"},\"image\":{\"@id\":\"https:\\\/\\\/paca.lpo.fr\\\/blogs\\\/nice\\\/2015\\\/04\\\/22\\\/journee-de-formation-pour-les-benevoles-transporteurs-du-18-avril-2015\\\/#primaryimage\"},\"thumbnailUrl\":\"https:\\\/\\\/paca.lpo.fr\\\/blogs\\\/nice\\\/files\\\/2015\\\/04\\\/DSCN3663-Copie-480x360.jpg\",\"articleSection\":[\"Vie du groupe\"],\"inLanguage\":\"fr-FR\",\"potentialAction\":[{\"@type\":\"CommentAction\",\"name\":\"Comment\",\"target\":[\"https:\\\/\\\/paca.lpo.fr\\\/blogs\\\/nice\\\/2015\\\/04\\\/22\\\/journee-de-formation-pour-les-benevoles-transporteurs-du-18-avril-2015\\\/#respond\"]}]},{\"@type\":\"WebPage\",\"@id\":\"https:\\\/\\\/paca.lpo.fr\\\/blogs\\\/nice\\\/2015\\\/04\\\/22\\\/journee-de-formation-pour-les-benevoles-transporteurs-du-18-avril-2015\\\/\",\"url\":\"https:\\\/\\\/paca.lpo.fr\\\/blogs\\\/nice\\\/2015\\\/04\\\/22\\\/journee-de-formation-pour-les-benevoles-transporteurs-du-18-avril-2015\\\/\",\"name\":\"Journ\u00e9e de formation pour les b\u00e9n\u00e9voles transporteurs du 18 Avril 2015 - Groupe local Nice\",\"isPartOf\":{\"@id\":\"https:\\\/\\\/paca.lpo.fr\\\/blogs\\\/nice\\\/#website\"},\"primaryImageOfPage\":{\"@id\":\"https:\\\/\\\/paca.lpo.fr\\\/blogs\\\/nice\\\/2015\\\/04\\\/22\\\/journee-de-formation-pour-les-benevoles-transporteurs-du-18-avril-2015\\\/#primaryimage\"},\"image\":{\"@id\":\"https:\\\/\\\/paca.lpo.fr\\\/blogs\\\/nice\\\/2015\\\/04\\\/22\\\/journee-de-formation-pour-les-benevoles-transporteurs-du-18-avril-2015\\\/#primaryimage\"},\"thumbnailUrl\":\"https:\\\/\\\/paca.lpo.fr\\\/blogs\\\/nice\\\/files\\\/2015\\\/04\\\/DSCN3663-Copie-480x360.jpg\",\"datePublished\":\"2015-04-22T16:59:40+00:00\",\"dateModified\":\"2015-04-27T08:34:49+00:00\",\"breadcrumb\":{\"@id\":\"https:\\\/\\\/paca.lpo.fr\\\/blogs\\\/nice\\\/2015\\\/04\\\/22\\\/journee-de-formation-pour-les-benevoles-transporteurs-du-18-avril-2015\\\/#breadcrumb\"},\"inLanguage\":\"fr-FR\",\"potentialAction\":[{\"@type\":\"ReadAction\",\"target\":[\"https:\\\/\\\/paca.lpo.fr\\\/blogs\\\/nice\\\/2015\\\/04\\\/22\\\/journee-de-formation-pour-les-benevoles-transporteurs-du-18-avril-2015\\\/\"]}]},{\"@type\":\"ImageObject\",\"inLanguage\":\"fr-FR\",\"@id\":\"https:\\\/\\\/paca.lpo.fr\\\/blogs\\\/nice\\\/2015\\\/04\\\/22\\\/journee-de-formation-pour-les-benevoles-transporteurs-du-18-avril-2015\\\/#primaryimage\",\"url\":\"https:\\\/\\\/paca.lpo.fr\\\/blogs\\\/nice\\\/files\\\/2015\\\/04\\\/DSCN3663-Copie.jpg\",\"contentUrl\":\"https:\\\/\\\/paca.lpo.fr\\\/blogs\\\/nice\\\/files\\\/2015\\\/04\\\/DSCN3663-Copie.jpg\",\"width\":562,\"height\":421},{\"@type\":\"BreadcrumbList\",\"@id\":\"https:\\\/\\\/paca.lpo.fr\\\/blogs\\\/nice\\\/2015\\\/04\\\/22\\\/journee-de-formation-pour-les-benevoles-transporteurs-du-18-avril-2015\\\/#breadcrumb\",\"itemListElement\":[{\"@type\":\"ListItem\",\"position\":1,\"name\":\"Accueil\",\"item\":\"https:\\\/\\\/paca.lpo.fr\\\/blogs\\\/nice\\\/\"},{\"@type\":\"ListItem\",\"position\":2,\"name\":\"Journ\u00e9e de formation pour les b\u00e9n\u00e9voles transporteurs du 18 Avril 2015\"}]},{\"@type\":\"WebSite\",\"@id\":\"https:\\\/\\\/paca.lpo.fr\\\/blogs\\\/nice\\\/#website\",\"url\":\"https:\\\/\\\/paca.lpo.fr\\\/blogs\\\/nice\\\/\",\"name\":\"Groupe local Nice\",\"description\":\"Groupe local Nice\",\"publisher\":{\"@id\":\"https:\\\/\\\/paca.lpo.fr\\\/blogs\\\/nice\\\/#organization\"},\"potentialAction\":[{\"@type\":\"SearchAction\",\"target\":{\"@type\":\"EntryPoint\",\"urlTemplate\":\"https:\\\/\\\/paca.lpo.fr\\\/blogs\\\/nice\\\/?s={search_term_string}\"},\"query-input\":{\"@type\":\"PropertyValueSpecification\",\"valueRequired\":true,\"valueName\":\"search_term_string\"}}],\"inLanguage\":\"fr-FR\"},{\"@type\":\"Organization\",\"@id\":\"https:\\\/\\\/paca.lpo.fr\\\/blogs\\\/nice\\\/#organization\",\"name\":\"Groupe local Nice\",\"url\":\"https:\\\/\\\/paca.lpo.fr\\\/blogs\\\/nice\\\/\",\"logo\":{\"@type\":\"ImageObject\",\"inLanguage\":\"fr-FR\",\"@id\":\"https:\\\/\\\/paca.lpo.fr\\\/blogs\\\/nice\\\/#\\\/schema\\\/logo\\\/image\\\/\",\"url\":\"https:\\\/\\\/paca.lpo.fr\\\/blogs\\\/nice\\\/files\\\/2024\\\/01\\\/cropped-rvb-lpo-paca-logotype-signature-droite-mini-500.jpg\",\"contentUrl\":\"https:\\\/\\\/paca.lpo.fr\\\/blogs\\\/nice\\\/files\\\/2024\\\/01\\\/cropped-rvb-lpo-paca-logotype-signature-droite-mini-500.jpg\",\"width\":500,\"height\":210,\"caption\":\"Groupe local Nice\"},\"image\":{\"@id\":\"https:\\\/\\\/paca.lpo.fr\\\/blogs\\\/nice\\\/#\\\/schema\\\/logo\\\/image\\\/\"}},{\"@type\":\"Person\",\"@id\":\"https:\\\/\\\/paca.lpo.fr\\\/blogs\\\/nice\\\/#\\\/schema\\\/person\\\/1bda33335fb71e0b3552487db26a4c56\",\"name\":\"Groupe local Paillon-B\u00e9v\u00e9ra\",\"image\":{\"@type\":\"ImageObject\",\"inLanguage\":\"fr-FR\",\"@id\":\"https:\\\/\\\/secure.gravatar.com\\\/avatar\\\/b1ee285506e2cb880ec988990d360e255aecb31c77212741dace1023623610c2?s=96&d=mm&r=g\",\"url\":\"https:\\\/\\\/secure.gravatar.com\\\/avatar\\\/b1ee285506e2cb880ec988990d360e255aecb31c77212741dace1023623610c2?s=96&d=mm&r=g\",\"contentUrl\":\"https:\\\/\\\/secure.gravatar.com\\\/avatar\\\/b1ee285506e2cb880ec988990d360e255aecb31c77212741dace1023623610c2?s=96&d=mm&r=g\",\"caption\":\"Groupe local Paillon-B\u00e9v\u00e9ra\"},\"url\":\"https:\\\/\\\/paca.lpo.fr\\\/blogs\\\/nice\\\/author\\\/alpesmaritimesest\\\/\"}]}<\/script>\n<!-- \/ Yoast SEO plugin. -->","yoast_head_json":{"title":"Journ\u00e9e de formation pour les b\u00e9n\u00e9voles transporteurs du 18 Avril 2015 - Groupe local Nice","robots":{"index":"index","follow":"follow","max-snippet":"max-snippet:-1","max-image-preview":"max-image-preview:large","max-video-preview":"max-video-preview:-1"},"canonical":"https:\/\/paca.lpo.fr\/blogs\/nice\/2015\/04\/22\/journee-de-formation-pour-les-benevoles-transporteurs-du-18-avril-2015\/","og_locale":"fr_FR","og_type":"article","og_title":"Journ\u00e9e de formation pour les b\u00e9n\u00e9voles transporteurs du 18 Avril 2015 - Groupe local Nice","og_description":"Chlo\u00e9 et Aur\u00e9lie ont fait le d\u00e9placement depuis Buoux pour former un groupe de volontaires\u00a0souhaitant int\u00e9grer le r\u00e9seau d\u2019acheminement de la faune sauvage en d\u00e9tresse. La journ\u00e9e de formation, tr\u00e8s appr\u00e9ci\u00e9e et conviviale, s&rsquo;est tenue \u00e0 la cin\u00e9math\u00e8que de Saint Jean Cap Ferrat. Une dizaine de nouveaux b\u00e9n\u00e9voles pour le r\u00e9seau de collecte dans le [&hellip;]","og_url":"https:\/\/paca.lpo.fr\/blogs\/nice\/2015\/04\/22\/journee-de-formation-pour-les-benevoles-transporteurs-du-18-avril-2015\/","og_site_name":"Groupe local Nice","article_published_time":"2015-04-22T16:59:40+00:00","article_modified_time":"2015-04-27T08:34:49+00:00","og_image":[{"url":"https:\/\/paca.lpo.fr\/blogs\/nice\/files\/2015\/04\/DSCN3663-Copie-480x360.jpg","type":"","width":"","height":""}],"author":"Groupe local Paillon-B\u00e9v\u00e9ra","twitter_card":"summary_large_image","twitter_misc":{"\u00c9crit par":"Groupe local Paillon-B\u00e9v\u00e9ra"},"schema":{"@context":"https:\/\/schema.org","@graph":[{"@type":"Article","@id":"https:\/\/paca.lpo.fr\/blogs\/nice\/2015\/04\/22\/journee-de-formation-pour-les-benevoles-transporteurs-du-18-avril-2015\/#article","isPartOf":{"@id":"https:\/\/paca.lpo.fr\/blogs\/nice\/2015\/04\/22\/journee-de-formation-pour-les-benevoles-transporteurs-du-18-avril-2015\/"},"author":{"name":"Groupe local Paillon-B\u00e9v\u00e9ra","@id":"https:\/\/paca.lpo.fr\/blogs\/nice\/#\/schema\/person\/1bda33335fb71e0b3552487db26a4c56"},"headline":"Journ\u00e9e de formation pour les b\u00e9n\u00e9voles transporteurs du 18 Avril 2015","datePublished":"2015-04-22T16:59:40+00:00","dateModified":"2015-04-27T08:34:49+00:00","mainEntityOfPage":{"@id":"https:\/\/paca.lpo.fr\/blogs\/nice\/2015\/04\/22\/journee-de-formation-pour-les-benevoles-transporteurs-du-18-avril-2015\/"},"wordCount":85,"commentCount":1,"publisher":{"@id":"https:\/\/paca.lpo.fr\/blogs\/nice\/#organization"},"image":{"@id":"https:\/\/paca.lpo.fr\/blogs\/nice\/2015\/04\/22\/journee-de-formation-pour-les-benevoles-transporteurs-du-18-avril-2015\/#primaryimage"},"thumbnailUrl":"https:\/\/paca.lpo.fr\/blogs\/nice\/files\/2015\/04\/DSCN3663-Copie-480x360.jpg","articleSection":["Vie du groupe"],"inLanguage":"fr-FR","potentialAction":[{"@type":"CommentAction","name":"Comment","target":["https:\/\/paca.lpo.fr\/blogs\/nice\/2015\/04\/22\/journee-de-formation-pour-les-benevoles-transporteurs-du-18-avril-2015\/#respond"]}]},{"@type":"WebPage","@id":"https:\/\/paca.lpo.fr\/blogs\/nice\/2015\/04\/22\/journee-de-formation-pour-les-benevoles-transporteurs-du-18-avril-2015\/","url":"https:\/\/paca.lpo.fr\/blogs\/nice\/2015\/04\/22\/journee-de-formation-pour-les-benevoles-transporteurs-du-18-avril-2015\/","name":"Journ\u00e9e de formation pour les b\u00e9n\u00e9voles transporteurs du 18 Avril 2015 - Groupe local Nice","isPartOf":{"@id":"https:\/\/paca.lpo.fr\/blogs\/nice\/#website"},"primaryImageOfPage":{"@id":"https:\/\/paca.lpo.fr\/blogs\/nice\/2015\/04\/22\/journee-de-formation-pour-les-benevoles-transporteurs-du-18-avril-2015\/#primaryimage"},"image":{"@id":"https:\/\/paca.lpo.fr\/blogs\/nice\/2015\/04\/22\/journee-de-formation-pour-les-benevoles-transporteurs-du-18-avril-2015\/#primaryimage"},"thumbnailUrl":"https:\/\/paca.lpo.fr\/blogs\/nice\/files\/2015\/04\/DSCN3663-Copie-480x360.jpg","datePublished":"2015-04-22T16:59:40+00:00","dateModified":"2015-04-27T08:34:49+00:00","breadcrumb":{"@id":"https:\/\/paca.lpo.fr\/blogs\/nice\/2015\/04\/22\/journee-de-formation-pour-les-benevoles-transporteurs-du-18-avril-2015\/#breadcrumb"},"inLanguage":"fr-FR","potentialAction":[{"@type":"ReadAction","target":["https:\/\/paca.lpo.fr\/blogs\/nice\/2015\/04\/22\/journee-de-formation-pour-les-benevoles-transporteurs-du-18-avril-2015\/"]}]},{"@type":"ImageObject","inLanguage":"fr-FR","@id":"https:\/\/paca.lpo.fr\/blogs\/nice\/2015\/04\/22\/journee-de-formation-pour-les-benevoles-transporteurs-du-18-avril-2015\/#primaryimage","url":"https:\/\/paca.lpo.fr\/blogs\/nice\/files\/2015\/04\/DSCN3663-Copie.jpg","contentUrl":"https:\/\/paca.lpo.fr\/blogs\/nice\/files\/2015\/04\/DSCN3663-Copie.jpg","width":562,"height":421},{"@type":"BreadcrumbList","@id":"https:\/\/paca.lpo.fr\/blogs\/nice\/2015\/04\/22\/journee-de-formation-pour-les-benevoles-transporteurs-du-18-avril-2015\/#breadcrumb","itemListElement":[{"@type":"ListItem","position":1,"name":"Accueil","item":"https:\/\/paca.lpo.fr\/blogs\/nice\/"},{"@type":"ListItem","position":2,"name":"Journ\u00e9e de formation pour les b\u00e9n\u00e9voles transporteurs du 18 Avril 2015"}]},{"@type":"WebSite","@id":"https:\/\/paca.lpo.fr\/blogs\/nice\/#website","url":"https:\/\/paca.lpo.fr\/blogs\/nice\/","name":"Groupe local Nice","description":"Groupe local Nice","publisher":{"@id":"https:\/\/paca.lpo.fr\/blogs\/nice\/#organization"},"potentialAction":[{"@type":"SearchAction","target":{"@type":"EntryPoint","urlTemplate":"https:\/\/paca.lpo.fr\/blogs\/nice\/?s={search_term_string}"},"query-input":{"@type":"PropertyValueSpecification","valueRequired":true,"valueName":"search_term_string"}}],"inLanguage":"fr-FR"},{"@type":"Organization","@id":"https:\/\/paca.lpo.fr\/blogs\/nice\/#organization","name":"Groupe local Nice","url":"https:\/\/paca.lpo.fr\/blogs\/nice\/","logo":{"@type":"ImageObject","inLanguage":"fr-FR","@id":"https:\/\/paca.lpo.fr\/blogs\/nice\/#\/schema\/logo\/image\/","url":"https:\/\/paca.lpo.fr\/blogs\/nice\/files\/2024\/01\/cropped-rvb-lpo-paca-logotype-signature-droite-mini-500.jpg","contentUrl":"https:\/\/paca.lpo.fr\/blogs\/nice\/files\/2024\/01\/cropped-rvb-lpo-paca-logotype-signature-droite-mini-500.jpg","width":500,"height":210,"caption":"Groupe local Nice"},"image":{"@id":"https:\/\/paca.lpo.fr\/blogs\/nice\/#\/schema\/logo\/image\/"}},{"@type":"Person","@id":"https:\/\/paca.lpo.fr\/blogs\/nice\/#\/schema\/person\/1bda33335fb71e0b3552487db26a4c56","name":"Groupe local Paillon-B\u00e9v\u00e9ra","image":{"@type":"ImageObject","inLanguage":"fr-FR","@id":"https:\/\/secure.gravatar.com\/avatar\/b1ee285506e2cb880ec988990d360e255aecb31c77212741dace1023623610c2?s=96&d=mm&r=g","url":"https:\/\/secure.gravatar.com\/avatar\/b1ee285506e2cb880ec988990d360e255aecb31c77212741dace1023623610c2?s=96&d=mm&r=g","contentUrl":"https:\/\/secure.gravatar.com\/avatar\/b1ee285506e2cb880ec988990d360e255aecb31c77212741dace1023623610c2?s=96&d=mm&r=g","caption":"Groupe local Paillon-B\u00e9v\u00e9ra"},"url":"https:\/\/paca.lpo.fr\/blogs\/nice\/author\/alpesmaritimesest\/"}]}},"jetpack_featured_media_url":"","_links":{"self":[{"href":"https:\/\/paca.lpo.fr\/blogs\/nice\/wp-json\/wp\/v2\/posts\/1260","targetHints":{"allow":["GET"]}}],"collection":[{"href":"https:\/\/paca.lpo.fr\/blogs\/nice\/wp-json\/wp\/v2\/posts"}],"about":[{"href":"https:\/\/paca.lpo.fr\/blogs\/nice\/wp-json\/wp\/v2\/types\/post"}],"author":[{"embeddable":true,"href":"https:\/\/paca.lpo.fr\/blogs\/nice\/wp-json\/wp\/v2\/users\/15"}],"replies":[{"embeddable":true,"href":"https:\/\/paca.lpo.fr\/blogs\/nice\/wp-json\/wp\/v2\/comments?post=1260"}],"version-history":[{"count":3,"href":"https:\/\/paca.lpo.fr\/blogs\/nice\/wp-json\/wp\/v2\/posts\/1260\/revisions"}],"predecessor-version":[{"id":1267,"href":"https:\/\/paca.lpo.fr\/blogs\/nice\/wp-json\/wp\/v2\/posts\/1260\/revisions\/1267"}],"wp:attachment":[{"href":"https:\/\/paca.lpo.fr\/blogs\/nice\/wp-json\/wp\/v2\/media?parent=1260"}],"wp:term":[{"taxonomy":"category","embeddable":true,"href":"https:\/\/paca.lpo.fr\/blogs\/nice\/wp-json\/wp\/v2\/categories?post=1260"},{"taxonomy":"post_tag","embeddable":true,"href":"https:\/\/paca.lpo.fr\/blogs\/nice\/wp-json\/wp\/v2\/tags?post=1260"}],"curies":[{"name":"wp","href":"https:\/\/api.w.org\/{rel}","templated":true}]}}