{"id":1272,"date":"2015-05-13T06:11:46","date_gmt":"2015-05-13T05:11:46","guid":{"rendered":"https:\/\/paca.lpo.fr\/blogs\/nice\/?p=1272"},"modified":"2015-05-13T06:11:46","modified_gmt":"2015-05-13T05:11:46","slug":"sortie-du-19-avril-2015-au-plateau-de-dina","status":"publish","type":"post","link":"https:\/\/paca.lpo.fr\/blogs\/nice\/2015\/05\/13\/sortie-du-19-avril-2015-au-plateau-de-dina\/","title":{"rendered":"Sortie du 19 avril 2015 au Plateau de Dina"},"content":{"rendered":"<p class=\"p1\"><span class=\"s1\"><b>Apr\u00e8s bien des h\u00e9sitations et des incertitudes m\u00e9t\u00e9orologiques, nous optons quand m\u00eame pour notre sortie au Plateau de Dina qui forme le coin Ouest entre le Fleuve Var et la Rivi\u00e8re Cians. Et ce d\u00e9but du Cians forme la fronti\u00e8re calcaire du Cians, apr\u00e8s c\u2019est le domaine des p\u00e9lites rouges&#8230;<\/b><\/span><\/p>\n<p class=\"p1\"><span class=\"s1\"><b>Et donc, apr\u00e8s avoir remont\u00e9 le Var, long\u00e9 le Cians, travers\u00e9 le petit village de Rigaud, grimp\u00e9 jusqu\u2019\u00e0 l\u2019entr\u00e9e de Plateau, nous voil\u00e0 \u00e0 la Chapelle Saint Sauveur o\u00f9 nous laissons les voitures pour arpenter le Plateau. Le chemin serpente parmi les prairies, les for\u00eats de ch\u00eanes et les restes d\u2019anciennes civilisation agricoles. Pas \u00e9tonnant donc que notre groupe trouve assez vite des Geais des Ch\u00eanes, et des Pinsons des arbres&#8230; Mais en longeant ce beau chemin, nous verrons et \u00e9grainerons quand m\u00eame une grande diversit\u00e9 de m\u00e9sanges, voici : M\u00e9sange Hupp\u00e9e, M\u00e9sange \u00e0 Longue Queue, M\u00e9sange Noire, M\u00e9sange Bleue, M\u00e9sange Charbonni\u00e8re&#8230; Quelques oiseaux , par leur visibilit\u00e9 en stationnement nous font le spectacle comme ce pouillot de Bonelli par exemple&#8230; Notre plus jeune participante nous trouve un trou dans un ch\u00eane remarquable&#8230; Elle y a vu un bec&#8230; Et, en observant le trou, on se rend compte qu\u2019il a \u00e9t\u00e9 \u201cma\u00e7onn\u00e9\u201d si on eut dire, soit diminu\u00e9 \u00e0 la grosseur par un Sittelle Torchepot . Et puis il y a tous ceux dont on entend d\u2019abord, les chants, les cris, comme les Coucou, la Huppe Fasci\u00e9, le Pic Noir avec ses cris et ses tambourinages. Le Coucou sera aper\u00e7u en vol. Apr\u00e8s il y a aussi les grands voiliers. Plusieurs passages d\u2019Aigles Royaux, un Vautour Fauve, un Faucon Hobereau&#8230; Voil\u00e0, on peut pas dire qu\u2019on a \u00e9t\u00e9 priv\u00e9, j\u2019oublie peut \u00eatre les Grands Corbeaux et le petit Rouge Gorge. <\/b><\/span><\/p>\n<p class=\"p1\"><span class=\"s1\"><b>Nous nous sommes restaur\u00e9s \u00e0 la chapelle saint Julien avant de prendre le chemin du retour, \u00e9voluant toujours dans ces magnifiques paysages. <\/b><\/span><\/p>\n","protected":false},"excerpt":{"rendered":"<p>Apr\u00e8s bien des h\u00e9sitations et des incertitudes m\u00e9t\u00e9orologiques, nous optons quand m\u00eame pour notre sortie au Plateau de Dina qui forme le coin Ouest entre le Fleuve Var et la Rivi\u00e8re Cians. Et ce d\u00e9but du Cians forme la fronti\u00e8re calcaire du Cians, apr\u00e8s c\u2019est le domaine des p\u00e9lites rouges&#8230; Et donc, apr\u00e8s avoir remont\u00e9 [&hellip;]<\/p>\n","protected":false},"author":15,"featured_media":0,"comment_status":"open","ping_status":"open","sticky":false,"template":"","format":"standard","meta":{"footnotes":""},"categories":[1],"tags":[],"class_list":["post-1272","post","type-post","status-publish","format-standard","hentry","category-sorties-nature"],"yoast_head":"<!-- This site is optimized with the Yoast SEO plugin v28.3 - https:\/\/yoast.com\/product\/yoast-seo-wordpress\/ -->\n<title>Sortie du 19 avril 2015 au Plateau de Dina - Groupe local Nice<\/title>\n<meta name=\"robots\" content=\"index, follow, max-snippet:-1, max-image-preview:large, max-video-preview:-1\" \/>\n<link rel=\"canonical\" href=\"https:\/\/paca.lpo.fr\/blogs\/nice\/2015\/05\/13\/sortie-du-19-avril-2015-au-plateau-de-dina\/\" \/>\n<meta property=\"og:locale\" content=\"fr_FR\" \/>\n<meta property=\"og:type\" content=\"article\" \/>\n<meta property=\"og:title\" content=\"Sortie du 19 avril 2015 au Plateau de Dina - Groupe local Nice\" \/>\n<meta property=\"og:description\" content=\"Apr\u00e8s bien des h\u00e9sitations et des incertitudes m\u00e9t\u00e9orologiques, nous optons quand m\u00eame pour notre sortie au Plateau de Dina qui forme le coin Ouest entre le Fleuve Var et la Rivi\u00e8re Cians. Et ce d\u00e9but du Cians forme la fronti\u00e8re calcaire du Cians, apr\u00e8s c\u2019est le domaine des p\u00e9lites rouges&#8230; Et donc, apr\u00e8s avoir remont\u00e9 [&hellip;]\" \/>\n<meta property=\"og:url\" content=\"https:\/\/paca.lpo.fr\/blogs\/nice\/2015\/05\/13\/sortie-du-19-avril-2015-au-plateau-de-dina\/\" \/>\n<meta property=\"og:site_name\" content=\"Groupe local Nice\" \/>\n<meta property=\"article:published_time\" content=\"2015-05-13T05:11:46+00:00\" \/>\n<meta name=\"author\" content=\"Groupe local Paillon-B\u00e9v\u00e9ra\" \/>\n<meta name=\"twitter:card\" content=\"summary_large_image\" \/>\n<meta name=\"twitter:label1\" content=\"\u00c9crit par\" \/>\n\t<meta name=\"twitter:data1\" content=\"Groupe local Paillon-B\u00e9v\u00e9ra\" \/>\n\t<meta name=\"twitter:label2\" content=\"Dur\u00e9e de lecture estim\u00e9e\" \/>\n\t<meta name=\"twitter:data2\" content=\"2 minutes\" \/>\n<script type=\"application\/ld+json\" class=\"yoast-schema-graph\">{\"@context\":\"https:\\\/\\\/schema.org\",\"@graph\":[{\"@type\":\"Article\",\"@id\":\"https:\\\/\\\/paca.lpo.fr\\\/blogs\\\/nice\\\/2015\\\/05\\\/13\\\/sortie-du-19-avril-2015-au-plateau-de-dina\\\/#article\",\"isPartOf\":{\"@id\":\"https:\\\/\\\/paca.lpo.fr\\\/blogs\\\/nice\\\/2015\\\/05\\\/13\\\/sortie-du-19-avril-2015-au-plateau-de-dina\\\/\"},\"author\":{\"name\":\"Groupe local Paillon-B\u00e9v\u00e9ra\",\"@id\":\"https:\\\/\\\/paca.lpo.fr\\\/blogs\\\/nice\\\/#\\\/schema\\\/person\\\/1bda33335fb71e0b3552487db26a4c56\"},\"headline\":\"Sortie du 19 avril 2015 au Plateau de Dina\",\"datePublished\":\"2015-05-13T05:11:46+00:00\",\"mainEntityOfPage\":{\"@id\":\"https:\\\/\\\/paca.lpo.fr\\\/blogs\\\/nice\\\/2015\\\/05\\\/13\\\/sortie-du-19-avril-2015-au-plateau-de-dina\\\/\"},\"wordCount\":349,\"commentCount\":0,\"publisher\":{\"@id\":\"https:\\\/\\\/paca.lpo.fr\\\/blogs\\\/nice\\\/#organization\"},\"articleSection\":[\"grands \u00e9v\u00e8nements\"],\"inLanguage\":\"fr-FR\",\"potentialAction\":[{\"@type\":\"CommentAction\",\"name\":\"Comment\",\"target\":[\"https:\\\/\\\/paca.lpo.fr\\\/blogs\\\/nice\\\/2015\\\/05\\\/13\\\/sortie-du-19-avril-2015-au-plateau-de-dina\\\/#respond\"]}]},{\"@type\":\"WebPage\",\"@id\":\"https:\\\/\\\/paca.lpo.fr\\\/blogs\\\/nice\\\/2015\\\/05\\\/13\\\/sortie-du-19-avril-2015-au-plateau-de-dina\\\/\",\"url\":\"https:\\\/\\\/paca.lpo.fr\\\/blogs\\\/nice\\\/2015\\\/05\\\/13\\\/sortie-du-19-avril-2015-au-plateau-de-dina\\\/\",\"name\":\"Sortie du 19 avril 2015 au Plateau de Dina - Groupe local Nice\",\"isPartOf\":{\"@id\":\"https:\\\/\\\/paca.lpo.fr\\\/blogs\\\/nice\\\/#website\"},\"datePublished\":\"2015-05-13T05:11:46+00:00\",\"breadcrumb\":{\"@id\":\"https:\\\/\\\/paca.lpo.fr\\\/blogs\\\/nice\\\/2015\\\/05\\\/13\\\/sortie-du-19-avril-2015-au-plateau-de-dina\\\/#breadcrumb\"},\"inLanguage\":\"fr-FR\",\"potentialAction\":[{\"@type\":\"ReadAction\",\"target\":[\"https:\\\/\\\/paca.lpo.fr\\\/blogs\\\/nice\\\/2015\\\/05\\\/13\\\/sortie-du-19-avril-2015-au-plateau-de-dina\\\/\"]}]},{\"@type\":\"BreadcrumbList\",\"@id\":\"https:\\\/\\\/paca.lpo.fr\\\/blogs\\\/nice\\\/2015\\\/05\\\/13\\\/sortie-du-19-avril-2015-au-plateau-de-dina\\\/#breadcrumb\",\"itemListElement\":[{\"@type\":\"ListItem\",\"position\":1,\"name\":\"Accueil\",\"item\":\"https:\\\/\\\/paca.lpo.fr\\\/blogs\\\/nice\\\/\"},{\"@type\":\"ListItem\",\"position\":2,\"name\":\"Sortie du 19 avril 2015 au Plateau de Dina\"}]},{\"@type\":\"WebSite\",\"@id\":\"https:\\\/\\\/paca.lpo.fr\\\/blogs\\\/nice\\\/#website\",\"url\":\"https:\\\/\\\/paca.lpo.fr\\\/blogs\\\/nice\\\/\",\"name\":\"Groupe local Nice\",\"description\":\"Groupe local Nice\",\"publisher\":{\"@id\":\"https:\\\/\\\/paca.lpo.fr\\\/blogs\\\/nice\\\/#organization\"},\"potentialAction\":[{\"@type\":\"SearchAction\",\"target\":{\"@type\":\"EntryPoint\",\"urlTemplate\":\"https:\\\/\\\/paca.lpo.fr\\\/blogs\\\/nice\\\/?s={search_term_string}\"},\"query-input\":{\"@type\":\"PropertyValueSpecification\",\"valueRequired\":true,\"valueName\":\"search_term_string\"}}],\"inLanguage\":\"fr-FR\"},{\"@type\":\"Organization\",\"@id\":\"https:\\\/\\\/paca.lpo.fr\\\/blogs\\\/nice\\\/#organization\",\"name\":\"Groupe local Nice\",\"url\":\"https:\\\/\\\/paca.lpo.fr\\\/blogs\\\/nice\\\/\",\"logo\":{\"@type\":\"ImageObject\",\"inLanguage\":\"fr-FR\",\"@id\":\"https:\\\/\\\/paca.lpo.fr\\\/blogs\\\/nice\\\/#\\\/schema\\\/logo\\\/image\\\/\",\"url\":\"https:\\\/\\\/paca.lpo.fr\\\/blogs\\\/nice\\\/files\\\/2024\\\/01\\\/cropped-rvb-lpo-paca-logotype-signature-droite-mini-500.jpg\",\"contentUrl\":\"https:\\\/\\\/paca.lpo.fr\\\/blogs\\\/nice\\\/files\\\/2024\\\/01\\\/cropped-rvb-lpo-paca-logotype-signature-droite-mini-500.jpg\",\"width\":500,\"height\":210,\"caption\":\"Groupe local Nice\"},\"image\":{\"@id\":\"https:\\\/\\\/paca.lpo.fr\\\/blogs\\\/nice\\\/#\\\/schema\\\/logo\\\/image\\\/\"}},{\"@type\":\"Person\",\"@id\":\"https:\\\/\\\/paca.lpo.fr\\\/blogs\\\/nice\\\/#\\\/schema\\\/person\\\/1bda33335fb71e0b3552487db26a4c56\",\"name\":\"Groupe local Paillon-B\u00e9v\u00e9ra\",\"image\":{\"@type\":\"ImageObject\",\"inLanguage\":\"fr-FR\",\"@id\":\"https:\\\/\\\/secure.gravatar.com\\\/avatar\\\/b1ee285506e2cb880ec988990d360e255aecb31c77212741dace1023623610c2?s=96&d=mm&r=g\",\"url\":\"https:\\\/\\\/secure.gravatar.com\\\/avatar\\\/b1ee285506e2cb880ec988990d360e255aecb31c77212741dace1023623610c2?s=96&d=mm&r=g\",\"contentUrl\":\"https:\\\/\\\/secure.gravatar.com\\\/avatar\\\/b1ee285506e2cb880ec988990d360e255aecb31c77212741dace1023623610c2?s=96&d=mm&r=g\",\"caption\":\"Groupe local Paillon-B\u00e9v\u00e9ra\"},\"url\":\"https:\\\/\\\/paca.lpo.fr\\\/blogs\\\/nice\\\/author\\\/alpesmaritimesest\\\/\"}]}<\/script>\n<!-- \/ Yoast SEO plugin. -->","yoast_head_json":{"title":"Sortie du 19 avril 2015 au Plateau de Dina - Groupe local Nice","robots":{"index":"index","follow":"follow","max-snippet":"max-snippet:-1","max-image-preview":"max-image-preview:large","max-video-preview":"max-video-preview:-1"},"canonical":"https:\/\/paca.lpo.fr\/blogs\/nice\/2015\/05\/13\/sortie-du-19-avril-2015-au-plateau-de-dina\/","og_locale":"fr_FR","og_type":"article","og_title":"Sortie du 19 avril 2015 au Plateau de Dina - Groupe local Nice","og_description":"Apr\u00e8s bien des h\u00e9sitations et des incertitudes m\u00e9t\u00e9orologiques, nous optons quand m\u00eame pour notre sortie au Plateau de Dina qui forme le coin Ouest entre le Fleuve Var et la Rivi\u00e8re Cians. Et ce d\u00e9but du Cians forme la fronti\u00e8re calcaire du Cians, apr\u00e8s c\u2019est le domaine des p\u00e9lites rouges&#8230; Et donc, apr\u00e8s avoir remont\u00e9 [&hellip;]","og_url":"https:\/\/paca.lpo.fr\/blogs\/nice\/2015\/05\/13\/sortie-du-19-avril-2015-au-plateau-de-dina\/","og_site_name":"Groupe local Nice","article_published_time":"2015-05-13T05:11:46+00:00","author":"Groupe local Paillon-B\u00e9v\u00e9ra","twitter_card":"summary_large_image","twitter_misc":{"\u00c9crit par":"Groupe local Paillon-B\u00e9v\u00e9ra","Dur\u00e9e de lecture estim\u00e9e":"2 minutes"},"schema":{"@context":"https:\/\/schema.org","@graph":[{"@type":"Article","@id":"https:\/\/paca.lpo.fr\/blogs\/nice\/2015\/05\/13\/sortie-du-19-avril-2015-au-plateau-de-dina\/#article","isPartOf":{"@id":"https:\/\/paca.lpo.fr\/blogs\/nice\/2015\/05\/13\/sortie-du-19-avril-2015-au-plateau-de-dina\/"},"author":{"name":"Groupe local Paillon-B\u00e9v\u00e9ra","@id":"https:\/\/paca.lpo.fr\/blogs\/nice\/#\/schema\/person\/1bda33335fb71e0b3552487db26a4c56"},"headline":"Sortie du 19 avril 2015 au Plateau de Dina","datePublished":"2015-05-13T05:11:46+00:00","mainEntityOfPage":{"@id":"https:\/\/paca.lpo.fr\/blogs\/nice\/2015\/05\/13\/sortie-du-19-avril-2015-au-plateau-de-dina\/"},"wordCount":349,"commentCount":0,"publisher":{"@id":"https:\/\/paca.lpo.fr\/blogs\/nice\/#organization"},"articleSection":["grands \u00e9v\u00e8nements"],"inLanguage":"fr-FR","potentialAction":[{"@type":"CommentAction","name":"Comment","target":["https:\/\/paca.lpo.fr\/blogs\/nice\/2015\/05\/13\/sortie-du-19-avril-2015-au-plateau-de-dina\/#respond"]}]},{"@type":"WebPage","@id":"https:\/\/paca.lpo.fr\/blogs\/nice\/2015\/05\/13\/sortie-du-19-avril-2015-au-plateau-de-dina\/","url":"https:\/\/paca.lpo.fr\/blogs\/nice\/2015\/05\/13\/sortie-du-19-avril-2015-au-plateau-de-dina\/","name":"Sortie du 19 avril 2015 au Plateau de Dina - Groupe local Nice","isPartOf":{"@id":"https:\/\/paca.lpo.fr\/blogs\/nice\/#website"},"datePublished":"2015-05-13T05:11:46+00:00","breadcrumb":{"@id":"https:\/\/paca.lpo.fr\/blogs\/nice\/2015\/05\/13\/sortie-du-19-avril-2015-au-plateau-de-dina\/#breadcrumb"},"inLanguage":"fr-FR","potentialAction":[{"@type":"ReadAction","target":["https:\/\/paca.lpo.fr\/blogs\/nice\/2015\/05\/13\/sortie-du-19-avril-2015-au-plateau-de-dina\/"]}]},{"@type":"BreadcrumbList","@id":"https:\/\/paca.lpo.fr\/blogs\/nice\/2015\/05\/13\/sortie-du-19-avril-2015-au-plateau-de-dina\/#breadcrumb","itemListElement":[{"@type":"ListItem","position":1,"name":"Accueil","item":"https:\/\/paca.lpo.fr\/blogs\/nice\/"},{"@type":"ListItem","position":2,"name":"Sortie du 19 avril 2015 au Plateau de Dina"}]},{"@type":"WebSite","@id":"https:\/\/paca.lpo.fr\/blogs\/nice\/#website","url":"https:\/\/paca.lpo.fr\/blogs\/nice\/","name":"Groupe local Nice","description":"Groupe local Nice","publisher":{"@id":"https:\/\/paca.lpo.fr\/blogs\/nice\/#organization"},"potentialAction":[{"@type":"SearchAction","target":{"@type":"EntryPoint","urlTemplate":"https:\/\/paca.lpo.fr\/blogs\/nice\/?s={search_term_string}"},"query-input":{"@type":"PropertyValueSpecification","valueRequired":true,"valueName":"search_term_string"}}],"inLanguage":"fr-FR"},{"@type":"Organization","@id":"https:\/\/paca.lpo.fr\/blogs\/nice\/#organization","name":"Groupe local Nice","url":"https:\/\/paca.lpo.fr\/blogs\/nice\/","logo":{"@type":"ImageObject","inLanguage":"fr-FR","@id":"https:\/\/paca.lpo.fr\/blogs\/nice\/#\/schema\/logo\/image\/","url":"https:\/\/paca.lpo.fr\/blogs\/nice\/files\/2024\/01\/cropped-rvb-lpo-paca-logotype-signature-droite-mini-500.jpg","contentUrl":"https:\/\/paca.lpo.fr\/blogs\/nice\/files\/2024\/01\/cropped-rvb-lpo-paca-logotype-signature-droite-mini-500.jpg","width":500,"height":210,"caption":"Groupe local Nice"},"image":{"@id":"https:\/\/paca.lpo.fr\/blogs\/nice\/#\/schema\/logo\/image\/"}},{"@type":"Person","@id":"https:\/\/paca.lpo.fr\/blogs\/nice\/#\/schema\/person\/1bda33335fb71e0b3552487db26a4c56","name":"Groupe local Paillon-B\u00e9v\u00e9ra","image":{"@type":"ImageObject","inLanguage":"fr-FR","@id":"https:\/\/secure.gravatar.com\/avatar\/b1ee285506e2cb880ec988990d360e255aecb31c77212741dace1023623610c2?s=96&d=mm&r=g","url":"https:\/\/secure.gravatar.com\/avatar\/b1ee285506e2cb880ec988990d360e255aecb31c77212741dace1023623610c2?s=96&d=mm&r=g","contentUrl":"https:\/\/secure.gravatar.com\/avatar\/b1ee285506e2cb880ec988990d360e255aecb31c77212741dace1023623610c2?s=96&d=mm&r=g","caption":"Groupe local Paillon-B\u00e9v\u00e9ra"},"url":"https:\/\/paca.lpo.fr\/blogs\/nice\/author\/alpesmaritimesest\/"}]}},"jetpack_featured_media_url":"","_links":{"self":[{"href":"https:\/\/paca.lpo.fr\/blogs\/nice\/wp-json\/wp\/v2\/posts\/1272","targetHints":{"allow":["GET"]}}],"collection":[{"href":"https:\/\/paca.lpo.fr\/blogs\/nice\/wp-json\/wp\/v2\/posts"}],"about":[{"href":"https:\/\/paca.lpo.fr\/blogs\/nice\/wp-json\/wp\/v2\/types\/post"}],"author":[{"embeddable":true,"href":"https:\/\/paca.lpo.fr\/blogs\/nice\/wp-json\/wp\/v2\/users\/15"}],"replies":[{"embeddable":true,"href":"https:\/\/paca.lpo.fr\/blogs\/nice\/wp-json\/wp\/v2\/comments?post=1272"}],"version-history":[{"count":1,"href":"https:\/\/paca.lpo.fr\/blogs\/nice\/wp-json\/wp\/v2\/posts\/1272\/revisions"}],"predecessor-version":[{"id":1273,"href":"https:\/\/paca.lpo.fr\/blogs\/nice\/wp-json\/wp\/v2\/posts\/1272\/revisions\/1273"}],"wp:attachment":[{"href":"https:\/\/paca.lpo.fr\/blogs\/nice\/wp-json\/wp\/v2\/media?parent=1272"}],"wp:term":[{"taxonomy":"category","embeddable":true,"href":"https:\/\/paca.lpo.fr\/blogs\/nice\/wp-json\/wp\/v2\/categories?post=1272"},{"taxonomy":"post_tag","embeddable":true,"href":"https:\/\/paca.lpo.fr\/blogs\/nice\/wp-json\/wp\/v2\/tags?post=1272"}],"curies":[{"name":"wp","href":"https:\/\/api.w.org\/{rel}","templated":true}]}}