{"id":1275,"date":"2015-06-04T14:57:32","date_gmt":"2015-06-04T13:57:32","guid":{"rendered":"https:\/\/paca.lpo.fr\/blogs\/nice\/?p=1275"},"modified":"2015-06-10T07:19:18","modified_gmt":"2015-06-10T06:19:18","slug":"sortie-a-beuil-les-launes-dimanche-10-mai-2015","status":"publish","type":"post","link":"https:\/\/paca.lpo.fr\/blogs\/nice\/2015\/06\/04\/sortie-a-beuil-les-launes-dimanche-10-mai-2015\/","title":{"rendered":"Sortie \u00e0 Beuil les Launes, dimanche 10 mai 2015"},"content":{"rendered":"<p><span style=\"font-family: 'Helvetica','sans-serif'; font-size: 8.5pt;\"><strong><span style=\"color: #000000;\">En cette succession de jours f\u00e9ri\u00e9s beaucoup d\u2019habitu\u00e9s sont appel\u00e9s vers d\u2019autres cieux (peut \u00eatre d\u2019autres amours comme l\u2019a dit le po\u00e8te). Mais de sympathiques personnes nous ont rejoints pour une sortie qui s\u2019annonce sous des auspices les plus favorables !<\/span><\/strong><\/span><span style=\"font-family: 'Helvetica','sans-serif'; font-size: 8.5pt;\"><span style=\"color: #000000;\">\u00a0<\/span><\/span><\/p>\n<p><span style=\"font-family: 'Helvetica','sans-serif'; font-size: 8.5pt;\"><strong><span style=\"color: #000000;\">A peine descendu de voiture que les Rouges Queues \u00e0 Front blanc sont l\u00e0 en vedette am\u00e9ricaine ! Et comme nous d\u00e9marrons la randonn\u00e9e, fid\u00e8le \u00e0 leur poste au milieu des maisons, les Moineaux Cisalpins vont et viennent, se laissant photographier sur les toitures.<a href=\"https:\/\/paca.lpo.fr\/blogs\/nice\/files\/2015\/06\/15-05-10Moineaucisalpin-m-Copie.jpg\"><img loading=\"lazy\" decoding=\"async\" class=\"alignnone size-medium wp-image-1277\" src=\"https:\/\/paca.lpo.fr\/blogs\/nice\/files\/2015\/06\/15-05-10Moineaucisalpin-m-Copie-480x348.jpg\" alt=\"15-05-10Moineaucisalpin-m - Copie\" width=\"480\" height=\"348\" srcset=\"https:\/\/paca.lpo.fr\/blogs\/nice\/files\/2015\/06\/15-05-10Moineaucisalpin-m-Copie-480x348.jpg 480w, https:\/\/paca.lpo.fr\/blogs\/nice\/files\/2015\/06\/15-05-10Moineaucisalpin-m-Copie.jpg 658w\" sizes=\"auto, (max-width: 480px) 100vw, 480px\" \/><\/a><\/span><\/strong><\/span><\/p>\n<p><span style=\"font-family: 'Helvetica','sans-serif'; font-size: 8.5pt;\"><strong><span style=\"color: #000000;\">D\u00e9but de la mont\u00e9e, nous voil\u00e0 dans des milieux ouverts qui nous permettent d\u2019int\u00e9ressantes observations de Pie Gri\u00e8che Ecorcheur, de Linottes M\u00e9lodieuses et d\u2019un Serin Cini, bien jaune ma foi ! Des Corneilles Noires passent, nous progressons vers une densification plus importantes des arbres, admirons le vert neuf des m\u00e9l\u00e8zes, arbres qui bruissent des chants des Pouillot V\u00e9loce, de nos petites M\u00e9sanges Bleues, et bient\u00f4t des M\u00e9sanges Noires, encore suivis de ceux des Pinsons de l\u2019arbre.<\/span><\/strong><\/span><span style=\"font-family: 'Helvetica','sans-serif'; font-size: 8.5pt;\"><span style=\"color: #000000;\">\u00a0<\/span><\/span><\/p>\n<p><span style=\"font-family: 'Helvetica','sans-serif'; font-size: 8.5pt;\"><strong><span style=\"color: #000000;\">Nous mangeons un peu au dessus du Lac de Beuil, avec Socca, force relief, et beaucoup de g\u00e2terie, mais dans les trou\u00e9es des arbres, au dessus de nous, passent, un Faucon hobereau \u00e0 plusieurs reprises, d\u2019abord un, et ensuite d\u2019autres Vautours Fauves, et,aussi, deux Grands Corbeaux.<\/span><\/strong><\/span><\/p>\n<p><span style=\"font-family: 'Helvetica','sans-serif'; font-size: 8.5pt;\"><strong><span style=\"color: #000000;\">Nous sommes redescendus tranquillement, avec pratiquement les m\u00eames chants de nos petits amis ail\u00e9s, et, j\u2019ai oubli\u00e9 d\u2019en parler, les cris de Pics Verts et de Pics Noirs. Avant d\u2019arriver aux voitures, quelques marmottes s\u2019\u00e9gayent dans les pr\u00e9s.<\/span><\/strong><\/span><span style=\"font-family: 'Helvetica','sans-serif'; font-size: 8.5pt;\"><span style=\"color: #000000;\">\u00a0<\/span><\/span><\/p>\n<p><span style=\"font-family: 'Helvetica','sans-serif'; font-size: 8.5pt;\"><strong><span style=\"color: #000000;\">Nous avons profit\u00e9 d\u2019une belle journ\u00e9e ensoleill\u00e9e, et de magnifiques paysages.\u00a0<\/span><\/strong><\/span><span style=\"font-family: 'Helvetica','sans-serif'; font-size: 8.5pt;\"><strong><span style=\"color: #000000;\">Et comme l\u2019a dit l\u2019ami Baudelaire \u00ab\u00a0Nous avons\u00a0 cueillis quelques croquis, fr\u00e8res qui trouvez beau tout ce qui vient de loin !\u00a0\u00bb Je joins quelques photos quoi\u2026<\/span><\/strong><\/span><span style=\"font-family: 'Helvetica','sans-serif'; font-size: 8.5pt;\"><strong><span style=\"color: #000000;\">Bernard Leroux<a href=\"https:\/\/paca.lpo.fr\/blogs\/nice\/files\/2015\/06\/DSC04139-1.jpg\"><img loading=\"lazy\" decoding=\"async\" class=\"alignnone size-medium wp-image-1276\" src=\"https:\/\/paca.lpo.fr\/blogs\/nice\/files\/2015\/06\/DSC04139-1-480x360.jpg\" alt=\"DSC04139 (1)\" width=\"480\" height=\"360\" srcset=\"https:\/\/paca.lpo.fr\/blogs\/nice\/files\/2015\/06\/DSC04139-1-480x360.jpg 480w, https:\/\/paca.lpo.fr\/blogs\/nice\/files\/2015\/06\/DSC04139-1-700x525.jpg 700w, https:\/\/paca.lpo.fr\/blogs\/nice\/files\/2015\/06\/DSC04139-1.jpg 750w\" sizes=\"auto, (max-width: 480px) 100vw, 480px\" \/><\/a><\/span><\/strong><\/span><\/p>\n<p>&nbsp;<\/p>\n","protected":false},"excerpt":{"rendered":"<p>En cette succession de jours f\u00e9ri\u00e9s beaucoup d\u2019habitu\u00e9s sont appel\u00e9s vers d\u2019autres cieux (peut \u00eatre d\u2019autres amours comme l\u2019a dit le po\u00e8te). Mais de sympathiques personnes nous ont rejoints pour une sortie qui s\u2019annonce sous des auspices les plus favorables !\u00a0 A peine descendu de voiture que les Rouges Queues \u00e0 Front blanc sont l\u00e0 [&hellip;]<\/p>\n","protected":false},"author":15,"featured_media":1277,"comment_status":"open","ping_status":"open","sticky":false,"template":"","format":"standard","meta":{"footnotes":""},"categories":[1],"tags":[],"class_list":["post-1275","post","type-post","status-publish","format-standard","has-post-thumbnail","hentry","category-sorties-nature"],"yoast_head":"<!-- This site is optimized with the Yoast SEO plugin v28.3 - https:\/\/yoast.com\/product\/yoast-seo-wordpress\/ -->\n<title>Sortie \u00e0 Beuil les Launes, dimanche 10 mai 2015 - Groupe local Nice<\/title>\n<meta name=\"robots\" content=\"index, follow, max-snippet:-1, max-image-preview:large, max-video-preview:-1\" \/>\n<link rel=\"canonical\" href=\"https:\/\/paca.lpo.fr\/blogs\/nice\/2015\/06\/04\/sortie-a-beuil-les-launes-dimanche-10-mai-2015\/\" \/>\n<meta property=\"og:locale\" content=\"fr_FR\" \/>\n<meta property=\"og:type\" content=\"article\" \/>\n<meta property=\"og:title\" content=\"Sortie \u00e0 Beuil les Launes, dimanche 10 mai 2015 - Groupe local Nice\" \/>\n<meta property=\"og:description\" content=\"En cette succession de jours f\u00e9ri\u00e9s beaucoup d\u2019habitu\u00e9s sont appel\u00e9s vers d\u2019autres cieux (peut \u00eatre d\u2019autres amours comme l\u2019a dit le po\u00e8te). Mais de sympathiques personnes nous ont rejoints pour une sortie qui s\u2019annonce sous des auspices les plus favorables !\u00a0 A peine descendu de voiture que les Rouges Queues \u00e0 Front blanc sont l\u00e0 [&hellip;]\" \/>\n<meta property=\"og:url\" content=\"https:\/\/paca.lpo.fr\/blogs\/nice\/2015\/06\/04\/sortie-a-beuil-les-launes-dimanche-10-mai-2015\/\" \/>\n<meta property=\"og:site_name\" content=\"Groupe local Nice\" \/>\n<meta property=\"article:published_time\" content=\"2015-06-04T13:57:32+00:00\" \/>\n<meta property=\"article:modified_time\" content=\"2015-06-10T06:19:18+00:00\" \/>\n<meta property=\"og:image\" content=\"https:\/\/paca.lpo.fr\/blogs\/nice\/files\/2015\/06\/15-05-10Moineaucisalpin-m-Copie.jpg\" \/>\n\t<meta property=\"og:image:width\" content=\"658\" \/>\n\t<meta property=\"og:image:height\" content=\"477\" \/>\n\t<meta property=\"og:image:type\" content=\"image\/jpeg\" \/>\n<meta name=\"author\" content=\"Groupe local Paillon-B\u00e9v\u00e9ra\" \/>\n<meta name=\"twitter:card\" content=\"summary_large_image\" \/>\n<meta name=\"twitter:label1\" content=\"\u00c9crit par\" \/>\n\t<meta name=\"twitter:data1\" content=\"Groupe local Paillon-B\u00e9v\u00e9ra\" \/>\n\t<meta name=\"twitter:label2\" content=\"Dur\u00e9e de lecture estim\u00e9e\" \/>\n\t<meta name=\"twitter:data2\" content=\"2 minutes\" \/>\n<script type=\"application\/ld+json\" class=\"yoast-schema-graph\">{\"@context\":\"https:\\\/\\\/schema.org\",\"@graph\":[{\"@type\":\"Article\",\"@id\":\"https:\\\/\\\/paca.lpo.fr\\\/blogs\\\/nice\\\/2015\\\/06\\\/04\\\/sortie-a-beuil-les-launes-dimanche-10-mai-2015\\\/#article\",\"isPartOf\":{\"@id\":\"https:\\\/\\\/paca.lpo.fr\\\/blogs\\\/nice\\\/2015\\\/06\\\/04\\\/sortie-a-beuil-les-launes-dimanche-10-mai-2015\\\/\"},\"author\":{\"name\":\"Groupe local Paillon-B\u00e9v\u00e9ra\",\"@id\":\"https:\\\/\\\/paca.lpo.fr\\\/blogs\\\/nice\\\/#\\\/schema\\\/person\\\/1bda33335fb71e0b3552487db26a4c56\"},\"headline\":\"Sortie \u00e0 Beuil les Launes, dimanche 10 mai 2015\",\"datePublished\":\"2015-06-04T13:57:32+00:00\",\"dateModified\":\"2015-06-10T06:19:18+00:00\",\"mainEntityOfPage\":{\"@id\":\"https:\\\/\\\/paca.lpo.fr\\\/blogs\\\/nice\\\/2015\\\/06\\\/04\\\/sortie-a-beuil-les-launes-dimanche-10-mai-2015\\\/\"},\"wordCount\":331,\"commentCount\":0,\"publisher\":{\"@id\":\"https:\\\/\\\/paca.lpo.fr\\\/blogs\\\/nice\\\/#organization\"},\"image\":{\"@id\":\"https:\\\/\\\/paca.lpo.fr\\\/blogs\\\/nice\\\/2015\\\/06\\\/04\\\/sortie-a-beuil-les-launes-dimanche-10-mai-2015\\\/#primaryimage\"},\"thumbnailUrl\":\"https:\\\/\\\/paca.lpo.fr\\\/blogs\\\/nice\\\/files\\\/2015\\\/06\\\/15-05-10Moineaucisalpin-m-Copie.jpg\",\"articleSection\":[\"grands \u00e9v\u00e8nements\"],\"inLanguage\":\"fr-FR\",\"potentialAction\":[{\"@type\":\"CommentAction\",\"name\":\"Comment\",\"target\":[\"https:\\\/\\\/paca.lpo.fr\\\/blogs\\\/nice\\\/2015\\\/06\\\/04\\\/sortie-a-beuil-les-launes-dimanche-10-mai-2015\\\/#respond\"]}]},{\"@type\":\"WebPage\",\"@id\":\"https:\\\/\\\/paca.lpo.fr\\\/blogs\\\/nice\\\/2015\\\/06\\\/04\\\/sortie-a-beuil-les-launes-dimanche-10-mai-2015\\\/\",\"url\":\"https:\\\/\\\/paca.lpo.fr\\\/blogs\\\/nice\\\/2015\\\/06\\\/04\\\/sortie-a-beuil-les-launes-dimanche-10-mai-2015\\\/\",\"name\":\"Sortie \u00e0 Beuil les Launes, dimanche 10 mai 2015 - Groupe local Nice\",\"isPartOf\":{\"@id\":\"https:\\\/\\\/paca.lpo.fr\\\/blogs\\\/nice\\\/#website\"},\"primaryImageOfPage\":{\"@id\":\"https:\\\/\\\/paca.lpo.fr\\\/blogs\\\/nice\\\/2015\\\/06\\\/04\\\/sortie-a-beuil-les-launes-dimanche-10-mai-2015\\\/#primaryimage\"},\"image\":{\"@id\":\"https:\\\/\\\/paca.lpo.fr\\\/blogs\\\/nice\\\/2015\\\/06\\\/04\\\/sortie-a-beuil-les-launes-dimanche-10-mai-2015\\\/#primaryimage\"},\"thumbnailUrl\":\"https:\\\/\\\/paca.lpo.fr\\\/blogs\\\/nice\\\/files\\\/2015\\\/06\\\/15-05-10Moineaucisalpin-m-Copie.jpg\",\"datePublished\":\"2015-06-04T13:57:32+00:00\",\"dateModified\":\"2015-06-10T06:19:18+00:00\",\"breadcrumb\":{\"@id\":\"https:\\\/\\\/paca.lpo.fr\\\/blogs\\\/nice\\\/2015\\\/06\\\/04\\\/sortie-a-beuil-les-launes-dimanche-10-mai-2015\\\/#breadcrumb\"},\"inLanguage\":\"fr-FR\",\"potentialAction\":[{\"@type\":\"ReadAction\",\"target\":[\"https:\\\/\\\/paca.lpo.fr\\\/blogs\\\/nice\\\/2015\\\/06\\\/04\\\/sortie-a-beuil-les-launes-dimanche-10-mai-2015\\\/\"]}]},{\"@type\":\"ImageObject\",\"inLanguage\":\"fr-FR\",\"@id\":\"https:\\\/\\\/paca.lpo.fr\\\/blogs\\\/nice\\\/2015\\\/06\\\/04\\\/sortie-a-beuil-les-launes-dimanche-10-mai-2015\\\/#primaryimage\",\"url\":\"https:\\\/\\\/paca.lpo.fr\\\/blogs\\\/nice\\\/files\\\/2015\\\/06\\\/15-05-10Moineaucisalpin-m-Copie.jpg\",\"contentUrl\":\"https:\\\/\\\/paca.lpo.fr\\\/blogs\\\/nice\\\/files\\\/2015\\\/06\\\/15-05-10Moineaucisalpin-m-Copie.jpg\",\"width\":658,\"height\":477},{\"@type\":\"BreadcrumbList\",\"@id\":\"https:\\\/\\\/paca.lpo.fr\\\/blogs\\\/nice\\\/2015\\\/06\\\/04\\\/sortie-a-beuil-les-launes-dimanche-10-mai-2015\\\/#breadcrumb\",\"itemListElement\":[{\"@type\":\"ListItem\",\"position\":1,\"name\":\"Accueil\",\"item\":\"https:\\\/\\\/paca.lpo.fr\\\/blogs\\\/nice\\\/\"},{\"@type\":\"ListItem\",\"position\":2,\"name\":\"Sortie \u00e0 Beuil les Launes, dimanche 10 mai 2015\"}]},{\"@type\":\"WebSite\",\"@id\":\"https:\\\/\\\/paca.lpo.fr\\\/blogs\\\/nice\\\/#website\",\"url\":\"https:\\\/\\\/paca.lpo.fr\\\/blogs\\\/nice\\\/\",\"name\":\"Groupe local Nice\",\"description\":\"Groupe local Nice\",\"publisher\":{\"@id\":\"https:\\\/\\\/paca.lpo.fr\\\/blogs\\\/nice\\\/#organization\"},\"potentialAction\":[{\"@type\":\"SearchAction\",\"target\":{\"@type\":\"EntryPoint\",\"urlTemplate\":\"https:\\\/\\\/paca.lpo.fr\\\/blogs\\\/nice\\\/?s={search_term_string}\"},\"query-input\":{\"@type\":\"PropertyValueSpecification\",\"valueRequired\":true,\"valueName\":\"search_term_string\"}}],\"inLanguage\":\"fr-FR\"},{\"@type\":\"Organization\",\"@id\":\"https:\\\/\\\/paca.lpo.fr\\\/blogs\\\/nice\\\/#organization\",\"name\":\"Groupe local Nice\",\"url\":\"https:\\\/\\\/paca.lpo.fr\\\/blogs\\\/nice\\\/\",\"logo\":{\"@type\":\"ImageObject\",\"inLanguage\":\"fr-FR\",\"@id\":\"https:\\\/\\\/paca.lpo.fr\\\/blogs\\\/nice\\\/#\\\/schema\\\/logo\\\/image\\\/\",\"url\":\"https:\\\/\\\/paca.lpo.fr\\\/blogs\\\/nice\\\/files\\\/2024\\\/01\\\/cropped-rvb-lpo-paca-logotype-signature-droite-mini-500.jpg\",\"contentUrl\":\"https:\\\/\\\/paca.lpo.fr\\\/blogs\\\/nice\\\/files\\\/2024\\\/01\\\/cropped-rvb-lpo-paca-logotype-signature-droite-mini-500.jpg\",\"width\":500,\"height\":210,\"caption\":\"Groupe local Nice\"},\"image\":{\"@id\":\"https:\\\/\\\/paca.lpo.fr\\\/blogs\\\/nice\\\/#\\\/schema\\\/logo\\\/image\\\/\"}},{\"@type\":\"Person\",\"@id\":\"https:\\\/\\\/paca.lpo.fr\\\/blogs\\\/nice\\\/#\\\/schema\\\/person\\\/1bda33335fb71e0b3552487db26a4c56\",\"name\":\"Groupe local Paillon-B\u00e9v\u00e9ra\",\"image\":{\"@type\":\"ImageObject\",\"inLanguage\":\"fr-FR\",\"@id\":\"https:\\\/\\\/secure.gravatar.com\\\/avatar\\\/b1ee285506e2cb880ec988990d360e255aecb31c77212741dace1023623610c2?s=96&d=mm&r=g\",\"url\":\"https:\\\/\\\/secure.gravatar.com\\\/avatar\\\/b1ee285506e2cb880ec988990d360e255aecb31c77212741dace1023623610c2?s=96&d=mm&r=g\",\"contentUrl\":\"https:\\\/\\\/secure.gravatar.com\\\/avatar\\\/b1ee285506e2cb880ec988990d360e255aecb31c77212741dace1023623610c2?s=96&d=mm&r=g\",\"caption\":\"Groupe local Paillon-B\u00e9v\u00e9ra\"},\"url\":\"https:\\\/\\\/paca.lpo.fr\\\/blogs\\\/nice\\\/author\\\/alpesmaritimesest\\\/\"}]}<\/script>\n<!-- \/ Yoast SEO plugin. -->","yoast_head_json":{"title":"Sortie \u00e0 Beuil les Launes, dimanche 10 mai 2015 - Groupe local Nice","robots":{"index":"index","follow":"follow","max-snippet":"max-snippet:-1","max-image-preview":"max-image-preview:large","max-video-preview":"max-video-preview:-1"},"canonical":"https:\/\/paca.lpo.fr\/blogs\/nice\/2015\/06\/04\/sortie-a-beuil-les-launes-dimanche-10-mai-2015\/","og_locale":"fr_FR","og_type":"article","og_title":"Sortie \u00e0 Beuil les Launes, dimanche 10 mai 2015 - Groupe local Nice","og_description":"En cette succession de jours f\u00e9ri\u00e9s beaucoup d\u2019habitu\u00e9s sont appel\u00e9s vers d\u2019autres cieux (peut \u00eatre d\u2019autres amours comme l\u2019a dit le po\u00e8te). Mais de sympathiques personnes nous ont rejoints pour une sortie qui s\u2019annonce sous des auspices les plus favorables !\u00a0 A peine descendu de voiture que les Rouges Queues \u00e0 Front blanc sont l\u00e0 [&hellip;]","og_url":"https:\/\/paca.lpo.fr\/blogs\/nice\/2015\/06\/04\/sortie-a-beuil-les-launes-dimanche-10-mai-2015\/","og_site_name":"Groupe local Nice","article_published_time":"2015-06-04T13:57:32+00:00","article_modified_time":"2015-06-10T06:19:18+00:00","og_image":[{"width":658,"height":477,"url":"https:\/\/paca.lpo.fr\/blogs\/nice\/files\/2015\/06\/15-05-10Moineaucisalpin-m-Copie.jpg","type":"image\/jpeg"}],"author":"Groupe local Paillon-B\u00e9v\u00e9ra","twitter_card":"summary_large_image","twitter_misc":{"\u00c9crit par":"Groupe local Paillon-B\u00e9v\u00e9ra","Dur\u00e9e de lecture estim\u00e9e":"2 minutes"},"schema":{"@context":"https:\/\/schema.org","@graph":[{"@type":"Article","@id":"https:\/\/paca.lpo.fr\/blogs\/nice\/2015\/06\/04\/sortie-a-beuil-les-launes-dimanche-10-mai-2015\/#article","isPartOf":{"@id":"https:\/\/paca.lpo.fr\/blogs\/nice\/2015\/06\/04\/sortie-a-beuil-les-launes-dimanche-10-mai-2015\/"},"author":{"name":"Groupe local Paillon-B\u00e9v\u00e9ra","@id":"https:\/\/paca.lpo.fr\/blogs\/nice\/#\/schema\/person\/1bda33335fb71e0b3552487db26a4c56"},"headline":"Sortie \u00e0 Beuil les Launes, dimanche 10 mai 2015","datePublished":"2015-06-04T13:57:32+00:00","dateModified":"2015-06-10T06:19:18+00:00","mainEntityOfPage":{"@id":"https:\/\/paca.lpo.fr\/blogs\/nice\/2015\/06\/04\/sortie-a-beuil-les-launes-dimanche-10-mai-2015\/"},"wordCount":331,"commentCount":0,"publisher":{"@id":"https:\/\/paca.lpo.fr\/blogs\/nice\/#organization"},"image":{"@id":"https:\/\/paca.lpo.fr\/blogs\/nice\/2015\/06\/04\/sortie-a-beuil-les-launes-dimanche-10-mai-2015\/#primaryimage"},"thumbnailUrl":"https:\/\/paca.lpo.fr\/blogs\/nice\/files\/2015\/06\/15-05-10Moineaucisalpin-m-Copie.jpg","articleSection":["grands \u00e9v\u00e8nements"],"inLanguage":"fr-FR","potentialAction":[{"@type":"CommentAction","name":"Comment","target":["https:\/\/paca.lpo.fr\/blogs\/nice\/2015\/06\/04\/sortie-a-beuil-les-launes-dimanche-10-mai-2015\/#respond"]}]},{"@type":"WebPage","@id":"https:\/\/paca.lpo.fr\/blogs\/nice\/2015\/06\/04\/sortie-a-beuil-les-launes-dimanche-10-mai-2015\/","url":"https:\/\/paca.lpo.fr\/blogs\/nice\/2015\/06\/04\/sortie-a-beuil-les-launes-dimanche-10-mai-2015\/","name":"Sortie \u00e0 Beuil les Launes, dimanche 10 mai 2015 - Groupe local Nice","isPartOf":{"@id":"https:\/\/paca.lpo.fr\/blogs\/nice\/#website"},"primaryImageOfPage":{"@id":"https:\/\/paca.lpo.fr\/blogs\/nice\/2015\/06\/04\/sortie-a-beuil-les-launes-dimanche-10-mai-2015\/#primaryimage"},"image":{"@id":"https:\/\/paca.lpo.fr\/blogs\/nice\/2015\/06\/04\/sortie-a-beuil-les-launes-dimanche-10-mai-2015\/#primaryimage"},"thumbnailUrl":"https:\/\/paca.lpo.fr\/blogs\/nice\/files\/2015\/06\/15-05-10Moineaucisalpin-m-Copie.jpg","datePublished":"2015-06-04T13:57:32+00:00","dateModified":"2015-06-10T06:19:18+00:00","breadcrumb":{"@id":"https:\/\/paca.lpo.fr\/blogs\/nice\/2015\/06\/04\/sortie-a-beuil-les-launes-dimanche-10-mai-2015\/#breadcrumb"},"inLanguage":"fr-FR","potentialAction":[{"@type":"ReadAction","target":["https:\/\/paca.lpo.fr\/blogs\/nice\/2015\/06\/04\/sortie-a-beuil-les-launes-dimanche-10-mai-2015\/"]}]},{"@type":"ImageObject","inLanguage":"fr-FR","@id":"https:\/\/paca.lpo.fr\/blogs\/nice\/2015\/06\/04\/sortie-a-beuil-les-launes-dimanche-10-mai-2015\/#primaryimage","url":"https:\/\/paca.lpo.fr\/blogs\/nice\/files\/2015\/06\/15-05-10Moineaucisalpin-m-Copie.jpg","contentUrl":"https:\/\/paca.lpo.fr\/blogs\/nice\/files\/2015\/06\/15-05-10Moineaucisalpin-m-Copie.jpg","width":658,"height":477},{"@type":"BreadcrumbList","@id":"https:\/\/paca.lpo.fr\/blogs\/nice\/2015\/06\/04\/sortie-a-beuil-les-launes-dimanche-10-mai-2015\/#breadcrumb","itemListElement":[{"@type":"ListItem","position":1,"name":"Accueil","item":"https:\/\/paca.lpo.fr\/blogs\/nice\/"},{"@type":"ListItem","position":2,"name":"Sortie \u00e0 Beuil les Launes, dimanche 10 mai 2015"}]},{"@type":"WebSite","@id":"https:\/\/paca.lpo.fr\/blogs\/nice\/#website","url":"https:\/\/paca.lpo.fr\/blogs\/nice\/","name":"Groupe local Nice","description":"Groupe local Nice","publisher":{"@id":"https:\/\/paca.lpo.fr\/blogs\/nice\/#organization"},"potentialAction":[{"@type":"SearchAction","target":{"@type":"EntryPoint","urlTemplate":"https:\/\/paca.lpo.fr\/blogs\/nice\/?s={search_term_string}"},"query-input":{"@type":"PropertyValueSpecification","valueRequired":true,"valueName":"search_term_string"}}],"inLanguage":"fr-FR"},{"@type":"Organization","@id":"https:\/\/paca.lpo.fr\/blogs\/nice\/#organization","name":"Groupe local Nice","url":"https:\/\/paca.lpo.fr\/blogs\/nice\/","logo":{"@type":"ImageObject","inLanguage":"fr-FR","@id":"https:\/\/paca.lpo.fr\/blogs\/nice\/#\/schema\/logo\/image\/","url":"https:\/\/paca.lpo.fr\/blogs\/nice\/files\/2024\/01\/cropped-rvb-lpo-paca-logotype-signature-droite-mini-500.jpg","contentUrl":"https:\/\/paca.lpo.fr\/blogs\/nice\/files\/2024\/01\/cropped-rvb-lpo-paca-logotype-signature-droite-mini-500.jpg","width":500,"height":210,"caption":"Groupe local Nice"},"image":{"@id":"https:\/\/paca.lpo.fr\/blogs\/nice\/#\/schema\/logo\/image\/"}},{"@type":"Person","@id":"https:\/\/paca.lpo.fr\/blogs\/nice\/#\/schema\/person\/1bda33335fb71e0b3552487db26a4c56","name":"Groupe local Paillon-B\u00e9v\u00e9ra","image":{"@type":"ImageObject","inLanguage":"fr-FR","@id":"https:\/\/secure.gravatar.com\/avatar\/b1ee285506e2cb880ec988990d360e255aecb31c77212741dace1023623610c2?s=96&d=mm&r=g","url":"https:\/\/secure.gravatar.com\/avatar\/b1ee285506e2cb880ec988990d360e255aecb31c77212741dace1023623610c2?s=96&d=mm&r=g","contentUrl":"https:\/\/secure.gravatar.com\/avatar\/b1ee285506e2cb880ec988990d360e255aecb31c77212741dace1023623610c2?s=96&d=mm&r=g","caption":"Groupe local Paillon-B\u00e9v\u00e9ra"},"url":"https:\/\/paca.lpo.fr\/blogs\/nice\/author\/alpesmaritimesest\/"}]}},"jetpack_featured_media_url":"https:\/\/paca.lpo.fr\/blogs\/nice\/files\/2015\/06\/15-05-10Moineaucisalpin-m-Copie.jpg","_links":{"self":[{"href":"https:\/\/paca.lpo.fr\/blogs\/nice\/wp-json\/wp\/v2\/posts\/1275","targetHints":{"allow":["GET"]}}],"collection":[{"href":"https:\/\/paca.lpo.fr\/blogs\/nice\/wp-json\/wp\/v2\/posts"}],"about":[{"href":"https:\/\/paca.lpo.fr\/blogs\/nice\/wp-json\/wp\/v2\/types\/post"}],"author":[{"embeddable":true,"href":"https:\/\/paca.lpo.fr\/blogs\/nice\/wp-json\/wp\/v2\/users\/15"}],"replies":[{"embeddable":true,"href":"https:\/\/paca.lpo.fr\/blogs\/nice\/wp-json\/wp\/v2\/comments?post=1275"}],"version-history":[{"count":2,"href":"https:\/\/paca.lpo.fr\/blogs\/nice\/wp-json\/wp\/v2\/posts\/1275\/revisions"}],"predecessor-version":[{"id":1288,"href":"https:\/\/paca.lpo.fr\/blogs\/nice\/wp-json\/wp\/v2\/posts\/1275\/revisions\/1288"}],"wp:featuredmedia":[{"embeddable":true,"href":"https:\/\/paca.lpo.fr\/blogs\/nice\/wp-json\/wp\/v2\/media\/1277"}],"wp:attachment":[{"href":"https:\/\/paca.lpo.fr\/blogs\/nice\/wp-json\/wp\/v2\/media?parent=1275"}],"wp:term":[{"taxonomy":"category","embeddable":true,"href":"https:\/\/paca.lpo.fr\/blogs\/nice\/wp-json\/wp\/v2\/categories?post=1275"},{"taxonomy":"post_tag","embeddable":true,"href":"https:\/\/paca.lpo.fr\/blogs\/nice\/wp-json\/wp\/v2\/tags?post=1275"}],"curies":[{"name":"wp","href":"https:\/\/api.w.org\/{rel}","templated":true}]}}