{"id":1291,"date":"2015-06-14T08:57:53","date_gmt":"2015-06-14T07:57:53","guid":{"rendered":"https:\/\/paca.lpo.fr\/blogs\/nice\/?p=1291"},"modified":"2015-06-14T09:34:01","modified_gmt":"2015-06-14T08:34:01","slug":"fete-de-la-nature-les-rendez-vous-de-lenvironnement-dans-les-alpes-maritimes","status":"publish","type":"post","link":"https:\/\/paca.lpo.fr\/blogs\/nice\/2015\/06\/14\/fete-de-la-nature-les-rendez-vous-de-lenvironnement-dans-les-alpes-maritimes\/","title":{"rendered":"F\u00eate de la Nature, les \u00ab\u00a0Rendez-vous de l&rsquo;Environnement\u00a0\u00bb dans les Alpes Maritimes"},"content":{"rendered":"<p>Les salari\u00e9s et les b\u00e9n\u00e9voles des Alpes Maritimes ont particip\u00e9 \u00e0 de\u00a0nombreuses manifestations dans le cadre de la Semaine Europ\u00e9enne du D\u00e9veloppement Durable, la F\u00eate de la nature, dont des animations au Promenade du Paillon du 20 mai au 5 juin.<\/p>\n<p>Voici Eve, notre animatrice, avec les petits ni\u00e7ois le 5 juin<\/p>\n<p><a href=\"https:\/\/paca.lpo.fr\/blogs\/nice\/files\/2015\/06\/2015-06-05Nice-21-Copie.jpg\"><img loading=\"lazy\" decoding=\"async\" class=\"alignnone size-medium wp-image-1292\" src=\"https:\/\/paca.lpo.fr\/blogs\/nice\/files\/2015\/06\/2015-06-05Nice-21-Copie-480x360.jpg\" alt=\"2015-06-05Nice (21) - Copie\" width=\"480\" height=\"360\" srcset=\"https:\/\/paca.lpo.fr\/blogs\/nice\/files\/2015\/06\/2015-06-05Nice-21-Copie-480x360.jpg 480w, https:\/\/paca.lpo.fr\/blogs\/nice\/files\/2015\/06\/2015-06-05Nice-21-Copie.jpg 622w\" sizes=\"auto, (max-width: 480px) 100vw, 480px\" \/><\/a><\/p>\n","protected":false},"excerpt":{"rendered":"<p>Les salari\u00e9s et les b\u00e9n\u00e9voles des Alpes Maritimes ont particip\u00e9 \u00e0 de\u00a0nombreuses manifestations dans le cadre de la Semaine Europ\u00e9enne du D\u00e9veloppement Durable, la F\u00eate de la nature, dont des animations au Promenade du Paillon du 20 mai au 5 juin. Voici Eve, notre animatrice, avec les petits ni\u00e7ois le 5 juin<\/p>\n","protected":false},"author":15,"featured_media":0,"comment_status":"open","ping_status":"open","sticky":false,"template":"","format":"standard","meta":{"footnotes":""},"categories":[3],"tags":[],"class_list":["post-1291","post","type-post","status-publish","format-standard","hentry","category-vie-groupe"],"yoast_head":"<!-- This site is optimized with the Yoast SEO plugin v28.3 - https:\/\/yoast.com\/product\/yoast-seo-wordpress\/ -->\n<title>F\u00eate de la Nature, les &quot;Rendez-vous de l&#039;Environnement&quot; dans les Alpes Maritimes - Groupe local Nice<\/title>\n<meta name=\"robots\" content=\"index, follow, max-snippet:-1, max-image-preview:large, max-video-preview:-1\" \/>\n<link rel=\"canonical\" href=\"https:\/\/paca.lpo.fr\/blogs\/nice\/2015\/06\/14\/fete-de-la-nature-les-rendez-vous-de-lenvironnement-dans-les-alpes-maritimes\/\" \/>\n<meta property=\"og:locale\" content=\"fr_FR\" \/>\n<meta property=\"og:type\" content=\"article\" \/>\n<meta property=\"og:title\" content=\"F\u00eate de la Nature, les &quot;Rendez-vous de l&#039;Environnement&quot; dans les Alpes Maritimes - Groupe local Nice\" \/>\n<meta property=\"og:description\" content=\"Les salari\u00e9s et les b\u00e9n\u00e9voles des Alpes Maritimes ont particip\u00e9 \u00e0 de\u00a0nombreuses manifestations dans le cadre de la Semaine Europ\u00e9enne du D\u00e9veloppement Durable, la F\u00eate de la nature, dont des animations au Promenade du Paillon du 20 mai au 5 juin. Voici Eve, notre animatrice, avec les petits ni\u00e7ois le 5 juin\" \/>\n<meta property=\"og:url\" content=\"https:\/\/paca.lpo.fr\/blogs\/nice\/2015\/06\/14\/fete-de-la-nature-les-rendez-vous-de-lenvironnement-dans-les-alpes-maritimes\/\" \/>\n<meta property=\"og:site_name\" content=\"Groupe local Nice\" \/>\n<meta property=\"article:published_time\" content=\"2015-06-14T07:57:53+00:00\" \/>\n<meta property=\"article:modified_time\" content=\"2015-06-14T08:34:01+00:00\" \/>\n<meta property=\"og:image\" content=\"https:\/\/paca.lpo.fr\/blogs\/nice\/files\/2015\/06\/2015-06-05Nice-21-Copie-480x360.jpg\" \/>\n<meta name=\"author\" content=\"Groupe local Paillon-B\u00e9v\u00e9ra\" \/>\n<meta name=\"twitter:card\" content=\"summary_large_image\" \/>\n<meta name=\"twitter:label1\" content=\"\u00c9crit par\" \/>\n\t<meta name=\"twitter:data1\" content=\"Groupe local Paillon-B\u00e9v\u00e9ra\" \/>\n<script type=\"application\/ld+json\" class=\"yoast-schema-graph\">{\"@context\":\"https:\\\/\\\/schema.org\",\"@graph\":[{\"@type\":\"Article\",\"@id\":\"https:\\\/\\\/paca.lpo.fr\\\/blogs\\\/nice\\\/2015\\\/06\\\/14\\\/fete-de-la-nature-les-rendez-vous-de-lenvironnement-dans-les-alpes-maritimes\\\/#article\",\"isPartOf\":{\"@id\":\"https:\\\/\\\/paca.lpo.fr\\\/blogs\\\/nice\\\/2015\\\/06\\\/14\\\/fete-de-la-nature-les-rendez-vous-de-lenvironnement-dans-les-alpes-maritimes\\\/\"},\"author\":{\"name\":\"Groupe local Paillon-B\u00e9v\u00e9ra\",\"@id\":\"https:\\\/\\\/paca.lpo.fr\\\/blogs\\\/nice\\\/#\\\/schema\\\/person\\\/1bda33335fb71e0b3552487db26a4c56\"},\"headline\":\"F\u00eate de la Nature, les \u00ab\u00a0Rendez-vous de l&rsquo;Environnement\u00a0\u00bb dans les Alpes Maritimes\",\"datePublished\":\"2015-06-14T07:57:53+00:00\",\"dateModified\":\"2015-06-14T08:34:01+00:00\",\"mainEntityOfPage\":{\"@id\":\"https:\\\/\\\/paca.lpo.fr\\\/blogs\\\/nice\\\/2015\\\/06\\\/14\\\/fete-de-la-nature-les-rendez-vous-de-lenvironnement-dans-les-alpes-maritimes\\\/\"},\"wordCount\":70,\"commentCount\":0,\"publisher\":{\"@id\":\"https:\\\/\\\/paca.lpo.fr\\\/blogs\\\/nice\\\/#organization\"},\"image\":{\"@id\":\"https:\\\/\\\/paca.lpo.fr\\\/blogs\\\/nice\\\/2015\\\/06\\\/14\\\/fete-de-la-nature-les-rendez-vous-de-lenvironnement-dans-les-alpes-maritimes\\\/#primaryimage\"},\"thumbnailUrl\":\"https:\\\/\\\/paca.lpo.fr\\\/blogs\\\/nice\\\/files\\\/2015\\\/06\\\/2015-06-05Nice-21-Copie-480x360.jpg\",\"articleSection\":[\"Vie du groupe\"],\"inLanguage\":\"fr-FR\",\"potentialAction\":[{\"@type\":\"CommentAction\",\"name\":\"Comment\",\"target\":[\"https:\\\/\\\/paca.lpo.fr\\\/blogs\\\/nice\\\/2015\\\/06\\\/14\\\/fete-de-la-nature-les-rendez-vous-de-lenvironnement-dans-les-alpes-maritimes\\\/#respond\"]}]},{\"@type\":\"WebPage\",\"@id\":\"https:\\\/\\\/paca.lpo.fr\\\/blogs\\\/nice\\\/2015\\\/06\\\/14\\\/fete-de-la-nature-les-rendez-vous-de-lenvironnement-dans-les-alpes-maritimes\\\/\",\"url\":\"https:\\\/\\\/paca.lpo.fr\\\/blogs\\\/nice\\\/2015\\\/06\\\/14\\\/fete-de-la-nature-les-rendez-vous-de-lenvironnement-dans-les-alpes-maritimes\\\/\",\"name\":\"F\u00eate de la Nature, les \\\"Rendez-vous de l'Environnement\\\" dans les Alpes Maritimes - Groupe local Nice\",\"isPartOf\":{\"@id\":\"https:\\\/\\\/paca.lpo.fr\\\/blogs\\\/nice\\\/#website\"},\"primaryImageOfPage\":{\"@id\":\"https:\\\/\\\/paca.lpo.fr\\\/blogs\\\/nice\\\/2015\\\/06\\\/14\\\/fete-de-la-nature-les-rendez-vous-de-lenvironnement-dans-les-alpes-maritimes\\\/#primaryimage\"},\"image\":{\"@id\":\"https:\\\/\\\/paca.lpo.fr\\\/blogs\\\/nice\\\/2015\\\/06\\\/14\\\/fete-de-la-nature-les-rendez-vous-de-lenvironnement-dans-les-alpes-maritimes\\\/#primaryimage\"},\"thumbnailUrl\":\"https:\\\/\\\/paca.lpo.fr\\\/blogs\\\/nice\\\/files\\\/2015\\\/06\\\/2015-06-05Nice-21-Copie-480x360.jpg\",\"datePublished\":\"2015-06-14T07:57:53+00:00\",\"dateModified\":\"2015-06-14T08:34:01+00:00\",\"breadcrumb\":{\"@id\":\"https:\\\/\\\/paca.lpo.fr\\\/blogs\\\/nice\\\/2015\\\/06\\\/14\\\/fete-de-la-nature-les-rendez-vous-de-lenvironnement-dans-les-alpes-maritimes\\\/#breadcrumb\"},\"inLanguage\":\"fr-FR\",\"potentialAction\":[{\"@type\":\"ReadAction\",\"target\":[\"https:\\\/\\\/paca.lpo.fr\\\/blogs\\\/nice\\\/2015\\\/06\\\/14\\\/fete-de-la-nature-les-rendez-vous-de-lenvironnement-dans-les-alpes-maritimes\\\/\"]}]},{\"@type\":\"ImageObject\",\"inLanguage\":\"fr-FR\",\"@id\":\"https:\\\/\\\/paca.lpo.fr\\\/blogs\\\/nice\\\/2015\\\/06\\\/14\\\/fete-de-la-nature-les-rendez-vous-de-lenvironnement-dans-les-alpes-maritimes\\\/#primaryimage\",\"url\":\"https:\\\/\\\/paca.lpo.fr\\\/blogs\\\/nice\\\/files\\\/2015\\\/06\\\/2015-06-05Nice-21-Copie.jpg\",\"contentUrl\":\"https:\\\/\\\/paca.lpo.fr\\\/blogs\\\/nice\\\/files\\\/2015\\\/06\\\/2015-06-05Nice-21-Copie.jpg\",\"width\":622,\"height\":467},{\"@type\":\"BreadcrumbList\",\"@id\":\"https:\\\/\\\/paca.lpo.fr\\\/blogs\\\/nice\\\/2015\\\/06\\\/14\\\/fete-de-la-nature-les-rendez-vous-de-lenvironnement-dans-les-alpes-maritimes\\\/#breadcrumb\",\"itemListElement\":[{\"@type\":\"ListItem\",\"position\":1,\"name\":\"Accueil\",\"item\":\"https:\\\/\\\/paca.lpo.fr\\\/blogs\\\/nice\\\/\"},{\"@type\":\"ListItem\",\"position\":2,\"name\":\"F\u00eate de la Nature, les \u00ab\u00a0Rendez-vous de l&rsquo;Environnement\u00a0\u00bb dans les Alpes Maritimes\"}]},{\"@type\":\"WebSite\",\"@id\":\"https:\\\/\\\/paca.lpo.fr\\\/blogs\\\/nice\\\/#website\",\"url\":\"https:\\\/\\\/paca.lpo.fr\\\/blogs\\\/nice\\\/\",\"name\":\"Groupe local Nice\",\"description\":\"Groupe local Nice\",\"publisher\":{\"@id\":\"https:\\\/\\\/paca.lpo.fr\\\/blogs\\\/nice\\\/#organization\"},\"potentialAction\":[{\"@type\":\"SearchAction\",\"target\":{\"@type\":\"EntryPoint\",\"urlTemplate\":\"https:\\\/\\\/paca.lpo.fr\\\/blogs\\\/nice\\\/?s={search_term_string}\"},\"query-input\":{\"@type\":\"PropertyValueSpecification\",\"valueRequired\":true,\"valueName\":\"search_term_string\"}}],\"inLanguage\":\"fr-FR\"},{\"@type\":\"Organization\",\"@id\":\"https:\\\/\\\/paca.lpo.fr\\\/blogs\\\/nice\\\/#organization\",\"name\":\"Groupe local Nice\",\"url\":\"https:\\\/\\\/paca.lpo.fr\\\/blogs\\\/nice\\\/\",\"logo\":{\"@type\":\"ImageObject\",\"inLanguage\":\"fr-FR\",\"@id\":\"https:\\\/\\\/paca.lpo.fr\\\/blogs\\\/nice\\\/#\\\/schema\\\/logo\\\/image\\\/\",\"url\":\"https:\\\/\\\/paca.lpo.fr\\\/blogs\\\/nice\\\/files\\\/2024\\\/01\\\/cropped-rvb-lpo-paca-logotype-signature-droite-mini-500.jpg\",\"contentUrl\":\"https:\\\/\\\/paca.lpo.fr\\\/blogs\\\/nice\\\/files\\\/2024\\\/01\\\/cropped-rvb-lpo-paca-logotype-signature-droite-mini-500.jpg\",\"width\":500,\"height\":210,\"caption\":\"Groupe local Nice\"},\"image\":{\"@id\":\"https:\\\/\\\/paca.lpo.fr\\\/blogs\\\/nice\\\/#\\\/schema\\\/logo\\\/image\\\/\"}},{\"@type\":\"Person\",\"@id\":\"https:\\\/\\\/paca.lpo.fr\\\/blogs\\\/nice\\\/#\\\/schema\\\/person\\\/1bda33335fb71e0b3552487db26a4c56\",\"name\":\"Groupe local Paillon-B\u00e9v\u00e9ra\",\"image\":{\"@type\":\"ImageObject\",\"inLanguage\":\"fr-FR\",\"@id\":\"https:\\\/\\\/secure.gravatar.com\\\/avatar\\\/b1ee285506e2cb880ec988990d360e255aecb31c77212741dace1023623610c2?s=96&d=mm&r=g\",\"url\":\"https:\\\/\\\/secure.gravatar.com\\\/avatar\\\/b1ee285506e2cb880ec988990d360e255aecb31c77212741dace1023623610c2?s=96&d=mm&r=g\",\"contentUrl\":\"https:\\\/\\\/secure.gravatar.com\\\/avatar\\\/b1ee285506e2cb880ec988990d360e255aecb31c77212741dace1023623610c2?s=96&d=mm&r=g\",\"caption\":\"Groupe local Paillon-B\u00e9v\u00e9ra\"},\"url\":\"https:\\\/\\\/paca.lpo.fr\\\/blogs\\\/nice\\\/author\\\/alpesmaritimesest\\\/\"}]}<\/script>\n<!-- \/ Yoast SEO plugin. -->","yoast_head_json":{"title":"F\u00eate de la Nature, les \"Rendez-vous de l'Environnement\" dans les Alpes Maritimes - Groupe local Nice","robots":{"index":"index","follow":"follow","max-snippet":"max-snippet:-1","max-image-preview":"max-image-preview:large","max-video-preview":"max-video-preview:-1"},"canonical":"https:\/\/paca.lpo.fr\/blogs\/nice\/2015\/06\/14\/fete-de-la-nature-les-rendez-vous-de-lenvironnement-dans-les-alpes-maritimes\/","og_locale":"fr_FR","og_type":"article","og_title":"F\u00eate de la Nature, les \"Rendez-vous de l'Environnement\" dans les Alpes Maritimes - Groupe local Nice","og_description":"Les salari\u00e9s et les b\u00e9n\u00e9voles des Alpes Maritimes ont particip\u00e9 \u00e0 de\u00a0nombreuses manifestations dans le cadre de la Semaine Europ\u00e9enne du D\u00e9veloppement Durable, la F\u00eate de la nature, dont des animations au Promenade du Paillon du 20 mai au 5 juin. Voici Eve, notre animatrice, avec les petits ni\u00e7ois le 5 juin","og_url":"https:\/\/paca.lpo.fr\/blogs\/nice\/2015\/06\/14\/fete-de-la-nature-les-rendez-vous-de-lenvironnement-dans-les-alpes-maritimes\/","og_site_name":"Groupe local Nice","article_published_time":"2015-06-14T07:57:53+00:00","article_modified_time":"2015-06-14T08:34:01+00:00","og_image":[{"url":"https:\/\/paca.lpo.fr\/blogs\/nice\/files\/2015\/06\/2015-06-05Nice-21-Copie-480x360.jpg","type":"","width":"","height":""}],"author":"Groupe local Paillon-B\u00e9v\u00e9ra","twitter_card":"summary_large_image","twitter_misc":{"\u00c9crit par":"Groupe local Paillon-B\u00e9v\u00e9ra"},"schema":{"@context":"https:\/\/schema.org","@graph":[{"@type":"Article","@id":"https:\/\/paca.lpo.fr\/blogs\/nice\/2015\/06\/14\/fete-de-la-nature-les-rendez-vous-de-lenvironnement-dans-les-alpes-maritimes\/#article","isPartOf":{"@id":"https:\/\/paca.lpo.fr\/blogs\/nice\/2015\/06\/14\/fete-de-la-nature-les-rendez-vous-de-lenvironnement-dans-les-alpes-maritimes\/"},"author":{"name":"Groupe local Paillon-B\u00e9v\u00e9ra","@id":"https:\/\/paca.lpo.fr\/blogs\/nice\/#\/schema\/person\/1bda33335fb71e0b3552487db26a4c56"},"headline":"F\u00eate de la Nature, les \u00ab\u00a0Rendez-vous de l&rsquo;Environnement\u00a0\u00bb dans les Alpes Maritimes","datePublished":"2015-06-14T07:57:53+00:00","dateModified":"2015-06-14T08:34:01+00:00","mainEntityOfPage":{"@id":"https:\/\/paca.lpo.fr\/blogs\/nice\/2015\/06\/14\/fete-de-la-nature-les-rendez-vous-de-lenvironnement-dans-les-alpes-maritimes\/"},"wordCount":70,"commentCount":0,"publisher":{"@id":"https:\/\/paca.lpo.fr\/blogs\/nice\/#organization"},"image":{"@id":"https:\/\/paca.lpo.fr\/blogs\/nice\/2015\/06\/14\/fete-de-la-nature-les-rendez-vous-de-lenvironnement-dans-les-alpes-maritimes\/#primaryimage"},"thumbnailUrl":"https:\/\/paca.lpo.fr\/blogs\/nice\/files\/2015\/06\/2015-06-05Nice-21-Copie-480x360.jpg","articleSection":["Vie du groupe"],"inLanguage":"fr-FR","potentialAction":[{"@type":"CommentAction","name":"Comment","target":["https:\/\/paca.lpo.fr\/blogs\/nice\/2015\/06\/14\/fete-de-la-nature-les-rendez-vous-de-lenvironnement-dans-les-alpes-maritimes\/#respond"]}]},{"@type":"WebPage","@id":"https:\/\/paca.lpo.fr\/blogs\/nice\/2015\/06\/14\/fete-de-la-nature-les-rendez-vous-de-lenvironnement-dans-les-alpes-maritimes\/","url":"https:\/\/paca.lpo.fr\/blogs\/nice\/2015\/06\/14\/fete-de-la-nature-les-rendez-vous-de-lenvironnement-dans-les-alpes-maritimes\/","name":"F\u00eate de la Nature, les \"Rendez-vous de l'Environnement\" dans les Alpes Maritimes - Groupe local Nice","isPartOf":{"@id":"https:\/\/paca.lpo.fr\/blogs\/nice\/#website"},"primaryImageOfPage":{"@id":"https:\/\/paca.lpo.fr\/blogs\/nice\/2015\/06\/14\/fete-de-la-nature-les-rendez-vous-de-lenvironnement-dans-les-alpes-maritimes\/#primaryimage"},"image":{"@id":"https:\/\/paca.lpo.fr\/blogs\/nice\/2015\/06\/14\/fete-de-la-nature-les-rendez-vous-de-lenvironnement-dans-les-alpes-maritimes\/#primaryimage"},"thumbnailUrl":"https:\/\/paca.lpo.fr\/blogs\/nice\/files\/2015\/06\/2015-06-05Nice-21-Copie-480x360.jpg","datePublished":"2015-06-14T07:57:53+00:00","dateModified":"2015-06-14T08:34:01+00:00","breadcrumb":{"@id":"https:\/\/paca.lpo.fr\/blogs\/nice\/2015\/06\/14\/fete-de-la-nature-les-rendez-vous-de-lenvironnement-dans-les-alpes-maritimes\/#breadcrumb"},"inLanguage":"fr-FR","potentialAction":[{"@type":"ReadAction","target":["https:\/\/paca.lpo.fr\/blogs\/nice\/2015\/06\/14\/fete-de-la-nature-les-rendez-vous-de-lenvironnement-dans-les-alpes-maritimes\/"]}]},{"@type":"ImageObject","inLanguage":"fr-FR","@id":"https:\/\/paca.lpo.fr\/blogs\/nice\/2015\/06\/14\/fete-de-la-nature-les-rendez-vous-de-lenvironnement-dans-les-alpes-maritimes\/#primaryimage","url":"https:\/\/paca.lpo.fr\/blogs\/nice\/files\/2015\/06\/2015-06-05Nice-21-Copie.jpg","contentUrl":"https:\/\/paca.lpo.fr\/blogs\/nice\/files\/2015\/06\/2015-06-05Nice-21-Copie.jpg","width":622,"height":467},{"@type":"BreadcrumbList","@id":"https:\/\/paca.lpo.fr\/blogs\/nice\/2015\/06\/14\/fete-de-la-nature-les-rendez-vous-de-lenvironnement-dans-les-alpes-maritimes\/#breadcrumb","itemListElement":[{"@type":"ListItem","position":1,"name":"Accueil","item":"https:\/\/paca.lpo.fr\/blogs\/nice\/"},{"@type":"ListItem","position":2,"name":"F\u00eate de la Nature, les \u00ab\u00a0Rendez-vous de l&rsquo;Environnement\u00a0\u00bb dans les Alpes Maritimes"}]},{"@type":"WebSite","@id":"https:\/\/paca.lpo.fr\/blogs\/nice\/#website","url":"https:\/\/paca.lpo.fr\/blogs\/nice\/","name":"Groupe local Nice","description":"Groupe local Nice","publisher":{"@id":"https:\/\/paca.lpo.fr\/blogs\/nice\/#organization"},"potentialAction":[{"@type":"SearchAction","target":{"@type":"EntryPoint","urlTemplate":"https:\/\/paca.lpo.fr\/blogs\/nice\/?s={search_term_string}"},"query-input":{"@type":"PropertyValueSpecification","valueRequired":true,"valueName":"search_term_string"}}],"inLanguage":"fr-FR"},{"@type":"Organization","@id":"https:\/\/paca.lpo.fr\/blogs\/nice\/#organization","name":"Groupe local Nice","url":"https:\/\/paca.lpo.fr\/blogs\/nice\/","logo":{"@type":"ImageObject","inLanguage":"fr-FR","@id":"https:\/\/paca.lpo.fr\/blogs\/nice\/#\/schema\/logo\/image\/","url":"https:\/\/paca.lpo.fr\/blogs\/nice\/files\/2024\/01\/cropped-rvb-lpo-paca-logotype-signature-droite-mini-500.jpg","contentUrl":"https:\/\/paca.lpo.fr\/blogs\/nice\/files\/2024\/01\/cropped-rvb-lpo-paca-logotype-signature-droite-mini-500.jpg","width":500,"height":210,"caption":"Groupe local Nice"},"image":{"@id":"https:\/\/paca.lpo.fr\/blogs\/nice\/#\/schema\/logo\/image\/"}},{"@type":"Person","@id":"https:\/\/paca.lpo.fr\/blogs\/nice\/#\/schema\/person\/1bda33335fb71e0b3552487db26a4c56","name":"Groupe local Paillon-B\u00e9v\u00e9ra","image":{"@type":"ImageObject","inLanguage":"fr-FR","@id":"https:\/\/secure.gravatar.com\/avatar\/b1ee285506e2cb880ec988990d360e255aecb31c77212741dace1023623610c2?s=96&d=mm&r=g","url":"https:\/\/secure.gravatar.com\/avatar\/b1ee285506e2cb880ec988990d360e255aecb31c77212741dace1023623610c2?s=96&d=mm&r=g","contentUrl":"https:\/\/secure.gravatar.com\/avatar\/b1ee285506e2cb880ec988990d360e255aecb31c77212741dace1023623610c2?s=96&d=mm&r=g","caption":"Groupe local Paillon-B\u00e9v\u00e9ra"},"url":"https:\/\/paca.lpo.fr\/blogs\/nice\/author\/alpesmaritimesest\/"}]}},"jetpack_featured_media_url":"","_links":{"self":[{"href":"https:\/\/paca.lpo.fr\/blogs\/nice\/wp-json\/wp\/v2\/posts\/1291","targetHints":{"allow":["GET"]}}],"collection":[{"href":"https:\/\/paca.lpo.fr\/blogs\/nice\/wp-json\/wp\/v2\/posts"}],"about":[{"href":"https:\/\/paca.lpo.fr\/blogs\/nice\/wp-json\/wp\/v2\/types\/post"}],"author":[{"embeddable":true,"href":"https:\/\/paca.lpo.fr\/blogs\/nice\/wp-json\/wp\/v2\/users\/15"}],"replies":[{"embeddable":true,"href":"https:\/\/paca.lpo.fr\/blogs\/nice\/wp-json\/wp\/v2\/comments?post=1291"}],"version-history":[{"count":1,"href":"https:\/\/paca.lpo.fr\/blogs\/nice\/wp-json\/wp\/v2\/posts\/1291\/revisions"}],"predecessor-version":[{"id":1293,"href":"https:\/\/paca.lpo.fr\/blogs\/nice\/wp-json\/wp\/v2\/posts\/1291\/revisions\/1293"}],"wp:attachment":[{"href":"https:\/\/paca.lpo.fr\/blogs\/nice\/wp-json\/wp\/v2\/media?parent=1291"}],"wp:term":[{"taxonomy":"category","embeddable":true,"href":"https:\/\/paca.lpo.fr\/blogs\/nice\/wp-json\/wp\/v2\/categories?post=1291"},{"taxonomy":"post_tag","embeddable":true,"href":"https:\/\/paca.lpo.fr\/blogs\/nice\/wp-json\/wp\/v2\/tags?post=1291"}],"curies":[{"name":"wp","href":"https:\/\/api.w.org\/{rel}","templated":true}]}}